{"id":27152,"date":"2019-07-08T16:32:35","date_gmt":"2019-07-08T19:32:35","guid":{"rendered":"https:\/\/www.iquilibrio.com\/blog\/?p=27152"},"modified":"2019-07-08T16:32:35","modified_gmt":"2019-07-08T19:32:35","slug":"saturno-em-oposicao-daniela","status":"publish","type":"post","link":"https:\/\/www.iquilibrio.com\/blog\/astrologia\/planetas\/saturno-em-oposicao-daniela\/","title":{"rendered":"Saturno em oposi\u00e7\u00e3o ao Sol: o que esperar dessa fase? &#8211; pela consultora Daniela"},"content":{"rendered":"<p>No m\u00eas de julho, o gigante gasoso dos an\u00e9is poder\u00e1 ser observado por mais tempo no c\u00e9u. Isso porque ele estar\u00e1 cada vez mais cedo e mais alto em rela\u00e7\u00e3o ao horizonte leste, sentido aonde o Sol nasce. <strong>No dia 9 de julho de 2019, <a href=\"https:\/\/www.iquilibrio.com\/blog\/astrologia\/planetas\/saturno-em-cada-signo\/\">Saturno<\/a> far\u00e1 uma oposi\u00e7\u00e3o exata ao Sol. Como ele vai estar em um \u00e2ngulo de 180 graus em rela\u00e7\u00e3o ao Sol, como uma linha reta pelo ponto de vista do espa\u00e7o, sua face estar\u00e1 totalmente iluminada pelo astro rei, ficando com um brilho intenso, facilmente identific\u00e1vel.<\/strong><\/p>\n<p>Astrologicamente falando, o Sol se desloca pela constela\u00e7\u00e3o de C\u00e2ncer, em seu curso natural pelo zod\u00edaco. Saturno, tamb\u00e9m em seu movimento pr\u00f3prio e neste momento retr\u00f3grado, transita por capric\u00f3rnio, aonde j\u00e1 se encontra Plut\u00e3o&#8230; A oposi\u00e7\u00e3o se dar\u00e1 no grau 17 de cada signo, sendo Saturno no grau 17 de Capric\u00f3rnio e o Sol no grau 17 de C\u00e2ncer.<\/p>\n<p><strong>Se astronomicamente esperamos uma observa\u00e7\u00e3o n\u00edtida e bela de Saturno, astrologicamente o per\u00edodo pede paci\u00eancia, discernimento e aten\u00e7\u00e3o.<\/strong><\/p>\n<h3>Entenda melhor as energias desse evento<\/h3>\n<p>C\u00e2ncer e Capric\u00f3rnio s\u00e3o signos opostos, que comp\u00f5e o eixo da tradi\u00e7\u00e3o. Um preza pela ancestralidade e o outro pelo prop\u00f3sito de vida. Um est\u00e1 ligado \u00e0 fam\u00edlia e o outro a sociedade e a carreira. Quando o Sol em curso atravessa um signo, sentimos no dia a dia as qualidades emanadas por esse tr\u00e2nsito. <strong>C\u00e2ncer abre os portais da sensibilidade, do cuidado, da necessidade de nutrir e da a\u00e7\u00e3o movida pelos sentimentos. Pode ser um b\u00e1lsamo para as pessoas mais secas e pragm\u00e1ticas, pode ser um transbordamento para quem \u00e9 naturalmente sens\u00edvel. O Sol \u00e9 a centelha divina!<\/strong><\/p>\n<p>Sol est\u00e1 em conjun\u00e7\u00e3o com o nodo norte, ou a cabe\u00e7a do drag\u00e3o, em C\u00e2ncer. <strong>Sem d\u00favida \u00e9 um per\u00edodo de maior sensibilidade, de resgates familiares, das quest\u00f5es mal resolvidas. Por outro lado, por\u00e9m, temos Saturno, Plut\u00e3o e nodo sul; todos retr\u00f3grados.<\/strong> A retrograda\u00e7\u00e3o traz uma manifesta\u00e7\u00e3o peculiar para cada planeta, pois sua atua\u00e7\u00e3o pode variar da m\u00e1xima vontade do planeta, \u00e0 nega\u00e7\u00e3o do seu arqu\u00e9tipo. <strong>Saturno \u00e9 o senhor do karma, da responsabilidade e do comprometimento. Honrar a sua fam\u00edlia, a sua ancestralidade, o seu legado, sim, perfeitamente, mas integrar a a\u00e7\u00e3o adequada \u00e0s suas responsabilidades, mantendo seus compromissos na ordem do dia (e do per\u00edodo)<\/strong>. Como Saturno est\u00e1 em conjun\u00e7\u00e3o com plut\u00e3o, o processo traz mudan\u00e7as, com a consci\u00eancia dos padr\u00f5es que devem ser transmutados. Responsabilidade e transforma\u00e7\u00e3o. <strong>Sua carreira pode ser fundamental, mas nada far\u00e1 sentido se n\u00e3o olhar para os seus. Equilibre os opostos. Integre as for\u00e7as contradit\u00f3rias que atuam sobre voc\u00ea nesse momento, porque a recompensa ser\u00e1 altamente prazerosa quando o ciclo acabar.<\/strong><\/p>\n<p>Leia tamb\u00e9m: <a href=\"https:\/\/www.iquilibrio.com\/blog\/astrologia\/planetas\/jupiter-em-oposicao-daniela\/\">J\u00fapiter em oposi\u00e7\u00e3o, pela consultora Daniela.<\/a><\/p>\n<p>Como Merc\u00fario est\u00e1 retr\u00f3grado, com Marte em Le\u00e3o (autoestima, prazer, lazer) e ambos est\u00e3o em quadratura com urano em touro (estabilidade, sensorialidade), <strong>cuidado com poss\u00edveis descontroles, ataques nervosos, com ru\u00eddos de comunica\u00e7\u00e3o, principalmente quando estiver no olho do furac\u00e3o.<\/strong><\/p>\n<p>Para fechar, o Sol em C\u00e2ncer est\u00e1 em \u00f3timo aspecto com Netuno em Peixes. <strong>Respire fundo e deixe a inspira\u00e7\u00e3o agir na sua vida. Conex\u00e3o com as esferas mais sutis da alma, com a criatividade, com a espiritualidade e com os dons naturais.<\/strong><\/p>\n<p>No dia 9 de julho, olhe para o c\u00e9u e receba as ben\u00e7\u00e3os do senhor dos tempos. Que a disciplina, a responsabilidade e o comprometimento de saturno atuem de forma edificante na sua vida, sem perder a ternura jamais&#8230;<\/p>\n<p>Namast\u00ea,<\/p>\n<p>Daniela Rebellov<\/p>\n<h2><span id=\"Saiba_um_pouco_mais_sobre_a_consultora_Daniela\"><img loading=\"lazy\" decoding=\"async\" class=\"size-full wp-image-21365 alignleft\" src=\"https:\/\/www.iquilibrio.com\/blog\/wp-content\/uploads\/2018\/12\/daniela.jpg\" alt=\"\" width=\"100\" height=\"100\" \/>Saiba um pouco mais sobre a consultora Daniela<\/span><\/h2>\n<p>Chamada de Dani pela maioria de seus consulentes, nossa esot\u00e9rica Daniela \u00e9 conhecida por sua assertividade e acolhimento em seus atendimentos. A meta da Daniela \u00e9 que cada cliente atendido saia da consulta n\u00e3o somente com uma previs\u00e3o, e sim com um maior esclarecimento sobre a vida e os melhores caminhos a seguir. Voc\u00ea busca por conselhos para melhorar sua vida? Ent\u00e3o\u00a0<a href=\"https:\/\/www.iquilibrio.com\/esotericos\/daniela\/\"><span class=\"class-texto-consultor\">clique aqui e fale com a Daniela<\/span><\/a>.<\/p>\n\n\n<div class=\"kk-star-ratings kksr-auto kksr-align-left kksr-valign-bottom\"\n    data-payload='{&quot;align&quot;:&quot;left&quot;,&quot;id&quot;:&quot;27152&quot;,&quot;slug&quot;:&quot;default&quot;,&quot;valign&quot;:&quot;bottom&quot;,&quot;ignore&quot;:&quot;&quot;,&quot;reference&quot;:&quot;auto&quot;,&quot;class&quot;:&quot;&quot;,&quot;count&quot;:&quot;5&quot;,&quot;legendonly&quot;:&quot;&quot;,&quot;readonly&quot;:&quot;&quot;,&quot;score&quot;:&quot;3.8&quot;,&quot;starsonly&quot;:&quot;&quot;,&quot;best&quot;:&quot;5&quot;,&quot;gap&quot;:&quot;5&quot;,&quot;greet&quot;:&quot;Rate this post&quot;,&quot;legend&quot;:&quot;3.8\\\/5 - (5 votos)&quot;,&quot;size&quot;:&quot;24&quot;,&quot;title&quot;:&quot;Saturno em oposi\u00e7\u00e3o ao Sol: o que esperar dessa fase? - pela consultora Daniela&quot;,&quot;width&quot;:&quot;107.7&quot;,&quot;_legend&quot;:&quot;{score}\\\/{best} - ({count} {votes})&quot;,&quot;font_factor&quot;:&quot;1.25&quot;}'>\n            \n<div class=\"kksr-stars\">\n    \n<div class=\"kksr-stars-inactive\">\n            <div class=\"kksr-star\" data-star=\"1\" style=\"padding-right: 5px\">\n            \n\n<div class=\"kksr-icon\" style=\"width: 24px; height: 24px;\"><\/div>\n        <\/div>\n            <div class=\"kksr-star\" data-star=\"2\" style=\"padding-right: 5px\">\n            \n\n<div class=\"kksr-icon\" style=\"width: 24px; height: 24px;\"><\/div>\n        <\/div>\n            <div class=\"kksr-star\" data-star=\"3\" style=\"padding-right: 5px\">\n            \n\n<div class=\"kksr-icon\" style=\"width: 24px; height: 24px;\"><\/div>\n        <\/div>\n            <div class=\"kksr-star\" data-star=\"4\" style=\"padding-right: 5px\">\n            \n\n<div class=\"kksr-icon\" style=\"width: 24px; height: 24px;\"><\/div>\n        <\/div>\n            <div class=\"kksr-star\" data-star=\"5\" style=\"padding-right: 5px\">\n            \n\n<div class=\"kksr-icon\" style=\"width: 24px; height: 24px;\"><\/div>\n        <\/div>\n    <\/div>\n    \n<div class=\"kksr-stars-active\" style=\"width: 107.7px;\">\n            <div class=\"kksr-star\" style=\"padding-right: 5px\">\n            \n\n<div class=\"kksr-icon\" style=\"width: 24px; height: 24px;\"><\/div>\n        <\/div>\n            <div class=\"kksr-star\" style=\"padding-right: 5px\">\n            \n\n<div class=\"kksr-icon\" style=\"width: 24px; height: 24px;\"><\/div>\n        <\/div>\n            <div class=\"kksr-star\" style=\"padding-right: 5px\">\n            \n\n<div class=\"kksr-icon\" style=\"width: 24px; height: 24px;\"><\/div>\n        <\/div>\n            <div class=\"kksr-star\" style=\"padding-right: 5px\">\n            \n\n<div class=\"kksr-icon\" style=\"width: 24px; height: 24px;\"><\/div>\n        <\/div>\n            <div class=\"kksr-star\" style=\"padding-right: 5px\">\n            \n\n<div class=\"kksr-icon\" style=\"width: 24px; height: 24px;\"><\/div>\n        <\/div>\n    <\/div>\n<\/div>\n                \n\n<div class=\"kksr-legend\" style=\"font-size: 19.2px;\">\n            3.8\/5 - (5 votos)    <\/div>\n    <\/div>\n","protected":false},"excerpt":{"rendered":"<p>No m\u00eas de julho, o gigante gasoso dos an\u00e9is poder\u00e1 ser observado por mais tempo no c\u00e9u. Isso porque ele estar\u00e1 cada vez mais cedo e mais alto em rela\u00e7\u00e3o ao horizonte leste, sentido aonde o Sol nasce. No dia 9 de julho de 2019, Saturno far\u00e1 uma oposi\u00e7\u00e3o exata ao Sol. Como ele vai [&hellip;]<\/p>\n","protected":false},"author":20,"featured_media":27156,"comment_status":"open","ping_status":"open","sticky":false,"template":"","format":"standard","meta":{"footnotes":""},"categories":[532],"tags":[],"class_list":["post-27152","post","type-post","status-publish","format-standard","has-post-thumbnail","hentry","category-planetas"],"yoast_head":"<!-- This site is optimized with the Yoast SEO plugin v27.4 - https:\/\/yoast.com\/product\/yoast-seo-wordpress\/ -->\n<title>Saturno em Oposi\u00e7\u00e3o ao Sol - o que Esperar? - Consultora Daniela<\/title>\n<meta name=\"description\" content=\"Se na astrononia esperamos uma vis\u00e3o bela de Saturno, astrologicamente o per\u00edodo pede paci\u00eancia, discernimento e aten\u00e7\u00e3o com Saturno em oposi\u00e7\u00e3o ao Sol.\" \/>\n<meta name=\"robots\" content=\"index, follow, max-snippet:-1, max-image-preview:large, max-video-preview:-1\" \/>\n<link rel=\"canonical\" href=\"https:\/\/www.iquilibrio.com\/blog\/astrologia\/planetas\/saturno-em-oposicao-daniela\/\" \/>\n<meta property=\"og:locale\" content=\"pt_BR\" \/>\n<meta property=\"og:type\" content=\"article\" \/>\n<meta property=\"og:title\" content=\"Saturno em Oposi\u00e7\u00e3o ao Sol - o que Esperar? - Consultora Daniela\" \/>\n<meta property=\"og:description\" content=\"Se na astrononia esperamos uma vis\u00e3o bela de Saturno, astrologicamente o per\u00edodo pede paci\u00eancia, discernimento e aten\u00e7\u00e3o com Saturno em oposi\u00e7\u00e3o ao Sol.\" \/>\n<meta property=\"og:url\" content=\"https:\/\/www.iquilibrio.com\/blog\/astrologia\/planetas\/saturno-em-oposicao-daniela\/\" \/>\n<meta property=\"og:site_name\" content=\"iQuilibrio\" \/>\n<meta property=\"article:publisher\" content=\"https:\/\/www.facebook.com\/iQuilibrio\/\" \/>\n<meta property=\"article:published_time\" content=\"2019-07-08T19:32:35+00:00\" \/>\n<meta property=\"og:image\" content=\"https:\/\/www.iquilibrio.com\/blog\/wp-content\/uploads\/2019\/07\/saturno-em-oposicao-ao-sol.jpg\" \/>\n\t<meta property=\"og:image:width\" content=\"900\" \/>\n\t<meta property=\"og:image:height\" content=\"560\" \/>\n\t<meta property=\"og:image:type\" content=\"image\/jpeg\" \/>\n<meta name=\"author\" content=\"Reda\u00e7\u00e3o iQuilibrio\" \/>\n<meta name=\"twitter:card\" content=\"summary_large_image\" \/>\n<meta name=\"twitter:creator\" content=\"@iquilibrio\" \/>\n<meta name=\"twitter:site\" content=\"@iquilibrio\" \/>\n<meta name=\"twitter:label1\" content=\"Escrito por\" \/>\n\t<meta name=\"twitter:data1\" content=\"Reda\u00e7\u00e3o iQuilibrio\" \/>\n\t<meta name=\"twitter:label2\" content=\"Est. tempo de leitura\" \/>\n\t<meta name=\"twitter:data2\" content=\"4 minutos\" \/>\n<script type=\"application\/ld+json\" class=\"yoast-schema-graph\">{\"@context\":\"https:\\\/\\\/schema.org\",\"@graph\":[{\"@type\":\"Article\",\"@id\":\"https:\\\/\\\/www.iquilibrio.com\\\/blog\\\/astrologia\\\/planetas\\\/saturno-em-oposicao-daniela\\\/#article\",\"isPartOf\":{\"@id\":\"https:\\\/\\\/www.iquilibrio.com\\\/blog\\\/astrologia\\\/planetas\\\/saturno-em-oposicao-daniela\\\/\"},\"author\":{\"name\":\"Reda\u00e7\u00e3o iQuilibrio\",\"@id\":\"https:\\\/\\\/www.iquilibrio.com\\\/blog\\\/#\\\/schema\\\/person\\\/199505a1f0db0d00f022188666c75dca\"},\"headline\":\"Saturno em oposi\u00e7\u00e3o ao Sol: o que esperar dessa fase? &#8211; pela consultora Daniela\",\"datePublished\":\"2019-07-08T19:32:35+00:00\",\"mainEntityOfPage\":{\"@id\":\"https:\\\/\\\/www.iquilibrio.com\\\/blog\\\/astrologia\\\/planetas\\\/saturno-em-oposicao-daniela\\\/\"},\"wordCount\":735,\"commentCount\":0,\"publisher\":{\"@id\":\"https:\\\/\\\/www.iquilibrio.com\\\/blog\\\/#organization\"},\"image\":{\"@id\":\"https:\\\/\\\/www.iquilibrio.com\\\/blog\\\/astrologia\\\/planetas\\\/saturno-em-oposicao-daniela\\\/#primaryimage\"},\"thumbnailUrl\":\"https:\\\/\\\/www.iquilibrio.com\\\/blog\\\/wp-content\\\/uploads\\\/2019\\\/07\\\/saturno-em-oposicao-ao-sol.jpg\",\"articleSection\":[\"Planetas\"],\"inLanguage\":\"pt-BR\"},{\"@type\":\"WebPage\",\"@id\":\"https:\\\/\\\/www.iquilibrio.com\\\/blog\\\/astrologia\\\/planetas\\\/saturno-em-oposicao-daniela\\\/\",\"url\":\"https:\\\/\\\/www.iquilibrio.com\\\/blog\\\/astrologia\\\/planetas\\\/saturno-em-oposicao-daniela\\\/\",\"name\":\"Saturno em Oposi\u00e7\u00e3o ao Sol - o que Esperar? - Consultora Daniela\",\"isPartOf\":{\"@id\":\"https:\\\/\\\/www.iquilibrio.com\\\/blog\\\/#website\"},\"primaryImageOfPage\":{\"@id\":\"https:\\\/\\\/www.iquilibrio.com\\\/blog\\\/astrologia\\\/planetas\\\/saturno-em-oposicao-daniela\\\/#primaryimage\"},\"image\":{\"@id\":\"https:\\\/\\\/www.iquilibrio.com\\\/blog\\\/astrologia\\\/planetas\\\/saturno-em-oposicao-daniela\\\/#primaryimage\"},\"thumbnailUrl\":\"https:\\\/\\\/www.iquilibrio.com\\\/blog\\\/wp-content\\\/uploads\\\/2019\\\/07\\\/saturno-em-oposicao-ao-sol.jpg\",\"datePublished\":\"2019-07-08T19:32:35+00:00\",\"description\":\"Se na astrononia esperamos uma vis\u00e3o bela de Saturno, astrologicamente o per\u00edodo pede paci\u00eancia, discernimento e aten\u00e7\u00e3o com Saturno em oposi\u00e7\u00e3o ao Sol.\",\"breadcrumb\":{\"@id\":\"https:\\\/\\\/www.iquilibrio.com\\\/blog\\\/astrologia\\\/planetas\\\/saturno-em-oposicao-daniela\\\/#breadcrumb\"},\"inLanguage\":\"pt-BR\",\"potentialAction\":[{\"@type\":\"ReadAction\",\"target\":[\"https:\\\/\\\/www.iquilibrio.com\\\/blog\\\/astrologia\\\/planetas\\\/saturno-em-oposicao-daniela\\\/\"]}]},{\"@type\":\"ImageObject\",\"inLanguage\":\"pt-BR\",\"@id\":\"https:\\\/\\\/www.iquilibrio.com\\\/blog\\\/astrologia\\\/planetas\\\/saturno-em-oposicao-daniela\\\/#primaryimage\",\"url\":\"https:\\\/\\\/www.iquilibrio.com\\\/blog\\\/wp-content\\\/uploads\\\/2019\\\/07\\\/saturno-em-oposicao-ao-sol.jpg\",\"contentUrl\":\"https:\\\/\\\/www.iquilibrio.com\\\/blog\\\/wp-content\\\/uploads\\\/2019\\\/07\\\/saturno-em-oposicao-ao-sol.jpg\",\"width\":900,\"height\":560,\"caption\":\"oposi\u00e7\u00e3o ao Sol de Saturno\"},{\"@type\":\"BreadcrumbList\",\"@id\":\"https:\\\/\\\/www.iquilibrio.com\\\/blog\\\/astrologia\\\/planetas\\\/saturno-em-oposicao-daniela\\\/#breadcrumb\",\"itemListElement\":[{\"@type\":\"ListItem\",\"position\":1,\"name\":\"In\u00edcio\",\"item\":\"https:\\\/\\\/www.iquilibrio.com\\\/blog\\\/\"},{\"@type\":\"ListItem\",\"position\":2,\"name\":\"Saturno em oposi\u00e7\u00e3o ao Sol: o que esperar dessa fase? &#8211; pela consultora Daniela\"}]},{\"@type\":\"WebSite\",\"@id\":\"https:\\\/\\\/www.iquilibrio.com\\\/blog\\\/#website\",\"url\":\"https:\\\/\\\/www.iquilibrio.com\\\/blog\\\/\",\"name\":\"iQuilibrio\",\"description\":\"Blog iQuilibrio\",\"publisher\":{\"@id\":\"https:\\\/\\\/www.iquilibrio.com\\\/blog\\\/#organization\"},\"potentialAction\":[{\"@type\":\"SearchAction\",\"target\":{\"@type\":\"EntryPoint\",\"urlTemplate\":\"https:\\\/\\\/www.iquilibrio.com\\\/blog\\\/?s={search_term_string}\"},\"query-input\":{\"@type\":\"PropertyValueSpecification\",\"valueRequired\":true,\"valueName\":\"search_term_string\"}}],\"inLanguage\":\"pt-BR\"},{\"@type\":\"Organization\",\"@id\":\"https:\\\/\\\/www.iquilibrio.com\\\/blog\\\/#organization\",\"name\":\"Esoterismo, Misticismo e Tarot Online - iQuilibrio\",\"url\":\"https:\\\/\\\/www.iquilibrio.com\\\/blog\\\/\",\"logo\":{\"@type\":\"ImageObject\",\"inLanguage\":\"pt-BR\",\"@id\":\"https:\\\/\\\/www.iquilibrio.com\\\/blog\\\/#\\\/schema\\\/logo\\\/image\\\/\",\"url\":\"https:\\\/\\\/www.iquilibrio.com\\\/blog\\\/wp-content\\\/uploads\\\/2018\\\/12\\\/iquilibrio_lovo_vetor_preto-retina.png\",\"contentUrl\":\"https:\\\/\\\/www.iquilibrio.com\\\/blog\\\/wp-content\\\/uploads\\\/2018\\\/12\\\/iquilibrio_lovo_vetor_preto-retina.png\",\"width\":972,\"height\":180,\"caption\":\"Esoterismo, Misticismo e Tarot Online - iQuilibrio\"},\"image\":{\"@id\":\"https:\\\/\\\/www.iquilibrio.com\\\/blog\\\/#\\\/schema\\\/logo\\\/image\\\/\"},\"sameAs\":[\"https:\\\/\\\/www.facebook.com\\\/iQuilibrio\\\/\",\"https:\\\/\\\/x.com\\\/iquilibrio\",\"https:\\\/\\\/www.instagram.com\\\/iquilibrio\\\/\",\"https:\\\/\\\/www.linkedin.com\\\/company\\\/iquilibrio\\\/\",\"https:\\\/\\\/br.pinterest.com\\\/iquilibrio1397\\\/\",\"https:\\\/\\\/www.youtube.com\\\/channel\\\/UC175qxd-4Zsi4wzawT5zF2g\"]},{\"@type\":\"Person\",\"@id\":\"https:\\\/\\\/www.iquilibrio.com\\\/blog\\\/#\\\/schema\\\/person\\\/199505a1f0db0d00f022188666c75dca\",\"name\":\"Reda\u00e7\u00e3o iQuilibrio\",\"image\":{\"@type\":\"ImageObject\",\"inLanguage\":\"pt-BR\",\"@id\":\"https:\\\/\\\/www.iquilibrio.com\\\/blog\\\/wp-content\\\/uploads\\\/2021\\\/12\\\/Consulta-por-email-3-150x150.png\",\"url\":\"https:\\\/\\\/www.iquilibrio.com\\\/blog\\\/wp-content\\\/uploads\\\/2021\\\/12\\\/Consulta-por-email-3-150x150.png\",\"contentUrl\":\"https:\\\/\\\/www.iquilibrio.com\\\/blog\\\/wp-content\\\/uploads\\\/2021\\\/12\\\/Consulta-por-email-3-150x150.png\",\"caption\":\"Reda\u00e7\u00e3o iQuilibrio\"},\"description\":\"A equipe de reda\u00e7\u00e3o da iQuilibrio \u00e9 composta pelos mais diversos especialistas e esot\u00e9ricos. Al\u00e9m de dominar a arte de traduzir as energias que o universo emana, nossos redatores sentem imenso prazer em trabalhar com palavras. Boa leitura e um \u00f3timo aprendizado!\",\"url\":\"https:\\\/\\\/www.iquilibrio.com\\\/blog\\\/author\\\/juliana\\\/\"}]}<\/script>\n<!-- \/ Yoast SEO plugin. -->","yoast_head_json":{"title":"Saturno em Oposi\u00e7\u00e3o ao Sol - o que Esperar? - Consultora Daniela","description":"Se na astrononia esperamos uma vis\u00e3o bela de Saturno, astrologicamente o per\u00edodo pede paci\u00eancia, discernimento e aten\u00e7\u00e3o com Saturno em oposi\u00e7\u00e3o ao Sol.","robots":{"index":"index","follow":"follow","max-snippet":"max-snippet:-1","max-image-preview":"max-image-preview:large","max-video-preview":"max-video-preview:-1"},"canonical":"https:\/\/www.iquilibrio.com\/blog\/astrologia\/planetas\/saturno-em-oposicao-daniela\/","og_locale":"pt_BR","og_type":"article","og_title":"Saturno em Oposi\u00e7\u00e3o ao Sol - o que Esperar? - Consultora Daniela","og_description":"Se na astrononia esperamos uma vis\u00e3o bela de Saturno, astrologicamente o per\u00edodo pede paci\u00eancia, discernimento e aten\u00e7\u00e3o com Saturno em oposi\u00e7\u00e3o ao Sol.","og_url":"https:\/\/www.iquilibrio.com\/blog\/astrologia\/planetas\/saturno-em-oposicao-daniela\/","og_site_name":"iQuilibrio","article_publisher":"https:\/\/www.facebook.com\/iQuilibrio\/","article_published_time":"2019-07-08T19:32:35+00:00","og_image":[{"width":900,"height":560,"url":"https:\/\/www.iquilibrio.com\/blog\/wp-content\/uploads\/2019\/07\/saturno-em-oposicao-ao-sol.jpg","type":"image\/jpeg"}],"author":"Reda\u00e7\u00e3o iQuilibrio","twitter_card":"summary_large_image","twitter_creator":"@iquilibrio","twitter_site":"@iquilibrio","twitter_misc":{"Escrito por":"Reda\u00e7\u00e3o iQuilibrio","Est. tempo de leitura":"4 minutos"},"schema":{"@context":"https:\/\/schema.org","@graph":[{"@type":"Article","@id":"https:\/\/www.iquilibrio.com\/blog\/astrologia\/planetas\/saturno-em-oposicao-daniela\/#article","isPartOf":{"@id":"https:\/\/www.iquilibrio.com\/blog\/astrologia\/planetas\/saturno-em-oposicao-daniela\/"},"author":{"name":"Reda\u00e7\u00e3o iQuilibrio","@id":"https:\/\/www.iquilibrio.com\/blog\/#\/schema\/person\/199505a1f0db0d00f022188666c75dca"},"headline":"Saturno em oposi\u00e7\u00e3o ao Sol: o que esperar dessa fase? &#8211; pela consultora Daniela","datePublished":"2019-07-08T19:32:35+00:00","mainEntityOfPage":{"@id":"https:\/\/www.iquilibrio.com\/blog\/astrologia\/planetas\/saturno-em-oposicao-daniela\/"},"wordCount":735,"commentCount":0,"publisher":{"@id":"https:\/\/www.iquilibrio.com\/blog\/#organization"},"image":{"@id":"https:\/\/www.iquilibrio.com\/blog\/astrologia\/planetas\/saturno-em-oposicao-daniela\/#primaryimage"},"thumbnailUrl":"https:\/\/www.iquilibrio.com\/blog\/wp-content\/uploads\/2019\/07\/saturno-em-oposicao-ao-sol.jpg","articleSection":["Planetas"],"inLanguage":"pt-BR"},{"@type":"WebPage","@id":"https:\/\/www.iquilibrio.com\/blog\/astrologia\/planetas\/saturno-em-oposicao-daniela\/","url":"https:\/\/www.iquilibrio.com\/blog\/astrologia\/planetas\/saturno-em-oposicao-daniela\/","name":"Saturno em Oposi\u00e7\u00e3o ao Sol - o que Esperar? - Consultora Daniela","isPartOf":{"@id":"https:\/\/www.iquilibrio.com\/blog\/#website"},"primaryImageOfPage":{"@id":"https:\/\/www.iquilibrio.com\/blog\/astrologia\/planetas\/saturno-em-oposicao-daniela\/#primaryimage"},"image":{"@id":"https:\/\/www.iquilibrio.com\/blog\/astrologia\/planetas\/saturno-em-oposicao-daniela\/#primaryimage"},"thumbnailUrl":"https:\/\/www.iquilibrio.com\/blog\/wp-content\/uploads\/2019\/07\/saturno-em-oposicao-ao-sol.jpg","datePublished":"2019-07-08T19:32:35+00:00","description":"Se na astrononia esperamos uma vis\u00e3o bela de Saturno, astrologicamente o per\u00edodo pede paci\u00eancia, discernimento e aten\u00e7\u00e3o com Saturno em oposi\u00e7\u00e3o ao Sol.","breadcrumb":{"@id":"https:\/\/www.iquilibrio.com\/blog\/astrologia\/planetas\/saturno-em-oposicao-daniela\/#breadcrumb"},"inLanguage":"pt-BR","potentialAction":[{"@type":"ReadAction","target":["https:\/\/www.iquilibrio.com\/blog\/astrologia\/planetas\/saturno-em-oposicao-daniela\/"]}]},{"@type":"ImageObject","inLanguage":"pt-BR","@id":"https:\/\/www.iquilibrio.com\/blog\/astrologia\/planetas\/saturno-em-oposicao-daniela\/#primaryimage","url":"https:\/\/www.iquilibrio.com\/blog\/wp-content\/uploads\/2019\/07\/saturno-em-oposicao-ao-sol.jpg","contentUrl":"https:\/\/www.iquilibrio.com\/blog\/wp-content\/uploads\/2019\/07\/saturno-em-oposicao-ao-sol.jpg","width":900,"height":560,"caption":"oposi\u00e7\u00e3o ao Sol de Saturno"},{"@type":"BreadcrumbList","@id":"https:\/\/www.iquilibrio.com\/blog\/astrologia\/planetas\/saturno-em-oposicao-daniela\/#breadcrumb","itemListElement":[{"@type":"ListItem","position":1,"name":"In\u00edcio","item":"https:\/\/www.iquilibrio.com\/blog\/"},{"@type":"ListItem","position":2,"name":"Saturno em oposi\u00e7\u00e3o ao Sol: o que esperar dessa fase? &#8211; pela consultora Daniela"}]},{"@type":"WebSite","@id":"https:\/\/www.iquilibrio.com\/blog\/#website","url":"https:\/\/www.iquilibrio.com\/blog\/","name":"iQuilibrio","description":"Blog iQuilibrio","publisher":{"@id":"https:\/\/www.iquilibrio.com\/blog\/#organization"},"potentialAction":[{"@type":"SearchAction","target":{"@type":"EntryPoint","urlTemplate":"https:\/\/www.iquilibrio.com\/blog\/?s={search_term_string}"},"query-input":{"@type":"PropertyValueSpecification","valueRequired":true,"valueName":"search_term_string"}}],"inLanguage":"pt-BR"},{"@type":"Organization","@id":"https:\/\/www.iquilibrio.com\/blog\/#organization","name":"Esoterismo, Misticismo e Tarot Online - iQuilibrio","url":"https:\/\/www.iquilibrio.com\/blog\/","logo":{"@type":"ImageObject","inLanguage":"pt-BR","@id":"https:\/\/www.iquilibrio.com\/blog\/#\/schema\/logo\/image\/","url":"https:\/\/www.iquilibrio.com\/blog\/wp-content\/uploads\/2018\/12\/iquilibrio_lovo_vetor_preto-retina.png","contentUrl":"https:\/\/www.iquilibrio.com\/blog\/wp-content\/uploads\/2018\/12\/iquilibrio_lovo_vetor_preto-retina.png","width":972,"height":180,"caption":"Esoterismo, Misticismo e Tarot Online - iQuilibrio"},"image":{"@id":"https:\/\/www.iquilibrio.com\/blog\/#\/schema\/logo\/image\/"},"sameAs":["https:\/\/www.facebook.com\/iQuilibrio\/","https:\/\/x.com\/iquilibrio","https:\/\/www.instagram.com\/iquilibrio\/","https:\/\/www.linkedin.com\/company\/iquilibrio\/","https:\/\/br.pinterest.com\/iquilibrio1397\/","https:\/\/www.youtube.com\/channel\/UC175qxd-4Zsi4wzawT5zF2g"]},{"@type":"Person","@id":"https:\/\/www.iquilibrio.com\/blog\/#\/schema\/person\/199505a1f0db0d00f022188666c75dca","name":"Reda\u00e7\u00e3o iQuilibrio","image":{"@type":"ImageObject","inLanguage":"pt-BR","@id":"https:\/\/www.iquilibrio.com\/blog\/wp-content\/uploads\/2021\/12\/Consulta-por-email-3-150x150.png","url":"https:\/\/www.iquilibrio.com\/blog\/wp-content\/uploads\/2021\/12\/Consulta-por-email-3-150x150.png","contentUrl":"https:\/\/www.iquilibrio.com\/blog\/wp-content\/uploads\/2021\/12\/Consulta-por-email-3-150x150.png","caption":"Reda\u00e7\u00e3o iQuilibrio"},"description":"A equipe de reda\u00e7\u00e3o da iQuilibrio \u00e9 composta pelos mais diversos especialistas e esot\u00e9ricos. Al\u00e9m de dominar a arte de traduzir as energias que o universo emana, nossos redatores sentem imenso prazer em trabalhar com palavras. Boa leitura e um \u00f3timo aprendizado!","url":"https:\/\/www.iquilibrio.com\/blog\/author\/juliana\/"}]}},"_links":{"self":[{"href":"https:\/\/www.iquilibrio.com\/blog\/wp-json\/wp\/v2\/posts\/27152","targetHints":{"allow":["GET"]}}],"collection":[{"href":"https:\/\/www.iquilibrio.com\/blog\/wp-json\/wp\/v2\/posts"}],"about":[{"href":"https:\/\/www.iquilibrio.com\/blog\/wp-json\/wp\/v2\/types\/post"}],"author":[{"embeddable":true,"href":"https:\/\/www.iquilibrio.com\/blog\/wp-json\/wp\/v2\/users\/20"}],"replies":[{"embeddable":true,"href":"https:\/\/www.iquilibrio.com\/blog\/wp-json\/wp\/v2\/comments?post=27152"}],"version-history":[{"count":3,"href":"https:\/\/www.iquilibrio.com\/blog\/wp-json\/wp\/v2\/posts\/27152\/revisions"}],"predecessor-version":[{"id":27155,"href":"https:\/\/www.iquilibrio.com\/blog\/wp-json\/wp\/v2\/posts\/27152\/revisions\/27155"}],"wp:featuredmedia":[{"embeddable":true,"href":"https:\/\/www.iquilibrio.com\/blog\/wp-json\/wp\/v2\/media\/27156"}],"wp:attachment":[{"href":"https:\/\/www.iquilibrio.com\/blog\/wp-json\/wp\/v2\/media?parent=27152"}],"wp:term":[{"taxonomy":"category","embeddable":true,"href":"https:\/\/www.iquilibrio.com\/blog\/wp-json\/wp\/v2\/categories?post=27152"},{"taxonomy":"post_tag","embeddable":true,"href":"https:\/\/www.iquilibrio.com\/blog\/wp-json\/wp\/v2\/tags?post=27152"}],"curies":[{"name":"wp","href":"https:\/\/api.w.org\/{rel}","templated":true}]}}