{"id":26469,"date":"2019-11-13T09:00:30","date_gmt":"2019-11-13T12:00:30","guid":{"rendered":"https:\/\/www.iquilibrio.com\/blog\/?p=26469"},"modified":"2019-11-13T13:39:13","modified_gmt":"2019-11-13T16:39:13","slug":"poder-da-gratidao","status":"publish","type":"post","link":"https:\/\/www.iquilibrio.com\/blog\/espiritualidade\/poder-da-gratidao\/","title":{"rendered":"Ser grato: o verdadeiro poder de cada pessoa atrav\u00e9s da GRATID\u00c3O! &#8211; pela consultora Aurora"},"content":{"rendered":"<h2><span style=\"font-weight: 400;\">O Poder da Gratid\u00e3o<\/span><\/h2>\n<p><span style=\"font-weight: 400;\">Ter gratid\u00e3o vai muito al\u00e9m de um \u201cmuito obrigado\u201d. At\u00e9 porque, esta \u00faltima palavra vincula a uma obriga\u00e7\u00e3o (que n\u00e3o existe), te torna obrigado a alguma coisa. J\u00e1 a gratid\u00e3o \u00e9 um estado de gra\u00e7a, do ser, do sentir, uma energia de amor e de reconhecimento.<\/span><\/p>\n<p><span style=\"font-weight: 400;\">Ela \u00e9 t\u00e3o poderosa que exerce fun\u00e7\u00e3o terap\u00eautica. Ela tem o poder de recuperar e manter a sa\u00fade f\u00edsica e mental, al\u00e9m de amenizar os sentimentos negativos. E isso n\u00e3o sou eu que estou dizendo, est\u00e1 comprovado cientificamente.<\/span><\/p>\n<p style=\"text-align: center;\"><a href=\"https:\/\/www.iquilibrio.com\/esotericos\/aurora\/\"><span class=\"td_btn td_btn_lg td_round_btn class-cta1\" style=\"color: #ffffff;\">Voc\u00ea Pode Escolher Melhores Caminhos para Sua Vida e a Consultora Aurora Pode Te Ajudar! Clique Aqui<\/span><\/a><\/p>\n<p><span style=\"font-weight: 400;\">Al\u00e9m disso, a gratid\u00e3o desbloqueia a abund\u00e2ncia e te coloca em sintonia com o fluxo universal. Transforma o que temos em suficiente, faz da vida um banquete.<\/span><\/p>\n<p><b>Quanto mais grato voc\u00ea \u00e9, mais o universo inspira a seu favor. \u00c9 uma a\u00e7\u00e3o de reconhecimento pelo que lhe \u00e9 dado. O Universo \u00e9 imparcial neste quesito. Ele n\u00e3o julga se o pensamento \u00e9 bom ou ruim, ele apenas responde \u00e0s vibra\u00e7\u00f5es que emanamos.<\/b><\/p>\n<p><span style=\"font-weight: 400;\">E ser grato \u00e9 bastante simples, e h\u00e1 sempre o que agradecer. Voc\u00ea pode sim agradecer pelo carro novo, \u00e0 casa nova, mas existem outros valores t\u00e3o ricos quanto os bens materiais que merecem a nossa gratid\u00e3o:<\/span><\/p>\n<p><span style=\"font-weight: 400;\">H\u00e1 gratid\u00e3o na sa\u00fade f\u00edsica e mental, no dia, na prote\u00e7\u00e3o, nas b\u00ean\u00e7\u00e3os de um emprego novo ou de um trabalho, na fam\u00edlia, no alimento, na criatividade, na intelig\u00eancia, nos dons. Esta \u00e9 a verdadeira ora\u00e7\u00e3o.<\/span><\/p>\n<h2>Gratid\u00e3o<\/h2>\n<ul>\n<li><span style=\"font-weight: 400;\">Quando voc\u00ea \u00e9 grato, voc\u00ea aumenta seu fluxo de vibra\u00e7\u00e3o pessoal, e isso atrai coisas positivas para sua vida;<\/span><\/li>\n<li>Acordar com um pensamento de gratid\u00e3o pode transformar o seu dia. Agradecer at\u00e9 mesmo os problemas, vai te auxiliar a soluciona-los;<\/li>\n<li>Gratid\u00e3o \u00e9 seu poder pessoal em a\u00e7\u00e3o, reconhecendo as d\u00e1divas que lhes foram dadas. Reconhe\u00e7a e transmita isso \u00e0 for\u00e7a criadora;<\/li>\n<li>Se torne grato e tenha uma vida repleta de b\u00ean\u00e7\u00e3os.<\/li>\n<\/ul>\n<p><span style=\"font-weight: 400;\">Luz e Amor<\/span><\/p>\n<p><img loading=\"lazy\" decoding=\"async\" class=\"wp-image-26578 alignleft\" src=\"https:\/\/www.iquilibrio.com\/blog\/wp-content\/uploads\/2019\/05\/aurora.jpg\" alt=\"\" width=\"168\" height=\"168\" srcset=\"https:\/\/www.iquilibrio.com\/blog\/wp-content\/uploads\/2019\/05\/aurora.jpg 200w, https:\/\/www.iquilibrio.com\/blog\/wp-content\/uploads\/2019\/05\/aurora-150x150.jpg 150w\" sizes=\"auto, (max-width: 168px) 100vw, 168px\" \/><\/p>\n<h3>Saiba mais sobre a consultora Aurora<\/h3>\n<p>Com mais de 10 anos de experi\u00eancia, a tar\u00f3loga Aurora est\u00e1 sempre disposta a atender da melhor forma quem a procura. Se voc\u00ea se encontra em um momento delicado, ou quer saber uma forma de orientar melhor seu caminho,<a href=\"https:\/\/www.iquilibrio.com\/esotericos\/aurora\/\"> clique aqui e conhe\u00e7a mais sobre a consultora<\/a>!<\/p>\n<p style=\"text-align: center;\"><span style=\"color: #ffffff;\"><a style=\"color: #ffffff;\" href=\"https:\/\/www.iquilibrio.com\/esotericos\/aurora\/\"><span class=\"td_btn td_btn_lg td_round_btn class-cta2\">Confira Aqui os Produtos e Atendimentos Especializados da Consultora Aurora<\/span><\/a><\/span><\/p>\n\n\n<div class=\"kk-star-ratings kksr-auto kksr-align-left kksr-valign-bottom\"\n    data-payload='{&quot;align&quot;:&quot;left&quot;,&quot;id&quot;:&quot;26469&quot;,&quot;slug&quot;:&quot;default&quot;,&quot;valign&quot;:&quot;bottom&quot;,&quot;ignore&quot;:&quot;&quot;,&quot;reference&quot;:&quot;auto&quot;,&quot;class&quot;:&quot;&quot;,&quot;count&quot;:&quot;8&quot;,&quot;legendonly&quot;:&quot;&quot;,&quot;readonly&quot;:&quot;&quot;,&quot;score&quot;:&quot;4.6&quot;,&quot;starsonly&quot;:&quot;&quot;,&quot;best&quot;:&quot;5&quot;,&quot;gap&quot;:&quot;5&quot;,&quot;greet&quot;:&quot;Rate this post&quot;,&quot;legend&quot;:&quot;4.6\\\/5 - (8 votos)&quot;,&quot;size&quot;:&quot;24&quot;,&quot;title&quot;:&quot;Ser grato: o verdadeiro poder de cada pessoa atrav\u00e9s da GRATID\u00c3O! - pela consultora Aurora&quot;,&quot;width&quot;:&quot;130.9&quot;,&quot;_legend&quot;:&quot;{score}\\\/{best} - ({count} {votes})&quot;,&quot;font_factor&quot;:&quot;1.25&quot;}'>\n            \n<div class=\"kksr-stars\">\n    \n<div class=\"kksr-stars-inactive\">\n            <div class=\"kksr-star\" data-star=\"1\" style=\"padding-right: 5px\">\n            \n\n<div class=\"kksr-icon\" style=\"width: 24px; height: 24px;\"><\/div>\n        <\/div>\n            <div class=\"kksr-star\" data-star=\"2\" style=\"padding-right: 5px\">\n            \n\n<div class=\"kksr-icon\" style=\"width: 24px; height: 24px;\"><\/div>\n        <\/div>\n            <div class=\"kksr-star\" data-star=\"3\" style=\"padding-right: 5px\">\n            \n\n<div class=\"kksr-icon\" style=\"width: 24px; height: 24px;\"><\/div>\n        <\/div>\n            <div class=\"kksr-star\" data-star=\"4\" style=\"padding-right: 5px\">\n            \n\n<div class=\"kksr-icon\" style=\"width: 24px; height: 24px;\"><\/div>\n        <\/div>\n            <div class=\"kksr-star\" data-star=\"5\" style=\"padding-right: 5px\">\n            \n\n<div class=\"kksr-icon\" style=\"width: 24px; height: 24px;\"><\/div>\n        <\/div>\n    <\/div>\n    \n<div class=\"kksr-stars-active\" style=\"width: 130.9px;\">\n            <div class=\"kksr-star\" style=\"padding-right: 5px\">\n            \n\n<div class=\"kksr-icon\" style=\"width: 24px; height: 24px;\"><\/div>\n        <\/div>\n            <div class=\"kksr-star\" style=\"padding-right: 5px\">\n            \n\n<div class=\"kksr-icon\" style=\"width: 24px; height: 24px;\"><\/div>\n        <\/div>\n            <div class=\"kksr-star\" style=\"padding-right: 5px\">\n            \n\n<div class=\"kksr-icon\" style=\"width: 24px; height: 24px;\"><\/div>\n        <\/div>\n            <div class=\"kksr-star\" style=\"padding-right: 5px\">\n            \n\n<div class=\"kksr-icon\" style=\"width: 24px; height: 24px;\"><\/div>\n        <\/div>\n            <div class=\"kksr-star\" style=\"padding-right: 5px\">\n            \n\n<div class=\"kksr-icon\" style=\"width: 24px; height: 24px;\"><\/div>\n        <\/div>\n    <\/div>\n<\/div>\n                \n\n<div class=\"kksr-legend\" style=\"font-size: 19.2px;\">\n            4.6\/5 - (8 votos)    <\/div>\n    <\/div>\n","protected":false},"excerpt":{"rendered":"<p>O Poder da Gratid\u00e3o Ter gratid\u00e3o vai muito al\u00e9m de um \u201cmuito obrigado\u201d. At\u00e9 porque, esta \u00faltima palavra vincula a uma obriga\u00e7\u00e3o (que n\u00e3o existe), te torna obrigado a alguma coisa. J\u00e1 a gratid\u00e3o \u00e9 um estado de gra\u00e7a, do ser, do sentir, uma energia de amor e de reconhecimento. Ela \u00e9 t\u00e3o poderosa que [&hellip;]<\/p>\n","protected":false},"author":20,"featured_media":26577,"comment_status":"open","ping_status":"open","sticky":false,"template":"","format":"standard","meta":{"footnotes":""},"categories":[502],"tags":[],"class_list":["post-26469","post","type-post","status-publish","format-standard","has-post-thumbnail","hentry","category-espiritualidade"],"yoast_head":"<!-- This site is optimized with the Yoast SEO plugin v27.4 - https:\/\/yoast.com\/product\/yoast-seo-wordpress\/ -->\n<title>Verdadeiro Poder da Gratid\u00e3o em Cada Pessoa - Pela Consultora Aurora<\/title>\n<meta name=\"description\" content=\"Confira qual \u00e9 o verdadeiro poder da gratid\u00e3o, veja como ele pode mudar a vida de uma pessoa positivamente. Clique e leia este artigo pela consultora Aurora\" \/>\n<meta name=\"robots\" content=\"index, follow, max-snippet:-1, max-image-preview:large, max-video-preview:-1\" \/>\n<link rel=\"canonical\" href=\"https:\/\/www.iquilibrio.com\/blog\/espiritualidade\/poder-da-gratidao\/\" \/>\n<meta property=\"og:locale\" content=\"pt_BR\" \/>\n<meta property=\"og:type\" content=\"article\" \/>\n<meta property=\"og:title\" content=\"Verdadeiro Poder da Gratid\u00e3o em Cada Pessoa - Pela Consultora Aurora\" \/>\n<meta property=\"og:description\" content=\"Confira qual \u00e9 o verdadeiro poder da gratid\u00e3o, veja como ele pode mudar a vida de uma pessoa positivamente. Clique e leia este artigo pela consultora Aurora\" \/>\n<meta property=\"og:url\" content=\"https:\/\/www.iquilibrio.com\/blog\/espiritualidade\/poder-da-gratidao\/\" \/>\n<meta property=\"og:site_name\" content=\"iQuilibrio\" \/>\n<meta property=\"article:publisher\" content=\"https:\/\/www.facebook.com\/iQuilibrio\/\" \/>\n<meta property=\"article:published_time\" content=\"2019-11-13T12:00:30+00:00\" \/>\n<meta property=\"article:modified_time\" content=\"2019-11-13T16:39:13+00:00\" \/>\n<meta property=\"og:image\" content=\"https:\/\/www.iquilibrio.com\/blog\/wp-content\/uploads\/2019\/05\/poder-da-gratidao.jpg\" \/>\n\t<meta property=\"og:image:width\" content=\"900\" \/>\n\t<meta property=\"og:image:height\" content=\"560\" \/>\n\t<meta property=\"og:image:type\" content=\"image\/jpeg\" \/>\n<meta name=\"author\" content=\"Reda\u00e7\u00e3o iQuilibrio\" \/>\n<meta name=\"twitter:card\" content=\"summary_large_image\" \/>\n<meta name=\"twitter:creator\" content=\"@iquilibrio\" \/>\n<meta name=\"twitter:site\" content=\"@iquilibrio\" \/>\n<meta name=\"twitter:label1\" content=\"Escrito por\" \/>\n\t<meta name=\"twitter:data1\" content=\"Reda\u00e7\u00e3o iQuilibrio\" \/>\n\t<meta name=\"twitter:label2\" content=\"Est. tempo de leitura\" \/>\n\t<meta name=\"twitter:data2\" content=\"2 minutos\" \/>\n<script type=\"application\/ld+json\" class=\"yoast-schema-graph\">{\"@context\":\"https:\\\/\\\/schema.org\",\"@graph\":[{\"@type\":\"Article\",\"@id\":\"https:\\\/\\\/www.iquilibrio.com\\\/blog\\\/espiritualidade\\\/poder-da-gratidao\\\/#article\",\"isPartOf\":{\"@id\":\"https:\\\/\\\/www.iquilibrio.com\\\/blog\\\/espiritualidade\\\/poder-da-gratidao\\\/\"},\"author\":{\"name\":\"Reda\u00e7\u00e3o iQuilibrio\",\"@id\":\"https:\\\/\\\/www.iquilibrio.com\\\/blog\\\/#\\\/schema\\\/person\\\/199505a1f0db0d00f022188666c75dca\"},\"headline\":\"Ser grato: o verdadeiro poder de cada pessoa atrav\u00e9s da GRATID\u00c3O! &#8211; pela consultora Aurora\",\"datePublished\":\"2019-11-13T12:00:30+00:00\",\"dateModified\":\"2019-11-13T16:39:13+00:00\",\"mainEntityOfPage\":{\"@id\":\"https:\\\/\\\/www.iquilibrio.com\\\/blog\\\/espiritualidade\\\/poder-da-gratidao\\\/\"},\"wordCount\":435,\"commentCount\":0,\"publisher\":{\"@id\":\"https:\\\/\\\/www.iquilibrio.com\\\/blog\\\/#organization\"},\"image\":{\"@id\":\"https:\\\/\\\/www.iquilibrio.com\\\/blog\\\/espiritualidade\\\/poder-da-gratidao\\\/#primaryimage\"},\"thumbnailUrl\":\"https:\\\/\\\/www.iquilibrio.com\\\/blog\\\/wp-content\\\/uploads\\\/2019\\\/05\\\/poder-da-gratidao.jpg\",\"articleSection\":[\"Espiritualidade\"],\"inLanguage\":\"pt-BR\"},{\"@type\":\"WebPage\",\"@id\":\"https:\\\/\\\/www.iquilibrio.com\\\/blog\\\/espiritualidade\\\/poder-da-gratidao\\\/\",\"url\":\"https:\\\/\\\/www.iquilibrio.com\\\/blog\\\/espiritualidade\\\/poder-da-gratidao\\\/\",\"name\":\"Verdadeiro Poder da Gratid\u00e3o em Cada Pessoa - Pela Consultora Aurora\",\"isPartOf\":{\"@id\":\"https:\\\/\\\/www.iquilibrio.com\\\/blog\\\/#website\"},\"primaryImageOfPage\":{\"@id\":\"https:\\\/\\\/www.iquilibrio.com\\\/blog\\\/espiritualidade\\\/poder-da-gratidao\\\/#primaryimage\"},\"image\":{\"@id\":\"https:\\\/\\\/www.iquilibrio.com\\\/blog\\\/espiritualidade\\\/poder-da-gratidao\\\/#primaryimage\"},\"thumbnailUrl\":\"https:\\\/\\\/www.iquilibrio.com\\\/blog\\\/wp-content\\\/uploads\\\/2019\\\/05\\\/poder-da-gratidao.jpg\",\"datePublished\":\"2019-11-13T12:00:30+00:00\",\"dateModified\":\"2019-11-13T16:39:13+00:00\",\"description\":\"Confira qual \u00e9 o verdadeiro poder da gratid\u00e3o, veja como ele pode mudar a vida de uma pessoa positivamente. Clique e leia este artigo pela consultora Aurora\",\"breadcrumb\":{\"@id\":\"https:\\\/\\\/www.iquilibrio.com\\\/blog\\\/espiritualidade\\\/poder-da-gratidao\\\/#breadcrumb\"},\"inLanguage\":\"pt-BR\",\"potentialAction\":[{\"@type\":\"ReadAction\",\"target\":[\"https:\\\/\\\/www.iquilibrio.com\\\/blog\\\/espiritualidade\\\/poder-da-gratidao\\\/\"]}]},{\"@type\":\"ImageObject\",\"inLanguage\":\"pt-BR\",\"@id\":\"https:\\\/\\\/www.iquilibrio.com\\\/blog\\\/espiritualidade\\\/poder-da-gratidao\\\/#primaryimage\",\"url\":\"https:\\\/\\\/www.iquilibrio.com\\\/blog\\\/wp-content\\\/uploads\\\/2019\\\/05\\\/poder-da-gratidao.jpg\",\"contentUrl\":\"https:\\\/\\\/www.iquilibrio.com\\\/blog\\\/wp-content\\\/uploads\\\/2019\\\/05\\\/poder-da-gratidao.jpg\",\"width\":900,\"height\":560,\"caption\":\"poder do agradecimento\"},{\"@type\":\"BreadcrumbList\",\"@id\":\"https:\\\/\\\/www.iquilibrio.com\\\/blog\\\/espiritualidade\\\/poder-da-gratidao\\\/#breadcrumb\",\"itemListElement\":[{\"@type\":\"ListItem\",\"position\":1,\"name\":\"In\u00edcio\",\"item\":\"https:\\\/\\\/www.iquilibrio.com\\\/blog\\\/\"},{\"@type\":\"ListItem\",\"position\":2,\"name\":\"Ser grato: o verdadeiro poder de cada pessoa atrav\u00e9s da GRATID\u00c3O! &#8211; pela consultora Aurora\"}]},{\"@type\":\"WebSite\",\"@id\":\"https:\\\/\\\/www.iquilibrio.com\\\/blog\\\/#website\",\"url\":\"https:\\\/\\\/www.iquilibrio.com\\\/blog\\\/\",\"name\":\"iQuilibrio\",\"description\":\"Blog iQuilibrio\",\"publisher\":{\"@id\":\"https:\\\/\\\/www.iquilibrio.com\\\/blog\\\/#organization\"},\"potentialAction\":[{\"@type\":\"SearchAction\",\"target\":{\"@type\":\"EntryPoint\",\"urlTemplate\":\"https:\\\/\\\/www.iquilibrio.com\\\/blog\\\/?s={search_term_string}\"},\"query-input\":{\"@type\":\"PropertyValueSpecification\",\"valueRequired\":true,\"valueName\":\"search_term_string\"}}],\"inLanguage\":\"pt-BR\"},{\"@type\":\"Organization\",\"@id\":\"https:\\\/\\\/www.iquilibrio.com\\\/blog\\\/#organization\",\"name\":\"Esoterismo, Misticismo e Tarot Online - iQuilibrio\",\"url\":\"https:\\\/\\\/www.iquilibrio.com\\\/blog\\\/\",\"logo\":{\"@type\":\"ImageObject\",\"inLanguage\":\"pt-BR\",\"@id\":\"https:\\\/\\\/www.iquilibrio.com\\\/blog\\\/#\\\/schema\\\/logo\\\/image\\\/\",\"url\":\"https:\\\/\\\/www.iquilibrio.com\\\/blog\\\/wp-content\\\/uploads\\\/2018\\\/12\\\/iquilibrio_lovo_vetor_preto-retina.png\",\"contentUrl\":\"https:\\\/\\\/www.iquilibrio.com\\\/blog\\\/wp-content\\\/uploads\\\/2018\\\/12\\\/iquilibrio_lovo_vetor_preto-retina.png\",\"width\":972,\"height\":180,\"caption\":\"Esoterismo, Misticismo e Tarot Online - iQuilibrio\"},\"image\":{\"@id\":\"https:\\\/\\\/www.iquilibrio.com\\\/blog\\\/#\\\/schema\\\/logo\\\/image\\\/\"},\"sameAs\":[\"https:\\\/\\\/www.facebook.com\\\/iQuilibrio\\\/\",\"https:\\\/\\\/x.com\\\/iquilibrio\",\"https:\\\/\\\/www.instagram.com\\\/iquilibrio\\\/\",\"https:\\\/\\\/www.linkedin.com\\\/company\\\/iquilibrio\\\/\",\"https:\\\/\\\/br.pinterest.com\\\/iquilibrio1397\\\/\",\"https:\\\/\\\/www.youtube.com\\\/channel\\\/UC175qxd-4Zsi4wzawT5zF2g\"]},{\"@type\":\"Person\",\"@id\":\"https:\\\/\\\/www.iquilibrio.com\\\/blog\\\/#\\\/schema\\\/person\\\/199505a1f0db0d00f022188666c75dca\",\"name\":\"Reda\u00e7\u00e3o iQuilibrio\",\"image\":{\"@type\":\"ImageObject\",\"inLanguage\":\"pt-BR\",\"@id\":\"https:\\\/\\\/www.iquilibrio.com\\\/blog\\\/wp-content\\\/uploads\\\/2021\\\/12\\\/Consulta-por-email-3-150x150.png\",\"url\":\"https:\\\/\\\/www.iquilibrio.com\\\/blog\\\/wp-content\\\/uploads\\\/2021\\\/12\\\/Consulta-por-email-3-150x150.png\",\"contentUrl\":\"https:\\\/\\\/www.iquilibrio.com\\\/blog\\\/wp-content\\\/uploads\\\/2021\\\/12\\\/Consulta-por-email-3-150x150.png\",\"caption\":\"Reda\u00e7\u00e3o iQuilibrio\"},\"description\":\"A equipe de reda\u00e7\u00e3o da iQuilibrio \u00e9 composta pelos mais diversos especialistas e esot\u00e9ricos. Al\u00e9m de dominar a arte de traduzir as energias que o universo emana, nossos redatores sentem imenso prazer em trabalhar com palavras. Boa leitura e um \u00f3timo aprendizado!\",\"url\":\"https:\\\/\\\/www.iquilibrio.com\\\/blog\\\/author\\\/juliana\\\/\"}]}<\/script>\n<!-- \/ Yoast SEO plugin. -->","yoast_head_json":{"title":"Verdadeiro Poder da Gratid\u00e3o em Cada Pessoa - Pela Consultora Aurora","description":"Confira qual \u00e9 o verdadeiro poder da gratid\u00e3o, veja como ele pode mudar a vida de uma pessoa positivamente. Clique e leia este artigo pela consultora Aurora","robots":{"index":"index","follow":"follow","max-snippet":"max-snippet:-1","max-image-preview":"max-image-preview:large","max-video-preview":"max-video-preview:-1"},"canonical":"https:\/\/www.iquilibrio.com\/blog\/espiritualidade\/poder-da-gratidao\/","og_locale":"pt_BR","og_type":"article","og_title":"Verdadeiro Poder da Gratid\u00e3o em Cada Pessoa - Pela Consultora Aurora","og_description":"Confira qual \u00e9 o verdadeiro poder da gratid\u00e3o, veja como ele pode mudar a vida de uma pessoa positivamente. Clique e leia este artigo pela consultora Aurora","og_url":"https:\/\/www.iquilibrio.com\/blog\/espiritualidade\/poder-da-gratidao\/","og_site_name":"iQuilibrio","article_publisher":"https:\/\/www.facebook.com\/iQuilibrio\/","article_published_time":"2019-11-13T12:00:30+00:00","article_modified_time":"2019-11-13T16:39:13+00:00","og_image":[{"width":900,"height":560,"url":"https:\/\/www.iquilibrio.com\/blog\/wp-content\/uploads\/2019\/05\/poder-da-gratidao.jpg","type":"image\/jpeg"}],"author":"Reda\u00e7\u00e3o iQuilibrio","twitter_card":"summary_large_image","twitter_creator":"@iquilibrio","twitter_site":"@iquilibrio","twitter_misc":{"Escrito por":"Reda\u00e7\u00e3o iQuilibrio","Est. tempo de leitura":"2 minutos"},"schema":{"@context":"https:\/\/schema.org","@graph":[{"@type":"Article","@id":"https:\/\/www.iquilibrio.com\/blog\/espiritualidade\/poder-da-gratidao\/#article","isPartOf":{"@id":"https:\/\/www.iquilibrio.com\/blog\/espiritualidade\/poder-da-gratidao\/"},"author":{"name":"Reda\u00e7\u00e3o iQuilibrio","@id":"https:\/\/www.iquilibrio.com\/blog\/#\/schema\/person\/199505a1f0db0d00f022188666c75dca"},"headline":"Ser grato: o verdadeiro poder de cada pessoa atrav\u00e9s da GRATID\u00c3O! &#8211; pela consultora Aurora","datePublished":"2019-11-13T12:00:30+00:00","dateModified":"2019-11-13T16:39:13+00:00","mainEntityOfPage":{"@id":"https:\/\/www.iquilibrio.com\/blog\/espiritualidade\/poder-da-gratidao\/"},"wordCount":435,"commentCount":0,"publisher":{"@id":"https:\/\/www.iquilibrio.com\/blog\/#organization"},"image":{"@id":"https:\/\/www.iquilibrio.com\/blog\/espiritualidade\/poder-da-gratidao\/#primaryimage"},"thumbnailUrl":"https:\/\/www.iquilibrio.com\/blog\/wp-content\/uploads\/2019\/05\/poder-da-gratidao.jpg","articleSection":["Espiritualidade"],"inLanguage":"pt-BR"},{"@type":"WebPage","@id":"https:\/\/www.iquilibrio.com\/blog\/espiritualidade\/poder-da-gratidao\/","url":"https:\/\/www.iquilibrio.com\/blog\/espiritualidade\/poder-da-gratidao\/","name":"Verdadeiro Poder da Gratid\u00e3o em Cada Pessoa - Pela Consultora Aurora","isPartOf":{"@id":"https:\/\/www.iquilibrio.com\/blog\/#website"},"primaryImageOfPage":{"@id":"https:\/\/www.iquilibrio.com\/blog\/espiritualidade\/poder-da-gratidao\/#primaryimage"},"image":{"@id":"https:\/\/www.iquilibrio.com\/blog\/espiritualidade\/poder-da-gratidao\/#primaryimage"},"thumbnailUrl":"https:\/\/www.iquilibrio.com\/blog\/wp-content\/uploads\/2019\/05\/poder-da-gratidao.jpg","datePublished":"2019-11-13T12:00:30+00:00","dateModified":"2019-11-13T16:39:13+00:00","description":"Confira qual \u00e9 o verdadeiro poder da gratid\u00e3o, veja como ele pode mudar a vida de uma pessoa positivamente. Clique e leia este artigo pela consultora Aurora","breadcrumb":{"@id":"https:\/\/www.iquilibrio.com\/blog\/espiritualidade\/poder-da-gratidao\/#breadcrumb"},"inLanguage":"pt-BR","potentialAction":[{"@type":"ReadAction","target":["https:\/\/www.iquilibrio.com\/blog\/espiritualidade\/poder-da-gratidao\/"]}]},{"@type":"ImageObject","inLanguage":"pt-BR","@id":"https:\/\/www.iquilibrio.com\/blog\/espiritualidade\/poder-da-gratidao\/#primaryimage","url":"https:\/\/www.iquilibrio.com\/blog\/wp-content\/uploads\/2019\/05\/poder-da-gratidao.jpg","contentUrl":"https:\/\/www.iquilibrio.com\/blog\/wp-content\/uploads\/2019\/05\/poder-da-gratidao.jpg","width":900,"height":560,"caption":"poder do agradecimento"},{"@type":"BreadcrumbList","@id":"https:\/\/www.iquilibrio.com\/blog\/espiritualidade\/poder-da-gratidao\/#breadcrumb","itemListElement":[{"@type":"ListItem","position":1,"name":"In\u00edcio","item":"https:\/\/www.iquilibrio.com\/blog\/"},{"@type":"ListItem","position":2,"name":"Ser grato: o verdadeiro poder de cada pessoa atrav\u00e9s da GRATID\u00c3O! &#8211; pela consultora Aurora"}]},{"@type":"WebSite","@id":"https:\/\/www.iquilibrio.com\/blog\/#website","url":"https:\/\/www.iquilibrio.com\/blog\/","name":"iQuilibrio","description":"Blog iQuilibrio","publisher":{"@id":"https:\/\/www.iquilibrio.com\/blog\/#organization"},"potentialAction":[{"@type":"SearchAction","target":{"@type":"EntryPoint","urlTemplate":"https:\/\/www.iquilibrio.com\/blog\/?s={search_term_string}"},"query-input":{"@type":"PropertyValueSpecification","valueRequired":true,"valueName":"search_term_string"}}],"inLanguage":"pt-BR"},{"@type":"Organization","@id":"https:\/\/www.iquilibrio.com\/blog\/#organization","name":"Esoterismo, Misticismo e Tarot Online - iQuilibrio","url":"https:\/\/www.iquilibrio.com\/blog\/","logo":{"@type":"ImageObject","inLanguage":"pt-BR","@id":"https:\/\/www.iquilibrio.com\/blog\/#\/schema\/logo\/image\/","url":"https:\/\/www.iquilibrio.com\/blog\/wp-content\/uploads\/2018\/12\/iquilibrio_lovo_vetor_preto-retina.png","contentUrl":"https:\/\/www.iquilibrio.com\/blog\/wp-content\/uploads\/2018\/12\/iquilibrio_lovo_vetor_preto-retina.png","width":972,"height":180,"caption":"Esoterismo, Misticismo e Tarot Online - iQuilibrio"},"image":{"@id":"https:\/\/www.iquilibrio.com\/blog\/#\/schema\/logo\/image\/"},"sameAs":["https:\/\/www.facebook.com\/iQuilibrio\/","https:\/\/x.com\/iquilibrio","https:\/\/www.instagram.com\/iquilibrio\/","https:\/\/www.linkedin.com\/company\/iquilibrio\/","https:\/\/br.pinterest.com\/iquilibrio1397\/","https:\/\/www.youtube.com\/channel\/UC175qxd-4Zsi4wzawT5zF2g"]},{"@type":"Person","@id":"https:\/\/www.iquilibrio.com\/blog\/#\/schema\/person\/199505a1f0db0d00f022188666c75dca","name":"Reda\u00e7\u00e3o iQuilibrio","image":{"@type":"ImageObject","inLanguage":"pt-BR","@id":"https:\/\/www.iquilibrio.com\/blog\/wp-content\/uploads\/2021\/12\/Consulta-por-email-3-150x150.png","url":"https:\/\/www.iquilibrio.com\/blog\/wp-content\/uploads\/2021\/12\/Consulta-por-email-3-150x150.png","contentUrl":"https:\/\/www.iquilibrio.com\/blog\/wp-content\/uploads\/2021\/12\/Consulta-por-email-3-150x150.png","caption":"Reda\u00e7\u00e3o iQuilibrio"},"description":"A equipe de reda\u00e7\u00e3o da iQuilibrio \u00e9 composta pelos mais diversos especialistas e esot\u00e9ricos. Al\u00e9m de dominar a arte de traduzir as energias que o universo emana, nossos redatores sentem imenso prazer em trabalhar com palavras. Boa leitura e um \u00f3timo aprendizado!","url":"https:\/\/www.iquilibrio.com\/blog\/author\/juliana\/"}]}},"_links":{"self":[{"href":"https:\/\/www.iquilibrio.com\/blog\/wp-json\/wp\/v2\/posts\/26469","targetHints":{"allow":["GET"]}}],"collection":[{"href":"https:\/\/www.iquilibrio.com\/blog\/wp-json\/wp\/v2\/posts"}],"about":[{"href":"https:\/\/www.iquilibrio.com\/blog\/wp-json\/wp\/v2\/types\/post"}],"author":[{"embeddable":true,"href":"https:\/\/www.iquilibrio.com\/blog\/wp-json\/wp\/v2\/users\/20"}],"replies":[{"embeddable":true,"href":"https:\/\/www.iquilibrio.com\/blog\/wp-json\/wp\/v2\/comments?post=26469"}],"version-history":[{"count":5,"href":"https:\/\/www.iquilibrio.com\/blog\/wp-json\/wp\/v2\/posts\/26469\/revisions"}],"predecessor-version":[{"id":26579,"href":"https:\/\/www.iquilibrio.com\/blog\/wp-json\/wp\/v2\/posts\/26469\/revisions\/26579"}],"wp:featuredmedia":[{"embeddable":true,"href":"https:\/\/www.iquilibrio.com\/blog\/wp-json\/wp\/v2\/media\/26577"}],"wp:attachment":[{"href":"https:\/\/www.iquilibrio.com\/blog\/wp-json\/wp\/v2\/media?parent=26469"}],"wp:term":[{"taxonomy":"category","embeddable":true,"href":"https:\/\/www.iquilibrio.com\/blog\/wp-json\/wp\/v2\/categories?post=26469"},{"taxonomy":"post_tag","embeddable":true,"href":"https:\/\/www.iquilibrio.com\/blog\/wp-json\/wp\/v2\/tags?post=26469"}],"curies":[{"name":"wp","href":"https:\/\/api.w.org\/{rel}","templated":true}]}}