{"id":22995,"date":"2019-02-28T07:30:22","date_gmt":"2019-02-28T09:30:22","guid":{"rendered":"https:\/\/www.iquilibrio.com\/blog\/?p=22995"},"modified":"2021-10-28T18:17:16","modified_gmt":"2021-10-28T21:17:16","slug":"lei-da-gratidao-evandro","status":"publish","type":"post","link":"https:\/\/www.iquilibrio.com\/blog\/bem-estar\/autoconhecimento\/lei-da-gratidao-evandro\/","title":{"rendered":"A lei da gratid\u00e3o &#8211; O verdadeiro significado de gratid\u00e3o &#8211; Pelo consultor Evandro"},"content":{"rendered":"<h2><img loading=\"lazy\" decoding=\"async\" class=\"size-full wp-image-20339 alignleft td-animation-stack-type0-2\" src=\"https:\/\/www.iquilibrio.com\/blog\/wp-content\/uploads\/2017\/10\/Untitled-2.png\" alt=\"\" width=\"100\" height=\"100\" \/>Saiba mais sobre o consultor Evandro<\/h2>\n<p>Tar\u00f3logo e terapeuta hol\u00edstico, o Evandro \u00e9 um dos consultores mais participativos em nosso blog, disponibilizando sempre previs\u00f5es e orienta\u00e7\u00f5es para melhorar o seu bem-estar. D\u00e1 para perceber o quanto ele se importa com a melhor orienta\u00e7\u00e3o para seus consulentes! Quer conhecer um pouco mais sobre o Evandro e suas especialidades, ou fazer sua consulta com ele? Ent\u00e3o \u00e9 s\u00f3\u00a0<a href=\"https:\/\/www.iquilibrio.com\/\">clicar aqui<\/a>\u00a0que voc\u00ea ter\u00e1 a ficha completa desse querido consultor!<\/p>\n<p style=\"text-align: center;\"><a href=\"https:\/\/www.iquilibrio.com\/\"><span class=\"td_btn td_btn_lg td_round_btn class-cta1\">D\u00favidas Sobre Sua Vida? Confie na Orienta\u00e7\u00e3o do Tar\u00f3logo Evandro FALE AGORA<\/span><\/a><\/p>\n<h2>Gratid\u00e3o pela vida &#8211; pelo consultor Evandro<\/h2>\n<p class=\"Standard\" style=\"text-align: justify; text-justify: inter-ideograph;\">Hoje eu venho falar de uma lei espiritual essencial para voc\u00ea obter alegria e prosperidade em sua vida, \u00e9 a lei da gratid\u00e3o. Ela \u00e9 mais importante de ser praticada do que a lei da atra\u00e7\u00e3o, <em>pois se voc\u00ea n\u00e3o pratica<strong> a gratid\u00e3o<\/strong> atrair\u00e1 para a sua vida at\u00e9 mesmo coisas aquelas indesej\u00e1veis.<\/em><\/p>\n<p class=\"Standard\" style=\"text-align: justify; text-justify: inter-ideograph;\">Eu conheci <strong>o poder da gratid\u00e3o<\/strong> na Seicho No Ie, essa filosofia religiosa \u00e9 de origem japonesa, foi fundada por Masaharu Taniguchi, que estudou o cristianismo, budismo e xinto\u00edsmo e encontrou li\u00e7\u00f5es valiosas, dentre elas viu que<strong> a gratid\u00e3o transforma<\/strong> e \u00e9 um princ\u00edpio fundamental para obter-se alegria e prosperidade na vida.<\/p>\n<h3>Entendendo melhor o que \u00e9 gratid\u00e3o<\/h3>\n<p class=\"Standard\" style=\"text-align: justify; text-justify: inter-ideograph;\">Eu sei que voc\u00ea deve estar pensando, \u201cah mas eu sou uma pessoa grata\u201d, \u00e9 eu tamb\u00e9m pensava que era, mas muitas vezes a gente se engana, sabe por que? Confira:<\/p>\n<p><strong>Exemplificando<\/strong>: se voc\u00ea teve relacionamentos os quais n\u00e3o deram certo, ao inv\u00e9s de remoer a perda, falar mal da pessoa ou algo do tipo, voc\u00ea agradece. MAS Evandro, AGRADECER? SIM! Agrade\u00e7a por essa pessoa ter passado em sua vida e te ensinado muitas coisas. O tempo com ela foi muito valioso, n\u00f3s somos capazes de aprender com as perdas, tenha isso em mente e seja sinceramente grato. Desta forma voc\u00ea perdoa quem se foi, e tira de voc\u00ea a energia ruim de falar mal e desejar mal a algu\u00e9m.<\/p>\n<h3>Gratid\u00e3o tamb\u00e9m \u00e9 um desafio!<\/h3>\n<p class=\"Standard\" style=\"text-align: justify; text-justify: inter-ideograph;\">Muitas vezes temos dificuldade em enxergar o lado bom das situa\u00e7\u00f5es ou at\u00e9 mesmo encontrar o motivo para tudo acontecer, um exemplo disso \u00e9 ser grato ao pai e m\u00e3e, independente \u00e9 fundamental para alegria e prosperidade na vida, mesmo que eles tenham sido ruins para ti, pratique a gratid\u00e3o, eles te deram de alguma forma a oportunidade de reencarnar. Se voc\u00ea tem pais adotivos seja uma pessoa grata aos adotivos e aos biol\u00f3gicos, mesmo que n\u00e3o os conhe\u00e7a.<\/p>\n<blockquote class=\"td_quote_box td_box_center\">\n<h4 class=\"Standard\" style=\"text-align: justify; text-justify: inter-ideograph;\">Talvez voc\u00ea esteja pensando que isto \u00e9 imposs\u00edvel, surreal ou que eu estou perdendo a cabe\u00e7a, ent\u00e3o vamos combinar assim, voc\u00ea experimenta trabalhar a <strong>gratid\u00e3o pelo dia<\/strong> em sua vida por 365 dias, fazendo disso um exerc\u00edcio espiritual e moral di\u00e1rio, depois me conta o quanto sua vida mudou para melhor!<\/h4>\n<\/blockquote>\n<p class=\"Standard\" style=\"text-align: justify; text-justify: inter-ideograph;\">Voc\u00ea pode me dizer que os problemas que tem s\u00e3o k\u00e1rmicos, que os trouxe de outra encarna\u00e7\u00e3o ou que \u00e9 uma prova\u00e7\u00e3o de Deus. Bom, seja o que for, \u00e9 sinal que voc\u00ea pode alterar seus pensamentos e passar a acreditar em uma for\u00e7a maior e ter o sentimento da gratid\u00e3o presente em sua vida.<\/p>\n<p>Ent\u00e3o, exercite ser grato \u00e0 sua fam\u00edlia, ao dinheiro que consegue, aos problemas no amor, e a todas as pessoas com quem voc\u00ea se relaciona, at\u00e9 mesmo \u00e0 sa\u00fade que voc\u00ea tem. Eles fazem parte de algo que est\u00e1 sendo constru\u00eddo, e ser\u00e3o seu alicerce para evolu\u00e7\u00e3o e confian\u00e7a se voc\u00ea compreender que at\u00e9 mesmo as dificuldades s\u00e3o necess\u00e1rias para nos fazer completos.<\/p>\n<hr \/>\n<p style=\"text-align: center;\">Fa\u00e7a uma consulta especial de Feng Shui e promova melhoria do modo de vida, equil\u00edbrio e bem-estar, auxilio na solu\u00e7\u00e3o de problemas de qualquer tipo pois equilibra as energias e melhoria da condi\u00e7\u00e3o energ\u00e9tica da pessoa e do ambiente.<\/p>\n<p style=\"text-align: center;\"><a href=\"https:\/\/www.iquilibrio.com\/feng-shui\/\"><strong><span class=\"class-texto-produtos\">Clique Aqui e Confira!<\/span><\/strong><\/a><\/p>\n<hr \/>\n<h3>Um fato que aconteceu comigo &#8211; Evandro &#8211; Gratid\u00e3o a Deus<\/h3>\n<p class=\"Standard\" style=\"text-align: justify; text-justify: inter-ideograph;\">Olha que interessante este pequeno relato, um dia meus pais e eu fomos visitar uma tia em outra cidade, antes paramos em um mercado para comprar algumas coisas, chegando ao balc\u00e3o de p\u00e3es eu pedi o que desejava e no final eu disse:<\/p>\n<p class=\"Standard\" style=\"text-align: justify; text-justify: inter-ideograph;\">&#8220;Muito obrigado!&#8221;<\/p>\n<p class=\"Standard\" style=\"text-align: justify; text-justify: inter-ideograph;\">Meu pai olhou para mim e disse:<\/p>\n<p class=\"Standard\" style=\"text-align: justify; text-justify: inter-ideograph;\">&#8220;&#8230;mas filho \u00e9 ele que tem que dizer obrigado a voc\u00ea por estar comprando&#8221;<\/p>\n<p class=\"Standard\" style=\"text-align: justify; text-justify: inter-ideograph;\">eu respondi:<\/p>\n<p class=\"Standard\" style=\"text-align: justify; text-justify: inter-ideograph;\">\u201cPai, na vida temos que ser gratos a tudo e a todos, eu agrade\u00e7o por ele ter tido a gentileza e educa\u00e7\u00e3o de me atender.\u201d<\/p>\n<p class=\"Standard\" style=\"text-align: justify; text-justify: inter-ideograph;\">A partir deste momento o meu pai come\u00e7ou a fazer isso e um dia disse que era legal agir assim, que ele se sentia bem.<\/p>\n<p class=\"Standard\" style=\"text-align: justify; text-justify: inter-ideograph;\">Ent\u00e3o seja a hora que for durante o dia e \u00e0 noite, trabalhe a gratid\u00e3o, no come\u00e7o \u00e9 um exerc\u00edcio de aprendizado, mas com o tempo se torna natural. Por isso, <strong>muito obrigado por voc\u00ea ler este artigo<\/strong> at\u00e9 o fim e se precisar de uma consulta saiba que ficarei muito grato em te ajudar!<\/p>\n<p class=\"Standard\" style=\"text-align: justify; text-justify: inter-ideograph;\">Gratid\u00e3o, Namast\u00ea, Luz e Paz!<\/p>\n<p class=\"Standard\" style=\"text-align: justify; text-justify: inter-ideograph;\">Evandro, consultor iQuilibrio.<\/p>\n<p style=\"text-align: center;\"><span style=\"color: #ffffff;\"><a style=\"color: #ffffff;\" href=\"https:\/\/www.iquilibrio.com\/\"><span class=\"td_btn td_btn_lg td_round_btn class-cta2\">Confira Aqui os Produtos e Atendimentos Especializados do Consultor Evandro<\/span><\/a><\/span><\/p>\n\n\n<div class=\"kk-star-ratings kksr-auto kksr-align-left kksr-valign-bottom\"\n    data-payload='{&quot;align&quot;:&quot;left&quot;,&quot;id&quot;:&quot;22995&quot;,&quot;slug&quot;:&quot;default&quot;,&quot;valign&quot;:&quot;bottom&quot;,&quot;ignore&quot;:&quot;&quot;,&quot;reference&quot;:&quot;auto&quot;,&quot;class&quot;:&quot;&quot;,&quot;count&quot;:&quot;2&quot;,&quot;legendonly&quot;:&quot;&quot;,&quot;readonly&quot;:&quot;&quot;,&quot;score&quot;:&quot;5&quot;,&quot;starsonly&quot;:&quot;&quot;,&quot;best&quot;:&quot;5&quot;,&quot;gap&quot;:&quot;5&quot;,&quot;greet&quot;:&quot;Rate this post&quot;,&quot;legend&quot;:&quot;5\\\/5 - (2 votos)&quot;,&quot;size&quot;:&quot;24&quot;,&quot;title&quot;:&quot;A lei da gratid\u00e3o - O verdadeiro significado de gratid\u00e3o - Pelo consultor Evandro&quot;,&quot;width&quot;:&quot;142.5&quot;,&quot;_legend&quot;:&quot;{score}\\\/{best} - ({count} {votes})&quot;,&quot;font_factor&quot;:&quot;1.25&quot;}'>\n            \n<div class=\"kksr-stars\">\n    \n<div class=\"kksr-stars-inactive\">\n            <div class=\"kksr-star\" data-star=\"1\" style=\"padding-right: 5px\">\n            \n\n<div class=\"kksr-icon\" style=\"width: 24px; height: 24px;\"><\/div>\n        <\/div>\n            <div class=\"kksr-star\" data-star=\"2\" style=\"padding-right: 5px\">\n            \n\n<div class=\"kksr-icon\" style=\"width: 24px; height: 24px;\"><\/div>\n        <\/div>\n            <div class=\"kksr-star\" data-star=\"3\" style=\"padding-right: 5px\">\n            \n\n<div class=\"kksr-icon\" style=\"width: 24px; height: 24px;\"><\/div>\n        <\/div>\n            <div class=\"kksr-star\" data-star=\"4\" style=\"padding-right: 5px\">\n            \n\n<div class=\"kksr-icon\" style=\"width: 24px; height: 24px;\"><\/div>\n        <\/div>\n            <div class=\"kksr-star\" data-star=\"5\" style=\"padding-right: 5px\">\n            \n\n<div class=\"kksr-icon\" style=\"width: 24px; height: 24px;\"><\/div>\n        <\/div>\n    <\/div>\n    \n<div class=\"kksr-stars-active\" style=\"width: 142.5px;\">\n            <div class=\"kksr-star\" style=\"padding-right: 5px\">\n            \n\n<div class=\"kksr-icon\" style=\"width: 24px; height: 24px;\"><\/div>\n        <\/div>\n            <div class=\"kksr-star\" style=\"padding-right: 5px\">\n            \n\n<div class=\"kksr-icon\" style=\"width: 24px; height: 24px;\"><\/div>\n        <\/div>\n            <div class=\"kksr-star\" style=\"padding-right: 5px\">\n            \n\n<div class=\"kksr-icon\" style=\"width: 24px; height: 24px;\"><\/div>\n        <\/div>\n            <div class=\"kksr-star\" style=\"padding-right: 5px\">\n            \n\n<div class=\"kksr-icon\" style=\"width: 24px; height: 24px;\"><\/div>\n        <\/div>\n            <div class=\"kksr-star\" style=\"padding-right: 5px\">\n            \n\n<div class=\"kksr-icon\" style=\"width: 24px; height: 24px;\"><\/div>\n        <\/div>\n    <\/div>\n<\/div>\n                \n\n<div class=\"kksr-legend\" style=\"font-size: 19.2px;\">\n            5\/5 - (2 votos)    <\/div>\n    <\/div>\n","protected":false},"excerpt":{"rendered":"<p>Saiba mais sobre o consultor Evandro Tar\u00f3logo e terapeuta hol\u00edstico, o Evandro \u00e9 um dos consultores mais participativos em nosso blog, disponibilizando sempre previs\u00f5es e orienta\u00e7\u00f5es para melhorar o seu bem-estar. D\u00e1 para perceber o quanto ele se importa com a melhor orienta\u00e7\u00e3o para seus consulentes! Quer conhecer um pouco mais sobre o Evandro e [&hellip;]<\/p>\n","protected":false},"author":20,"featured_media":23020,"comment_status":"open","ping_status":"open","sticky":false,"template":"","format":"standard","meta":{"footnotes":""},"categories":[623],"tags":[4113,4114],"class_list":["post-22995","post","type-post","status-publish","format-standard","has-post-thumbnail","hentry","category-autoconhecimento","tag-lei-da-gratidao","tag-o-poder-da-gratidao"],"yoast_head":"<!-- This site is optimized with the Yoast SEO plugin v27.4 - https:\/\/yoast.com\/product\/yoast-seo-wordpress\/ -->\n<title>Lei da Gratid\u00e3o: Entenda o Significado de Gratid\u00e3o - Consultor Evandro<\/title>\n<meta name=\"description\" content=\"Saiba mais sobre a lei da gratid\u00e3o atrav\u00e9s do consultor Evandro. Entenda a import\u00e2ncia de atrair esse sentimento para a sua vida. Clique e Leia Mais...\" \/>\n<meta name=\"robots\" content=\"index, follow, max-snippet:-1, max-image-preview:large, max-video-preview:-1\" \/>\n<link rel=\"canonical\" href=\"https:\/\/www.iquilibrio.com\/blog\/bem-estar\/autoconhecimento\/lei-da-gratidao-evandro\/\" \/>\n<meta property=\"og:locale\" content=\"pt_BR\" \/>\n<meta property=\"og:type\" content=\"article\" \/>\n<meta property=\"og:title\" content=\"Lei da Gratid\u00e3o: Entenda o Significado de Gratid\u00e3o - Consultor Evandro\" \/>\n<meta property=\"og:description\" content=\"Saiba mais sobre a lei da gratid\u00e3o atrav\u00e9s do consultor Evandro. Entenda a import\u00e2ncia de atrair esse sentimento para a sua vida. Clique e Leia Mais...\" \/>\n<meta property=\"og:url\" content=\"https:\/\/www.iquilibrio.com\/blog\/bem-estar\/autoconhecimento\/lei-da-gratidao-evandro\/\" \/>\n<meta property=\"og:site_name\" content=\"iQuilibrio\" \/>\n<meta property=\"article:publisher\" content=\"https:\/\/www.facebook.com\/iQuilibrio\/\" \/>\n<meta property=\"article:published_time\" content=\"2019-02-28T09:30:22+00:00\" \/>\n<meta property=\"article:modified_time\" content=\"2021-10-28T21:17:16+00:00\" \/>\n<meta property=\"og:image\" content=\"https:\/\/www.iquilibrio.com\/blog\/wp-content\/uploads\/2019\/02\/lei-da-gratidao.jpg\" \/>\n\t<meta property=\"og:image:width\" content=\"900\" \/>\n\t<meta property=\"og:image:height\" content=\"560\" \/>\n\t<meta property=\"og:image:type\" content=\"image\/jpeg\" \/>\n<meta name=\"author\" content=\"Reda\u00e7\u00e3o iQuilibrio\" \/>\n<meta name=\"twitter:card\" content=\"summary_large_image\" \/>\n<meta name=\"twitter:creator\" content=\"@iquilibrio\" \/>\n<meta name=\"twitter:site\" content=\"@iquilibrio\" \/>\n<meta name=\"twitter:label1\" content=\"Escrito por\" \/>\n\t<meta name=\"twitter:data1\" content=\"Reda\u00e7\u00e3o iQuilibrio\" \/>\n\t<meta name=\"twitter:label2\" content=\"Est. tempo de leitura\" \/>\n\t<meta name=\"twitter:data2\" content=\"4 minutos\" \/>\n<script type=\"application\/ld+json\" class=\"yoast-schema-graph\">{\"@context\":\"https:\\\/\\\/schema.org\",\"@graph\":[{\"@type\":\"Article\",\"@id\":\"https:\\\/\\\/www.iquilibrio.com\\\/blog\\\/bem-estar\\\/autoconhecimento\\\/lei-da-gratidao-evandro\\\/#article\",\"isPartOf\":{\"@id\":\"https:\\\/\\\/www.iquilibrio.com\\\/blog\\\/bem-estar\\\/autoconhecimento\\\/lei-da-gratidao-evandro\\\/\"},\"author\":{\"name\":\"Reda\u00e7\u00e3o iQuilibrio\",\"@id\":\"https:\\\/\\\/www.iquilibrio.com\\\/blog\\\/#\\\/schema\\\/person\\\/199505a1f0db0d00f022188666c75dca\"},\"headline\":\"A lei da gratid\u00e3o &#8211; O verdadeiro significado de gratid\u00e3o &#8211; Pelo consultor Evandro\",\"datePublished\":\"2019-02-28T09:30:22+00:00\",\"dateModified\":\"2021-10-28T21:17:16+00:00\",\"mainEntityOfPage\":{\"@id\":\"https:\\\/\\\/www.iquilibrio.com\\\/blog\\\/bem-estar\\\/autoconhecimento\\\/lei-da-gratidao-evandro\\\/\"},\"wordCount\":893,\"commentCount\":0,\"publisher\":{\"@id\":\"https:\\\/\\\/www.iquilibrio.com\\\/blog\\\/#organization\"},\"image\":{\"@id\":\"https:\\\/\\\/www.iquilibrio.com\\\/blog\\\/bem-estar\\\/autoconhecimento\\\/lei-da-gratidao-evandro\\\/#primaryimage\"},\"thumbnailUrl\":\"https:\\\/\\\/www.iquilibrio.com\\\/blog\\\/wp-content\\\/uploads\\\/2019\\\/02\\\/lei-da-gratidao.jpg\",\"keywords\":[\"lei da gratid\u00e3o\",\"o poder da gratid\u00e3o\"],\"articleSection\":[\"Autoconhecimento\"],\"inLanguage\":\"pt-BR\"},{\"@type\":\"WebPage\",\"@id\":\"https:\\\/\\\/www.iquilibrio.com\\\/blog\\\/bem-estar\\\/autoconhecimento\\\/lei-da-gratidao-evandro\\\/\",\"url\":\"https:\\\/\\\/www.iquilibrio.com\\\/blog\\\/bem-estar\\\/autoconhecimento\\\/lei-da-gratidao-evandro\\\/\",\"name\":\"Lei da Gratid\u00e3o: Entenda o Significado de Gratid\u00e3o - Consultor Evandro\",\"isPartOf\":{\"@id\":\"https:\\\/\\\/www.iquilibrio.com\\\/blog\\\/#website\"},\"primaryImageOfPage\":{\"@id\":\"https:\\\/\\\/www.iquilibrio.com\\\/blog\\\/bem-estar\\\/autoconhecimento\\\/lei-da-gratidao-evandro\\\/#primaryimage\"},\"image\":{\"@id\":\"https:\\\/\\\/www.iquilibrio.com\\\/blog\\\/bem-estar\\\/autoconhecimento\\\/lei-da-gratidao-evandro\\\/#primaryimage\"},\"thumbnailUrl\":\"https:\\\/\\\/www.iquilibrio.com\\\/blog\\\/wp-content\\\/uploads\\\/2019\\\/02\\\/lei-da-gratidao.jpg\",\"datePublished\":\"2019-02-28T09:30:22+00:00\",\"dateModified\":\"2021-10-28T21:17:16+00:00\",\"description\":\"Saiba mais sobre a lei da gratid\u00e3o atrav\u00e9s do consultor Evandro. Entenda a import\u00e2ncia de atrair esse sentimento para a sua vida. Clique e Leia Mais...\",\"breadcrumb\":{\"@id\":\"https:\\\/\\\/www.iquilibrio.com\\\/blog\\\/bem-estar\\\/autoconhecimento\\\/lei-da-gratidao-evandro\\\/#breadcrumb\"},\"inLanguage\":\"pt-BR\",\"potentialAction\":[{\"@type\":\"ReadAction\",\"target\":[\"https:\\\/\\\/www.iquilibrio.com\\\/blog\\\/bem-estar\\\/autoconhecimento\\\/lei-da-gratidao-evandro\\\/\"]}]},{\"@type\":\"ImageObject\",\"inLanguage\":\"pt-BR\",\"@id\":\"https:\\\/\\\/www.iquilibrio.com\\\/blog\\\/bem-estar\\\/autoconhecimento\\\/lei-da-gratidao-evandro\\\/#primaryimage\",\"url\":\"https:\\\/\\\/www.iquilibrio.com\\\/blog\\\/wp-content\\\/uploads\\\/2019\\\/02\\\/lei-da-gratidao.jpg\",\"contentUrl\":\"https:\\\/\\\/www.iquilibrio.com\\\/blog\\\/wp-content\\\/uploads\\\/2019\\\/02\\\/lei-da-gratidao.jpg\",\"width\":900,\"height\":560,\"caption\":\"significado da gratid\u00e3o\"},{\"@type\":\"BreadcrumbList\",\"@id\":\"https:\\\/\\\/www.iquilibrio.com\\\/blog\\\/bem-estar\\\/autoconhecimento\\\/lei-da-gratidao-evandro\\\/#breadcrumb\",\"itemListElement\":[{\"@type\":\"ListItem\",\"position\":1,\"name\":\"In\u00edcio\",\"item\":\"https:\\\/\\\/www.iquilibrio.com\\\/blog\\\/\"},{\"@type\":\"ListItem\",\"position\":2,\"name\":\"A lei da gratid\u00e3o &#8211; O verdadeiro significado de gratid\u00e3o &#8211; Pelo consultor Evandro\"}]},{\"@type\":\"WebSite\",\"@id\":\"https:\\\/\\\/www.iquilibrio.com\\\/blog\\\/#website\",\"url\":\"https:\\\/\\\/www.iquilibrio.com\\\/blog\\\/\",\"name\":\"iQuilibrio\",\"description\":\"Blog iQuilibrio\",\"publisher\":{\"@id\":\"https:\\\/\\\/www.iquilibrio.com\\\/blog\\\/#organization\"},\"potentialAction\":[{\"@type\":\"SearchAction\",\"target\":{\"@type\":\"EntryPoint\",\"urlTemplate\":\"https:\\\/\\\/www.iquilibrio.com\\\/blog\\\/?s={search_term_string}\"},\"query-input\":{\"@type\":\"PropertyValueSpecification\",\"valueRequired\":true,\"valueName\":\"search_term_string\"}}],\"inLanguage\":\"pt-BR\"},{\"@type\":\"Organization\",\"@id\":\"https:\\\/\\\/www.iquilibrio.com\\\/blog\\\/#organization\",\"name\":\"Esoterismo, Misticismo e Tarot Online - iQuilibrio\",\"url\":\"https:\\\/\\\/www.iquilibrio.com\\\/blog\\\/\",\"logo\":{\"@type\":\"ImageObject\",\"inLanguage\":\"pt-BR\",\"@id\":\"https:\\\/\\\/www.iquilibrio.com\\\/blog\\\/#\\\/schema\\\/logo\\\/image\\\/\",\"url\":\"https:\\\/\\\/www.iquilibrio.com\\\/blog\\\/wp-content\\\/uploads\\\/2018\\\/12\\\/iquilibrio_lovo_vetor_preto-retina.png\",\"contentUrl\":\"https:\\\/\\\/www.iquilibrio.com\\\/blog\\\/wp-content\\\/uploads\\\/2018\\\/12\\\/iquilibrio_lovo_vetor_preto-retina.png\",\"width\":972,\"height\":180,\"caption\":\"Esoterismo, Misticismo e Tarot Online - iQuilibrio\"},\"image\":{\"@id\":\"https:\\\/\\\/www.iquilibrio.com\\\/blog\\\/#\\\/schema\\\/logo\\\/image\\\/\"},\"sameAs\":[\"https:\\\/\\\/www.facebook.com\\\/iQuilibrio\\\/\",\"https:\\\/\\\/x.com\\\/iquilibrio\",\"https:\\\/\\\/www.instagram.com\\\/iquilibrio\\\/\",\"https:\\\/\\\/www.linkedin.com\\\/company\\\/iquilibrio\\\/\",\"https:\\\/\\\/br.pinterest.com\\\/iquilibrio1397\\\/\",\"https:\\\/\\\/www.youtube.com\\\/channel\\\/UC175qxd-4Zsi4wzawT5zF2g\"]},{\"@type\":\"Person\",\"@id\":\"https:\\\/\\\/www.iquilibrio.com\\\/blog\\\/#\\\/schema\\\/person\\\/199505a1f0db0d00f022188666c75dca\",\"name\":\"Reda\u00e7\u00e3o iQuilibrio\",\"image\":{\"@type\":\"ImageObject\",\"inLanguage\":\"pt-BR\",\"@id\":\"https:\\\/\\\/www.iquilibrio.com\\\/blog\\\/wp-content\\\/uploads\\\/2021\\\/12\\\/Consulta-por-email-3-150x150.png\",\"url\":\"https:\\\/\\\/www.iquilibrio.com\\\/blog\\\/wp-content\\\/uploads\\\/2021\\\/12\\\/Consulta-por-email-3-150x150.png\",\"contentUrl\":\"https:\\\/\\\/www.iquilibrio.com\\\/blog\\\/wp-content\\\/uploads\\\/2021\\\/12\\\/Consulta-por-email-3-150x150.png\",\"caption\":\"Reda\u00e7\u00e3o iQuilibrio\"},\"description\":\"A equipe de reda\u00e7\u00e3o da iQuilibrio \u00e9 composta pelos mais diversos especialistas e esot\u00e9ricos. Al\u00e9m de dominar a arte de traduzir as energias que o universo emana, nossos redatores sentem imenso prazer em trabalhar com palavras. Boa leitura e um \u00f3timo aprendizado!\",\"url\":\"https:\\\/\\\/www.iquilibrio.com\\\/blog\\\/author\\\/juliana\\\/\"}]}<\/script>\n<!-- \/ Yoast SEO plugin. -->","yoast_head_json":{"title":"Lei da Gratid\u00e3o: Entenda o Significado de Gratid\u00e3o - Consultor Evandro","description":"Saiba mais sobre a lei da gratid\u00e3o atrav\u00e9s do consultor Evandro. Entenda a import\u00e2ncia de atrair esse sentimento para a sua vida. Clique e Leia Mais...","robots":{"index":"index","follow":"follow","max-snippet":"max-snippet:-1","max-image-preview":"max-image-preview:large","max-video-preview":"max-video-preview:-1"},"canonical":"https:\/\/www.iquilibrio.com\/blog\/bem-estar\/autoconhecimento\/lei-da-gratidao-evandro\/","og_locale":"pt_BR","og_type":"article","og_title":"Lei da Gratid\u00e3o: Entenda o Significado de Gratid\u00e3o - Consultor Evandro","og_description":"Saiba mais sobre a lei da gratid\u00e3o atrav\u00e9s do consultor Evandro. Entenda a import\u00e2ncia de atrair esse sentimento para a sua vida. Clique e Leia Mais...","og_url":"https:\/\/www.iquilibrio.com\/blog\/bem-estar\/autoconhecimento\/lei-da-gratidao-evandro\/","og_site_name":"iQuilibrio","article_publisher":"https:\/\/www.facebook.com\/iQuilibrio\/","article_published_time":"2019-02-28T09:30:22+00:00","article_modified_time":"2021-10-28T21:17:16+00:00","og_image":[{"width":900,"height":560,"url":"https:\/\/www.iquilibrio.com\/blog\/wp-content\/uploads\/2019\/02\/lei-da-gratidao.jpg","type":"image\/jpeg"}],"author":"Reda\u00e7\u00e3o iQuilibrio","twitter_card":"summary_large_image","twitter_creator":"@iquilibrio","twitter_site":"@iquilibrio","twitter_misc":{"Escrito por":"Reda\u00e7\u00e3o iQuilibrio","Est. tempo de leitura":"4 minutos"},"schema":{"@context":"https:\/\/schema.org","@graph":[{"@type":"Article","@id":"https:\/\/www.iquilibrio.com\/blog\/bem-estar\/autoconhecimento\/lei-da-gratidao-evandro\/#article","isPartOf":{"@id":"https:\/\/www.iquilibrio.com\/blog\/bem-estar\/autoconhecimento\/lei-da-gratidao-evandro\/"},"author":{"name":"Reda\u00e7\u00e3o iQuilibrio","@id":"https:\/\/www.iquilibrio.com\/blog\/#\/schema\/person\/199505a1f0db0d00f022188666c75dca"},"headline":"A lei da gratid\u00e3o &#8211; O verdadeiro significado de gratid\u00e3o &#8211; Pelo consultor Evandro","datePublished":"2019-02-28T09:30:22+00:00","dateModified":"2021-10-28T21:17:16+00:00","mainEntityOfPage":{"@id":"https:\/\/www.iquilibrio.com\/blog\/bem-estar\/autoconhecimento\/lei-da-gratidao-evandro\/"},"wordCount":893,"commentCount":0,"publisher":{"@id":"https:\/\/www.iquilibrio.com\/blog\/#organization"},"image":{"@id":"https:\/\/www.iquilibrio.com\/blog\/bem-estar\/autoconhecimento\/lei-da-gratidao-evandro\/#primaryimage"},"thumbnailUrl":"https:\/\/www.iquilibrio.com\/blog\/wp-content\/uploads\/2019\/02\/lei-da-gratidao.jpg","keywords":["lei da gratid\u00e3o","o poder da gratid\u00e3o"],"articleSection":["Autoconhecimento"],"inLanguage":"pt-BR"},{"@type":"WebPage","@id":"https:\/\/www.iquilibrio.com\/blog\/bem-estar\/autoconhecimento\/lei-da-gratidao-evandro\/","url":"https:\/\/www.iquilibrio.com\/blog\/bem-estar\/autoconhecimento\/lei-da-gratidao-evandro\/","name":"Lei da Gratid\u00e3o: Entenda o Significado de Gratid\u00e3o - Consultor Evandro","isPartOf":{"@id":"https:\/\/www.iquilibrio.com\/blog\/#website"},"primaryImageOfPage":{"@id":"https:\/\/www.iquilibrio.com\/blog\/bem-estar\/autoconhecimento\/lei-da-gratidao-evandro\/#primaryimage"},"image":{"@id":"https:\/\/www.iquilibrio.com\/blog\/bem-estar\/autoconhecimento\/lei-da-gratidao-evandro\/#primaryimage"},"thumbnailUrl":"https:\/\/www.iquilibrio.com\/blog\/wp-content\/uploads\/2019\/02\/lei-da-gratidao.jpg","datePublished":"2019-02-28T09:30:22+00:00","dateModified":"2021-10-28T21:17:16+00:00","description":"Saiba mais sobre a lei da gratid\u00e3o atrav\u00e9s do consultor Evandro. Entenda a import\u00e2ncia de atrair esse sentimento para a sua vida. Clique e Leia Mais...","breadcrumb":{"@id":"https:\/\/www.iquilibrio.com\/blog\/bem-estar\/autoconhecimento\/lei-da-gratidao-evandro\/#breadcrumb"},"inLanguage":"pt-BR","potentialAction":[{"@type":"ReadAction","target":["https:\/\/www.iquilibrio.com\/blog\/bem-estar\/autoconhecimento\/lei-da-gratidao-evandro\/"]}]},{"@type":"ImageObject","inLanguage":"pt-BR","@id":"https:\/\/www.iquilibrio.com\/blog\/bem-estar\/autoconhecimento\/lei-da-gratidao-evandro\/#primaryimage","url":"https:\/\/www.iquilibrio.com\/blog\/wp-content\/uploads\/2019\/02\/lei-da-gratidao.jpg","contentUrl":"https:\/\/www.iquilibrio.com\/blog\/wp-content\/uploads\/2019\/02\/lei-da-gratidao.jpg","width":900,"height":560,"caption":"significado da gratid\u00e3o"},{"@type":"BreadcrumbList","@id":"https:\/\/www.iquilibrio.com\/blog\/bem-estar\/autoconhecimento\/lei-da-gratidao-evandro\/#breadcrumb","itemListElement":[{"@type":"ListItem","position":1,"name":"In\u00edcio","item":"https:\/\/www.iquilibrio.com\/blog\/"},{"@type":"ListItem","position":2,"name":"A lei da gratid\u00e3o &#8211; O verdadeiro significado de gratid\u00e3o &#8211; Pelo consultor Evandro"}]},{"@type":"WebSite","@id":"https:\/\/www.iquilibrio.com\/blog\/#website","url":"https:\/\/www.iquilibrio.com\/blog\/","name":"iQuilibrio","description":"Blog iQuilibrio","publisher":{"@id":"https:\/\/www.iquilibrio.com\/blog\/#organization"},"potentialAction":[{"@type":"SearchAction","target":{"@type":"EntryPoint","urlTemplate":"https:\/\/www.iquilibrio.com\/blog\/?s={search_term_string}"},"query-input":{"@type":"PropertyValueSpecification","valueRequired":true,"valueName":"search_term_string"}}],"inLanguage":"pt-BR"},{"@type":"Organization","@id":"https:\/\/www.iquilibrio.com\/blog\/#organization","name":"Esoterismo, Misticismo e Tarot Online - iQuilibrio","url":"https:\/\/www.iquilibrio.com\/blog\/","logo":{"@type":"ImageObject","inLanguage":"pt-BR","@id":"https:\/\/www.iquilibrio.com\/blog\/#\/schema\/logo\/image\/","url":"https:\/\/www.iquilibrio.com\/blog\/wp-content\/uploads\/2018\/12\/iquilibrio_lovo_vetor_preto-retina.png","contentUrl":"https:\/\/www.iquilibrio.com\/blog\/wp-content\/uploads\/2018\/12\/iquilibrio_lovo_vetor_preto-retina.png","width":972,"height":180,"caption":"Esoterismo, Misticismo e Tarot Online - iQuilibrio"},"image":{"@id":"https:\/\/www.iquilibrio.com\/blog\/#\/schema\/logo\/image\/"},"sameAs":["https:\/\/www.facebook.com\/iQuilibrio\/","https:\/\/x.com\/iquilibrio","https:\/\/www.instagram.com\/iquilibrio\/","https:\/\/www.linkedin.com\/company\/iquilibrio\/","https:\/\/br.pinterest.com\/iquilibrio1397\/","https:\/\/www.youtube.com\/channel\/UC175qxd-4Zsi4wzawT5zF2g"]},{"@type":"Person","@id":"https:\/\/www.iquilibrio.com\/blog\/#\/schema\/person\/199505a1f0db0d00f022188666c75dca","name":"Reda\u00e7\u00e3o iQuilibrio","image":{"@type":"ImageObject","inLanguage":"pt-BR","@id":"https:\/\/www.iquilibrio.com\/blog\/wp-content\/uploads\/2021\/12\/Consulta-por-email-3-150x150.png","url":"https:\/\/www.iquilibrio.com\/blog\/wp-content\/uploads\/2021\/12\/Consulta-por-email-3-150x150.png","contentUrl":"https:\/\/www.iquilibrio.com\/blog\/wp-content\/uploads\/2021\/12\/Consulta-por-email-3-150x150.png","caption":"Reda\u00e7\u00e3o iQuilibrio"},"description":"A equipe de reda\u00e7\u00e3o da iQuilibrio \u00e9 composta pelos mais diversos especialistas e esot\u00e9ricos. Al\u00e9m de dominar a arte de traduzir as energias que o universo emana, nossos redatores sentem imenso prazer em trabalhar com palavras. Boa leitura e um \u00f3timo aprendizado!","url":"https:\/\/www.iquilibrio.com\/blog\/author\/juliana\/"}]}},"_links":{"self":[{"href":"https:\/\/www.iquilibrio.com\/blog\/wp-json\/wp\/v2\/posts\/22995","targetHints":{"allow":["GET"]}}],"collection":[{"href":"https:\/\/www.iquilibrio.com\/blog\/wp-json\/wp\/v2\/posts"}],"about":[{"href":"https:\/\/www.iquilibrio.com\/blog\/wp-json\/wp\/v2\/types\/post"}],"author":[{"embeddable":true,"href":"https:\/\/www.iquilibrio.com\/blog\/wp-json\/wp\/v2\/users\/20"}],"replies":[{"embeddable":true,"href":"https:\/\/www.iquilibrio.com\/blog\/wp-json\/wp\/v2\/comments?post=22995"}],"version-history":[{"count":9,"href":"https:\/\/www.iquilibrio.com\/blog\/wp-json\/wp\/v2\/posts\/22995\/revisions"}],"predecessor-version":[{"id":33221,"href":"https:\/\/www.iquilibrio.com\/blog\/wp-json\/wp\/v2\/posts\/22995\/revisions\/33221"}],"wp:featuredmedia":[{"embeddable":true,"href":"https:\/\/www.iquilibrio.com\/blog\/wp-json\/wp\/v2\/media\/23020"}],"wp:attachment":[{"href":"https:\/\/www.iquilibrio.com\/blog\/wp-json\/wp\/v2\/media?parent=22995"}],"wp:term":[{"taxonomy":"category","embeddable":true,"href":"https:\/\/www.iquilibrio.com\/blog\/wp-json\/wp\/v2\/categories?post=22995"},{"taxonomy":"post_tag","embeddable":true,"href":"https:\/\/www.iquilibrio.com\/blog\/wp-json\/wp\/v2\/tags?post=22995"}],"curies":[{"name":"wp","href":"https:\/\/api.w.org\/{rel}","templated":true}]}}