{"id":22891,"date":"2018-02-21T12:29:02","date_gmt":"2018-02-21T14:29:02","guid":{"rendered":"https:\/\/www.iquilibrio.com\/blog\/?p=22891"},"modified":"2019-03-22T12:53:15","modified_gmt":"2019-03-22T14:53:15","slug":"dores-e-emocoes","status":"publish","type":"post","link":"https:\/\/www.iquilibrio.com\/blog\/bem-estar\/autoconhecimento\/dores-e-emocoes\/","title":{"rendered":"Problema emocional pode causar dor &#8211; Veja a rela\u00e7\u00e3o das dores e emo\u00e7\u00f5es &#8211; pela consultora Patr\u00edcia Sensitiva"},"content":{"rendered":"<p><img loading=\"lazy\" decoding=\"async\" class=\"size-full wp-image-21789 alignleft td-animation-stack-type0-2\" src=\"https:\/\/www.iquilibrio.com\/blog\/wp-content\/uploads\/2019\/01\/patricia-sensitiva.png\" alt=\"\" width=\"100\" height=\"100\" \/>A Consultora Patr\u00edcia Sensitiva \u00e9 m\u00e9dium especializada no Baralho Cigano, pedras e cristais, simpatias e Tarot. Atende todas as \u00e1reas e assuntos, desde amor, autoconhecimento, carreira at\u00e9 mesmo dinheiro, fam\u00edlia, quest\u00f5es judiciais e sa\u00fade. Sua verdadeira miss\u00e3o \u00e9 poder ajudar as pessoas a encontrar um caminho de luz e autoconhecimento, por isso desde cedo aprendeu a conduzir as energias do plano f\u00edsico, emocional e espiritual. Quer conhecer mais sobre essa consultora? Ent\u00e3o\u00a0<a href=\"https:\/\/www.iquilibrio.com\/esotericos\/patricia\/\"><span class=\"class-texto-consultor\">Clique Aqui<\/span><\/a>!<\/p>\n<h2>As dores e emo\u00e7\u00f5es &#8211; pela consultora Patr\u00edcia Sensitiva<\/h2>\n<p><strong>Febre emocional<\/strong>, <strong>press\u00e3o alta emocional<\/strong>, <strong>alergia emocional<\/strong>, enfim, <strong>dor emocional<\/strong>. Quem nunca ouviu falar sobre esse assunto? Muitas vezes pensamos que dores, <strong>doen\u00e7as e emo\u00e7\u00f5es<\/strong> n\u00e3o est\u00e3o atreladas e nos enganamos.<\/p>\n<p style=\"text-align: center;\"><a href=\"https:\/\/www.iquilibrio.com\/esotericos\/patricia\/\"><span class=\"td_btn td_btn_lg td_round_btn class-cta1\">A esot\u00e9rica Patr\u00edcia, Pode te Ajudar a Encontrar as Melhores Solu\u00e7\u00f5es para suas Quest\u00f5es de Vida. CLIQUE AQUI e fa\u00e7a sua Consulta!<\/span><\/a><\/p>\n<p><strong>Doen\u00e7as emocionais<\/strong> se tornaram t\u00e3o frequentes que podemos notar o seu impacto no mundo que vivemos, e as dores f\u00edsicas podem ser os primeiros sinais de sua exist\u00eancia. <strong>Problemas emocionais afetam a sa\u00fade<\/strong> f\u00edsica, psicol\u00f3gica e espiritual e muitas vezes a falta de aten\u00e7\u00e3o consigo mesmo pode causar um grande impacto em sua vida, seu corpo fala, aprenda a escut\u00e1-lo!<\/p>\n<hr \/>\n<p><strong><img loading=\"lazy\" decoding=\"async\" class=\"aligncenter\" src=\"https:\/\/pic.sopili.net\/pub\/emoji\/twitter\/2\/72x72\/26a0.png\" width=\"20\" height=\"20\" \/>IMPORTANTE:<\/strong> Este texto n\u00e3o tem a finalidade de diagnosticar problemas de sa\u00fade, portanto se voc\u00ea tem dores ou sintomas de problema de sa\u00fade, procure o quanto antes um m\u00e9dico para fazer avalia\u00e7\u00e3o. Os tratamentos hol\u00edsticos podem te ajudar no \u00e2mbito espiritual e emocional, buscando assim um maior conforto e equil\u00edbrio para sua vida, mas n\u00e3o s\u00e3o de forma alguma substitutos de um tratamento m\u00e9dico.<\/p>\n<hr \/>\n<p>Por isso separei para voc\u00eas<strong> quais s\u00e3o as emo\u00e7\u00f5es<\/strong> que podem afetar alguns pontos do nosso corpo. Confira como as\u00a0<strong>emo\u00e7\u00f5es e sentimentos<\/strong> impactam em sua vida:<\/p>\n<h2>Dores emocionais no corpo<\/h2>\n<h3>Artrite<\/h3>\n<p><img loading=\"lazy\" decoding=\"async\" class=\"alignnone size-full wp-image-22911\" src=\"https:\/\/www.iquilibrio.com\/blog\/wp-content\/uploads\/2019\/02\/artrite-3.jpg\" alt=\"\" width=\"100\" height=\"100\" \/><\/p>\n<p>Sinal de ressentimento, de que voc\u00ea n\u00e3o se sente uma pessoa amada pelas pessoas que gosta.<\/p>\n<h3>Inflama\u00e7\u00f5es<\/h3>\n<p><img loading=\"lazy\" decoding=\"async\" class=\"alignnone size-full wp-image-22912\" src=\"https:\/\/www.iquilibrio.com\/blog\/wp-content\/uploads\/2019\/02\/inflamacao-2.jpg\" alt=\"\" width=\"100\" height=\"100\" \/><\/p>\n<p>Pode representar a raiva ou excesso de medo.<\/p>\n<h3>Fraquezas<\/h3>\n<p><img loading=\"lazy\" decoding=\"async\" class=\"alignnone size-full wp-image-22913\" src=\"https:\/\/www.iquilibrio.com\/blog\/wp-content\/uploads\/2019\/02\/fraqueza-2.jpg\" alt=\"\" width=\"100\" height=\"100\" \/><\/p>\n<p>Fraquezas no corpo indicam falta de descanso mental.<\/p>\n<h3>Problemas de articula\u00e7\u00f5es<\/h3>\n<p><img loading=\"lazy\" decoding=\"async\" class=\"alignnone size-full wp-image-22910\" src=\"https:\/\/www.iquilibrio.com\/blog\/wp-content\/uploads\/2019\/02\/dor-nas-articulacoes.jpg\" alt=\"\" width=\"100\" height=\"100\" \/><\/p>\n<p>Indicam a dificuldade em superar ou aceitar determinadas momentos de mudan\u00e7as em sua vida.<\/p>\n<h3>Fraturas<\/h3>\n<p><img loading=\"lazy\" decoding=\"async\" class=\"alignnone size-full wp-image-22914\" src=\"https:\/\/www.iquilibrio.com\/blog\/wp-content\/uploads\/2019\/02\/fratruras.jpg\" alt=\"\" width=\"100\" height=\"100\" \/><\/p>\n<p>Fraturas pelo corpo indicam revolta contra imposi\u00e7\u00f5es e autoridades.<\/p>\n<h3>Dor ci\u00e1tica<\/h3>\n<p><img loading=\"lazy\" decoding=\"async\" class=\"alignnone size-full wp-image-22917\" src=\"https:\/\/www.iquilibrio.com\/blog\/wp-content\/uploads\/2019\/02\/dor-ciatica.jpg\" alt=\"\" width=\"100\" height=\"100\" \/><\/p>\n<p>Muita preocupa\u00e7\u00e3o com o futuro e com a vida financeira.<\/p>\n<h3>H\u00e9rnia de disco<\/h3>\n<p><img loading=\"lazy\" decoding=\"async\" class=\"alignnone size-full wp-image-22918\" src=\"https:\/\/www.iquilibrio.com\/blog\/wp-content\/uploads\/2019\/02\/hernia-de-disco.jpg\" alt=\"\" width=\"100\" height=\"100\" \/><\/p>\n<p>Mostra que voc\u00ea se sente sem sorte na vida e a indecis\u00e3o est\u00e1 te atrapalhando.<\/p>\n<h3>Bursite<\/h3>\n<p><img loading=\"lazy\" decoding=\"async\" class=\"alignnone size-full wp-image-22919\" src=\"https:\/\/www.iquilibrio.com\/blog\/wp-content\/uploads\/2019\/02\/bursite2.jpg\" alt=\"\" width=\"100\" height=\"100\" \/><\/p>\n<p>A bursite pode indicar raiva contida.<\/p>\n<h3>Perda f\u00e1cil do equil\u00edbrio<\/h3>\n<p><img loading=\"lazy\" decoding=\"async\" class=\"alignnone size-full wp-image-22920\" src=\"https:\/\/www.iquilibrio.com\/blog\/wp-content\/uploads\/2019\/02\/falta-de-equilibrio.jpg\" alt=\"\" width=\"100\" height=\"100\" \/><\/p>\n<p>A perda de equil\u00edbrio indica a falta de concentra\u00e7\u00e3o e a oscila\u00e7\u00e3o constante dos pensamentos, o que n\u00e3o coloca um foco ou meta importante em sua vida.<\/p>\n<h3>Distens\u00e3o<\/h3>\n<p><img loading=\"lazy\" decoding=\"async\" class=\"alignnone size-full wp-image-22921\" src=\"https:\/\/www.iquilibrio.com\/blog\/wp-content\/uploads\/2019\/02\/distensao.jpg\" alt=\"\" width=\"100\" height=\"100\" \/><\/p>\n<p>Relut\u00e2ncia para deixar o novo acontecer em sua vida. Falta de coragem para enfrentar as mudan\u00e7as.<\/p>\n<p>[td_smart_list_end]<\/p>\n<p>Quer saber como trazer boas energias para sua vida? Ent\u00e3o confira tamb\u00e9m nossos artigos no blog:<\/p>\n<ul>\n<li><a href=\"https:\/\/www.iquilibrio.com\/blog\/terapias-alternativas\/reiki\/reiki-a-distancia\/\">O poder do reiki a dist\u00e2ncia<\/a><\/li>\n<li><a href=\"https:\/\/www.iquilibrio.com\/blog\/terapias-alternativas\/meditacao\/meditacao-guiada\/\">Os benef\u00edcios da medita\u00e7\u00e3o guiada<\/a><\/li>\n<\/ul>\n<p style=\"text-align: center;\"><span style=\"color: #ffffff;\"><a style=\"color: #ffffff;\" href=\"https:\/\/www.iquilibrio.com\/esotericos\/patricia\/\"><span class=\"td_btn td_btn_lg td_round_btn class-cta2\">Confira Aqui os Produtos e Atendimentos Especializados da Consultora Patr\u00edcia<\/span><\/a><\/span><\/p>\n\n\n<div class=\"kk-star-ratings kksr-auto kksr-align-left kksr-valign-bottom\"\n    data-payload='{&quot;align&quot;:&quot;left&quot;,&quot;id&quot;:&quot;22891&quot;,&quot;slug&quot;:&quot;default&quot;,&quot;valign&quot;:&quot;bottom&quot;,&quot;ignore&quot;:&quot;&quot;,&quot;reference&quot;:&quot;auto&quot;,&quot;class&quot;:&quot;&quot;,&quot;count&quot;:&quot;1&quot;,&quot;legendonly&quot;:&quot;&quot;,&quot;readonly&quot;:&quot;&quot;,&quot;score&quot;:&quot;5&quot;,&quot;starsonly&quot;:&quot;&quot;,&quot;best&quot;:&quot;5&quot;,&quot;gap&quot;:&quot;5&quot;,&quot;greet&quot;:&quot;Rate this post&quot;,&quot;legend&quot;:&quot;5\\\/5 - (1 voto)&quot;,&quot;size&quot;:&quot;24&quot;,&quot;title&quot;:&quot;Problema emocional pode causar dor - Veja a rela\u00e7\u00e3o das dores e emo\u00e7\u00f5es - pela consultora Patr\u00edcia Sensitiva&quot;,&quot;width&quot;:&quot;142.5&quot;,&quot;_legend&quot;:&quot;{score}\\\/{best} - ({count} {votes})&quot;,&quot;font_factor&quot;:&quot;1.25&quot;}'>\n            \n<div class=\"kksr-stars\">\n    \n<div class=\"kksr-stars-inactive\">\n            <div class=\"kksr-star\" data-star=\"1\" style=\"padding-right: 5px\">\n            \n\n<div class=\"kksr-icon\" style=\"width: 24px; height: 24px;\"><\/div>\n        <\/div>\n            <div class=\"kksr-star\" data-star=\"2\" style=\"padding-right: 5px\">\n            \n\n<div class=\"kksr-icon\" style=\"width: 24px; height: 24px;\"><\/div>\n        <\/div>\n            <div class=\"kksr-star\" data-star=\"3\" style=\"padding-right: 5px\">\n            \n\n<div class=\"kksr-icon\" style=\"width: 24px; height: 24px;\"><\/div>\n        <\/div>\n            <div class=\"kksr-star\" data-star=\"4\" style=\"padding-right: 5px\">\n            \n\n<div class=\"kksr-icon\" style=\"width: 24px; height: 24px;\"><\/div>\n        <\/div>\n            <div class=\"kksr-star\" data-star=\"5\" style=\"padding-right: 5px\">\n            \n\n<div class=\"kksr-icon\" style=\"width: 24px; height: 24px;\"><\/div>\n        <\/div>\n    <\/div>\n    \n<div class=\"kksr-stars-active\" style=\"width: 142.5px;\">\n            <div class=\"kksr-star\" style=\"padding-right: 5px\">\n            \n\n<div class=\"kksr-icon\" style=\"width: 24px; height: 24px;\"><\/div>\n        <\/div>\n            <div class=\"kksr-star\" style=\"padding-right: 5px\">\n            \n\n<div class=\"kksr-icon\" style=\"width: 24px; height: 24px;\"><\/div>\n        <\/div>\n            <div class=\"kksr-star\" style=\"padding-right: 5px\">\n            \n\n<div class=\"kksr-icon\" style=\"width: 24px; height: 24px;\"><\/div>\n        <\/div>\n            <div class=\"kksr-star\" style=\"padding-right: 5px\">\n            \n\n<div class=\"kksr-icon\" style=\"width: 24px; height: 24px;\"><\/div>\n        <\/div>\n            <div class=\"kksr-star\" style=\"padding-right: 5px\">\n            \n\n<div class=\"kksr-icon\" style=\"width: 24px; height: 24px;\"><\/div>\n        <\/div>\n    <\/div>\n<\/div>\n                \n\n<div class=\"kksr-legend\" style=\"font-size: 19.2px;\">\n            5\/5 - (1 voto)    <\/div>\n    <\/div>\n","protected":false},"excerpt":{"rendered":"<p>A Consultora Patr\u00edcia Sensitiva \u00e9 m\u00e9dium especializada no Baralho Cigano, pedras e cristais, simpatias e Tarot. Atende todas as \u00e1reas e assuntos, desde amor, autoconhecimento, carreira at\u00e9 mesmo dinheiro, fam\u00edlia, quest\u00f5es judiciais e sa\u00fade. Sua verdadeira miss\u00e3o \u00e9 poder ajudar as pessoas a encontrar um caminho de luz e autoconhecimento, por isso desde cedo aprendeu [&hellip;]<\/p>\n","protected":false},"author":20,"featured_media":22925,"comment_status":"open","ping_status":"open","sticky":false,"template":"","format":"standard","meta":{"footnotes":""},"categories":[623],"tags":[4101,4100,4099,4102],"class_list":["post-22891","post","type-post","status-publish","format-standard","has-post-thumbnail","hentry","category-autoconhecimento","tag-causas-emocionais-da-dor","tag-dor-emocional","tag-dores-e-emocoes","tag-emocao-e-dor"],"yoast_head":"<!-- This site is optimized with the Yoast SEO plugin v27.4 - https:\/\/yoast.com\/product\/yoast-seo-wordpress\/ -->\n<title>Dores e Emo\u00e7\u00f5es - Causas Emocionais das Dores no Corpo | iQuilibrio<\/title>\n<meta name=\"description\" content=\"Voc\u00ea sabia que as dores e emo\u00e7\u00f5es est\u00e3o fortemente ligadas? Problemas emocionais podem desencadear dores no corpo, saiba mais aqui!\" \/>\n<meta name=\"robots\" content=\"index, follow, max-snippet:-1, max-image-preview:large, max-video-preview:-1\" \/>\n<link rel=\"canonical\" href=\"https:\/\/www.iquilibrio.com\/blog\/bem-estar\/autoconhecimento\/dores-e-emocoes\/\" \/>\n<meta property=\"og:locale\" content=\"pt_BR\" \/>\n<meta property=\"og:type\" content=\"article\" \/>\n<meta property=\"og:title\" content=\"Dores e Emo\u00e7\u00f5es - Causas Emocionais das Dores no Corpo | iQuilibrio\" \/>\n<meta property=\"og:description\" content=\"Voc\u00ea sabia que as dores e emo\u00e7\u00f5es est\u00e3o fortemente ligadas? Problemas emocionais podem desencadear dores no corpo, saiba mais aqui!\" \/>\n<meta property=\"og:url\" content=\"https:\/\/www.iquilibrio.com\/blog\/bem-estar\/autoconhecimento\/dores-e-emocoes\/\" \/>\n<meta property=\"og:site_name\" content=\"iQuilibrio\" \/>\n<meta property=\"article:publisher\" content=\"https:\/\/www.facebook.com\/iQuilibrio\/\" \/>\n<meta property=\"article:published_time\" content=\"2018-02-21T14:29:02+00:00\" \/>\n<meta property=\"article:modified_time\" content=\"2019-03-22T14:53:15+00:00\" \/>\n<meta property=\"og:image\" content=\"https:\/\/www.iquilibrio.com\/blog\/wp-content\/uploads\/2019\/02\/dores-e-emocoes.jpg\" \/>\n\t<meta property=\"og:image:width\" content=\"900\" \/>\n\t<meta property=\"og:image:height\" content=\"560\" \/>\n\t<meta property=\"og:image:type\" content=\"image\/jpeg\" \/>\n<meta name=\"author\" content=\"Reda\u00e7\u00e3o iQuilibrio\" \/>\n<meta name=\"twitter:card\" content=\"summary_large_image\" \/>\n<meta name=\"twitter:creator\" content=\"@iquilibrio\" \/>\n<meta name=\"twitter:site\" content=\"@iquilibrio\" \/>\n<meta name=\"twitter:label1\" content=\"Escrito por\" \/>\n\t<meta name=\"twitter:data1\" content=\"Reda\u00e7\u00e3o iQuilibrio\" \/>\n\t<meta name=\"twitter:label2\" content=\"Est. tempo de leitura\" \/>\n\t<meta name=\"twitter:data2\" content=\"3 minutos\" \/>\n<script type=\"application\/ld+json\" class=\"yoast-schema-graph\">{\"@context\":\"https:\\\/\\\/schema.org\",\"@graph\":[{\"@type\":\"Article\",\"@id\":\"https:\\\/\\\/www.iquilibrio.com\\\/blog\\\/bem-estar\\\/autoconhecimento\\\/dores-e-emocoes\\\/#article\",\"isPartOf\":{\"@id\":\"https:\\\/\\\/www.iquilibrio.com\\\/blog\\\/bem-estar\\\/autoconhecimento\\\/dores-e-emocoes\\\/\"},\"author\":{\"name\":\"Reda\u00e7\u00e3o iQuilibrio\",\"@id\":\"https:\\\/\\\/www.iquilibrio.com\\\/blog\\\/#\\\/schema\\\/person\\\/199505a1f0db0d00f022188666c75dca\"},\"headline\":\"Problema emocional pode causar dor &#8211; Veja a rela\u00e7\u00e3o das dores e emo\u00e7\u00f5es &#8211; pela consultora Patr\u00edcia Sensitiva\",\"datePublished\":\"2018-02-21T14:29:02+00:00\",\"dateModified\":\"2019-03-22T14:53:15+00:00\",\"mainEntityOfPage\":{\"@id\":\"https:\\\/\\\/www.iquilibrio.com\\\/blog\\\/bem-estar\\\/autoconhecimento\\\/dores-e-emocoes\\\/\"},\"wordCount\":565,\"commentCount\":0,\"publisher\":{\"@id\":\"https:\\\/\\\/www.iquilibrio.com\\\/blog\\\/#organization\"},\"image\":{\"@id\":\"https:\\\/\\\/www.iquilibrio.com\\\/blog\\\/bem-estar\\\/autoconhecimento\\\/dores-e-emocoes\\\/#primaryimage\"},\"thumbnailUrl\":\"https:\\\/\\\/www.iquilibrio.com\\\/blog\\\/wp-content\\\/uploads\\\/2019\\\/02\\\/dores-e-emocoes.jpg\",\"keywords\":[\"causas emocionais da dor\",\"dor emocional\",\"dores e emo\u00e7\u00f5es\",\"emo\u00e7\u00e3o e dor\"],\"articleSection\":[\"Autoconhecimento\"],\"inLanguage\":\"pt-BR\"},{\"@type\":\"WebPage\",\"@id\":\"https:\\\/\\\/www.iquilibrio.com\\\/blog\\\/bem-estar\\\/autoconhecimento\\\/dores-e-emocoes\\\/\",\"url\":\"https:\\\/\\\/www.iquilibrio.com\\\/blog\\\/bem-estar\\\/autoconhecimento\\\/dores-e-emocoes\\\/\",\"name\":\"Dores e Emo\u00e7\u00f5es - Causas Emocionais das Dores no Corpo | iQuilibrio\",\"isPartOf\":{\"@id\":\"https:\\\/\\\/www.iquilibrio.com\\\/blog\\\/#website\"},\"primaryImageOfPage\":{\"@id\":\"https:\\\/\\\/www.iquilibrio.com\\\/blog\\\/bem-estar\\\/autoconhecimento\\\/dores-e-emocoes\\\/#primaryimage\"},\"image\":{\"@id\":\"https:\\\/\\\/www.iquilibrio.com\\\/blog\\\/bem-estar\\\/autoconhecimento\\\/dores-e-emocoes\\\/#primaryimage\"},\"thumbnailUrl\":\"https:\\\/\\\/www.iquilibrio.com\\\/blog\\\/wp-content\\\/uploads\\\/2019\\\/02\\\/dores-e-emocoes.jpg\",\"datePublished\":\"2018-02-21T14:29:02+00:00\",\"dateModified\":\"2019-03-22T14:53:15+00:00\",\"description\":\"Voc\u00ea sabia que as dores e emo\u00e7\u00f5es est\u00e3o fortemente ligadas? Problemas emocionais podem desencadear dores no corpo, saiba mais aqui!\",\"breadcrumb\":{\"@id\":\"https:\\\/\\\/www.iquilibrio.com\\\/blog\\\/bem-estar\\\/autoconhecimento\\\/dores-e-emocoes\\\/#breadcrumb\"},\"inLanguage\":\"pt-BR\",\"potentialAction\":[{\"@type\":\"ReadAction\",\"target\":[\"https:\\\/\\\/www.iquilibrio.com\\\/blog\\\/bem-estar\\\/autoconhecimento\\\/dores-e-emocoes\\\/\"]}]},{\"@type\":\"ImageObject\",\"inLanguage\":\"pt-BR\",\"@id\":\"https:\\\/\\\/www.iquilibrio.com\\\/blog\\\/bem-estar\\\/autoconhecimento\\\/dores-e-emocoes\\\/#primaryimage\",\"url\":\"https:\\\/\\\/www.iquilibrio.com\\\/blog\\\/wp-content\\\/uploads\\\/2019\\\/02\\\/dores-e-emocoes.jpg\",\"contentUrl\":\"https:\\\/\\\/www.iquilibrio.com\\\/blog\\\/wp-content\\\/uploads\\\/2019\\\/02\\\/dores-e-emocoes.jpg\",\"width\":900,\"height\":560,\"caption\":\"sentimentos e emo\u00e7\u00f5es\"},{\"@type\":\"BreadcrumbList\",\"@id\":\"https:\\\/\\\/www.iquilibrio.com\\\/blog\\\/bem-estar\\\/autoconhecimento\\\/dores-e-emocoes\\\/#breadcrumb\",\"itemListElement\":[{\"@type\":\"ListItem\",\"position\":1,\"name\":\"In\u00edcio\",\"item\":\"https:\\\/\\\/www.iquilibrio.com\\\/blog\\\/\"},{\"@type\":\"ListItem\",\"position\":2,\"name\":\"Problema emocional pode causar dor &#8211; Veja a rela\u00e7\u00e3o das dores e emo\u00e7\u00f5es &#8211; pela consultora Patr\u00edcia Sensitiva\"}]},{\"@type\":\"WebSite\",\"@id\":\"https:\\\/\\\/www.iquilibrio.com\\\/blog\\\/#website\",\"url\":\"https:\\\/\\\/www.iquilibrio.com\\\/blog\\\/\",\"name\":\"iQuilibrio\",\"description\":\"Blog iQuilibrio\",\"publisher\":{\"@id\":\"https:\\\/\\\/www.iquilibrio.com\\\/blog\\\/#organization\"},\"potentialAction\":[{\"@type\":\"SearchAction\",\"target\":{\"@type\":\"EntryPoint\",\"urlTemplate\":\"https:\\\/\\\/www.iquilibrio.com\\\/blog\\\/?s={search_term_string}\"},\"query-input\":{\"@type\":\"PropertyValueSpecification\",\"valueRequired\":true,\"valueName\":\"search_term_string\"}}],\"inLanguage\":\"pt-BR\"},{\"@type\":\"Organization\",\"@id\":\"https:\\\/\\\/www.iquilibrio.com\\\/blog\\\/#organization\",\"name\":\"Esoterismo, Misticismo e Tarot Online - iQuilibrio\",\"url\":\"https:\\\/\\\/www.iquilibrio.com\\\/blog\\\/\",\"logo\":{\"@type\":\"ImageObject\",\"inLanguage\":\"pt-BR\",\"@id\":\"https:\\\/\\\/www.iquilibrio.com\\\/blog\\\/#\\\/schema\\\/logo\\\/image\\\/\",\"url\":\"https:\\\/\\\/www.iquilibrio.com\\\/blog\\\/wp-content\\\/uploads\\\/2018\\\/12\\\/iquilibrio_lovo_vetor_preto-retina.png\",\"contentUrl\":\"https:\\\/\\\/www.iquilibrio.com\\\/blog\\\/wp-content\\\/uploads\\\/2018\\\/12\\\/iquilibrio_lovo_vetor_preto-retina.png\",\"width\":972,\"height\":180,\"caption\":\"Esoterismo, Misticismo e Tarot Online - iQuilibrio\"},\"image\":{\"@id\":\"https:\\\/\\\/www.iquilibrio.com\\\/blog\\\/#\\\/schema\\\/logo\\\/image\\\/\"},\"sameAs\":[\"https:\\\/\\\/www.facebook.com\\\/iQuilibrio\\\/\",\"https:\\\/\\\/x.com\\\/iquilibrio\",\"https:\\\/\\\/www.instagram.com\\\/iquilibrio\\\/\",\"https:\\\/\\\/www.linkedin.com\\\/company\\\/iquilibrio\\\/\",\"https:\\\/\\\/br.pinterest.com\\\/iquilibrio1397\\\/\",\"https:\\\/\\\/www.youtube.com\\\/channel\\\/UC175qxd-4Zsi4wzawT5zF2g\"]},{\"@type\":\"Person\",\"@id\":\"https:\\\/\\\/www.iquilibrio.com\\\/blog\\\/#\\\/schema\\\/person\\\/199505a1f0db0d00f022188666c75dca\",\"name\":\"Reda\u00e7\u00e3o iQuilibrio\",\"image\":{\"@type\":\"ImageObject\",\"inLanguage\":\"pt-BR\",\"@id\":\"https:\\\/\\\/www.iquilibrio.com\\\/blog\\\/wp-content\\\/uploads\\\/2021\\\/12\\\/Consulta-por-email-3-150x150.png\",\"url\":\"https:\\\/\\\/www.iquilibrio.com\\\/blog\\\/wp-content\\\/uploads\\\/2021\\\/12\\\/Consulta-por-email-3-150x150.png\",\"contentUrl\":\"https:\\\/\\\/www.iquilibrio.com\\\/blog\\\/wp-content\\\/uploads\\\/2021\\\/12\\\/Consulta-por-email-3-150x150.png\",\"caption\":\"Reda\u00e7\u00e3o iQuilibrio\"},\"description\":\"A equipe de reda\u00e7\u00e3o da iQuilibrio \u00e9 composta pelos mais diversos especialistas e esot\u00e9ricos. Al\u00e9m de dominar a arte de traduzir as energias que o universo emana, nossos redatores sentem imenso prazer em trabalhar com palavras. Boa leitura e um \u00f3timo aprendizado!\",\"url\":\"https:\\\/\\\/www.iquilibrio.com\\\/blog\\\/author\\\/juliana\\\/\"}]}<\/script>\n<!-- \/ Yoast SEO plugin. -->","yoast_head_json":{"title":"Dores e Emo\u00e7\u00f5es - Causas Emocionais das Dores no Corpo | iQuilibrio","description":"Voc\u00ea sabia que as dores e emo\u00e7\u00f5es est\u00e3o fortemente ligadas? Problemas emocionais podem desencadear dores no corpo, saiba mais aqui!","robots":{"index":"index","follow":"follow","max-snippet":"max-snippet:-1","max-image-preview":"max-image-preview:large","max-video-preview":"max-video-preview:-1"},"canonical":"https:\/\/www.iquilibrio.com\/blog\/bem-estar\/autoconhecimento\/dores-e-emocoes\/","og_locale":"pt_BR","og_type":"article","og_title":"Dores e Emo\u00e7\u00f5es - Causas Emocionais das Dores no Corpo | iQuilibrio","og_description":"Voc\u00ea sabia que as dores e emo\u00e7\u00f5es est\u00e3o fortemente ligadas? Problemas emocionais podem desencadear dores no corpo, saiba mais aqui!","og_url":"https:\/\/www.iquilibrio.com\/blog\/bem-estar\/autoconhecimento\/dores-e-emocoes\/","og_site_name":"iQuilibrio","article_publisher":"https:\/\/www.facebook.com\/iQuilibrio\/","article_published_time":"2018-02-21T14:29:02+00:00","article_modified_time":"2019-03-22T14:53:15+00:00","og_image":[{"width":900,"height":560,"url":"https:\/\/www.iquilibrio.com\/blog\/wp-content\/uploads\/2019\/02\/dores-e-emocoes.jpg","type":"image\/jpeg"}],"author":"Reda\u00e7\u00e3o iQuilibrio","twitter_card":"summary_large_image","twitter_creator":"@iquilibrio","twitter_site":"@iquilibrio","twitter_misc":{"Escrito por":"Reda\u00e7\u00e3o iQuilibrio","Est. tempo de leitura":"3 minutos"},"schema":{"@context":"https:\/\/schema.org","@graph":[{"@type":"Article","@id":"https:\/\/www.iquilibrio.com\/blog\/bem-estar\/autoconhecimento\/dores-e-emocoes\/#article","isPartOf":{"@id":"https:\/\/www.iquilibrio.com\/blog\/bem-estar\/autoconhecimento\/dores-e-emocoes\/"},"author":{"name":"Reda\u00e7\u00e3o iQuilibrio","@id":"https:\/\/www.iquilibrio.com\/blog\/#\/schema\/person\/199505a1f0db0d00f022188666c75dca"},"headline":"Problema emocional pode causar dor &#8211; Veja a rela\u00e7\u00e3o das dores e emo\u00e7\u00f5es &#8211; pela consultora Patr\u00edcia Sensitiva","datePublished":"2018-02-21T14:29:02+00:00","dateModified":"2019-03-22T14:53:15+00:00","mainEntityOfPage":{"@id":"https:\/\/www.iquilibrio.com\/blog\/bem-estar\/autoconhecimento\/dores-e-emocoes\/"},"wordCount":565,"commentCount":0,"publisher":{"@id":"https:\/\/www.iquilibrio.com\/blog\/#organization"},"image":{"@id":"https:\/\/www.iquilibrio.com\/blog\/bem-estar\/autoconhecimento\/dores-e-emocoes\/#primaryimage"},"thumbnailUrl":"https:\/\/www.iquilibrio.com\/blog\/wp-content\/uploads\/2019\/02\/dores-e-emocoes.jpg","keywords":["causas emocionais da dor","dor emocional","dores e emo\u00e7\u00f5es","emo\u00e7\u00e3o e dor"],"articleSection":["Autoconhecimento"],"inLanguage":"pt-BR"},{"@type":"WebPage","@id":"https:\/\/www.iquilibrio.com\/blog\/bem-estar\/autoconhecimento\/dores-e-emocoes\/","url":"https:\/\/www.iquilibrio.com\/blog\/bem-estar\/autoconhecimento\/dores-e-emocoes\/","name":"Dores e Emo\u00e7\u00f5es - Causas Emocionais das Dores no Corpo | iQuilibrio","isPartOf":{"@id":"https:\/\/www.iquilibrio.com\/blog\/#website"},"primaryImageOfPage":{"@id":"https:\/\/www.iquilibrio.com\/blog\/bem-estar\/autoconhecimento\/dores-e-emocoes\/#primaryimage"},"image":{"@id":"https:\/\/www.iquilibrio.com\/blog\/bem-estar\/autoconhecimento\/dores-e-emocoes\/#primaryimage"},"thumbnailUrl":"https:\/\/www.iquilibrio.com\/blog\/wp-content\/uploads\/2019\/02\/dores-e-emocoes.jpg","datePublished":"2018-02-21T14:29:02+00:00","dateModified":"2019-03-22T14:53:15+00:00","description":"Voc\u00ea sabia que as dores e emo\u00e7\u00f5es est\u00e3o fortemente ligadas? Problemas emocionais podem desencadear dores no corpo, saiba mais aqui!","breadcrumb":{"@id":"https:\/\/www.iquilibrio.com\/blog\/bem-estar\/autoconhecimento\/dores-e-emocoes\/#breadcrumb"},"inLanguage":"pt-BR","potentialAction":[{"@type":"ReadAction","target":["https:\/\/www.iquilibrio.com\/blog\/bem-estar\/autoconhecimento\/dores-e-emocoes\/"]}]},{"@type":"ImageObject","inLanguage":"pt-BR","@id":"https:\/\/www.iquilibrio.com\/blog\/bem-estar\/autoconhecimento\/dores-e-emocoes\/#primaryimage","url":"https:\/\/www.iquilibrio.com\/blog\/wp-content\/uploads\/2019\/02\/dores-e-emocoes.jpg","contentUrl":"https:\/\/www.iquilibrio.com\/blog\/wp-content\/uploads\/2019\/02\/dores-e-emocoes.jpg","width":900,"height":560,"caption":"sentimentos e emo\u00e7\u00f5es"},{"@type":"BreadcrumbList","@id":"https:\/\/www.iquilibrio.com\/blog\/bem-estar\/autoconhecimento\/dores-e-emocoes\/#breadcrumb","itemListElement":[{"@type":"ListItem","position":1,"name":"In\u00edcio","item":"https:\/\/www.iquilibrio.com\/blog\/"},{"@type":"ListItem","position":2,"name":"Problema emocional pode causar dor &#8211; Veja a rela\u00e7\u00e3o das dores e emo\u00e7\u00f5es &#8211; pela consultora Patr\u00edcia Sensitiva"}]},{"@type":"WebSite","@id":"https:\/\/www.iquilibrio.com\/blog\/#website","url":"https:\/\/www.iquilibrio.com\/blog\/","name":"iQuilibrio","description":"Blog iQuilibrio","publisher":{"@id":"https:\/\/www.iquilibrio.com\/blog\/#organization"},"potentialAction":[{"@type":"SearchAction","target":{"@type":"EntryPoint","urlTemplate":"https:\/\/www.iquilibrio.com\/blog\/?s={search_term_string}"},"query-input":{"@type":"PropertyValueSpecification","valueRequired":true,"valueName":"search_term_string"}}],"inLanguage":"pt-BR"},{"@type":"Organization","@id":"https:\/\/www.iquilibrio.com\/blog\/#organization","name":"Esoterismo, Misticismo e Tarot Online - iQuilibrio","url":"https:\/\/www.iquilibrio.com\/blog\/","logo":{"@type":"ImageObject","inLanguage":"pt-BR","@id":"https:\/\/www.iquilibrio.com\/blog\/#\/schema\/logo\/image\/","url":"https:\/\/www.iquilibrio.com\/blog\/wp-content\/uploads\/2018\/12\/iquilibrio_lovo_vetor_preto-retina.png","contentUrl":"https:\/\/www.iquilibrio.com\/blog\/wp-content\/uploads\/2018\/12\/iquilibrio_lovo_vetor_preto-retina.png","width":972,"height":180,"caption":"Esoterismo, Misticismo e Tarot Online - iQuilibrio"},"image":{"@id":"https:\/\/www.iquilibrio.com\/blog\/#\/schema\/logo\/image\/"},"sameAs":["https:\/\/www.facebook.com\/iQuilibrio\/","https:\/\/x.com\/iquilibrio","https:\/\/www.instagram.com\/iquilibrio\/","https:\/\/www.linkedin.com\/company\/iquilibrio\/","https:\/\/br.pinterest.com\/iquilibrio1397\/","https:\/\/www.youtube.com\/channel\/UC175qxd-4Zsi4wzawT5zF2g"]},{"@type":"Person","@id":"https:\/\/www.iquilibrio.com\/blog\/#\/schema\/person\/199505a1f0db0d00f022188666c75dca","name":"Reda\u00e7\u00e3o iQuilibrio","image":{"@type":"ImageObject","inLanguage":"pt-BR","@id":"https:\/\/www.iquilibrio.com\/blog\/wp-content\/uploads\/2021\/12\/Consulta-por-email-3-150x150.png","url":"https:\/\/www.iquilibrio.com\/blog\/wp-content\/uploads\/2021\/12\/Consulta-por-email-3-150x150.png","contentUrl":"https:\/\/www.iquilibrio.com\/blog\/wp-content\/uploads\/2021\/12\/Consulta-por-email-3-150x150.png","caption":"Reda\u00e7\u00e3o iQuilibrio"},"description":"A equipe de reda\u00e7\u00e3o da iQuilibrio \u00e9 composta pelos mais diversos especialistas e esot\u00e9ricos. Al\u00e9m de dominar a arte de traduzir as energias que o universo emana, nossos redatores sentem imenso prazer em trabalhar com palavras. Boa leitura e um \u00f3timo aprendizado!","url":"https:\/\/www.iquilibrio.com\/blog\/author\/juliana\/"}]}},"_links":{"self":[{"href":"https:\/\/www.iquilibrio.com\/blog\/wp-json\/wp\/v2\/posts\/22891","targetHints":{"allow":["GET"]}}],"collection":[{"href":"https:\/\/www.iquilibrio.com\/blog\/wp-json\/wp\/v2\/posts"}],"about":[{"href":"https:\/\/www.iquilibrio.com\/blog\/wp-json\/wp\/v2\/types\/post"}],"author":[{"embeddable":true,"href":"https:\/\/www.iquilibrio.com\/blog\/wp-json\/wp\/v2\/users\/20"}],"replies":[{"embeddable":true,"href":"https:\/\/www.iquilibrio.com\/blog\/wp-json\/wp\/v2\/comments?post=22891"}],"version-history":[{"count":14,"href":"https:\/\/www.iquilibrio.com\/blog\/wp-json\/wp\/v2\/posts\/22891\/revisions"}],"predecessor-version":[{"id":24360,"href":"https:\/\/www.iquilibrio.com\/blog\/wp-json\/wp\/v2\/posts\/22891\/revisions\/24360"}],"wp:featuredmedia":[{"embeddable":true,"href":"https:\/\/www.iquilibrio.com\/blog\/wp-json\/wp\/v2\/media\/22925"}],"wp:attachment":[{"href":"https:\/\/www.iquilibrio.com\/blog\/wp-json\/wp\/v2\/media?parent=22891"}],"wp:term":[{"taxonomy":"category","embeddable":true,"href":"https:\/\/www.iquilibrio.com\/blog\/wp-json\/wp\/v2\/categories?post=22891"},{"taxonomy":"post_tag","embeddable":true,"href":"https:\/\/www.iquilibrio.com\/blog\/wp-json\/wp\/v2\/tags?post=22891"}],"curies":[{"name":"wp","href":"https:\/\/api.w.org\/{rel}","templated":true}]}}