{"id":21034,"date":"2018-12-02T08:00:35","date_gmt":"2018-12-02T10:00:35","guid":{"rendered":"https:\/\/www.iquilibrio.com\/blog\/?p=21034"},"modified":"2019-03-22T12:55:02","modified_gmt":"2019-03-22T14:55:02","slug":"anjos-de-2019-pedro-valentim","status":"publish","type":"post","link":"https:\/\/www.iquilibrio.com\/blog\/espiritualidade\/anjos\/anjos-de-2019-pedro-valentim\/","title":{"rendered":"Anjos de 2019 &#8211; pelo consultor Pedro Valentim"},"content":{"rendered":"<p><img loading=\"lazy\" decoding=\"async\" class=\"size-full wp-image-21036 alignleft\" src=\"https:\/\/www.iquilibrio.com\/blog\/wp-content\/uploads\/2018\/11\/pedro.jpg\" alt=\"\" width=\"100\" height=\"100\" \/>Muito atencioso e explicativo em suas leituras, assim os consulentes do Pedro Valentim o avaliam. Receptivo, o esot\u00e9rico faz quest\u00e3o de esclarecer ao consulente tudo que ele desejar durante os atendimentos, sua inten\u00e7\u00e3o \u00e9 que todos saiam mais fortalecidos espiritualmente para enfrentarem todos os obst\u00e1culos em suas vidas. Quer conhecer mais sobre o trabalho de Pedro Valentim e ver o que os outros falam sobre ele? Ent\u00e3o <a href=\"https:\/\/www.iquilibrio.com\/esotericos\/pedro-valentim\/\"><span class=\"class-texto-consultor\"><span class=\"class-texto-consultor\">clique aqui e veja o perfil completo<\/span><\/span><\/a> do consultor.<\/p>\n<h2>Os anjos de 2019 &#8211; por Pedro Valentim<\/h2>\n<p>Pode parecer estranho, mas o <strong>ano astrol\u00f3gico<\/strong> n\u00e3o come\u00e7a em janeiro, e sim no <strong>equin\u00f3cio de outono<\/strong> no hemisf\u00e9rio sul, quando o <strong>Sol entra no signo de \u00c1ries<\/strong> e o ciclo do zod\u00edaco \u00e9 reiniciado.\u00a0 A astrologia tem recursos variados para interpretar a natureza desse per\u00edodo que se inicia; vou falar de um aspecto espec\u00edfico ligado com a espiritualidade \u2013 os <strong>anjos que reger\u00e3o esse ciclo<\/strong>.<\/p>\n<p style=\"text-align: center;\"><a href=\"https:\/\/www.iquilibrio.com\/esotericos\/luiz-thato\/\"><span class=\"td_btn td_btn_lg td_round_btn class-cta1\">Precisando resolver quest\u00f5es em sua vida? Fale com o consultor Luiz Tato e encontre a ajuda que precisa!<\/span><\/a><\/p>\n<p>Desde a antiguidade, alguns textos de astrologia e magia associam os <strong>planetas e signos<\/strong> \u00e0 entidades espirituais. Na cabala, a tradi\u00e7\u00e3o esot\u00e9rica que se originou da religi\u00e3o judaica, <strong>arcanjos s\u00e3o associados com os planetas<\/strong>. Por exemplo, <a href=\"https:\/\/www.iquilibrio.com\/blog\/espiritualidade\/cristianismo\/sao-gabriel-arcanjo\/\">Gabriel<\/a> \u00e9 associado com a Lua, <a href=\"https:\/\/www.iquilibrio.com\/blog\/espiritualidade\/cristianismo\/sao-rafael-arcanjo\/\">Rafael<\/a> com Merc\u00fario, e assim por diante. Tamb\u00e9m existe uma associa\u00e7\u00e3o entre os setenta e dois G\u00eanios ou Anjos da Cabala com os doze signos, onde cada signo estaria associado a seis anjos, cada um regendo um arco de cinco graus.<\/p>\n<p>Primeiro, identificamos o <strong>arcanjo regente do ano<\/strong> atrav\u00e9s da identifica\u00e7\u00e3o do <strong>planeta regente do signo<\/strong> do ascendente. <a href=\"https:\/\/www.iquilibrio.com\/blog\/astrologia\/ascendente\/signo-ascendente-solar\/\">O ascendente<\/a> est\u00e1 ligado com a hora e com a posi\u00e7\u00e3o no espa\u00e7o, ent\u00e3o estamos na verdade identificando esse ciclo para o Brasil, usando o hor\u00e1rio e local de\u00a0 Bras\u00edlia.<\/p>\n<p>No caso, em 2019 o <a href=\"https:\/\/www.iquilibrio.com\/blog\/astrologia\/ascendente\/libra-caracteristicas\/\">ascendente \u00e9 Libra<\/a>, <strong>regido por V\u00eanus<\/strong>, <a href=\"https:\/\/www.iquilibrio.com\/blog\/astrologia\/planetas\/venus-em-cada-signo\/\">planeta do amor<\/a>, afeto, desejo. O arcanjo associado com V\u00eanus \u00e9 Haniel, \u201cGra\u00e7a de Deus\u201d. Os arcanjos s\u00e3o entidades que expressam as energias planet\u00e1rias sempre numa vibra\u00e7\u00e3o muito elevada. Eles ao mesmo tempo pedem aos humanos que alcancem essa vibra\u00e7\u00e3o e fornecem aux\u00edlio para que ela seja alcan\u00e7ada.<\/p>\n<p><strong>Ent\u00e3o o ano de 2019, principalmente a partir da data de 20 de mar\u00e7o, ser\u00e1 um ano em que o esp\u00edrito da concilia\u00e7\u00e3o, da conc\u00f3rdia, da paz, ser\u00e1 especialmente necess\u00e1rio: ele \u00e9, digamos assim, \u201ca fruta da esta\u00e7\u00e3o\u201d, a energia que tem que ser evocada para um per\u00edodo de transforma\u00e7\u00f5es que pode ser bastante turbulento.<\/strong> N\u00e3o \u00e9 exagero dizer que as energias de Haniel ser\u00e3o necess\u00e1rias o ano todo, e que sua invoca\u00e7\u00e3o \u00e9 particularmente importante.<\/p>\n<p>Para <strong>invocar a vibra\u00e7\u00e3o de Haniel<\/strong>, guarde alguns segundos de sil\u00eancio, acenda uma vela, fa\u00e7a uma ora\u00e7\u00e3o de sua predile\u00e7\u00e3o (por exemplo, um <a href=\"https:\/\/www.iquilibrio.com\/blog\/espiritualidade\/cristianismo\/pai-nosso\/\">Pai-Nosso<\/a>), e depois recite:<\/p>\n<blockquote>\n<blockquote class=\"td_quote_box td_box_center\"><p>\u00d3 Haniel, mensageiro da Gra\u00e7a divina,<\/p>\n<p>Faz com que o amor des\u00e7a do c\u00e9u at\u00e9 nossos cora\u00e7\u00f5es,<\/p>\n<p>Dando vida a todos os bons sentimentos,<\/p>\n<p>Trazendo paz para os homens e mulheres,<\/p>\n<p>Criando Vida e harmonia ao nosso redor.<\/p><\/blockquote>\n<\/blockquote>\n<p>O ascendente cai sobre o arco associado ao anjo Rehael (Deus que acolhe os pecadores). \u00c9 um <strong>anjo associado com a cura<\/strong>, amor e entendimento entre pais e filhos e que protege contra impulsos cru\u00e9is e crimes horr\u00edveis, como parric\u00eddio e filic\u00eddio.<\/p>\n<p>Como todos os <strong>anjos de Libra<\/strong>, Rehael tem sua mais alta express\u00e3o na harmonia entre as pessoas, no seu caso mais espec\u00edfico entre os pais e filhos, ou entre as gera\u00e7\u00f5es. <strong>Orar para Rehael pode ajudar a aliviar a atmosfera ambientes onde corre o risco do desentendimento e da viol\u00eancia.<\/strong><\/p>\n<p>Na \u00e9poca extremamente turbulenta que estamos vivendo, sua invoca\u00e7\u00e3o di\u00e1ria pode ser um grande aux\u00edlio para o indiv\u00edduo e para o pa\u00eds.\u00a0 Para invoc\u00e1-lo, basta guardar sil\u00eancio por alguns segundos, se concentrar, recitar o Salmo 30:11<\/p>\n<blockquote>\n<blockquote class=\"td_quote_box td_box_center\"><p>Ouvi-me, Senhor, e tem piedade de mim; Senhor, vinde em minha ajuda.<\/p><\/blockquote>\n<\/blockquote>\n<p>Depois pedir nas suas palavras por paz e harmonia para Rehael. Quanto mais pessoas buscarem se afinar com a vibra\u00e7\u00e3o de Rehael, mas os esp\u00edritos ser\u00e3o desarmados e mais chances ter\u00e1 a paz de descer at\u00e9 n\u00f3s.<\/p>\n<p>Finalmente, h\u00e1 uma ora\u00e7\u00e3o espec\u00edfica que se harmoniza com a vibra\u00e7\u00e3o tanto de Haniel quanto de Rehael: a chamada <strong>Ora\u00e7\u00e3o de S\u00e3o Francisco<\/strong> ou <strong>Ora\u00e7\u00e3o da Paz<\/strong>. Recit\u00e1-la com frequ\u00eancia e com o cora\u00e7\u00e3o sincero tem um grande poder pacificador:<\/p>\n<blockquote>\n<blockquote class=\"td_quote_box td_box_center\"><p>Senhor: Fazei de mim um instrumento de vossa Paz.<br \/>\nOnde houver \u00d3dio, que eu leve o Amor,<br \/>\nOnde houver Ofensa, que eu leve o Perd\u00e3o.<br \/>\nOnde houver Disc\u00f3rdia, que eu leve a Uni\u00e3o.<br \/>\nOnde houver D\u00favida, que eu leve a F\u00e9.<br \/>\nOnde houver Erro, que eu leve a Verdade.<br \/>\nOnde houver Desespero, que eu leve a Esperan\u00e7a.<br \/>\nOnde houver Tristeza, que eu leve a Alegria.<br \/>\nOnde houver Trevas, que eu leve a Luz!<br \/>\n\u00d3 Mestre,<br \/>\nfazei que eu procure mais:<br \/>\nconsolar, que ser consolado;<br \/>\ncompreender, que ser compreendido;<br \/>\namar, que ser amado.<br \/>\nPois \u00e9 dando que se recebe,<br \/>\nperdoando que se \u00e9 perdoado,<br \/>\ne \u00e9 morrendo que se vive para a vida eterna!<\/p><\/blockquote>\n<\/blockquote>\n<p>Votos de paz e harmonia para todos!<\/p>\n<p>Confira tamb\u00e9m o artigo da consultora B\u00e1rbara sobre o <a href=\"https:\/\/www.iquilibrio.com\/blog\/espiritualidade\/anjos\/anjo-regente-de-2019\/\"><strong>anjo regente do ano de 2019<\/strong><\/a> em nosso blog!<\/p>\n<p style=\"text-align: center;\"><span style=\"color: #ffffff;\"><a style=\"color: #ffffff;\" href=\"https:\/\/www.iquilibrio.com\/esotericos\/pedro-valentim\/\"><span class=\"td_btn td_btn_lg td_round_btn class-cta2\">Confira Aqui os Produtos e Atendimentos Especializados do Consultor Pedro Valentim<\/span><\/a><\/span><\/p>\n\n\n<div class=\"kk-star-ratings kksr-auto kksr-align-left kksr-valign-bottom\"\n    data-payload='{&quot;align&quot;:&quot;left&quot;,&quot;id&quot;:&quot;21034&quot;,&quot;slug&quot;:&quot;default&quot;,&quot;valign&quot;:&quot;bottom&quot;,&quot;ignore&quot;:&quot;&quot;,&quot;reference&quot;:&quot;auto&quot;,&quot;class&quot;:&quot;&quot;,&quot;count&quot;:&quot;1&quot;,&quot;legendonly&quot;:&quot;&quot;,&quot;readonly&quot;:&quot;&quot;,&quot;score&quot;:&quot;5&quot;,&quot;starsonly&quot;:&quot;&quot;,&quot;best&quot;:&quot;5&quot;,&quot;gap&quot;:&quot;5&quot;,&quot;greet&quot;:&quot;Rate this post&quot;,&quot;legend&quot;:&quot;5\\\/5 - (1 voto)&quot;,&quot;size&quot;:&quot;24&quot;,&quot;title&quot;:&quot;Anjos de 2019 - pelo consultor Pedro Valentim&quot;,&quot;width&quot;:&quot;142.5&quot;,&quot;_legend&quot;:&quot;{score}\\\/{best} - ({count} {votes})&quot;,&quot;font_factor&quot;:&quot;1.25&quot;}'>\n            \n<div class=\"kksr-stars\">\n    \n<div class=\"kksr-stars-inactive\">\n            <div class=\"kksr-star\" data-star=\"1\" style=\"padding-right: 5px\">\n            \n\n<div class=\"kksr-icon\" style=\"width: 24px; height: 24px;\"><\/div>\n        <\/div>\n            <div class=\"kksr-star\" data-star=\"2\" style=\"padding-right: 5px\">\n            \n\n<div class=\"kksr-icon\" style=\"width: 24px; height: 24px;\"><\/div>\n        <\/div>\n            <div class=\"kksr-star\" data-star=\"3\" style=\"padding-right: 5px\">\n            \n\n<div class=\"kksr-icon\" style=\"width: 24px; height: 24px;\"><\/div>\n        <\/div>\n            <div class=\"kksr-star\" data-star=\"4\" style=\"padding-right: 5px\">\n            \n\n<div class=\"kksr-icon\" style=\"width: 24px; height: 24px;\"><\/div>\n        <\/div>\n            <div class=\"kksr-star\" data-star=\"5\" style=\"padding-right: 5px\">\n            \n\n<div class=\"kksr-icon\" style=\"width: 24px; height: 24px;\"><\/div>\n        <\/div>\n    <\/div>\n    \n<div class=\"kksr-stars-active\" style=\"width: 142.5px;\">\n            <div class=\"kksr-star\" style=\"padding-right: 5px\">\n            \n\n<div class=\"kksr-icon\" style=\"width: 24px; height: 24px;\"><\/div>\n        <\/div>\n            <div class=\"kksr-star\" style=\"padding-right: 5px\">\n            \n\n<div class=\"kksr-icon\" style=\"width: 24px; height: 24px;\"><\/div>\n        <\/div>\n            <div class=\"kksr-star\" style=\"padding-right: 5px\">\n            \n\n<div class=\"kksr-icon\" style=\"width: 24px; height: 24px;\"><\/div>\n        <\/div>\n            <div class=\"kksr-star\" style=\"padding-right: 5px\">\n            \n\n<div class=\"kksr-icon\" style=\"width: 24px; height: 24px;\"><\/div>\n        <\/div>\n            <div class=\"kksr-star\" style=\"padding-right: 5px\">\n            \n\n<div class=\"kksr-icon\" style=\"width: 24px; height: 24px;\"><\/div>\n        <\/div>\n    <\/div>\n<\/div>\n                \n\n<div class=\"kksr-legend\" style=\"font-size: 19.2px;\">\n            5\/5 - (1 voto)    <\/div>\n    <\/div>\n","protected":false},"excerpt":{"rendered":"<p>Muito atencioso e explicativo em suas leituras, assim os consulentes do Pedro Valentim o avaliam. Receptivo, o esot\u00e9rico faz quest\u00e3o de esclarecer ao consulente tudo que ele desejar durante os atendimentos, sua inten\u00e7\u00e3o \u00e9 que todos saiam mais fortalecidos espiritualmente para enfrentarem todos os obst\u00e1culos em suas vidas. Quer conhecer mais sobre o trabalho de [&hellip;]<\/p>\n","protected":false},"author":20,"featured_media":21037,"comment_status":"open","ping_status":"open","sticky":false,"template":"","format":"standard","meta":{"footnotes":""},"categories":[507],"tags":[3734,3850,3849,3848],"class_list":["post-21034","post","type-post","status-publish","format-standard","has-post-thumbnail","hentry","category-anjos","tag-anjo-de-2019","tag-anjo-em-2019","tag-anjo-para-2019","tag-anjos-de-2019"],"yoast_head":"<!-- This site is optimized with the Yoast SEO plugin v27.4 - https:\/\/yoast.com\/product\/yoast-seo-wordpress\/ -->\n<title>Anjo de 2019 - Pelo Consultor Pedro Valentim | iQuilibrio<\/title>\n<meta name=\"description\" content=\"Conhe\u00e7a os anjos de 2019 e o que voc\u00ea pode fazer para que esses seres de Luz te auxilie em diversos momentos de sua vida.\" \/>\n<meta name=\"robots\" content=\"index, follow, max-snippet:-1, max-image-preview:large, max-video-preview:-1\" \/>\n<link rel=\"canonical\" href=\"https:\/\/www.iquilibrio.com\/blog\/espiritualidade\/anjos\/anjos-de-2019-pedro-valentim\/\" \/>\n<meta property=\"og:locale\" content=\"pt_BR\" \/>\n<meta property=\"og:type\" content=\"article\" \/>\n<meta property=\"og:title\" content=\"Anjo de 2019 - Pelo Consultor Pedro Valentim | iQuilibrio\" \/>\n<meta property=\"og:description\" content=\"Conhe\u00e7a os anjos de 2019 e o que voc\u00ea pode fazer para que esses seres de Luz te auxilie em diversos momentos de sua vida.\" \/>\n<meta property=\"og:url\" content=\"https:\/\/www.iquilibrio.com\/blog\/espiritualidade\/anjos\/anjos-de-2019-pedro-valentim\/\" \/>\n<meta property=\"og:site_name\" content=\"iQuilibrio\" \/>\n<meta property=\"article:publisher\" content=\"https:\/\/www.facebook.com\/iQuilibrio\/\" \/>\n<meta property=\"article:published_time\" content=\"2018-12-02T10:00:35+00:00\" \/>\n<meta property=\"article:modified_time\" content=\"2019-03-22T14:55:02+00:00\" \/>\n<meta property=\"og:image\" content=\"https:\/\/www.iquilibrio.com\/blog\/wp-content\/uploads\/2018\/11\/anjos-2019.jpg\" \/>\n\t<meta property=\"og:image:width\" content=\"900\" \/>\n\t<meta property=\"og:image:height\" content=\"560\" \/>\n\t<meta property=\"og:image:type\" content=\"image\/jpeg\" \/>\n<meta name=\"author\" content=\"Reda\u00e7\u00e3o iQuilibrio\" \/>\n<meta name=\"twitter:card\" content=\"summary_large_image\" \/>\n<meta name=\"twitter:creator\" content=\"@iquilibrio\" \/>\n<meta name=\"twitter:site\" content=\"@iquilibrio\" \/>\n<meta name=\"twitter:label1\" content=\"Escrito por\" \/>\n\t<meta name=\"twitter:data1\" content=\"Reda\u00e7\u00e3o iQuilibrio\" \/>\n\t<meta name=\"twitter:label2\" content=\"Est. tempo de leitura\" \/>\n\t<meta name=\"twitter:data2\" content=\"5 minutos\" \/>\n<script type=\"application\/ld+json\" class=\"yoast-schema-graph\">{\"@context\":\"https:\\\/\\\/schema.org\",\"@graph\":[{\"@type\":\"Article\",\"@id\":\"https:\\\/\\\/www.iquilibrio.com\\\/blog\\\/espiritualidade\\\/anjos\\\/anjos-de-2019-pedro-valentim\\\/#article\",\"isPartOf\":{\"@id\":\"https:\\\/\\\/www.iquilibrio.com\\\/blog\\\/espiritualidade\\\/anjos\\\/anjos-de-2019-pedro-valentim\\\/\"},\"author\":{\"name\":\"Reda\u00e7\u00e3o iQuilibrio\",\"@id\":\"https:\\\/\\\/www.iquilibrio.com\\\/blog\\\/#\\\/schema\\\/person\\\/199505a1f0db0d00f022188666c75dca\"},\"headline\":\"Anjos de 2019 &#8211; pelo consultor Pedro Valentim\",\"datePublished\":\"2018-12-02T10:00:35+00:00\",\"dateModified\":\"2019-03-22T14:55:02+00:00\",\"mainEntityOfPage\":{\"@id\":\"https:\\\/\\\/www.iquilibrio.com\\\/blog\\\/espiritualidade\\\/anjos\\\/anjos-de-2019-pedro-valentim\\\/\"},\"wordCount\":945,\"commentCount\":0,\"publisher\":{\"@id\":\"https:\\\/\\\/www.iquilibrio.com\\\/blog\\\/#organization\"},\"image\":{\"@id\":\"https:\\\/\\\/www.iquilibrio.com\\\/blog\\\/espiritualidade\\\/anjos\\\/anjos-de-2019-pedro-valentim\\\/#primaryimage\"},\"thumbnailUrl\":\"https:\\\/\\\/www.iquilibrio.com\\\/blog\\\/wp-content\\\/uploads\\\/2018\\\/11\\\/anjos-2019.jpg\",\"keywords\":[\"anjo de 2019\",\"anjo em 2019\",\"anjo para 2019\",\"anjos de 2019\"],\"articleSection\":[\"Anjos\"],\"inLanguage\":\"pt-BR\"},{\"@type\":\"WebPage\",\"@id\":\"https:\\\/\\\/www.iquilibrio.com\\\/blog\\\/espiritualidade\\\/anjos\\\/anjos-de-2019-pedro-valentim\\\/\",\"url\":\"https:\\\/\\\/www.iquilibrio.com\\\/blog\\\/espiritualidade\\\/anjos\\\/anjos-de-2019-pedro-valentim\\\/\",\"name\":\"Anjo de 2019 - Pelo Consultor Pedro Valentim | iQuilibrio\",\"isPartOf\":{\"@id\":\"https:\\\/\\\/www.iquilibrio.com\\\/blog\\\/#website\"},\"primaryImageOfPage\":{\"@id\":\"https:\\\/\\\/www.iquilibrio.com\\\/blog\\\/espiritualidade\\\/anjos\\\/anjos-de-2019-pedro-valentim\\\/#primaryimage\"},\"image\":{\"@id\":\"https:\\\/\\\/www.iquilibrio.com\\\/blog\\\/espiritualidade\\\/anjos\\\/anjos-de-2019-pedro-valentim\\\/#primaryimage\"},\"thumbnailUrl\":\"https:\\\/\\\/www.iquilibrio.com\\\/blog\\\/wp-content\\\/uploads\\\/2018\\\/11\\\/anjos-2019.jpg\",\"datePublished\":\"2018-12-02T10:00:35+00:00\",\"dateModified\":\"2019-03-22T14:55:02+00:00\",\"description\":\"Conhe\u00e7a os anjos de 2019 e o que voc\u00ea pode fazer para que esses seres de Luz te auxilie em diversos momentos de sua vida.\",\"breadcrumb\":{\"@id\":\"https:\\\/\\\/www.iquilibrio.com\\\/blog\\\/espiritualidade\\\/anjos\\\/anjos-de-2019-pedro-valentim\\\/#breadcrumb\"},\"inLanguage\":\"pt-BR\",\"potentialAction\":[{\"@type\":\"ReadAction\",\"target\":[\"https:\\\/\\\/www.iquilibrio.com\\\/blog\\\/espiritualidade\\\/anjos\\\/anjos-de-2019-pedro-valentim\\\/\"]}]},{\"@type\":\"ImageObject\",\"inLanguage\":\"pt-BR\",\"@id\":\"https:\\\/\\\/www.iquilibrio.com\\\/blog\\\/espiritualidade\\\/anjos\\\/anjos-de-2019-pedro-valentim\\\/#primaryimage\",\"url\":\"https:\\\/\\\/www.iquilibrio.com\\\/blog\\\/wp-content\\\/uploads\\\/2018\\\/11\\\/anjos-2019.jpg\",\"contentUrl\":\"https:\\\/\\\/www.iquilibrio.com\\\/blog\\\/wp-content\\\/uploads\\\/2018\\\/11\\\/anjos-2019.jpg\",\"width\":900,\"height\":560,\"caption\":\"anjo de 2019\"},{\"@type\":\"BreadcrumbList\",\"@id\":\"https:\\\/\\\/www.iquilibrio.com\\\/blog\\\/espiritualidade\\\/anjos\\\/anjos-de-2019-pedro-valentim\\\/#breadcrumb\",\"itemListElement\":[{\"@type\":\"ListItem\",\"position\":1,\"name\":\"In\u00edcio\",\"item\":\"https:\\\/\\\/www.iquilibrio.com\\\/blog\\\/\"},{\"@type\":\"ListItem\",\"position\":2,\"name\":\"Anjos de 2019 &#8211; pelo consultor Pedro Valentim\"}]},{\"@type\":\"WebSite\",\"@id\":\"https:\\\/\\\/www.iquilibrio.com\\\/blog\\\/#website\",\"url\":\"https:\\\/\\\/www.iquilibrio.com\\\/blog\\\/\",\"name\":\"iQuilibrio\",\"description\":\"Blog iQuilibrio\",\"publisher\":{\"@id\":\"https:\\\/\\\/www.iquilibrio.com\\\/blog\\\/#organization\"},\"potentialAction\":[{\"@type\":\"SearchAction\",\"target\":{\"@type\":\"EntryPoint\",\"urlTemplate\":\"https:\\\/\\\/www.iquilibrio.com\\\/blog\\\/?s={search_term_string}\"},\"query-input\":{\"@type\":\"PropertyValueSpecification\",\"valueRequired\":true,\"valueName\":\"search_term_string\"}}],\"inLanguage\":\"pt-BR\"},{\"@type\":\"Organization\",\"@id\":\"https:\\\/\\\/www.iquilibrio.com\\\/blog\\\/#organization\",\"name\":\"Esoterismo, Misticismo e Tarot Online - iQuilibrio\",\"url\":\"https:\\\/\\\/www.iquilibrio.com\\\/blog\\\/\",\"logo\":{\"@type\":\"ImageObject\",\"inLanguage\":\"pt-BR\",\"@id\":\"https:\\\/\\\/www.iquilibrio.com\\\/blog\\\/#\\\/schema\\\/logo\\\/image\\\/\",\"url\":\"https:\\\/\\\/www.iquilibrio.com\\\/blog\\\/wp-content\\\/uploads\\\/2018\\\/12\\\/iquilibrio_lovo_vetor_preto-retina.png\",\"contentUrl\":\"https:\\\/\\\/www.iquilibrio.com\\\/blog\\\/wp-content\\\/uploads\\\/2018\\\/12\\\/iquilibrio_lovo_vetor_preto-retina.png\",\"width\":972,\"height\":180,\"caption\":\"Esoterismo, Misticismo e Tarot Online - iQuilibrio\"},\"image\":{\"@id\":\"https:\\\/\\\/www.iquilibrio.com\\\/blog\\\/#\\\/schema\\\/logo\\\/image\\\/\"},\"sameAs\":[\"https:\\\/\\\/www.facebook.com\\\/iQuilibrio\\\/\",\"https:\\\/\\\/x.com\\\/iquilibrio\",\"https:\\\/\\\/www.instagram.com\\\/iquilibrio\\\/\",\"https:\\\/\\\/www.linkedin.com\\\/company\\\/iquilibrio\\\/\",\"https:\\\/\\\/br.pinterest.com\\\/iquilibrio1397\\\/\",\"https:\\\/\\\/www.youtube.com\\\/channel\\\/UC175qxd-4Zsi4wzawT5zF2g\"]},{\"@type\":\"Person\",\"@id\":\"https:\\\/\\\/www.iquilibrio.com\\\/blog\\\/#\\\/schema\\\/person\\\/199505a1f0db0d00f022188666c75dca\",\"name\":\"Reda\u00e7\u00e3o iQuilibrio\",\"image\":{\"@type\":\"ImageObject\",\"inLanguage\":\"pt-BR\",\"@id\":\"https:\\\/\\\/www.iquilibrio.com\\\/blog\\\/wp-content\\\/uploads\\\/2021\\\/12\\\/Consulta-por-email-3-150x150.png\",\"url\":\"https:\\\/\\\/www.iquilibrio.com\\\/blog\\\/wp-content\\\/uploads\\\/2021\\\/12\\\/Consulta-por-email-3-150x150.png\",\"contentUrl\":\"https:\\\/\\\/www.iquilibrio.com\\\/blog\\\/wp-content\\\/uploads\\\/2021\\\/12\\\/Consulta-por-email-3-150x150.png\",\"caption\":\"Reda\u00e7\u00e3o iQuilibrio\"},\"description\":\"A equipe de reda\u00e7\u00e3o da iQuilibrio \u00e9 composta pelos mais diversos especialistas e esot\u00e9ricos. Al\u00e9m de dominar a arte de traduzir as energias que o universo emana, nossos redatores sentem imenso prazer em trabalhar com palavras. Boa leitura e um \u00f3timo aprendizado!\",\"url\":\"https:\\\/\\\/www.iquilibrio.com\\\/blog\\\/author\\\/juliana\\\/\"}]}<\/script>\n<!-- \/ Yoast SEO plugin. -->","yoast_head_json":{"title":"Anjo de 2019 - Pelo Consultor Pedro Valentim | iQuilibrio","description":"Conhe\u00e7a os anjos de 2019 e o que voc\u00ea pode fazer para que esses seres de Luz te auxilie em diversos momentos de sua vida.","robots":{"index":"index","follow":"follow","max-snippet":"max-snippet:-1","max-image-preview":"max-image-preview:large","max-video-preview":"max-video-preview:-1"},"canonical":"https:\/\/www.iquilibrio.com\/blog\/espiritualidade\/anjos\/anjos-de-2019-pedro-valentim\/","og_locale":"pt_BR","og_type":"article","og_title":"Anjo de 2019 - Pelo Consultor Pedro Valentim | iQuilibrio","og_description":"Conhe\u00e7a os anjos de 2019 e o que voc\u00ea pode fazer para que esses seres de Luz te auxilie em diversos momentos de sua vida.","og_url":"https:\/\/www.iquilibrio.com\/blog\/espiritualidade\/anjos\/anjos-de-2019-pedro-valentim\/","og_site_name":"iQuilibrio","article_publisher":"https:\/\/www.facebook.com\/iQuilibrio\/","article_published_time":"2018-12-02T10:00:35+00:00","article_modified_time":"2019-03-22T14:55:02+00:00","og_image":[{"width":900,"height":560,"url":"https:\/\/www.iquilibrio.com\/blog\/wp-content\/uploads\/2018\/11\/anjos-2019.jpg","type":"image\/jpeg"}],"author":"Reda\u00e7\u00e3o iQuilibrio","twitter_card":"summary_large_image","twitter_creator":"@iquilibrio","twitter_site":"@iquilibrio","twitter_misc":{"Escrito por":"Reda\u00e7\u00e3o iQuilibrio","Est. tempo de leitura":"5 minutos"},"schema":{"@context":"https:\/\/schema.org","@graph":[{"@type":"Article","@id":"https:\/\/www.iquilibrio.com\/blog\/espiritualidade\/anjos\/anjos-de-2019-pedro-valentim\/#article","isPartOf":{"@id":"https:\/\/www.iquilibrio.com\/blog\/espiritualidade\/anjos\/anjos-de-2019-pedro-valentim\/"},"author":{"name":"Reda\u00e7\u00e3o iQuilibrio","@id":"https:\/\/www.iquilibrio.com\/blog\/#\/schema\/person\/199505a1f0db0d00f022188666c75dca"},"headline":"Anjos de 2019 &#8211; pelo consultor Pedro Valentim","datePublished":"2018-12-02T10:00:35+00:00","dateModified":"2019-03-22T14:55:02+00:00","mainEntityOfPage":{"@id":"https:\/\/www.iquilibrio.com\/blog\/espiritualidade\/anjos\/anjos-de-2019-pedro-valentim\/"},"wordCount":945,"commentCount":0,"publisher":{"@id":"https:\/\/www.iquilibrio.com\/blog\/#organization"},"image":{"@id":"https:\/\/www.iquilibrio.com\/blog\/espiritualidade\/anjos\/anjos-de-2019-pedro-valentim\/#primaryimage"},"thumbnailUrl":"https:\/\/www.iquilibrio.com\/blog\/wp-content\/uploads\/2018\/11\/anjos-2019.jpg","keywords":["anjo de 2019","anjo em 2019","anjo para 2019","anjos de 2019"],"articleSection":["Anjos"],"inLanguage":"pt-BR"},{"@type":"WebPage","@id":"https:\/\/www.iquilibrio.com\/blog\/espiritualidade\/anjos\/anjos-de-2019-pedro-valentim\/","url":"https:\/\/www.iquilibrio.com\/blog\/espiritualidade\/anjos\/anjos-de-2019-pedro-valentim\/","name":"Anjo de 2019 - Pelo Consultor Pedro Valentim | iQuilibrio","isPartOf":{"@id":"https:\/\/www.iquilibrio.com\/blog\/#website"},"primaryImageOfPage":{"@id":"https:\/\/www.iquilibrio.com\/blog\/espiritualidade\/anjos\/anjos-de-2019-pedro-valentim\/#primaryimage"},"image":{"@id":"https:\/\/www.iquilibrio.com\/blog\/espiritualidade\/anjos\/anjos-de-2019-pedro-valentim\/#primaryimage"},"thumbnailUrl":"https:\/\/www.iquilibrio.com\/blog\/wp-content\/uploads\/2018\/11\/anjos-2019.jpg","datePublished":"2018-12-02T10:00:35+00:00","dateModified":"2019-03-22T14:55:02+00:00","description":"Conhe\u00e7a os anjos de 2019 e o que voc\u00ea pode fazer para que esses seres de Luz te auxilie em diversos momentos de sua vida.","breadcrumb":{"@id":"https:\/\/www.iquilibrio.com\/blog\/espiritualidade\/anjos\/anjos-de-2019-pedro-valentim\/#breadcrumb"},"inLanguage":"pt-BR","potentialAction":[{"@type":"ReadAction","target":["https:\/\/www.iquilibrio.com\/blog\/espiritualidade\/anjos\/anjos-de-2019-pedro-valentim\/"]}]},{"@type":"ImageObject","inLanguage":"pt-BR","@id":"https:\/\/www.iquilibrio.com\/blog\/espiritualidade\/anjos\/anjos-de-2019-pedro-valentim\/#primaryimage","url":"https:\/\/www.iquilibrio.com\/blog\/wp-content\/uploads\/2018\/11\/anjos-2019.jpg","contentUrl":"https:\/\/www.iquilibrio.com\/blog\/wp-content\/uploads\/2018\/11\/anjos-2019.jpg","width":900,"height":560,"caption":"anjo de 2019"},{"@type":"BreadcrumbList","@id":"https:\/\/www.iquilibrio.com\/blog\/espiritualidade\/anjos\/anjos-de-2019-pedro-valentim\/#breadcrumb","itemListElement":[{"@type":"ListItem","position":1,"name":"In\u00edcio","item":"https:\/\/www.iquilibrio.com\/blog\/"},{"@type":"ListItem","position":2,"name":"Anjos de 2019 &#8211; pelo consultor Pedro Valentim"}]},{"@type":"WebSite","@id":"https:\/\/www.iquilibrio.com\/blog\/#website","url":"https:\/\/www.iquilibrio.com\/blog\/","name":"iQuilibrio","description":"Blog iQuilibrio","publisher":{"@id":"https:\/\/www.iquilibrio.com\/blog\/#organization"},"potentialAction":[{"@type":"SearchAction","target":{"@type":"EntryPoint","urlTemplate":"https:\/\/www.iquilibrio.com\/blog\/?s={search_term_string}"},"query-input":{"@type":"PropertyValueSpecification","valueRequired":true,"valueName":"search_term_string"}}],"inLanguage":"pt-BR"},{"@type":"Organization","@id":"https:\/\/www.iquilibrio.com\/blog\/#organization","name":"Esoterismo, Misticismo e Tarot Online - iQuilibrio","url":"https:\/\/www.iquilibrio.com\/blog\/","logo":{"@type":"ImageObject","inLanguage":"pt-BR","@id":"https:\/\/www.iquilibrio.com\/blog\/#\/schema\/logo\/image\/","url":"https:\/\/www.iquilibrio.com\/blog\/wp-content\/uploads\/2018\/12\/iquilibrio_lovo_vetor_preto-retina.png","contentUrl":"https:\/\/www.iquilibrio.com\/blog\/wp-content\/uploads\/2018\/12\/iquilibrio_lovo_vetor_preto-retina.png","width":972,"height":180,"caption":"Esoterismo, Misticismo e Tarot Online - iQuilibrio"},"image":{"@id":"https:\/\/www.iquilibrio.com\/blog\/#\/schema\/logo\/image\/"},"sameAs":["https:\/\/www.facebook.com\/iQuilibrio\/","https:\/\/x.com\/iquilibrio","https:\/\/www.instagram.com\/iquilibrio\/","https:\/\/www.linkedin.com\/company\/iquilibrio\/","https:\/\/br.pinterest.com\/iquilibrio1397\/","https:\/\/www.youtube.com\/channel\/UC175qxd-4Zsi4wzawT5zF2g"]},{"@type":"Person","@id":"https:\/\/www.iquilibrio.com\/blog\/#\/schema\/person\/199505a1f0db0d00f022188666c75dca","name":"Reda\u00e7\u00e3o iQuilibrio","image":{"@type":"ImageObject","inLanguage":"pt-BR","@id":"https:\/\/www.iquilibrio.com\/blog\/wp-content\/uploads\/2021\/12\/Consulta-por-email-3-150x150.png","url":"https:\/\/www.iquilibrio.com\/blog\/wp-content\/uploads\/2021\/12\/Consulta-por-email-3-150x150.png","contentUrl":"https:\/\/www.iquilibrio.com\/blog\/wp-content\/uploads\/2021\/12\/Consulta-por-email-3-150x150.png","caption":"Reda\u00e7\u00e3o iQuilibrio"},"description":"A equipe de reda\u00e7\u00e3o da iQuilibrio \u00e9 composta pelos mais diversos especialistas e esot\u00e9ricos. Al\u00e9m de dominar a arte de traduzir as energias que o universo emana, nossos redatores sentem imenso prazer em trabalhar com palavras. Boa leitura e um \u00f3timo aprendizado!","url":"https:\/\/www.iquilibrio.com\/blog\/author\/juliana\/"}]}},"_links":{"self":[{"href":"https:\/\/www.iquilibrio.com\/blog\/wp-json\/wp\/v2\/posts\/21034","targetHints":{"allow":["GET"]}}],"collection":[{"href":"https:\/\/www.iquilibrio.com\/blog\/wp-json\/wp\/v2\/posts"}],"about":[{"href":"https:\/\/www.iquilibrio.com\/blog\/wp-json\/wp\/v2\/types\/post"}],"author":[{"embeddable":true,"href":"https:\/\/www.iquilibrio.com\/blog\/wp-json\/wp\/v2\/users\/20"}],"replies":[{"embeddable":true,"href":"https:\/\/www.iquilibrio.com\/blog\/wp-json\/wp\/v2\/comments?post=21034"}],"version-history":[{"count":9,"href":"https:\/\/www.iquilibrio.com\/blog\/wp-json\/wp\/v2\/posts\/21034\/revisions"}],"predecessor-version":[{"id":24362,"href":"https:\/\/www.iquilibrio.com\/blog\/wp-json\/wp\/v2\/posts\/21034\/revisions\/24362"}],"wp:featuredmedia":[{"embeddable":true,"href":"https:\/\/www.iquilibrio.com\/blog\/wp-json\/wp\/v2\/media\/21037"}],"wp:attachment":[{"href":"https:\/\/www.iquilibrio.com\/blog\/wp-json\/wp\/v2\/media?parent=21034"}],"wp:term":[{"taxonomy":"category","embeddable":true,"href":"https:\/\/www.iquilibrio.com\/blog\/wp-json\/wp\/v2\/categories?post=21034"},{"taxonomy":"post_tag","embeddable":true,"href":"https:\/\/www.iquilibrio.com\/blog\/wp-json\/wp\/v2\/tags?post=21034"}],"curies":[{"name":"wp","href":"https:\/\/api.w.org\/{rel}","templated":true}]}}