{"id":20993,"date":"2018-12-11T14:24:16","date_gmt":"2018-12-11T17:24:16","guid":{"rendered":"https:\/\/www.iquilibrio.com\/blog\/?p=20993"},"modified":"2019-06-03T09:38:43","modified_gmt":"2019-06-03T12:38:43","slug":"salmo-6","status":"publish","type":"post","link":"https:\/\/www.iquilibrio.com\/blog\/espiritualidade\/oracoes-salmos\/salmo-6\/","title":{"rendered":"Momento de reflex\u00e3o iQui: um estudo do Salmo 6 &#x1f4d6;"},"content":{"rendered":"<p>Se voc\u00ea est\u00e1 procurando saber: &#8220;<strong>Salmo 6, para que serve<\/strong>?&#8221;, ent\u00e3o preste aten\u00e7\u00e3o: ele age fortemente contra a crueldade mundana, por isso tamb\u00e9m \u00e9 reconhecido como um <strong>Salmo de prote\u00e7\u00e3o.\u00a0<\/strong><\/p>\n<p>Davi estava passando por uma doen\u00e7a muito forte e sentia que a qualquer momento n\u00e3o pertenceria mais a essa terra, e acreditava tamb\u00e9m que tudo isso era culpa de seus pecados.<\/p>\n<p style=\"text-align: center;\"><a href=\"https:\/\/www.iquilibrio.com\/salmos\/\"><span class=\"td_btn td_btn_lg td_round_btn class-cta1\" style=\"color: #ffffff;\">Qual o Melhor Salmo do dia de Hoje da B\u00edblia Para Voc\u00ea? Nossos Especialistas te Dir\u00e3o, FALE AGORA<\/span><\/a><\/p>\n<p>Neste <strong>Salmo 6 da B\u00edblia<\/strong> existem quatro partes que possuem grande relev\u00e2ncia:<\/p>\n<ul>\n<li>pedido de miseric\u00f3rdia.<\/li>\n<li>afirmativa perante ao louvor direcionado ao senhos;<\/li>\n<li>relata o sofrimento do salmista;<\/li>\n<li>rep\u00fadio aos inimigos.<\/li>\n<\/ul>\n<p><a href=\"https:\/\/www.iquilibrio.com\/blog\/salmo-do-dia\/\"><strong>Veja o Salmo do dia AQUI!<\/strong><\/a><\/p>\n<h2 style=\"text-align: center;\">6, Salmo\u00a0da B\u00edblia Sagrada<\/h2>\n<ol>\n<li>Senhor, n\u00e3o me repreendas na tua ira, nem me castigues no teu furor.<\/li>\n<li>Tem miseric\u00f3rdia de mim, Senhor, porque sou fraco; sara-me, Senhor, porque os meus ossos est\u00e3o perturbados.<\/li>\n<li>At\u00e9 a minha alma est\u00e1 perturbada; mas tu, Senhor, at\u00e9 quando?.<\/li>\n<li>Volta-te, Senhor, livra a minha alma; salva-me por tua benignidade.<\/li>\n<li>Porque na morte n\u00e3o h\u00e1 lembran\u00e7a de ti; no sepulcro quem te louvar\u00e1?<\/li>\n<li>J\u00e1 estou cansado do meu gemido, toda a noite fa\u00e7o nadar a minha cama; molho o meu leito com as minhas l\u00e1grimas,<\/li>\n<li>J\u00e1 os meus olhos est\u00e3o consumidos pela m\u00e1goa, e t\u00eam-se envelhecido por causa de todos os meus inimigos.<\/li>\n<li>Apartai-vos de mim todos os que praticais a iniquidade; porque o Senhor j\u00e1 ouviu a voz do meu pranto.<\/li>\n<li>O Senhor j\u00e1 ouviu a minha s\u00faplica; o Senhor aceitar\u00e1 a minha ora\u00e7\u00e3o.<\/li>\n<li>Envergonhem-se e perturbem-se todos os meus inimigos; tornem atr\u00e1s e envergonhem-se num momento.<\/li>\n<\/ol>\n<p>Confira tamb\u00e9m em nosso blog os melhores\u00a0<a href=\"https:\/\/www.iquilibrio.com\/blog\/espiritualidade\/oracoes-salmos\/salmos-de-protecao\/\">salmos de prote\u00e7\u00e3o<\/a>!<\/p>\n<h2>Interpreta\u00e7\u00e3o do Salmo 06 do Livro de Salmos<\/h2>\n<p>Iniciando pelos <strong>vers\u00edculos de 1 \u00e0 3\u00a0<\/strong>neste momento percebemos que o salmista est\u00e1 com uma grande doen\u00e7a, no qual lhe causa muito medo, isso porque ele acha que seu sofrimento ser\u00e1 maior do que pode realmente suportar ou ainda que tudo que ele est\u00e1 passando seja fruto de seus pecados e consequentemente a insatisfa\u00e7\u00e3o de Deus.<\/p>\n<p>Em meio a tudo isso, o salmista chama a Deus, aclamando e pedindo sua miseric\u00f3rdia com a esperan\u00e7a de tirar o tormento de sua vida.<\/p>\n<p>Passando pelos <strong>vers\u00edculos de 4 \u00e0 5\u00a0<\/strong>uma das principais caracter\u00edsticas de Deus aparece atrav\u00e9s da palavra benignidade, que tamb\u00e9m pode ser traduzida como o amor fiel de Deus. Diante a tudo isso, esses vers\u00edculos passa a ideia de que se Deus ainda quer continuar ouvindo a voz de Davi atrav\u00e9s de louvores, deve ent\u00e3o conservar a vida do mesmo.<\/p>\n<p>J\u00e1 nos <strong>vers\u00edculos 6.6 e 6.7\u00a0<\/strong>tenta de todas as maneiras atrav\u00e9s do poder e peso de cada palavra a veracidade de seu desespero e dor.<\/p>\n<p>Para finalizar nos deparamos com os <strong>vers\u00edculos de 8 \u00e0 10\u00a0<\/strong>aqui percebemos uma mudan\u00e7a de linguagem e do clima em geral, isso porque o Senhor responde a Davi e todo o sentimento de ang\u00fastia e desespero se desmancham ao meio de al\u00edvio.<\/p>\n<p style=\"text-align: center;\"><span style=\"color: #ffffff;\"><a style=\"color: #ffffff;\" href=\"https:\/\/www.iquilibrio.com\/tarot\/anjos\/\"><span class=\"td_btn td_btn_lg td_round_btn class-cta2\">O Tarot dos Anjos Reveler\u00e1 Mensagens Divinas que Guiar\u00e3o sua Vida<\/span><\/a><\/span><\/p>\n\n\n<div class=\"kk-star-ratings kksr-auto kksr-align-left kksr-valign-bottom\"\n    data-payload='{&quot;align&quot;:&quot;left&quot;,&quot;id&quot;:&quot;20993&quot;,&quot;slug&quot;:&quot;default&quot;,&quot;valign&quot;:&quot;bottom&quot;,&quot;ignore&quot;:&quot;&quot;,&quot;reference&quot;:&quot;auto&quot;,&quot;class&quot;:&quot;&quot;,&quot;count&quot;:&quot;0&quot;,&quot;legendonly&quot;:&quot;&quot;,&quot;readonly&quot;:&quot;&quot;,&quot;score&quot;:&quot;0&quot;,&quot;starsonly&quot;:&quot;&quot;,&quot;best&quot;:&quot;5&quot;,&quot;gap&quot;:&quot;5&quot;,&quot;greet&quot;:&quot;Rate this post&quot;,&quot;legend&quot;:&quot;0\\\/5 - (0 voto)&quot;,&quot;size&quot;:&quot;24&quot;,&quot;title&quot;:&quot;Momento de reflex\u00e3o iQui: um estudo do Salmo 6 \\u0026#x1f4d6;&quot;,&quot;width&quot;:&quot;0&quot;,&quot;_legend&quot;:&quot;{score}\\\/{best} - ({count} {votes})&quot;,&quot;font_factor&quot;:&quot;1.25&quot;}'>\n            \n<div class=\"kksr-stars\">\n    \n<div class=\"kksr-stars-inactive\">\n            <div class=\"kksr-star\" data-star=\"1\" style=\"padding-right: 5px\">\n            \n\n<div class=\"kksr-icon\" style=\"width: 24px; height: 24px;\"><\/div>\n        <\/div>\n            <div class=\"kksr-star\" data-star=\"2\" style=\"padding-right: 5px\">\n            \n\n<div class=\"kksr-icon\" style=\"width: 24px; height: 24px;\"><\/div>\n        <\/div>\n            <div class=\"kksr-star\" data-star=\"3\" style=\"padding-right: 5px\">\n            \n\n<div class=\"kksr-icon\" style=\"width: 24px; height: 24px;\"><\/div>\n        <\/div>\n            <div class=\"kksr-star\" data-star=\"4\" style=\"padding-right: 5px\">\n            \n\n<div class=\"kksr-icon\" style=\"width: 24px; height: 24px;\"><\/div>\n        <\/div>\n            <div class=\"kksr-star\" data-star=\"5\" style=\"padding-right: 5px\">\n            \n\n<div class=\"kksr-icon\" style=\"width: 24px; height: 24px;\"><\/div>\n        <\/div>\n    <\/div>\n    \n<div class=\"kksr-stars-active\" style=\"width: 0px;\">\n            <div class=\"kksr-star\" style=\"padding-right: 5px\">\n            \n\n<div class=\"kksr-icon\" style=\"width: 24px; height: 24px;\"><\/div>\n        <\/div>\n            <div class=\"kksr-star\" style=\"padding-right: 5px\">\n            \n\n<div class=\"kksr-icon\" style=\"width: 24px; height: 24px;\"><\/div>\n        <\/div>\n            <div class=\"kksr-star\" style=\"padding-right: 5px\">\n            \n\n<div class=\"kksr-icon\" style=\"width: 24px; height: 24px;\"><\/div>\n        <\/div>\n            <div class=\"kksr-star\" style=\"padding-right: 5px\">\n            \n\n<div class=\"kksr-icon\" style=\"width: 24px; height: 24px;\"><\/div>\n        <\/div>\n            <div class=\"kksr-star\" style=\"padding-right: 5px\">\n            \n\n<div class=\"kksr-icon\" style=\"width: 24px; height: 24px;\"><\/div>\n        <\/div>\n    <\/div>\n<\/div>\n                \n\n<div class=\"kksr-legend\" style=\"font-size: 19.2px;\">\n            <span class=\"kksr-muted\">Rate this post<\/span>\n    <\/div>\n    <\/div>\n","protected":false},"excerpt":{"rendered":"<p>Se voc\u00ea est\u00e1 procurando saber: &#8220;Salmo 6, para que serve?&#8221;, ent\u00e3o preste aten\u00e7\u00e3o: ele age fortemente contra a crueldade mundana, por isso tamb\u00e9m \u00e9 reconhecido como um Salmo de prote\u00e7\u00e3o.\u00a0 Davi estava passando por uma doen\u00e7a muito forte e sentia que a qualquer momento n\u00e3o pertenceria mais a essa terra, e acreditava tamb\u00e9m que tudo [&hellip;]<\/p>\n","protected":false},"author":20,"featured_media":22511,"comment_status":"open","ping_status":"open","sticky":false,"template":"","format":"standard","meta":{"footnotes":""},"categories":[509],"tags":[3835,3836,3837,3838,3839,3840],"class_list":["post-20993","post","type-post","status-publish","format-standard","has-post-thumbnail","hentry","category-oracoes-salmos","tag-6-salmo","tag-6-salmos","tag-analise-do-salmo-6","tag-estudo-do-salmo-6","tag-oracao-6","tag-salmo-6"],"yoast_head":"<!-- This site is optimized with the Yoast SEO plugin v27.4 - https:\/\/yoast.com\/product\/yoast-seo-wordpress\/ -->\n<title>Salmo 6 - Momento de Reflex\u00f5es, An\u00e1lises e Estudos | iQuilibrio<\/title>\n<meta name=\"description\" content=\"Confira aqui o estudo do Salmo 6, compreenda por completo o seu sentido e as vontades de Deus expressas em poemas. Clique e confira!\" \/>\n<meta name=\"robots\" content=\"index, follow, max-snippet:-1, max-image-preview:large, max-video-preview:-1\" \/>\n<link rel=\"canonical\" href=\"https:\/\/www.iquilibrio.com\/blog\/espiritualidade\/oracoes-salmos\/salmo-6\/\" \/>\n<meta property=\"og:locale\" content=\"pt_BR\" \/>\n<meta property=\"og:type\" content=\"article\" \/>\n<meta property=\"og:title\" content=\"Salmo 6 - Momento de Reflex\u00f5es, An\u00e1lises e Estudos | iQuilibrio\" \/>\n<meta property=\"og:description\" content=\"Confira aqui o estudo do Salmo 6, compreenda por completo o seu sentido e as vontades de Deus expressas em poemas. Clique e confira!\" \/>\n<meta property=\"og:url\" content=\"https:\/\/www.iquilibrio.com\/blog\/espiritualidade\/oracoes-salmos\/salmo-6\/\" \/>\n<meta property=\"og:site_name\" content=\"iQuilibrio\" \/>\n<meta property=\"article:publisher\" content=\"https:\/\/www.facebook.com\/iQuilibrio\/\" \/>\n<meta property=\"article:published_time\" content=\"2018-12-11T17:24:16+00:00\" \/>\n<meta property=\"article:modified_time\" content=\"2019-06-03T12:38:43+00:00\" \/>\n<meta property=\"og:image\" content=\"https:\/\/www.iquilibrio.com\/blog\/wp-content\/uploads\/2018\/11\/salmo-6.jpg\" \/>\n\t<meta property=\"og:image:width\" content=\"900\" \/>\n\t<meta property=\"og:image:height\" content=\"560\" \/>\n\t<meta property=\"og:image:type\" content=\"image\/jpeg\" \/>\n<meta name=\"author\" content=\"Reda\u00e7\u00e3o iQuilibrio\" \/>\n<meta name=\"twitter:card\" content=\"summary_large_image\" \/>\n<meta name=\"twitter:creator\" content=\"@iquilibrio\" \/>\n<meta name=\"twitter:site\" content=\"@iquilibrio\" \/>\n<meta name=\"twitter:label1\" content=\"Escrito por\" \/>\n\t<meta name=\"twitter:data1\" content=\"Reda\u00e7\u00e3o iQuilibrio\" \/>\n\t<meta name=\"twitter:label2\" content=\"Est. tempo de leitura\" \/>\n\t<meta name=\"twitter:data2\" content=\"3 minutos\" \/>\n<script type=\"application\/ld+json\" class=\"yoast-schema-graph\">{\"@context\":\"https:\\\/\\\/schema.org\",\"@graph\":[{\"@type\":\"Article\",\"@id\":\"https:\\\/\\\/www.iquilibrio.com\\\/blog\\\/espiritualidade\\\/oracoes-salmos\\\/salmo-6\\\/#article\",\"isPartOf\":{\"@id\":\"https:\\\/\\\/www.iquilibrio.com\\\/blog\\\/espiritualidade\\\/oracoes-salmos\\\/salmo-6\\\/\"},\"author\":{\"name\":\"Reda\u00e7\u00e3o iQuilibrio\",\"@id\":\"https:\\\/\\\/www.iquilibrio.com\\\/blog\\\/#\\\/schema\\\/person\\\/199505a1f0db0d00f022188666c75dca\"},\"headline\":\"Momento de reflex\u00e3o iQui: um estudo do Salmo 6 &#x1f4d6;\",\"datePublished\":\"2018-12-11T17:24:16+00:00\",\"dateModified\":\"2019-06-03T12:38:43+00:00\",\"mainEntityOfPage\":{\"@id\":\"https:\\\/\\\/www.iquilibrio.com\\\/blog\\\/espiritualidade\\\/oracoes-salmos\\\/salmo-6\\\/\"},\"wordCount\":553,\"commentCount\":0,\"publisher\":{\"@id\":\"https:\\\/\\\/www.iquilibrio.com\\\/blog\\\/#organization\"},\"image\":{\"@id\":\"https:\\\/\\\/www.iquilibrio.com\\\/blog\\\/espiritualidade\\\/oracoes-salmos\\\/salmo-6\\\/#primaryimage\"},\"thumbnailUrl\":\"https:\\\/\\\/www.iquilibrio.com\\\/blog\\\/wp-content\\\/uploads\\\/2018\\\/11\\\/salmo-6.jpg\",\"keywords\":[\"6 salmo\",\"6 salmos\",\"an\u00e1lise do salmo 6\",\"estudo do salmo 6\",\"ora\u00e7\u00e3o 6\",\"salmo 6\"],\"articleSection\":[\"Ora\u00e7\u00f5es e Salmos\"],\"inLanguage\":\"pt-BR\"},{\"@type\":\"WebPage\",\"@id\":\"https:\\\/\\\/www.iquilibrio.com\\\/blog\\\/espiritualidade\\\/oracoes-salmos\\\/salmo-6\\\/\",\"url\":\"https:\\\/\\\/www.iquilibrio.com\\\/blog\\\/espiritualidade\\\/oracoes-salmos\\\/salmo-6\\\/\",\"name\":\"Salmo 6 - Momento de Reflex\u00f5es, An\u00e1lises e Estudos | iQuilibrio\",\"isPartOf\":{\"@id\":\"https:\\\/\\\/www.iquilibrio.com\\\/blog\\\/#website\"},\"primaryImageOfPage\":{\"@id\":\"https:\\\/\\\/www.iquilibrio.com\\\/blog\\\/espiritualidade\\\/oracoes-salmos\\\/salmo-6\\\/#primaryimage\"},\"image\":{\"@id\":\"https:\\\/\\\/www.iquilibrio.com\\\/blog\\\/espiritualidade\\\/oracoes-salmos\\\/salmo-6\\\/#primaryimage\"},\"thumbnailUrl\":\"https:\\\/\\\/www.iquilibrio.com\\\/blog\\\/wp-content\\\/uploads\\\/2018\\\/11\\\/salmo-6.jpg\",\"datePublished\":\"2018-12-11T17:24:16+00:00\",\"dateModified\":\"2019-06-03T12:38:43+00:00\",\"description\":\"Confira aqui o estudo do Salmo 6, compreenda por completo o seu sentido e as vontades de Deus expressas em poemas. Clique e confira!\",\"breadcrumb\":{\"@id\":\"https:\\\/\\\/www.iquilibrio.com\\\/blog\\\/espiritualidade\\\/oracoes-salmos\\\/salmo-6\\\/#breadcrumb\"},\"inLanguage\":\"pt-BR\",\"potentialAction\":[{\"@type\":\"ReadAction\",\"target\":[\"https:\\\/\\\/www.iquilibrio.com\\\/blog\\\/espiritualidade\\\/oracoes-salmos\\\/salmo-6\\\/\"]}]},{\"@type\":\"ImageObject\",\"inLanguage\":\"pt-BR\",\"@id\":\"https:\\\/\\\/www.iquilibrio.com\\\/blog\\\/espiritualidade\\\/oracoes-salmos\\\/salmo-6\\\/#primaryimage\",\"url\":\"https:\\\/\\\/www.iquilibrio.com\\\/blog\\\/wp-content\\\/uploads\\\/2018\\\/11\\\/salmo-6.jpg\",\"contentUrl\":\"https:\\\/\\\/www.iquilibrio.com\\\/blog\\\/wp-content\\\/uploads\\\/2018\\\/11\\\/salmo-6.jpg\",\"width\":900,\"height\":560,\"caption\":\"salmo 06\"},{\"@type\":\"BreadcrumbList\",\"@id\":\"https:\\\/\\\/www.iquilibrio.com\\\/blog\\\/espiritualidade\\\/oracoes-salmos\\\/salmo-6\\\/#breadcrumb\",\"itemListElement\":[{\"@type\":\"ListItem\",\"position\":1,\"name\":\"In\u00edcio\",\"item\":\"https:\\\/\\\/www.iquilibrio.com\\\/blog\\\/\"},{\"@type\":\"ListItem\",\"position\":2,\"name\":\"Momento de reflex\u00e3o iQui: um estudo do Salmo 6 &#x1f4d6;\"}]},{\"@type\":\"WebSite\",\"@id\":\"https:\\\/\\\/www.iquilibrio.com\\\/blog\\\/#website\",\"url\":\"https:\\\/\\\/www.iquilibrio.com\\\/blog\\\/\",\"name\":\"iQuilibrio\",\"description\":\"Blog iQuilibrio\",\"publisher\":{\"@id\":\"https:\\\/\\\/www.iquilibrio.com\\\/blog\\\/#organization\"},\"potentialAction\":[{\"@type\":\"SearchAction\",\"target\":{\"@type\":\"EntryPoint\",\"urlTemplate\":\"https:\\\/\\\/www.iquilibrio.com\\\/blog\\\/?s={search_term_string}\"},\"query-input\":{\"@type\":\"PropertyValueSpecification\",\"valueRequired\":true,\"valueName\":\"search_term_string\"}}],\"inLanguage\":\"pt-BR\"},{\"@type\":\"Organization\",\"@id\":\"https:\\\/\\\/www.iquilibrio.com\\\/blog\\\/#organization\",\"name\":\"Esoterismo, Misticismo e Tarot Online - iQuilibrio\",\"url\":\"https:\\\/\\\/www.iquilibrio.com\\\/blog\\\/\",\"logo\":{\"@type\":\"ImageObject\",\"inLanguage\":\"pt-BR\",\"@id\":\"https:\\\/\\\/www.iquilibrio.com\\\/blog\\\/#\\\/schema\\\/logo\\\/image\\\/\",\"url\":\"https:\\\/\\\/www.iquilibrio.com\\\/blog\\\/wp-content\\\/uploads\\\/2018\\\/12\\\/iquilibrio_lovo_vetor_preto-retina.png\",\"contentUrl\":\"https:\\\/\\\/www.iquilibrio.com\\\/blog\\\/wp-content\\\/uploads\\\/2018\\\/12\\\/iquilibrio_lovo_vetor_preto-retina.png\",\"width\":972,\"height\":180,\"caption\":\"Esoterismo, Misticismo e Tarot Online - iQuilibrio\"},\"image\":{\"@id\":\"https:\\\/\\\/www.iquilibrio.com\\\/blog\\\/#\\\/schema\\\/logo\\\/image\\\/\"},\"sameAs\":[\"https:\\\/\\\/www.facebook.com\\\/iQuilibrio\\\/\",\"https:\\\/\\\/x.com\\\/iquilibrio\",\"https:\\\/\\\/www.instagram.com\\\/iquilibrio\\\/\",\"https:\\\/\\\/www.linkedin.com\\\/company\\\/iquilibrio\\\/\",\"https:\\\/\\\/br.pinterest.com\\\/iquilibrio1397\\\/\",\"https:\\\/\\\/www.youtube.com\\\/channel\\\/UC175qxd-4Zsi4wzawT5zF2g\"]},{\"@type\":\"Person\",\"@id\":\"https:\\\/\\\/www.iquilibrio.com\\\/blog\\\/#\\\/schema\\\/person\\\/199505a1f0db0d00f022188666c75dca\",\"name\":\"Reda\u00e7\u00e3o iQuilibrio\",\"image\":{\"@type\":\"ImageObject\",\"inLanguage\":\"pt-BR\",\"@id\":\"https:\\\/\\\/www.iquilibrio.com\\\/blog\\\/wp-content\\\/uploads\\\/2021\\\/12\\\/Consulta-por-email-3-150x150.png\",\"url\":\"https:\\\/\\\/www.iquilibrio.com\\\/blog\\\/wp-content\\\/uploads\\\/2021\\\/12\\\/Consulta-por-email-3-150x150.png\",\"contentUrl\":\"https:\\\/\\\/www.iquilibrio.com\\\/blog\\\/wp-content\\\/uploads\\\/2021\\\/12\\\/Consulta-por-email-3-150x150.png\",\"caption\":\"Reda\u00e7\u00e3o iQuilibrio\"},\"description\":\"A equipe de reda\u00e7\u00e3o da iQuilibrio \u00e9 composta pelos mais diversos especialistas e esot\u00e9ricos. Al\u00e9m de dominar a arte de traduzir as energias que o universo emana, nossos redatores sentem imenso prazer em trabalhar com palavras. Boa leitura e um \u00f3timo aprendizado!\",\"url\":\"https:\\\/\\\/www.iquilibrio.com\\\/blog\\\/author\\\/juliana\\\/\"}]}<\/script>\n<!-- \/ Yoast SEO plugin. -->","yoast_head_json":{"title":"Salmo 6 - Momento de Reflex\u00f5es, An\u00e1lises e Estudos | iQuilibrio","description":"Confira aqui o estudo do Salmo 6, compreenda por completo o seu sentido e as vontades de Deus expressas em poemas. Clique e confira!","robots":{"index":"index","follow":"follow","max-snippet":"max-snippet:-1","max-image-preview":"max-image-preview:large","max-video-preview":"max-video-preview:-1"},"canonical":"https:\/\/www.iquilibrio.com\/blog\/espiritualidade\/oracoes-salmos\/salmo-6\/","og_locale":"pt_BR","og_type":"article","og_title":"Salmo 6 - Momento de Reflex\u00f5es, An\u00e1lises e Estudos | iQuilibrio","og_description":"Confira aqui o estudo do Salmo 6, compreenda por completo o seu sentido e as vontades de Deus expressas em poemas. Clique e confira!","og_url":"https:\/\/www.iquilibrio.com\/blog\/espiritualidade\/oracoes-salmos\/salmo-6\/","og_site_name":"iQuilibrio","article_publisher":"https:\/\/www.facebook.com\/iQuilibrio\/","article_published_time":"2018-12-11T17:24:16+00:00","article_modified_time":"2019-06-03T12:38:43+00:00","og_image":[{"width":900,"height":560,"url":"https:\/\/www.iquilibrio.com\/blog\/wp-content\/uploads\/2018\/11\/salmo-6.jpg","type":"image\/jpeg"}],"author":"Reda\u00e7\u00e3o iQuilibrio","twitter_card":"summary_large_image","twitter_creator":"@iquilibrio","twitter_site":"@iquilibrio","twitter_misc":{"Escrito por":"Reda\u00e7\u00e3o iQuilibrio","Est. tempo de leitura":"3 minutos"},"schema":{"@context":"https:\/\/schema.org","@graph":[{"@type":"Article","@id":"https:\/\/www.iquilibrio.com\/blog\/espiritualidade\/oracoes-salmos\/salmo-6\/#article","isPartOf":{"@id":"https:\/\/www.iquilibrio.com\/blog\/espiritualidade\/oracoes-salmos\/salmo-6\/"},"author":{"name":"Reda\u00e7\u00e3o iQuilibrio","@id":"https:\/\/www.iquilibrio.com\/blog\/#\/schema\/person\/199505a1f0db0d00f022188666c75dca"},"headline":"Momento de reflex\u00e3o iQui: um estudo do Salmo 6 &#x1f4d6;","datePublished":"2018-12-11T17:24:16+00:00","dateModified":"2019-06-03T12:38:43+00:00","mainEntityOfPage":{"@id":"https:\/\/www.iquilibrio.com\/blog\/espiritualidade\/oracoes-salmos\/salmo-6\/"},"wordCount":553,"commentCount":0,"publisher":{"@id":"https:\/\/www.iquilibrio.com\/blog\/#organization"},"image":{"@id":"https:\/\/www.iquilibrio.com\/blog\/espiritualidade\/oracoes-salmos\/salmo-6\/#primaryimage"},"thumbnailUrl":"https:\/\/www.iquilibrio.com\/blog\/wp-content\/uploads\/2018\/11\/salmo-6.jpg","keywords":["6 salmo","6 salmos","an\u00e1lise do salmo 6","estudo do salmo 6","ora\u00e7\u00e3o 6","salmo 6"],"articleSection":["Ora\u00e7\u00f5es e Salmos"],"inLanguage":"pt-BR"},{"@type":"WebPage","@id":"https:\/\/www.iquilibrio.com\/blog\/espiritualidade\/oracoes-salmos\/salmo-6\/","url":"https:\/\/www.iquilibrio.com\/blog\/espiritualidade\/oracoes-salmos\/salmo-6\/","name":"Salmo 6 - Momento de Reflex\u00f5es, An\u00e1lises e Estudos | iQuilibrio","isPartOf":{"@id":"https:\/\/www.iquilibrio.com\/blog\/#website"},"primaryImageOfPage":{"@id":"https:\/\/www.iquilibrio.com\/blog\/espiritualidade\/oracoes-salmos\/salmo-6\/#primaryimage"},"image":{"@id":"https:\/\/www.iquilibrio.com\/blog\/espiritualidade\/oracoes-salmos\/salmo-6\/#primaryimage"},"thumbnailUrl":"https:\/\/www.iquilibrio.com\/blog\/wp-content\/uploads\/2018\/11\/salmo-6.jpg","datePublished":"2018-12-11T17:24:16+00:00","dateModified":"2019-06-03T12:38:43+00:00","description":"Confira aqui o estudo do Salmo 6, compreenda por completo o seu sentido e as vontades de Deus expressas em poemas. Clique e confira!","breadcrumb":{"@id":"https:\/\/www.iquilibrio.com\/blog\/espiritualidade\/oracoes-salmos\/salmo-6\/#breadcrumb"},"inLanguage":"pt-BR","potentialAction":[{"@type":"ReadAction","target":["https:\/\/www.iquilibrio.com\/blog\/espiritualidade\/oracoes-salmos\/salmo-6\/"]}]},{"@type":"ImageObject","inLanguage":"pt-BR","@id":"https:\/\/www.iquilibrio.com\/blog\/espiritualidade\/oracoes-salmos\/salmo-6\/#primaryimage","url":"https:\/\/www.iquilibrio.com\/blog\/wp-content\/uploads\/2018\/11\/salmo-6.jpg","contentUrl":"https:\/\/www.iquilibrio.com\/blog\/wp-content\/uploads\/2018\/11\/salmo-6.jpg","width":900,"height":560,"caption":"salmo 06"},{"@type":"BreadcrumbList","@id":"https:\/\/www.iquilibrio.com\/blog\/espiritualidade\/oracoes-salmos\/salmo-6\/#breadcrumb","itemListElement":[{"@type":"ListItem","position":1,"name":"In\u00edcio","item":"https:\/\/www.iquilibrio.com\/blog\/"},{"@type":"ListItem","position":2,"name":"Momento de reflex\u00e3o iQui: um estudo do Salmo 6 &#x1f4d6;"}]},{"@type":"WebSite","@id":"https:\/\/www.iquilibrio.com\/blog\/#website","url":"https:\/\/www.iquilibrio.com\/blog\/","name":"iQuilibrio","description":"Blog iQuilibrio","publisher":{"@id":"https:\/\/www.iquilibrio.com\/blog\/#organization"},"potentialAction":[{"@type":"SearchAction","target":{"@type":"EntryPoint","urlTemplate":"https:\/\/www.iquilibrio.com\/blog\/?s={search_term_string}"},"query-input":{"@type":"PropertyValueSpecification","valueRequired":true,"valueName":"search_term_string"}}],"inLanguage":"pt-BR"},{"@type":"Organization","@id":"https:\/\/www.iquilibrio.com\/blog\/#organization","name":"Esoterismo, Misticismo e Tarot Online - iQuilibrio","url":"https:\/\/www.iquilibrio.com\/blog\/","logo":{"@type":"ImageObject","inLanguage":"pt-BR","@id":"https:\/\/www.iquilibrio.com\/blog\/#\/schema\/logo\/image\/","url":"https:\/\/www.iquilibrio.com\/blog\/wp-content\/uploads\/2018\/12\/iquilibrio_lovo_vetor_preto-retina.png","contentUrl":"https:\/\/www.iquilibrio.com\/blog\/wp-content\/uploads\/2018\/12\/iquilibrio_lovo_vetor_preto-retina.png","width":972,"height":180,"caption":"Esoterismo, Misticismo e Tarot Online - iQuilibrio"},"image":{"@id":"https:\/\/www.iquilibrio.com\/blog\/#\/schema\/logo\/image\/"},"sameAs":["https:\/\/www.facebook.com\/iQuilibrio\/","https:\/\/x.com\/iquilibrio","https:\/\/www.instagram.com\/iquilibrio\/","https:\/\/www.linkedin.com\/company\/iquilibrio\/","https:\/\/br.pinterest.com\/iquilibrio1397\/","https:\/\/www.youtube.com\/channel\/UC175qxd-4Zsi4wzawT5zF2g"]},{"@type":"Person","@id":"https:\/\/www.iquilibrio.com\/blog\/#\/schema\/person\/199505a1f0db0d00f022188666c75dca","name":"Reda\u00e7\u00e3o iQuilibrio","image":{"@type":"ImageObject","inLanguage":"pt-BR","@id":"https:\/\/www.iquilibrio.com\/blog\/wp-content\/uploads\/2021\/12\/Consulta-por-email-3-150x150.png","url":"https:\/\/www.iquilibrio.com\/blog\/wp-content\/uploads\/2021\/12\/Consulta-por-email-3-150x150.png","contentUrl":"https:\/\/www.iquilibrio.com\/blog\/wp-content\/uploads\/2021\/12\/Consulta-por-email-3-150x150.png","caption":"Reda\u00e7\u00e3o iQuilibrio"},"description":"A equipe de reda\u00e7\u00e3o da iQuilibrio \u00e9 composta pelos mais diversos especialistas e esot\u00e9ricos. Al\u00e9m de dominar a arte de traduzir as energias que o universo emana, nossos redatores sentem imenso prazer em trabalhar com palavras. Boa leitura e um \u00f3timo aprendizado!","url":"https:\/\/www.iquilibrio.com\/blog\/author\/juliana\/"}]}},"_links":{"self":[{"href":"https:\/\/www.iquilibrio.com\/blog\/wp-json\/wp\/v2\/posts\/20993","targetHints":{"allow":["GET"]}}],"collection":[{"href":"https:\/\/www.iquilibrio.com\/blog\/wp-json\/wp\/v2\/posts"}],"about":[{"href":"https:\/\/www.iquilibrio.com\/blog\/wp-json\/wp\/v2\/types\/post"}],"author":[{"embeddable":true,"href":"https:\/\/www.iquilibrio.com\/blog\/wp-json\/wp\/v2\/users\/20"}],"replies":[{"embeddable":true,"href":"https:\/\/www.iquilibrio.com\/blog\/wp-json\/wp\/v2\/comments?post=20993"}],"version-history":[{"count":9,"href":"https:\/\/www.iquilibrio.com\/blog\/wp-json\/wp\/v2\/posts\/20993\/revisions"}],"predecessor-version":[{"id":26520,"href":"https:\/\/www.iquilibrio.com\/blog\/wp-json\/wp\/v2\/posts\/20993\/revisions\/26520"}],"wp:featuredmedia":[{"embeddable":true,"href":"https:\/\/www.iquilibrio.com\/blog\/wp-json\/wp\/v2\/media\/22511"}],"wp:attachment":[{"href":"https:\/\/www.iquilibrio.com\/blog\/wp-json\/wp\/v2\/media?parent=20993"}],"wp:term":[{"taxonomy":"category","embeddable":true,"href":"https:\/\/www.iquilibrio.com\/blog\/wp-json\/wp\/v2\/categories?post=20993"},{"taxonomy":"post_tag","embeddable":true,"href":"https:\/\/www.iquilibrio.com\/blog\/wp-json\/wp\/v2\/tags?post=20993"}],"curies":[{"name":"wp","href":"https:\/\/api.w.org\/{rel}","templated":true}]}}