{"id":20363,"date":"2018-10-27T09:00:36","date_gmt":"2018-10-27T11:00:36","guid":{"rendered":"https:\/\/www.iquilibrio.com\/blog\/?p=20363"},"modified":"2019-03-20T11:50:22","modified_gmt":"2019-03-20T13:50:22","slug":"nao-sabe-orixa-2019-pai-wellington","status":"publish","type":"post","link":"https:\/\/www.iquilibrio.com\/blog\/espiritualidade\/umbanda-candomble\/nao-sabe-orixa-2019-pai-wellington\/","title":{"rendered":"Por que ainda n\u00e3o temos certeza sobre o Orix\u00e1 regente de 2019? &#8211; por Pai Wellington"},"content":{"rendered":"<h2><img loading=\"lazy\" decoding=\"async\" class=\"size-full wp-image-20364 alignleft\" src=\"https:\/\/www.iquilibrio.com\/blog\/wp-content\/uploads\/2018\/10\/pai-wellington.png\" alt=\"\" width=\"100\" height=\"100\" \/>Saiba mais sobre o consultor Pai Wellington<\/h2>\n<p>Pai Wellington \u00e9 Pai de Santo e especialista em jogo de cartas como o Tarot e Baralho Cigano, al\u00e9m claro, dos B\u00fazios. Sua sabedoria provinda de sua mediunidade devido ao seu trabalho na espiritualidade traz paz espiritual e esclarecimentos preciosos para quem se consulta com ele. Conhe\u00e7a as vantagens do forte poder intuitivo do Pai Wellington em um atendimento revelador para sua vida, <a href=\"https:\/\/www.iquilibrio.com\/esotericos\/pai-wellington\/\"><span class=\"class-texto-consultor\">clique aqui<\/span><\/a> e confira!<\/p>\n<h2>Por que ainda n\u00e3o h\u00e1 certeza sobre o Orix\u00e1 2019? &#8211; pelo consultor Pai Wellington<\/h2>\n<p>Meu Mojub\u00e1 Gbogbo (Respeitos a todos), Eu sou Babaloris\u00e1 Wellington t Og\u00fan. Irei falar um pouco sobre import\u00e2ncia das <strong>previs\u00f5es e orix\u00e1s regentes de cada ano<\/strong>.<\/p>\n<p>Bom, vamos falar de <strong>previs\u00f5es sobre o ano que ir\u00e1 iniciar<\/strong>, a import\u00e2ncia e o porqu\u00ea de se ver <strong>quais orix\u00e1s que ir\u00e3o reger o ano<\/strong>. Antes de tudo devemos entender um pouco sobre o or\u00e1culo que ser\u00e1 utilizado para que possamos fazer as ditas <strong>previs\u00f5es, e orix\u00e1s<\/strong> que ir\u00e3o reger o ano, tratando-se de orix\u00e1 \u00e9 usado o M\u00e9rindilog\u00fan mais conhecido como\u00a0<a href=\"https:\/\/www.iquilibrio.com\/blog\/oraculos\/buzios\/jogo-de-buzios-online\/\"><strong><span class=\"class-texto-produtos\">Jogo de B\u00fazios<\/span><\/strong><\/a>, que tamb\u00e9m serve e \u00e9 usado para previs\u00f5es.<\/p>\n<p style=\"text-align: center;\"><a href=\"https:\/\/www.iquilibrio.com\/buzios\/\"><span class=\"td_btn td_btn_lg td_round_btn class-cta1\" style=\"color: #ffffff;\">Receba as Mensagens Divinas Dos Orix\u00e1s Por Especialistas em Jogo de B\u00fazios Online. CLIQUE AQUI<\/span><\/a><\/p>\n<p>Previs\u00f5es estas que podem ser feitas para as \u00e1reas do campo afetivo, profissional, financeiro e diversas outras \u00e1reas. Bom vamos l\u00e1, o M\u00e9rindilog\u00fan (Jogo de B\u00fazios) \u00e9 composto por 16 B\u00fazios sendo estes 16 b\u00fazios que remetem <a href=\"https:\/\/www.iquilibrio.com\/blog\/espiritualidade\/umbanda-candomble\/significado-odus\/\">\u00e0s mensagens dos od\u00fas<\/a> e fala dos orix\u00e1s, que nos orienta sobre o passado, presente e futuro.<\/p>\n<p>E logo tamb\u00e9m traz orienta\u00e7\u00f5es para que possamos achar um caminho para solucionar alguns percal\u00e7os que podemos esta passando dentro do nosso cotidiano.<\/p>\n<p>Estes 16 od\u00fas cujo cada um tem suas receptivas caracter\u00edsticas, e dentro de suas ca\u00eddas trazem as ditas previs\u00f5es. S\u00e3o eles, Okaran, Mejioko, Etaogunda, Yorosun, Os\u00ea, Obar\u00e1, Od\u00ed, Ejionil\u00e9, Os\u00e1, Ofun, Warin, Ejilasebor\u00e1, Ejiolobon, Ik\u00e1, Obeogund\u00e1, Alafi\u00e1.<\/p>\n<p>Agora que j\u00e1 falamos um pouco sobre como funciona o or\u00e1culo usado para as previs\u00f5es e os orix\u00e1s, vamos falar sobre a import\u00e2ncia destas previs\u00f5es e qual a data ideal para se ter uma assertividade mais positiva sobre qual orix\u00e1 reger\u00e1 determinado ano.<\/p>\n<h2>A import\u00e2ncia das Previs\u00f5es<\/h2>\n<p>Sabemos que a precau\u00e7\u00e3o sempre \u00e9 muito boa de termos dentro de nosso cotidiano e as previs\u00f5es n\u00e3o deixa de serem precau\u00e7\u00f5es, onde se busca o melhor caminho a ser seguido, cuidados a serem tomados. Seja estas previs\u00f5es tiradas de um jogo de b\u00fazios, tar\u00f4, baralho e v\u00e1rios outros or\u00e1culos, sendo assim sempre devemos atentar e buscar seguir as orienta\u00e7\u00f5es da previs\u00f5es.<\/p>\n<p>\u00c9 muito bom ressaltar que ao buscar uma previs\u00e3o n\u00e3o s\u00f3 apenas busque um oraculista id\u00f4neo, como tamb\u00e9m deve se saber que ap\u00f3s estas previs\u00f5es deve se buscar seguir a maioria das orienta\u00e7\u00f5es, pois existe um ditado dentro do mundo espiritual onde falamos: <em>\u201c Enquanto n\u00e3o sabemos n\u00e3o merecemos castigos, ap\u00f3s sabermos temos que colocar em pr\u00e1tica\u201d.<\/em> \u00c9 dito viver no erro porque queira, logo tamb\u00e9m ao ter suas previs\u00f5es isto poder\u00e1 lhe livrar de v\u00e1rios acontecimentos e aborrecimentos.<\/p>\n<p>A previs\u00f5es elas vem n\u00e3o s\u00f3 para lado amoroso, mais tamb\u00e9m para precaver at\u00e9 mesmo problemas de sa\u00fade que possam a\u00ed ser descobertos com anteced\u00eancia, problemas financeiros ou at\u00e9 passos que ser\u00e3o dados e uma s\u00e9rie de coisas.<\/p>\n<p><strong>Devemos atentar que \u00e9 de suma import\u00e2ncia colocar em pr\u00e1tica toda orienta\u00e7\u00e3o que lhe for dada dentro das previs\u00f5es, pois cada previs\u00e3o tamb\u00e9m depende de suas a\u00e7\u00f5es at\u00e9 mesmo porque o livre-arb\u00edtrio que ir\u00e1 conduzir tamb\u00e9m o desfecho de tudo, ou seja um caminho diferente tomado das previs\u00f5es poder\u00e1 mudar o cen\u00e1rio das demais situa\u00e7\u00f5es.<\/strong><\/p>\n<h2>Os Orix\u00e1s regente de cada ano<\/h2>\n<p>Bom, agora vamos falar sobre os orix\u00e1s que regem o ano, sempre no \u00faltimo m\u00eas do ano mais precisamente na segunda quinzena \u00e9 feito um jogo de b\u00fazios por diversas casas de Candombl\u00e9, a fim de sabermos quais orix\u00e1s que ir\u00e3o reger o ano, visto que dentro de cada caracter\u00edstica dos receptivos orix\u00e1s possa se ter uma previs\u00e3o de como ser\u00e1 o ano, portando dentro desta leitura se busca a\u00ed prever algumas situa\u00e7\u00f5es que possam atrapalhar ou at\u00e9 mesmo fazer com que desistimos de algo.<\/p>\n<p><strong>Ent\u00e3o, quem \u00e9 do Candombl\u00e9 sabe que para afirmar de fato qual o Orix\u00e1 regente do ano, \u00e9 necess\u00e1rio a chegada do \u00faltimo m\u00eas do ano, pois s\u00f3 assim teremos a real no\u00e7\u00e3o das for\u00e7as vindas no ano que surgir\u00e1.<\/strong><\/p>\n<p>Os orix\u00e1s s\u00e3o<strong> Deuses africanos<\/strong> onde cada um tem seu dom\u00ednio e que tamb\u00e9m representam os 4 elementos da natureza: \u00e1gua, ar, fogo e terra, sendo tamb\u00e9m que os orix\u00e1s em seus dom\u00ednios tais como: justi\u00e7a, caminhos, amor, fartura e etc.<\/p>\n<p>Orix\u00e1s estes que s\u00e3o, <a href=\"https:\/\/www.iquilibrio.com\/blog\/espiritualidade\/umbanda-candomble\/exu-orixa\/\">Exu<\/a>, <a href=\"https:\/\/www.iquilibrio.com\/blog\/espiritualidade\/umbanda-candomble\/tudo-sobre-ogum\/\">Og\u00fan<\/a>, <a href=\"https:\/\/www.iquilibrio.com\/blog\/espiritualidade\/umbanda-candomble\/tudo-sobre-oxossi\/\">Ossosi<\/a>, Oti, <a href=\"https:\/\/www.iquilibrio.com\/blog\/espiritualidade\/umbanda-candomble\/tudo-sobre-obaluaie\/\">Omolu<\/a>, <a href=\"https:\/\/www.iquilibrio.com\/blog\/espiritualidade\/umbanda-candomble\/tudo-sobre-ossain\/\">Osain<\/a>, <a href=\"https:\/\/www.iquilibrio.com\/blog\/espiritualidade\/umbanda-candomble\/tudo-sobre-iroko\/\">Iroko<\/a>, <a href=\"https:\/\/www.iquilibrio.com\/blog\/espiritualidade\/umbanda-candomble\/tudo-sobre-oxumare\/\">Osumar\u00ea<\/a>, <a href=\"https:\/\/www.iquilibrio.com\/blog\/espiritualidade\/umbanda-candomble\/tudo-sobre-nana\/\">Nana<\/a>, <a href=\"https:\/\/www.iquilibrio.com\/blog\/espiritualidade\/umbanda-candomble\/tudo-sobre-oxum\/\">Oxum<\/a>, <a href=\"https:\/\/www.iquilibrio.com\/blog\/espiritualidade\/umbanda-candomble\/tudo-sobre-logunede\/\">Loguned\u00e9<\/a>,<a href=\"https:\/\/www.iquilibrio.com\/blog\/espiritualidade\/umbanda-candomble\/tudo-sobre-oba\/\"> Ob\u00e1<\/a>, <a href=\"https:\/\/www.iquilibrio.com\/blog\/espiritualidade\/umbanda-candomble\/tudo-sobre-ewa\/\">Iewa<\/a>, <a href=\"https:\/\/www.iquilibrio.com\/blog\/espiritualidade\/umbanda-candomble\/tudo-sobre-iansa-oya\/\">Oya<\/a>, <a href=\"https:\/\/www.iquilibrio.com\/blog\/espiritualidade\/umbanda-candomble\/iemanja-rainha-mar\/\">Yemanj\u00e1<\/a>, <a href=\"https:\/\/www.iquilibrio.com\/blog\/espiritualidade\/umbanda-candomble\/tudo-sobre-xango\/\">Sango<\/a>, <a href=\"https:\/\/www.iquilibrio.com\/blog\/espiritualidade\/umbanda-candomble\/tudo-sobre-oxala\/\">Osaguian, Osalufon<\/a>.<\/p>\n<p>Cada ano podemos dizer que fica dividido em tr\u00eas quadrimestres, com as influ\u00eancias de um orix\u00e1 a cada quadrimestre, mais ainda sim pode se ter a\u00ed as influ\u00eancias de um orix\u00e1 no quadrimestre do outro.<\/p>\n<p>Mas lembrando que independente dos<strong> orix\u00e1s regentes do ano<\/strong> vale ressaltar que o orix\u00e1 que ir\u00e1 est\u00e1 mais pr\u00f3ximo de voc\u00ea, \u00e9 o seu, ele que ir\u00e1 lhe embalar em qualquer situa\u00e7\u00e3o qual for ela. Muitas das vezes uma boa consulta (Previs\u00e3o) pode nos fortalecer e nos livrar de algo, assim nos protegendo ou at\u00e9 mesmo nos ajudando a prevenir em todos aspectos.<\/p>\n<p>Babalorix\u00e1 Wellington T Og\u00fan<\/p>\n<p>Quer mais previs\u00f5es? Ent\u00e3o veja o que a consultora B\u00e1rbara tem a dizer sobre o <strong><a href=\"https:\/\/www.iquilibrio.com\/blog\/espiritualidade\/anjos\/anjo-regente-de-2019\/\">Anjo regente de 2019<\/a><\/strong>!<\/p>\n<p style=\"text-align: center;\"><span style=\"color: #ffffff;\"><a style=\"color: #ffffff;\" href=\"https:\/\/www.iquilibrio.com\/numerologia\/cabala-odus\/\"><span class=\"td_btn td_btn_lg td_round_btn class-cta2\">Receba Aqui as Melhores Orienta\u00e7\u00f5es Transmitidas Pelo Poder Dos Od\u00fas<\/span><\/a><\/span><\/p>\n\n\n<div class=\"kk-star-ratings kksr-auto kksr-align-left kksr-valign-bottom\"\n    data-payload='{&quot;align&quot;:&quot;left&quot;,&quot;id&quot;:&quot;20363&quot;,&quot;slug&quot;:&quot;default&quot;,&quot;valign&quot;:&quot;bottom&quot;,&quot;ignore&quot;:&quot;&quot;,&quot;reference&quot;:&quot;auto&quot;,&quot;class&quot;:&quot;&quot;,&quot;count&quot;:&quot;2&quot;,&quot;legendonly&quot;:&quot;&quot;,&quot;readonly&quot;:&quot;&quot;,&quot;score&quot;:&quot;2&quot;,&quot;starsonly&quot;:&quot;&quot;,&quot;best&quot;:&quot;5&quot;,&quot;gap&quot;:&quot;5&quot;,&quot;greet&quot;:&quot;Rate this post&quot;,&quot;legend&quot;:&quot;2\\\/5 - (2 votos)&quot;,&quot;size&quot;:&quot;24&quot;,&quot;title&quot;:&quot;Por que ainda n\u00e3o temos certeza sobre o Orix\u00e1 regente de 2019? - por Pai Wellington&quot;,&quot;width&quot;:&quot;55.5&quot;,&quot;_legend&quot;:&quot;{score}\\\/{best} - ({count} {votes})&quot;,&quot;font_factor&quot;:&quot;1.25&quot;}'>\n            \n<div class=\"kksr-stars\">\n    \n<div class=\"kksr-stars-inactive\">\n            <div class=\"kksr-star\" data-star=\"1\" style=\"padding-right: 5px\">\n            \n\n<div class=\"kksr-icon\" style=\"width: 24px; height: 24px;\"><\/div>\n        <\/div>\n            <div class=\"kksr-star\" data-star=\"2\" style=\"padding-right: 5px\">\n            \n\n<div class=\"kksr-icon\" style=\"width: 24px; height: 24px;\"><\/div>\n        <\/div>\n            <div class=\"kksr-star\" data-star=\"3\" style=\"padding-right: 5px\">\n            \n\n<div class=\"kksr-icon\" style=\"width: 24px; height: 24px;\"><\/div>\n        <\/div>\n            <div class=\"kksr-star\" data-star=\"4\" style=\"padding-right: 5px\">\n            \n\n<div class=\"kksr-icon\" style=\"width: 24px; height: 24px;\"><\/div>\n        <\/div>\n            <div class=\"kksr-star\" data-star=\"5\" style=\"padding-right: 5px\">\n            \n\n<div class=\"kksr-icon\" style=\"width: 24px; height: 24px;\"><\/div>\n        <\/div>\n    <\/div>\n    \n<div class=\"kksr-stars-active\" style=\"width: 55.5px;\">\n            <div class=\"kksr-star\" style=\"padding-right: 5px\">\n            \n\n<div class=\"kksr-icon\" style=\"width: 24px; height: 24px;\"><\/div>\n        <\/div>\n            <div class=\"kksr-star\" style=\"padding-right: 5px\">\n            \n\n<div class=\"kksr-icon\" style=\"width: 24px; height: 24px;\"><\/div>\n        <\/div>\n            <div class=\"kksr-star\" style=\"padding-right: 5px\">\n            \n\n<div class=\"kksr-icon\" style=\"width: 24px; height: 24px;\"><\/div>\n        <\/div>\n            <div class=\"kksr-star\" style=\"padding-right: 5px\">\n            \n\n<div class=\"kksr-icon\" style=\"width: 24px; height: 24px;\"><\/div>\n        <\/div>\n            <div class=\"kksr-star\" style=\"padding-right: 5px\">\n            \n\n<div class=\"kksr-icon\" style=\"width: 24px; height: 24px;\"><\/div>\n        <\/div>\n    <\/div>\n<\/div>\n                \n\n<div class=\"kksr-legend\" style=\"font-size: 19.2px;\">\n            2\/5 - (2 votos)    <\/div>\n    <\/div>\n","protected":false},"excerpt":{"rendered":"<p>Saiba mais sobre o consultor Pai Wellington Pai Wellington \u00e9 Pai de Santo e especialista em jogo de cartas como o Tarot e Baralho Cigano, al\u00e9m claro, dos B\u00fazios. Sua sabedoria provinda de sua mediunidade devido ao seu trabalho na espiritualidade traz paz espiritual e esclarecimentos preciosos para quem se consulta com ele. Conhe\u00e7a as [&hellip;]<\/p>\n","protected":false},"author":20,"featured_media":20368,"comment_status":"open","ping_status":"open","sticky":false,"template":"","format":"standard","meta":{"footnotes":""},"categories":[503],"tags":[3736,3738,3735,3737],"class_list":["post-20363","post","type-post","status-publish","format-standard","has-post-thumbnail","hentry","category-umbanda-candomble","tag-orixa-de-2019","tag-orixa-do-ano-de-2019","tag-orixa-regente","tag-orixa-regente-de-2019"],"yoast_head":"<!-- This site is optimized with the Yoast SEO plugin v27.4 - https:\/\/yoast.com\/product\/yoast-seo-wordpress\/ -->\n<title>Por Que Ainda N\u00e3o Tem o Orix\u00e1 de 2019? - Pelo Consultor Pai Wellington<\/title>\n<meta name=\"description\" content=\"Voc\u00ea sabia que ainda n\u00e3o \u00e9 poss\u00edvel informar o Orix\u00e1 de 2019? A explica\u00e7\u00e3o est\u00e1 ligada \u00e0 tradi\u00e7\u00e3o do Candombl\u00e9 e aqui voc\u00ea saber\u00e1 o motivo.\" \/>\n<meta name=\"robots\" content=\"index, follow, max-snippet:-1, max-image-preview:large, max-video-preview:-1\" \/>\n<link rel=\"canonical\" href=\"https:\/\/www.iquilibrio.com\/blog\/espiritualidade\/umbanda-candomble\/nao-sabe-orixa-2019-pai-wellington\/\" \/>\n<meta property=\"og:locale\" content=\"pt_BR\" \/>\n<meta property=\"og:type\" content=\"article\" \/>\n<meta property=\"og:title\" content=\"Por Que Ainda N\u00e3o Tem o Orix\u00e1 de 2019? - Pelo Consultor Pai Wellington\" \/>\n<meta property=\"og:description\" content=\"Voc\u00ea sabia que ainda n\u00e3o \u00e9 poss\u00edvel informar o Orix\u00e1 de 2019? A explica\u00e7\u00e3o est\u00e1 ligada \u00e0 tradi\u00e7\u00e3o do Candombl\u00e9 e aqui voc\u00ea saber\u00e1 o motivo.\" \/>\n<meta property=\"og:url\" content=\"https:\/\/www.iquilibrio.com\/blog\/espiritualidade\/umbanda-candomble\/nao-sabe-orixa-2019-pai-wellington\/\" \/>\n<meta property=\"og:site_name\" content=\"iQuilibrio\" \/>\n<meta property=\"article:publisher\" content=\"https:\/\/www.facebook.com\/iQuilibrio\/\" \/>\n<meta property=\"article:published_time\" content=\"2018-10-27T11:00:36+00:00\" \/>\n<meta property=\"article:modified_time\" content=\"2019-03-20T13:50:22+00:00\" \/>\n<meta property=\"og:image\" content=\"https:\/\/www.iquilibrio.com\/blog\/wp-content\/uploads\/2018\/10\/orixa-2019.jpg\" \/>\n\t<meta property=\"og:image:width\" content=\"900\" \/>\n\t<meta property=\"og:image:height\" content=\"560\" \/>\n\t<meta property=\"og:image:type\" content=\"image\/jpeg\" \/>\n<meta name=\"author\" content=\"Reda\u00e7\u00e3o iQuilibrio\" \/>\n<meta name=\"twitter:card\" content=\"summary_large_image\" \/>\n<meta name=\"twitter:creator\" content=\"@iquilibrio\" \/>\n<meta name=\"twitter:site\" content=\"@iquilibrio\" \/>\n<meta name=\"twitter:label1\" content=\"Escrito por\" \/>\n\t<meta name=\"twitter:data1\" content=\"Reda\u00e7\u00e3o iQuilibrio\" \/>\n\t<meta name=\"twitter:label2\" content=\"Est. tempo de leitura\" \/>\n\t<meta name=\"twitter:data2\" content=\"5 minutos\" \/>\n<script type=\"application\/ld+json\" class=\"yoast-schema-graph\">{\"@context\":\"https:\\\/\\\/schema.org\",\"@graph\":[{\"@type\":\"Article\",\"@id\":\"https:\\\/\\\/www.iquilibrio.com\\\/blog\\\/espiritualidade\\\/umbanda-candomble\\\/nao-sabe-orixa-2019-pai-wellington\\\/#article\",\"isPartOf\":{\"@id\":\"https:\\\/\\\/www.iquilibrio.com\\\/blog\\\/espiritualidade\\\/umbanda-candomble\\\/nao-sabe-orixa-2019-pai-wellington\\\/\"},\"author\":{\"name\":\"Reda\u00e7\u00e3o iQuilibrio\",\"@id\":\"https:\\\/\\\/www.iquilibrio.com\\\/blog\\\/#\\\/schema\\\/person\\\/199505a1f0db0d00f022188666c75dca\"},\"headline\":\"Por que ainda n\u00e3o temos certeza sobre o Orix\u00e1 regente de 2019? &#8211; por Pai Wellington\",\"datePublished\":\"2018-10-27T11:00:36+00:00\",\"dateModified\":\"2019-03-20T13:50:22+00:00\",\"mainEntityOfPage\":{\"@id\":\"https:\\\/\\\/www.iquilibrio.com\\\/blog\\\/espiritualidade\\\/umbanda-candomble\\\/nao-sabe-orixa-2019-pai-wellington\\\/\"},\"wordCount\":1049,\"commentCount\":0,\"publisher\":{\"@id\":\"https:\\\/\\\/www.iquilibrio.com\\\/blog\\\/#organization\"},\"image\":{\"@id\":\"https:\\\/\\\/www.iquilibrio.com\\\/blog\\\/espiritualidade\\\/umbanda-candomble\\\/nao-sabe-orixa-2019-pai-wellington\\\/#primaryimage\"},\"thumbnailUrl\":\"https:\\\/\\\/www.iquilibrio.com\\\/blog\\\/wp-content\\\/uploads\\\/2018\\\/10\\\/orixa-2019.jpg\",\"keywords\":[\"orix\u00e1 de 2019\",\"orix\u00e1 do ano de 2019\",\"orix\u00e1 regente\",\"orix\u00e1 regente de 2019\"],\"articleSection\":[\"Umbanda e Candombl\u00e9\"],\"inLanguage\":\"pt-BR\"},{\"@type\":\"WebPage\",\"@id\":\"https:\\\/\\\/www.iquilibrio.com\\\/blog\\\/espiritualidade\\\/umbanda-candomble\\\/nao-sabe-orixa-2019-pai-wellington\\\/\",\"url\":\"https:\\\/\\\/www.iquilibrio.com\\\/blog\\\/espiritualidade\\\/umbanda-candomble\\\/nao-sabe-orixa-2019-pai-wellington\\\/\",\"name\":\"Por Que Ainda N\u00e3o Tem o Orix\u00e1 de 2019? - Pelo Consultor Pai Wellington\",\"isPartOf\":{\"@id\":\"https:\\\/\\\/www.iquilibrio.com\\\/blog\\\/#website\"},\"primaryImageOfPage\":{\"@id\":\"https:\\\/\\\/www.iquilibrio.com\\\/blog\\\/espiritualidade\\\/umbanda-candomble\\\/nao-sabe-orixa-2019-pai-wellington\\\/#primaryimage\"},\"image\":{\"@id\":\"https:\\\/\\\/www.iquilibrio.com\\\/blog\\\/espiritualidade\\\/umbanda-candomble\\\/nao-sabe-orixa-2019-pai-wellington\\\/#primaryimage\"},\"thumbnailUrl\":\"https:\\\/\\\/www.iquilibrio.com\\\/blog\\\/wp-content\\\/uploads\\\/2018\\\/10\\\/orixa-2019.jpg\",\"datePublished\":\"2018-10-27T11:00:36+00:00\",\"dateModified\":\"2019-03-20T13:50:22+00:00\",\"description\":\"Voc\u00ea sabia que ainda n\u00e3o \u00e9 poss\u00edvel informar o Orix\u00e1 de 2019? A explica\u00e7\u00e3o est\u00e1 ligada \u00e0 tradi\u00e7\u00e3o do Candombl\u00e9 e aqui voc\u00ea saber\u00e1 o motivo.\",\"breadcrumb\":{\"@id\":\"https:\\\/\\\/www.iquilibrio.com\\\/blog\\\/espiritualidade\\\/umbanda-candomble\\\/nao-sabe-orixa-2019-pai-wellington\\\/#breadcrumb\"},\"inLanguage\":\"pt-BR\",\"potentialAction\":[{\"@type\":\"ReadAction\",\"target\":[\"https:\\\/\\\/www.iquilibrio.com\\\/blog\\\/espiritualidade\\\/umbanda-candomble\\\/nao-sabe-orixa-2019-pai-wellington\\\/\"]}]},{\"@type\":\"ImageObject\",\"inLanguage\":\"pt-BR\",\"@id\":\"https:\\\/\\\/www.iquilibrio.com\\\/blog\\\/espiritualidade\\\/umbanda-candomble\\\/nao-sabe-orixa-2019-pai-wellington\\\/#primaryimage\",\"url\":\"https:\\\/\\\/www.iquilibrio.com\\\/blog\\\/wp-content\\\/uploads\\\/2018\\\/10\\\/orixa-2019.jpg\",\"contentUrl\":\"https:\\\/\\\/www.iquilibrio.com\\\/blog\\\/wp-content\\\/uploads\\\/2018\\\/10\\\/orixa-2019.jpg\",\"width\":900,\"height\":560,\"caption\":\"orix\u00e1 regente 2019\"},{\"@type\":\"BreadcrumbList\",\"@id\":\"https:\\\/\\\/www.iquilibrio.com\\\/blog\\\/espiritualidade\\\/umbanda-candomble\\\/nao-sabe-orixa-2019-pai-wellington\\\/#breadcrumb\",\"itemListElement\":[{\"@type\":\"ListItem\",\"position\":1,\"name\":\"In\u00edcio\",\"item\":\"https:\\\/\\\/www.iquilibrio.com\\\/blog\\\/\"},{\"@type\":\"ListItem\",\"position\":2,\"name\":\"Por que ainda n\u00e3o temos certeza sobre o Orix\u00e1 regente de 2019? &#8211; por Pai Wellington\"}]},{\"@type\":\"WebSite\",\"@id\":\"https:\\\/\\\/www.iquilibrio.com\\\/blog\\\/#website\",\"url\":\"https:\\\/\\\/www.iquilibrio.com\\\/blog\\\/\",\"name\":\"iQuilibrio\",\"description\":\"Blog iQuilibrio\",\"publisher\":{\"@id\":\"https:\\\/\\\/www.iquilibrio.com\\\/blog\\\/#organization\"},\"potentialAction\":[{\"@type\":\"SearchAction\",\"target\":{\"@type\":\"EntryPoint\",\"urlTemplate\":\"https:\\\/\\\/www.iquilibrio.com\\\/blog\\\/?s={search_term_string}\"},\"query-input\":{\"@type\":\"PropertyValueSpecification\",\"valueRequired\":true,\"valueName\":\"search_term_string\"}}],\"inLanguage\":\"pt-BR\"},{\"@type\":\"Organization\",\"@id\":\"https:\\\/\\\/www.iquilibrio.com\\\/blog\\\/#organization\",\"name\":\"Esoterismo, Misticismo e Tarot Online - iQuilibrio\",\"url\":\"https:\\\/\\\/www.iquilibrio.com\\\/blog\\\/\",\"logo\":{\"@type\":\"ImageObject\",\"inLanguage\":\"pt-BR\",\"@id\":\"https:\\\/\\\/www.iquilibrio.com\\\/blog\\\/#\\\/schema\\\/logo\\\/image\\\/\",\"url\":\"https:\\\/\\\/www.iquilibrio.com\\\/blog\\\/wp-content\\\/uploads\\\/2018\\\/12\\\/iquilibrio_lovo_vetor_preto-retina.png\",\"contentUrl\":\"https:\\\/\\\/www.iquilibrio.com\\\/blog\\\/wp-content\\\/uploads\\\/2018\\\/12\\\/iquilibrio_lovo_vetor_preto-retina.png\",\"width\":972,\"height\":180,\"caption\":\"Esoterismo, Misticismo e Tarot Online - iQuilibrio\"},\"image\":{\"@id\":\"https:\\\/\\\/www.iquilibrio.com\\\/blog\\\/#\\\/schema\\\/logo\\\/image\\\/\"},\"sameAs\":[\"https:\\\/\\\/www.facebook.com\\\/iQuilibrio\\\/\",\"https:\\\/\\\/x.com\\\/iquilibrio\",\"https:\\\/\\\/www.instagram.com\\\/iquilibrio\\\/\",\"https:\\\/\\\/www.linkedin.com\\\/company\\\/iquilibrio\\\/\",\"https:\\\/\\\/br.pinterest.com\\\/iquilibrio1397\\\/\",\"https:\\\/\\\/www.youtube.com\\\/channel\\\/UC175qxd-4Zsi4wzawT5zF2g\"]},{\"@type\":\"Person\",\"@id\":\"https:\\\/\\\/www.iquilibrio.com\\\/blog\\\/#\\\/schema\\\/person\\\/199505a1f0db0d00f022188666c75dca\",\"name\":\"Reda\u00e7\u00e3o iQuilibrio\",\"image\":{\"@type\":\"ImageObject\",\"inLanguage\":\"pt-BR\",\"@id\":\"https:\\\/\\\/www.iquilibrio.com\\\/blog\\\/wp-content\\\/uploads\\\/2021\\\/12\\\/Consulta-por-email-3-150x150.png\",\"url\":\"https:\\\/\\\/www.iquilibrio.com\\\/blog\\\/wp-content\\\/uploads\\\/2021\\\/12\\\/Consulta-por-email-3-150x150.png\",\"contentUrl\":\"https:\\\/\\\/www.iquilibrio.com\\\/blog\\\/wp-content\\\/uploads\\\/2021\\\/12\\\/Consulta-por-email-3-150x150.png\",\"caption\":\"Reda\u00e7\u00e3o iQuilibrio\"},\"description\":\"A equipe de reda\u00e7\u00e3o da iQuilibrio \u00e9 composta pelos mais diversos especialistas e esot\u00e9ricos. Al\u00e9m de dominar a arte de traduzir as energias que o universo emana, nossos redatores sentem imenso prazer em trabalhar com palavras. Boa leitura e um \u00f3timo aprendizado!\",\"url\":\"https:\\\/\\\/www.iquilibrio.com\\\/blog\\\/author\\\/juliana\\\/\"}]}<\/script>\n<!-- \/ Yoast SEO plugin. -->","yoast_head_json":{"title":"Por Que Ainda N\u00e3o Tem o Orix\u00e1 de 2019? - Pelo Consultor Pai Wellington","description":"Voc\u00ea sabia que ainda n\u00e3o \u00e9 poss\u00edvel informar o Orix\u00e1 de 2019? A explica\u00e7\u00e3o est\u00e1 ligada \u00e0 tradi\u00e7\u00e3o do Candombl\u00e9 e aqui voc\u00ea saber\u00e1 o motivo.","robots":{"index":"index","follow":"follow","max-snippet":"max-snippet:-1","max-image-preview":"max-image-preview:large","max-video-preview":"max-video-preview:-1"},"canonical":"https:\/\/www.iquilibrio.com\/blog\/espiritualidade\/umbanda-candomble\/nao-sabe-orixa-2019-pai-wellington\/","og_locale":"pt_BR","og_type":"article","og_title":"Por Que Ainda N\u00e3o Tem o Orix\u00e1 de 2019? - Pelo Consultor Pai Wellington","og_description":"Voc\u00ea sabia que ainda n\u00e3o \u00e9 poss\u00edvel informar o Orix\u00e1 de 2019? A explica\u00e7\u00e3o est\u00e1 ligada \u00e0 tradi\u00e7\u00e3o do Candombl\u00e9 e aqui voc\u00ea saber\u00e1 o motivo.","og_url":"https:\/\/www.iquilibrio.com\/blog\/espiritualidade\/umbanda-candomble\/nao-sabe-orixa-2019-pai-wellington\/","og_site_name":"iQuilibrio","article_publisher":"https:\/\/www.facebook.com\/iQuilibrio\/","article_published_time":"2018-10-27T11:00:36+00:00","article_modified_time":"2019-03-20T13:50:22+00:00","og_image":[{"width":900,"height":560,"url":"https:\/\/www.iquilibrio.com\/blog\/wp-content\/uploads\/2018\/10\/orixa-2019.jpg","type":"image\/jpeg"}],"author":"Reda\u00e7\u00e3o iQuilibrio","twitter_card":"summary_large_image","twitter_creator":"@iquilibrio","twitter_site":"@iquilibrio","twitter_misc":{"Escrito por":"Reda\u00e7\u00e3o iQuilibrio","Est. tempo de leitura":"5 minutos"},"schema":{"@context":"https:\/\/schema.org","@graph":[{"@type":"Article","@id":"https:\/\/www.iquilibrio.com\/blog\/espiritualidade\/umbanda-candomble\/nao-sabe-orixa-2019-pai-wellington\/#article","isPartOf":{"@id":"https:\/\/www.iquilibrio.com\/blog\/espiritualidade\/umbanda-candomble\/nao-sabe-orixa-2019-pai-wellington\/"},"author":{"name":"Reda\u00e7\u00e3o iQuilibrio","@id":"https:\/\/www.iquilibrio.com\/blog\/#\/schema\/person\/199505a1f0db0d00f022188666c75dca"},"headline":"Por que ainda n\u00e3o temos certeza sobre o Orix\u00e1 regente de 2019? &#8211; por Pai Wellington","datePublished":"2018-10-27T11:00:36+00:00","dateModified":"2019-03-20T13:50:22+00:00","mainEntityOfPage":{"@id":"https:\/\/www.iquilibrio.com\/blog\/espiritualidade\/umbanda-candomble\/nao-sabe-orixa-2019-pai-wellington\/"},"wordCount":1049,"commentCount":0,"publisher":{"@id":"https:\/\/www.iquilibrio.com\/blog\/#organization"},"image":{"@id":"https:\/\/www.iquilibrio.com\/blog\/espiritualidade\/umbanda-candomble\/nao-sabe-orixa-2019-pai-wellington\/#primaryimage"},"thumbnailUrl":"https:\/\/www.iquilibrio.com\/blog\/wp-content\/uploads\/2018\/10\/orixa-2019.jpg","keywords":["orix\u00e1 de 2019","orix\u00e1 do ano de 2019","orix\u00e1 regente","orix\u00e1 regente de 2019"],"articleSection":["Umbanda e Candombl\u00e9"],"inLanguage":"pt-BR"},{"@type":"WebPage","@id":"https:\/\/www.iquilibrio.com\/blog\/espiritualidade\/umbanda-candomble\/nao-sabe-orixa-2019-pai-wellington\/","url":"https:\/\/www.iquilibrio.com\/blog\/espiritualidade\/umbanda-candomble\/nao-sabe-orixa-2019-pai-wellington\/","name":"Por Que Ainda N\u00e3o Tem o Orix\u00e1 de 2019? - Pelo Consultor Pai Wellington","isPartOf":{"@id":"https:\/\/www.iquilibrio.com\/blog\/#website"},"primaryImageOfPage":{"@id":"https:\/\/www.iquilibrio.com\/blog\/espiritualidade\/umbanda-candomble\/nao-sabe-orixa-2019-pai-wellington\/#primaryimage"},"image":{"@id":"https:\/\/www.iquilibrio.com\/blog\/espiritualidade\/umbanda-candomble\/nao-sabe-orixa-2019-pai-wellington\/#primaryimage"},"thumbnailUrl":"https:\/\/www.iquilibrio.com\/blog\/wp-content\/uploads\/2018\/10\/orixa-2019.jpg","datePublished":"2018-10-27T11:00:36+00:00","dateModified":"2019-03-20T13:50:22+00:00","description":"Voc\u00ea sabia que ainda n\u00e3o \u00e9 poss\u00edvel informar o Orix\u00e1 de 2019? A explica\u00e7\u00e3o est\u00e1 ligada \u00e0 tradi\u00e7\u00e3o do Candombl\u00e9 e aqui voc\u00ea saber\u00e1 o motivo.","breadcrumb":{"@id":"https:\/\/www.iquilibrio.com\/blog\/espiritualidade\/umbanda-candomble\/nao-sabe-orixa-2019-pai-wellington\/#breadcrumb"},"inLanguage":"pt-BR","potentialAction":[{"@type":"ReadAction","target":["https:\/\/www.iquilibrio.com\/blog\/espiritualidade\/umbanda-candomble\/nao-sabe-orixa-2019-pai-wellington\/"]}]},{"@type":"ImageObject","inLanguage":"pt-BR","@id":"https:\/\/www.iquilibrio.com\/blog\/espiritualidade\/umbanda-candomble\/nao-sabe-orixa-2019-pai-wellington\/#primaryimage","url":"https:\/\/www.iquilibrio.com\/blog\/wp-content\/uploads\/2018\/10\/orixa-2019.jpg","contentUrl":"https:\/\/www.iquilibrio.com\/blog\/wp-content\/uploads\/2018\/10\/orixa-2019.jpg","width":900,"height":560,"caption":"orix\u00e1 regente 2019"},{"@type":"BreadcrumbList","@id":"https:\/\/www.iquilibrio.com\/blog\/espiritualidade\/umbanda-candomble\/nao-sabe-orixa-2019-pai-wellington\/#breadcrumb","itemListElement":[{"@type":"ListItem","position":1,"name":"In\u00edcio","item":"https:\/\/www.iquilibrio.com\/blog\/"},{"@type":"ListItem","position":2,"name":"Por que ainda n\u00e3o temos certeza sobre o Orix\u00e1 regente de 2019? &#8211; por Pai Wellington"}]},{"@type":"WebSite","@id":"https:\/\/www.iquilibrio.com\/blog\/#website","url":"https:\/\/www.iquilibrio.com\/blog\/","name":"iQuilibrio","description":"Blog iQuilibrio","publisher":{"@id":"https:\/\/www.iquilibrio.com\/blog\/#organization"},"potentialAction":[{"@type":"SearchAction","target":{"@type":"EntryPoint","urlTemplate":"https:\/\/www.iquilibrio.com\/blog\/?s={search_term_string}"},"query-input":{"@type":"PropertyValueSpecification","valueRequired":true,"valueName":"search_term_string"}}],"inLanguage":"pt-BR"},{"@type":"Organization","@id":"https:\/\/www.iquilibrio.com\/blog\/#organization","name":"Esoterismo, Misticismo e Tarot Online - iQuilibrio","url":"https:\/\/www.iquilibrio.com\/blog\/","logo":{"@type":"ImageObject","inLanguage":"pt-BR","@id":"https:\/\/www.iquilibrio.com\/blog\/#\/schema\/logo\/image\/","url":"https:\/\/www.iquilibrio.com\/blog\/wp-content\/uploads\/2018\/12\/iquilibrio_lovo_vetor_preto-retina.png","contentUrl":"https:\/\/www.iquilibrio.com\/blog\/wp-content\/uploads\/2018\/12\/iquilibrio_lovo_vetor_preto-retina.png","width":972,"height":180,"caption":"Esoterismo, Misticismo e Tarot Online - iQuilibrio"},"image":{"@id":"https:\/\/www.iquilibrio.com\/blog\/#\/schema\/logo\/image\/"},"sameAs":["https:\/\/www.facebook.com\/iQuilibrio\/","https:\/\/x.com\/iquilibrio","https:\/\/www.instagram.com\/iquilibrio\/","https:\/\/www.linkedin.com\/company\/iquilibrio\/","https:\/\/br.pinterest.com\/iquilibrio1397\/","https:\/\/www.youtube.com\/channel\/UC175qxd-4Zsi4wzawT5zF2g"]},{"@type":"Person","@id":"https:\/\/www.iquilibrio.com\/blog\/#\/schema\/person\/199505a1f0db0d00f022188666c75dca","name":"Reda\u00e7\u00e3o iQuilibrio","image":{"@type":"ImageObject","inLanguage":"pt-BR","@id":"https:\/\/www.iquilibrio.com\/blog\/wp-content\/uploads\/2021\/12\/Consulta-por-email-3-150x150.png","url":"https:\/\/www.iquilibrio.com\/blog\/wp-content\/uploads\/2021\/12\/Consulta-por-email-3-150x150.png","contentUrl":"https:\/\/www.iquilibrio.com\/blog\/wp-content\/uploads\/2021\/12\/Consulta-por-email-3-150x150.png","caption":"Reda\u00e7\u00e3o iQuilibrio"},"description":"A equipe de reda\u00e7\u00e3o da iQuilibrio \u00e9 composta pelos mais diversos especialistas e esot\u00e9ricos. Al\u00e9m de dominar a arte de traduzir as energias que o universo emana, nossos redatores sentem imenso prazer em trabalhar com palavras. Boa leitura e um \u00f3timo aprendizado!","url":"https:\/\/www.iquilibrio.com\/blog\/author\/juliana\/"}]}},"_links":{"self":[{"href":"https:\/\/www.iquilibrio.com\/blog\/wp-json\/wp\/v2\/posts\/20363","targetHints":{"allow":["GET"]}}],"collection":[{"href":"https:\/\/www.iquilibrio.com\/blog\/wp-json\/wp\/v2\/posts"}],"about":[{"href":"https:\/\/www.iquilibrio.com\/blog\/wp-json\/wp\/v2\/types\/post"}],"author":[{"embeddable":true,"href":"https:\/\/www.iquilibrio.com\/blog\/wp-json\/wp\/v2\/users\/20"}],"replies":[{"embeddable":true,"href":"https:\/\/www.iquilibrio.com\/blog\/wp-json\/wp\/v2\/comments?post=20363"}],"version-history":[{"count":6,"href":"https:\/\/www.iquilibrio.com\/blog\/wp-json\/wp\/v2\/posts\/20363\/revisions"}],"predecessor-version":[{"id":23665,"href":"https:\/\/www.iquilibrio.com\/blog\/wp-json\/wp\/v2\/posts\/20363\/revisions\/23665"}],"wp:featuredmedia":[{"embeddable":true,"href":"https:\/\/www.iquilibrio.com\/blog\/wp-json\/wp\/v2\/media\/20368"}],"wp:attachment":[{"href":"https:\/\/www.iquilibrio.com\/blog\/wp-json\/wp\/v2\/media?parent=20363"}],"wp:term":[{"taxonomy":"category","embeddable":true,"href":"https:\/\/www.iquilibrio.com\/blog\/wp-json\/wp\/v2\/categories?post=20363"},{"taxonomy":"post_tag","embeddable":true,"href":"https:\/\/www.iquilibrio.com\/blog\/wp-json\/wp\/v2\/tags?post=20363"}],"curies":[{"name":"wp","href":"https:\/\/api.w.org\/{rel}","templated":true}]}}