{"id":20227,"date":"2018-11-05T06:00:44","date_gmt":"2018-11-05T09:00:44","guid":{"rendered":"https:\/\/www.iquilibrio.com\/blog\/?p=20227"},"modified":"2019-03-20T11:07:45","modified_gmt":"2019-03-20T13:07:45","slug":"santa-isabel-e-sao-zacarias","status":"publish","type":"post","link":"https:\/\/www.iquilibrio.com\/blog\/espiritualidade\/cristianismo\/santa-isabel-e-sao-zacarias\/","title":{"rendered":"Santa Isabel e S\u00e3o Zacarias &#8211; Hist\u00f3ria dos pais de Jo\u00e3o Batista"},"content":{"rendered":"<p>No dia 05 de novembro, Santa Izabel e S\u00e3o Zacarias, s\u00e3o considerados como<strong> santos do dia. <\/strong>E, em\u00a08 de Julho \u00e9 comemorado o <strong>dia de Santa Isabel<\/strong>. Eles s\u00e3o os pais de Jo\u00e3o Batista e tinham la\u00e7os parentescos com a <strong>Sagrada Fam\u00edlia<\/strong>. Dedicaram suas vidas \u00e0 f\u00e9, e \u00e9 por isso que a igreja comemora a<strong> festa de Santa Isabel<\/strong> junto a mem\u00f3ria de seu marido.<\/p>\n<p style=\"text-align: center;\"><a href=\"https:\/\/www.iquilibrio.com\/salmos\/\"><span class=\"td_btn td_btn_lg td_round_btn class-cta1\" style=\"color: #ffffff;\">Abra seus Caminhos AQUI com a Orienta\u00e7\u00e3o dos Melhores Especialistas em Salmos<\/span><\/a><\/p>\n<p>&nbsp;<\/p>\n<p>Voc\u00ea j\u00e1 recebeu conselhos exclusivos atrav\u00e9s dos <strong>salmos<\/strong>? Ent\u00e3o aproveite para adquirir orienta\u00e7\u00f5es espirituais, <a href=\"https:\/\/www.iquilibrio.com\/salmos\/\"><strong><span class=\"class-texto-consultas\">clique<\/span><\/strong><strong>\u00a0aqui e confira!<\/strong><\/a><\/p>\n<h2>Hist\u00f3ria de Santa Isabel e S\u00e3o Zacarias<\/h2>\n<p>Essa hist\u00f3ria parte do <strong>evangelho de S\u00e3o Lucas<\/strong>, apesar das poucas informa\u00e7\u00f5es que temos do encontro de <strong>Isabel e Maria<\/strong>, \u00e9 poss\u00edvel entender o nascimento de duas pessoas de suma import\u00e2ncia para a igreja: Jo\u00e3o Batista e Jesus Cristo. Al\u00e9m disso, percebe-se que o evangelista diz muito a respeito da santidade de Isabel e Zacarias, que possu\u00edam o cora\u00e7\u00e3o puro e eram justos!<\/p>\n<p>Os dois viviam em uma aldeia que se chamava Ain-Karim e foram escolhidos por Deus por causa de sua f\u00e9, pureza, solidariedade e amor que dedicavam ao pr\u00f3ximo. E apesar de todas essas qualidades, Isabel era est\u00e9ril. Na \u00e9poca, isso era visto como uma grande vergonha, porque uma mulher s\u00f3 poderia ser reconhecida atrav\u00e9s da maternidade.<\/p>\n<h3>Maria visita Isabel<\/h3>\n<p>Ao chegar, Maria saudou Isabel e o imposs\u00edvel aconteceu: o menino de Isabel saltou em seu ventre, ficando cheia de Esp\u00edrito Santo. Por isso, ela diz \u00e0 prima:<\/p>\n<blockquote><p>\u201cBendita \u00e9s tu entre as mulheres, e bendito \u00e9 o filho que est\u00e1s a gerar&#8230; Grande honra \u00e9 esta, a de ser visitada pela m\u00e3e do meu Senhor! Quando me deste a tua sauda\u00e7\u00e3o, no momento em que ouvi a tua voz, o menino saltou de alegria dentro de mim! \u00c9s feliz por teres crido que Deus cumpriria as coisas que te foram ditas.\u201d<\/p><\/blockquote>\n<p>Maria Respondeu:<\/p>\n<blockquote><p>\u201cOh, como eu louvo o Senhor!<br \/>\nE quanto me alegro em Deus, meu Salvador!<br \/>\nPorque reparou na sua humilde servidora,<br \/>\ne agora, por todas as gera\u00e7\u00f5es, serei chamada bendita de Deus.<br \/>\nPois ele, o Deus santo e poderoso, me fez grandes coisas.<br \/>\nA sua miseric\u00f3rdia estende\u00adse para sempre a todos os que o temem.<br \/>\nComo \u00e9 poderoso o seu forte bra\u00e7o!<br \/>\nComo faz fugir os orgulhosos e os arrogantes!<br \/>\nArrancou os pr\u00edncipes dos seus tronos e exaltou os humildes.<br \/>\nFartou os famintos com coisas boas<br \/>\ne mandou embora os ricos de m\u00e3os vazias.<br \/>\nSocorreu o povo de Israel, que o serve!<br \/>\nN\u00e3o esqueceu a sua promessa de se mostrar compassivo.<br \/>\nPorque prometeu aos nossos pais, Abra\u00e3o e seus filhos,<br \/>\nser misericordioso com eles para sempre.\u201d<\/p><\/blockquote>\n<h3>Nascimento de Jo\u00e3o Baptista<\/h3>\n<p>O anjo do Senhor apareceu para Zacarias e disse-lhe que sua mulher teria um filho cujo nome seria Jo\u00e3o, que significa &#8220;o Senhor faz gra\u00e7a&#8221;. Tamb\u00e9m lhe confidenciou que o menino honraria o nome de Deus e levaria diversas outras pessoas a acreditarem no Senhor.<\/p>\n<p>Zacarias estava incr\u00e9dulo. em consequ\u00eancia disso, um sinal muito grande aconteceu que o deixou mudo at\u00e9 o momento que Jo\u00e3o veio \u00e0 luz. Ao ver seu filho, lhe perguntaram o nome e sua voz voltou, dizendo alto e firme: &#8220;Jo\u00e3o!&#8221;.<\/p>\n<p>Logo ap\u00f3s, Zacarias cheio do Esp\u00edrito Santo, disse:<\/p>\n<blockquote><p>\u201cLouvem o Senhor, o Deus de Israel,<br \/>\nporque veio dar aux\u00edlio ao seu povo e o salvou.<br \/>\nAgora manda-\u00adnos um Salvador poderoso,<br \/>\nda descend\u00eancia do seu servo, o rei David,<br \/>\nconforme prometeu atrav\u00e9s dos santos profetas, h\u00e1 muito tempo,<br \/>\nalgu\u00e9m que nos livre dos nossos inimigos,<br \/>\nde todos os que nos odeiam.<br \/>\nTeve piedade dos nossos antepassados, sim, do pr\u00f3prio Abra\u00e3o,<br \/>\nlembrando-se da alian\u00e7a sagrada que com ele fez,<br \/>\ndando-nos o privil\u00e9gio de servir Deus sem receio,<br \/>\nlibertos dos nossos inimigos,<br \/>\ne tornando-nos santos e aceit\u00e1veis,<br \/>\naptos para estar na sua presen\u00e7a para sempre.<br \/>\nE tu, meu filho, ser\u00e1s chamado profeta do Deus glorioso,<br \/>\nporque preparar\u00e1s o caminho para o Senhor.<br \/>\nDir\u00e1s ao seu povo como achar a salva\u00e7\u00e3o,<br \/>\natrav\u00e9s do perd\u00e3o dos pecados.<br \/>\nTudo isto porque a miseric\u00f3rdia do nosso Deus \u00e9 muito grande,<br \/>\ne porque o sol divino est\u00e1 prestes a brilhar sobre n\u00f3s,<br \/>\npara dar luz aos que se encontram sentados na escurid\u00e3o<br \/>\ne na noite da morte,<br \/>\ne para nos guiar pelo caminho da paz.\u201d<\/p><\/blockquote>\n<h2>Ora\u00e7\u00e3o de Santa Isabel<\/h2>\n<h3>Ora\u00e7\u00e3o de santa Isabel prima de Maria<\/h3>\n<blockquote><p>&#8220;Deus, nosso Pai, pela for\u00e7a do vosso Esp\u00edrito, proclamemos pelo mundo, mediante o exemplo de nossas vidas, a Vossa Palavra Prof\u00e9tica. Cada um de n\u00f3s tenha respeitada a sua dignidade de filho de Deus e herdeiro das vossas promessas. Exulta muito, filha de Si\u00e3o! Grita de alegria, filha de Jerusal\u00e9m! Eis que o teu rei vem \u00e0 ti: ele \u00e9 justo e vitorioso, humilde, montado sobre um jumento, sobre um jumentinho, filho da jumenta. Ele eliminar\u00e1 os carros de Efraim e os cavalos de Jerusal\u00e9m; o arco de guerra ser\u00e1 eliminado. Ele anunciar\u00e1 a paz \u00e0s na\u00e7\u00f5es. O seu dom\u00ednio ir\u00e1 de mar a mar e do rio \u00e0s extremidades da terra&#8221;<\/p><\/blockquote>\n<h3>Ora\u00e7\u00e3o 2<\/h3>\n<blockquote><p>\u201cDai-nos, Deus, o bom exemplo da fam\u00edlia de vosso querido Filho. No ambiente de santidade, humildade e caridade viviam em ajuda fraterna S\u00e3o Jos\u00e9, o menino Jesus, a Virgem Maria e seus pais Sant\u2019Ana e S\u00e3o Joaquim. Ajudai-nos, Senhor, a ter o mesmo relacionamento de amor com nossos parentes, rezando um com os outros, repartindo o p\u00e3o cotidiano, chorando e sorrindo. Que sejamos sinais de unidade na fam\u00edlia e que saibamos que o maior mandamento \u00e9 amar o pr\u00f3ximo. Diante de vossa Divina Majestade queremos fazer o prop\u00f3sito de amar nossos parentes, auxiliando-os no que for necess\u00e1rio e deixando de lado todo o princ\u00edpio de fofoca e maldade que possa surgir no nosso cora\u00e7\u00e3o. Sagrada Fam\u00edlia de Nazar\u00e9, aben\u00e7oai meus parentes. Am\u00e9m&#8221;<\/p><\/blockquote>\n<p>Descubra como os anjos podem te ajudar! Atrav\u00e9s das<strong> cartas dos Anjos<\/strong> \u00e9 poss\u00edvel receber respostas para todas as \u00e1reas de sua vida! <a href=\"https:\/\/www.iquilibrio.com\/tarot\/anjos\/\"><strong><span class=\"class-texto-produtos\">Confira!<\/span><\/strong><\/a><\/p>\n<p style=\"text-align: center;\"><span style=\"color: #ffffff;\"><a style=\"color: #ffffff;\" href=\"https:\/\/www.iquilibrio.com\/esotericos\/\"><span class=\"td_btn td_btn_lg td_round_btn class-cta2\">Ven\u00e7a Seus Desafios de Vida Com a Ajuda de Esot\u00e9ricos Experientes<\/span><\/a><\/span><\/p>\n\n\n<div class=\"kk-star-ratings kksr-auto kksr-align-left kksr-valign-bottom\"\n    data-payload='{&quot;align&quot;:&quot;left&quot;,&quot;id&quot;:&quot;20227&quot;,&quot;slug&quot;:&quot;default&quot;,&quot;valign&quot;:&quot;bottom&quot;,&quot;ignore&quot;:&quot;&quot;,&quot;reference&quot;:&quot;auto&quot;,&quot;class&quot;:&quot;&quot;,&quot;count&quot;:&quot;0&quot;,&quot;legendonly&quot;:&quot;&quot;,&quot;readonly&quot;:&quot;&quot;,&quot;score&quot;:&quot;0&quot;,&quot;starsonly&quot;:&quot;&quot;,&quot;best&quot;:&quot;5&quot;,&quot;gap&quot;:&quot;5&quot;,&quot;greet&quot;:&quot;Rate this post&quot;,&quot;legend&quot;:&quot;0\\\/5 - (0 voto)&quot;,&quot;size&quot;:&quot;24&quot;,&quot;title&quot;:&quot;Santa Isabel e S\u00e3o Zacarias - Hist\u00f3ria dos pais de Jo\u00e3o Batista&quot;,&quot;width&quot;:&quot;0&quot;,&quot;_legend&quot;:&quot;{score}\\\/{best} - ({count} {votes})&quot;,&quot;font_factor&quot;:&quot;1.25&quot;}'>\n            \n<div class=\"kksr-stars\">\n    \n<div class=\"kksr-stars-inactive\">\n            <div class=\"kksr-star\" data-star=\"1\" style=\"padding-right: 5px\">\n            \n\n<div class=\"kksr-icon\" style=\"width: 24px; height: 24px;\"><\/div>\n        <\/div>\n            <div class=\"kksr-star\" data-star=\"2\" style=\"padding-right: 5px\">\n            \n\n<div class=\"kksr-icon\" style=\"width: 24px; height: 24px;\"><\/div>\n        <\/div>\n            <div class=\"kksr-star\" data-star=\"3\" style=\"padding-right: 5px\">\n            \n\n<div class=\"kksr-icon\" style=\"width: 24px; height: 24px;\"><\/div>\n        <\/div>\n            <div class=\"kksr-star\" data-star=\"4\" style=\"padding-right: 5px\">\n            \n\n<div class=\"kksr-icon\" style=\"width: 24px; height: 24px;\"><\/div>\n        <\/div>\n            <div class=\"kksr-star\" data-star=\"5\" style=\"padding-right: 5px\">\n            \n\n<div class=\"kksr-icon\" style=\"width: 24px; height: 24px;\"><\/div>\n        <\/div>\n    <\/div>\n    \n<div class=\"kksr-stars-active\" style=\"width: 0px;\">\n            <div class=\"kksr-star\" style=\"padding-right: 5px\">\n            \n\n<div class=\"kksr-icon\" style=\"width: 24px; height: 24px;\"><\/div>\n        <\/div>\n            <div class=\"kksr-star\" style=\"padding-right: 5px\">\n            \n\n<div class=\"kksr-icon\" style=\"width: 24px; height: 24px;\"><\/div>\n        <\/div>\n            <div class=\"kksr-star\" style=\"padding-right: 5px\">\n            \n\n<div class=\"kksr-icon\" style=\"width: 24px; height: 24px;\"><\/div>\n        <\/div>\n            <div class=\"kksr-star\" style=\"padding-right: 5px\">\n            \n\n<div class=\"kksr-icon\" style=\"width: 24px; height: 24px;\"><\/div>\n        <\/div>\n            <div class=\"kksr-star\" style=\"padding-right: 5px\">\n            \n\n<div class=\"kksr-icon\" style=\"width: 24px; height: 24px;\"><\/div>\n        <\/div>\n    <\/div>\n<\/div>\n                \n\n<div class=\"kksr-legend\" style=\"font-size: 19.2px;\">\n            <span class=\"kksr-muted\">Rate this post<\/span>\n    <\/div>\n    <\/div>\n","protected":false},"excerpt":{"rendered":"<p>No dia 05 de novembro, Santa Izabel e S\u00e3o Zacarias, s\u00e3o considerados como santos do dia. E, em\u00a08 de Julho \u00e9 comemorado o dia de Santa Isabel. Eles s\u00e3o os pais de Jo\u00e3o Batista e tinham la\u00e7os parentescos com a Sagrada Fam\u00edlia. Dedicaram suas vidas \u00e0 f\u00e9, e \u00e9 por isso que a igreja comemora [&hellip;]<\/p>\n","protected":false},"author":20,"featured_media":20816,"comment_status":"open","ping_status":"open","sticky":false,"template":"","format":"standard","meta":{"footnotes":""},"categories":[504],"tags":[3702,3703,3701,3704,3705],"class_list":["post-20227","post","type-post","status-publish","format-standard","has-post-thumbnail","hentry","category-cristianismo","tag-isabel","tag-isabel-santa","tag-santa-isabel","tag-sao-zacarias","tag-zacarias"],"yoast_head":"<!-- This site is optimized with the Yoast SEO plugin v27.4 - https:\/\/yoast.com\/product\/yoast-seo-wordpress\/ -->\n<title>Santa Isabel e S\u00e3o Zacarias - Pais de Jo\u00e3o Batista - Hist\u00f3ria | iQuilibrio<\/title>\n<meta name=\"description\" content=\"Descubra a hist\u00f3ria de Santa Isabel e S\u00e3o Zacarias, aproveite para dedicar uma ora\u00e7\u00e3o para essa Santa t\u00e3o amada. Clique e Confira!\" \/>\n<meta name=\"robots\" content=\"index, follow, max-snippet:-1, max-image-preview:large, max-video-preview:-1\" \/>\n<link rel=\"canonical\" href=\"https:\/\/www.iquilibrio.com\/blog\/espiritualidade\/cristianismo\/santa-isabel-e-sao-zacarias\/\" \/>\n<meta property=\"og:locale\" content=\"pt_BR\" \/>\n<meta property=\"og:type\" content=\"article\" \/>\n<meta property=\"og:title\" content=\"Santa Isabel e S\u00e3o Zacarias - Pais de Jo\u00e3o Batista - Hist\u00f3ria | iQuilibrio\" \/>\n<meta property=\"og:description\" content=\"Descubra a hist\u00f3ria de Santa Isabel e S\u00e3o Zacarias, aproveite para dedicar uma ora\u00e7\u00e3o para essa Santa t\u00e3o amada. Clique e Confira!\" \/>\n<meta property=\"og:url\" content=\"https:\/\/www.iquilibrio.com\/blog\/espiritualidade\/cristianismo\/santa-isabel-e-sao-zacarias\/\" \/>\n<meta property=\"og:site_name\" content=\"iQuilibrio\" \/>\n<meta property=\"article:publisher\" content=\"https:\/\/www.facebook.com\/iQuilibrio\/\" \/>\n<meta property=\"article:published_time\" content=\"2018-11-05T09:00:44+00:00\" \/>\n<meta property=\"article:modified_time\" content=\"2019-03-20T13:07:45+00:00\" \/>\n<meta property=\"og:image\" content=\"https:\/\/www.iquilibrio.com\/blog\/wp-content\/uploads\/2018\/11\/iquilibrio_blog_Santa_Isabel_-Sao_Zacarias.jpg\" \/>\n\t<meta property=\"og:image:width\" content=\"900\" \/>\n\t<meta property=\"og:image:height\" content=\"560\" \/>\n\t<meta property=\"og:image:type\" content=\"image\/jpeg\" \/>\n<meta name=\"author\" content=\"Reda\u00e7\u00e3o iQuilibrio\" \/>\n<meta name=\"twitter:card\" content=\"summary_large_image\" \/>\n<meta name=\"twitter:creator\" content=\"@iquilibrio\" \/>\n<meta name=\"twitter:site\" content=\"@iquilibrio\" \/>\n<meta name=\"twitter:label1\" content=\"Escrito por\" \/>\n\t<meta name=\"twitter:data1\" content=\"Reda\u00e7\u00e3o iQuilibrio\" \/>\n\t<meta name=\"twitter:label2\" content=\"Est. tempo de leitura\" \/>\n\t<meta name=\"twitter:data2\" content=\"5 minutos\" \/>\n<script type=\"application\/ld+json\" class=\"yoast-schema-graph\">{\"@context\":\"https:\\\/\\\/schema.org\",\"@graph\":[{\"@type\":\"Article\",\"@id\":\"https:\\\/\\\/www.iquilibrio.com\\\/blog\\\/espiritualidade\\\/cristianismo\\\/santa-isabel-e-sao-zacarias\\\/#article\",\"isPartOf\":{\"@id\":\"https:\\\/\\\/www.iquilibrio.com\\\/blog\\\/espiritualidade\\\/cristianismo\\\/santa-isabel-e-sao-zacarias\\\/\"},\"author\":{\"name\":\"Reda\u00e7\u00e3o iQuilibrio\",\"@id\":\"https:\\\/\\\/www.iquilibrio.com\\\/blog\\\/#\\\/schema\\\/person\\\/199505a1f0db0d00f022188666c75dca\"},\"headline\":\"Santa Isabel e S\u00e3o Zacarias &#8211; Hist\u00f3ria dos pais de Jo\u00e3o Batista\",\"datePublished\":\"2018-11-05T09:00:44+00:00\",\"dateModified\":\"2019-03-20T13:07:45+00:00\",\"mainEntityOfPage\":{\"@id\":\"https:\\\/\\\/www.iquilibrio.com\\\/blog\\\/espiritualidade\\\/cristianismo\\\/santa-isabel-e-sao-zacarias\\\/\"},\"wordCount\":1090,\"commentCount\":0,\"publisher\":{\"@id\":\"https:\\\/\\\/www.iquilibrio.com\\\/blog\\\/#organization\"},\"image\":{\"@id\":\"https:\\\/\\\/www.iquilibrio.com\\\/blog\\\/espiritualidade\\\/cristianismo\\\/santa-isabel-e-sao-zacarias\\\/#primaryimage\"},\"thumbnailUrl\":\"https:\\\/\\\/www.iquilibrio.com\\\/blog\\\/wp-content\\\/uploads\\\/2018\\\/11\\\/iquilibrio_blog_Santa_Isabel_-Sao_Zacarias.jpg\",\"keywords\":[\"Isabel\",\"Isabel Santa\",\"santa Isabel\",\"S\u00e3o Zacarias\",\"Zacarias\"],\"articleSection\":[\"Cristianismo\"],\"inLanguage\":\"pt-BR\"},{\"@type\":\"WebPage\",\"@id\":\"https:\\\/\\\/www.iquilibrio.com\\\/blog\\\/espiritualidade\\\/cristianismo\\\/santa-isabel-e-sao-zacarias\\\/\",\"url\":\"https:\\\/\\\/www.iquilibrio.com\\\/blog\\\/espiritualidade\\\/cristianismo\\\/santa-isabel-e-sao-zacarias\\\/\",\"name\":\"Santa Isabel e S\u00e3o Zacarias - Pais de Jo\u00e3o Batista - Hist\u00f3ria | iQuilibrio\",\"isPartOf\":{\"@id\":\"https:\\\/\\\/www.iquilibrio.com\\\/blog\\\/#website\"},\"primaryImageOfPage\":{\"@id\":\"https:\\\/\\\/www.iquilibrio.com\\\/blog\\\/espiritualidade\\\/cristianismo\\\/santa-isabel-e-sao-zacarias\\\/#primaryimage\"},\"image\":{\"@id\":\"https:\\\/\\\/www.iquilibrio.com\\\/blog\\\/espiritualidade\\\/cristianismo\\\/santa-isabel-e-sao-zacarias\\\/#primaryimage\"},\"thumbnailUrl\":\"https:\\\/\\\/www.iquilibrio.com\\\/blog\\\/wp-content\\\/uploads\\\/2018\\\/11\\\/iquilibrio_blog_Santa_Isabel_-Sao_Zacarias.jpg\",\"datePublished\":\"2018-11-05T09:00:44+00:00\",\"dateModified\":\"2019-03-20T13:07:45+00:00\",\"description\":\"Descubra a hist\u00f3ria de Santa Isabel e S\u00e3o Zacarias, aproveite para dedicar uma ora\u00e7\u00e3o para essa Santa t\u00e3o amada. Clique e Confira!\",\"breadcrumb\":{\"@id\":\"https:\\\/\\\/www.iquilibrio.com\\\/blog\\\/espiritualidade\\\/cristianismo\\\/santa-isabel-e-sao-zacarias\\\/#breadcrumb\"},\"inLanguage\":\"pt-BR\",\"potentialAction\":[{\"@type\":\"ReadAction\",\"target\":[\"https:\\\/\\\/www.iquilibrio.com\\\/blog\\\/espiritualidade\\\/cristianismo\\\/santa-isabel-e-sao-zacarias\\\/\"]}]},{\"@type\":\"ImageObject\",\"inLanguage\":\"pt-BR\",\"@id\":\"https:\\\/\\\/www.iquilibrio.com\\\/blog\\\/espiritualidade\\\/cristianismo\\\/santa-isabel-e-sao-zacarias\\\/#primaryimage\",\"url\":\"https:\\\/\\\/www.iquilibrio.com\\\/blog\\\/wp-content\\\/uploads\\\/2018\\\/11\\\/iquilibrio_blog_Santa_Isabel_-Sao_Zacarias.jpg\",\"contentUrl\":\"https:\\\/\\\/www.iquilibrio.com\\\/blog\\\/wp-content\\\/uploads\\\/2018\\\/11\\\/iquilibrio_blog_Santa_Isabel_-Sao_Zacarias.jpg\",\"width\":900,\"height\":560,\"caption\":\"S\u00e3o Zacarias e Santa Isabel\"},{\"@type\":\"BreadcrumbList\",\"@id\":\"https:\\\/\\\/www.iquilibrio.com\\\/blog\\\/espiritualidade\\\/cristianismo\\\/santa-isabel-e-sao-zacarias\\\/#breadcrumb\",\"itemListElement\":[{\"@type\":\"ListItem\",\"position\":1,\"name\":\"In\u00edcio\",\"item\":\"https:\\\/\\\/www.iquilibrio.com\\\/blog\\\/\"},{\"@type\":\"ListItem\",\"position\":2,\"name\":\"Santa Isabel e S\u00e3o Zacarias &#8211; Hist\u00f3ria dos pais de Jo\u00e3o Batista\"}]},{\"@type\":\"WebSite\",\"@id\":\"https:\\\/\\\/www.iquilibrio.com\\\/blog\\\/#website\",\"url\":\"https:\\\/\\\/www.iquilibrio.com\\\/blog\\\/\",\"name\":\"iQuilibrio\",\"description\":\"Blog iQuilibrio\",\"publisher\":{\"@id\":\"https:\\\/\\\/www.iquilibrio.com\\\/blog\\\/#organization\"},\"potentialAction\":[{\"@type\":\"SearchAction\",\"target\":{\"@type\":\"EntryPoint\",\"urlTemplate\":\"https:\\\/\\\/www.iquilibrio.com\\\/blog\\\/?s={search_term_string}\"},\"query-input\":{\"@type\":\"PropertyValueSpecification\",\"valueRequired\":true,\"valueName\":\"search_term_string\"}}],\"inLanguage\":\"pt-BR\"},{\"@type\":\"Organization\",\"@id\":\"https:\\\/\\\/www.iquilibrio.com\\\/blog\\\/#organization\",\"name\":\"Esoterismo, Misticismo e Tarot Online - iQuilibrio\",\"url\":\"https:\\\/\\\/www.iquilibrio.com\\\/blog\\\/\",\"logo\":{\"@type\":\"ImageObject\",\"inLanguage\":\"pt-BR\",\"@id\":\"https:\\\/\\\/www.iquilibrio.com\\\/blog\\\/#\\\/schema\\\/logo\\\/image\\\/\",\"url\":\"https:\\\/\\\/www.iquilibrio.com\\\/blog\\\/wp-content\\\/uploads\\\/2018\\\/12\\\/iquilibrio_lovo_vetor_preto-retina.png\",\"contentUrl\":\"https:\\\/\\\/www.iquilibrio.com\\\/blog\\\/wp-content\\\/uploads\\\/2018\\\/12\\\/iquilibrio_lovo_vetor_preto-retina.png\",\"width\":972,\"height\":180,\"caption\":\"Esoterismo, Misticismo e Tarot Online - iQuilibrio\"},\"image\":{\"@id\":\"https:\\\/\\\/www.iquilibrio.com\\\/blog\\\/#\\\/schema\\\/logo\\\/image\\\/\"},\"sameAs\":[\"https:\\\/\\\/www.facebook.com\\\/iQuilibrio\\\/\",\"https:\\\/\\\/x.com\\\/iquilibrio\",\"https:\\\/\\\/www.instagram.com\\\/iquilibrio\\\/\",\"https:\\\/\\\/www.linkedin.com\\\/company\\\/iquilibrio\\\/\",\"https:\\\/\\\/br.pinterest.com\\\/iquilibrio1397\\\/\",\"https:\\\/\\\/www.youtube.com\\\/channel\\\/UC175qxd-4Zsi4wzawT5zF2g\"]},{\"@type\":\"Person\",\"@id\":\"https:\\\/\\\/www.iquilibrio.com\\\/blog\\\/#\\\/schema\\\/person\\\/199505a1f0db0d00f022188666c75dca\",\"name\":\"Reda\u00e7\u00e3o iQuilibrio\",\"image\":{\"@type\":\"ImageObject\",\"inLanguage\":\"pt-BR\",\"@id\":\"https:\\\/\\\/www.iquilibrio.com\\\/blog\\\/wp-content\\\/uploads\\\/2021\\\/12\\\/Consulta-por-email-3-150x150.png\",\"url\":\"https:\\\/\\\/www.iquilibrio.com\\\/blog\\\/wp-content\\\/uploads\\\/2021\\\/12\\\/Consulta-por-email-3-150x150.png\",\"contentUrl\":\"https:\\\/\\\/www.iquilibrio.com\\\/blog\\\/wp-content\\\/uploads\\\/2021\\\/12\\\/Consulta-por-email-3-150x150.png\",\"caption\":\"Reda\u00e7\u00e3o iQuilibrio\"},\"description\":\"A equipe de reda\u00e7\u00e3o da iQuilibrio \u00e9 composta pelos mais diversos especialistas e esot\u00e9ricos. Al\u00e9m de dominar a arte de traduzir as energias que o universo emana, nossos redatores sentem imenso prazer em trabalhar com palavras. Boa leitura e um \u00f3timo aprendizado!\",\"url\":\"https:\\\/\\\/www.iquilibrio.com\\\/blog\\\/author\\\/juliana\\\/\"}]}<\/script>\n<!-- \/ Yoast SEO plugin. -->","yoast_head_json":{"title":"Santa Isabel e S\u00e3o Zacarias - Pais de Jo\u00e3o Batista - Hist\u00f3ria | iQuilibrio","description":"Descubra a hist\u00f3ria de Santa Isabel e S\u00e3o Zacarias, aproveite para dedicar uma ora\u00e7\u00e3o para essa Santa t\u00e3o amada. Clique e Confira!","robots":{"index":"index","follow":"follow","max-snippet":"max-snippet:-1","max-image-preview":"max-image-preview:large","max-video-preview":"max-video-preview:-1"},"canonical":"https:\/\/www.iquilibrio.com\/blog\/espiritualidade\/cristianismo\/santa-isabel-e-sao-zacarias\/","og_locale":"pt_BR","og_type":"article","og_title":"Santa Isabel e S\u00e3o Zacarias - Pais de Jo\u00e3o Batista - Hist\u00f3ria | iQuilibrio","og_description":"Descubra a hist\u00f3ria de Santa Isabel e S\u00e3o Zacarias, aproveite para dedicar uma ora\u00e7\u00e3o para essa Santa t\u00e3o amada. Clique e Confira!","og_url":"https:\/\/www.iquilibrio.com\/blog\/espiritualidade\/cristianismo\/santa-isabel-e-sao-zacarias\/","og_site_name":"iQuilibrio","article_publisher":"https:\/\/www.facebook.com\/iQuilibrio\/","article_published_time":"2018-11-05T09:00:44+00:00","article_modified_time":"2019-03-20T13:07:45+00:00","og_image":[{"width":900,"height":560,"url":"https:\/\/www.iquilibrio.com\/blog\/wp-content\/uploads\/2018\/11\/iquilibrio_blog_Santa_Isabel_-Sao_Zacarias.jpg","type":"image\/jpeg"}],"author":"Reda\u00e7\u00e3o iQuilibrio","twitter_card":"summary_large_image","twitter_creator":"@iquilibrio","twitter_site":"@iquilibrio","twitter_misc":{"Escrito por":"Reda\u00e7\u00e3o iQuilibrio","Est. tempo de leitura":"5 minutos"},"schema":{"@context":"https:\/\/schema.org","@graph":[{"@type":"Article","@id":"https:\/\/www.iquilibrio.com\/blog\/espiritualidade\/cristianismo\/santa-isabel-e-sao-zacarias\/#article","isPartOf":{"@id":"https:\/\/www.iquilibrio.com\/blog\/espiritualidade\/cristianismo\/santa-isabel-e-sao-zacarias\/"},"author":{"name":"Reda\u00e7\u00e3o iQuilibrio","@id":"https:\/\/www.iquilibrio.com\/blog\/#\/schema\/person\/199505a1f0db0d00f022188666c75dca"},"headline":"Santa Isabel e S\u00e3o Zacarias &#8211; Hist\u00f3ria dos pais de Jo\u00e3o Batista","datePublished":"2018-11-05T09:00:44+00:00","dateModified":"2019-03-20T13:07:45+00:00","mainEntityOfPage":{"@id":"https:\/\/www.iquilibrio.com\/blog\/espiritualidade\/cristianismo\/santa-isabel-e-sao-zacarias\/"},"wordCount":1090,"commentCount":0,"publisher":{"@id":"https:\/\/www.iquilibrio.com\/blog\/#organization"},"image":{"@id":"https:\/\/www.iquilibrio.com\/blog\/espiritualidade\/cristianismo\/santa-isabel-e-sao-zacarias\/#primaryimage"},"thumbnailUrl":"https:\/\/www.iquilibrio.com\/blog\/wp-content\/uploads\/2018\/11\/iquilibrio_blog_Santa_Isabel_-Sao_Zacarias.jpg","keywords":["Isabel","Isabel Santa","santa Isabel","S\u00e3o Zacarias","Zacarias"],"articleSection":["Cristianismo"],"inLanguage":"pt-BR"},{"@type":"WebPage","@id":"https:\/\/www.iquilibrio.com\/blog\/espiritualidade\/cristianismo\/santa-isabel-e-sao-zacarias\/","url":"https:\/\/www.iquilibrio.com\/blog\/espiritualidade\/cristianismo\/santa-isabel-e-sao-zacarias\/","name":"Santa Isabel e S\u00e3o Zacarias - Pais de Jo\u00e3o Batista - Hist\u00f3ria | iQuilibrio","isPartOf":{"@id":"https:\/\/www.iquilibrio.com\/blog\/#website"},"primaryImageOfPage":{"@id":"https:\/\/www.iquilibrio.com\/blog\/espiritualidade\/cristianismo\/santa-isabel-e-sao-zacarias\/#primaryimage"},"image":{"@id":"https:\/\/www.iquilibrio.com\/blog\/espiritualidade\/cristianismo\/santa-isabel-e-sao-zacarias\/#primaryimage"},"thumbnailUrl":"https:\/\/www.iquilibrio.com\/blog\/wp-content\/uploads\/2018\/11\/iquilibrio_blog_Santa_Isabel_-Sao_Zacarias.jpg","datePublished":"2018-11-05T09:00:44+00:00","dateModified":"2019-03-20T13:07:45+00:00","description":"Descubra a hist\u00f3ria de Santa Isabel e S\u00e3o Zacarias, aproveite para dedicar uma ora\u00e7\u00e3o para essa Santa t\u00e3o amada. Clique e Confira!","breadcrumb":{"@id":"https:\/\/www.iquilibrio.com\/blog\/espiritualidade\/cristianismo\/santa-isabel-e-sao-zacarias\/#breadcrumb"},"inLanguage":"pt-BR","potentialAction":[{"@type":"ReadAction","target":["https:\/\/www.iquilibrio.com\/blog\/espiritualidade\/cristianismo\/santa-isabel-e-sao-zacarias\/"]}]},{"@type":"ImageObject","inLanguage":"pt-BR","@id":"https:\/\/www.iquilibrio.com\/blog\/espiritualidade\/cristianismo\/santa-isabel-e-sao-zacarias\/#primaryimage","url":"https:\/\/www.iquilibrio.com\/blog\/wp-content\/uploads\/2018\/11\/iquilibrio_blog_Santa_Isabel_-Sao_Zacarias.jpg","contentUrl":"https:\/\/www.iquilibrio.com\/blog\/wp-content\/uploads\/2018\/11\/iquilibrio_blog_Santa_Isabel_-Sao_Zacarias.jpg","width":900,"height":560,"caption":"S\u00e3o Zacarias e Santa Isabel"},{"@type":"BreadcrumbList","@id":"https:\/\/www.iquilibrio.com\/blog\/espiritualidade\/cristianismo\/santa-isabel-e-sao-zacarias\/#breadcrumb","itemListElement":[{"@type":"ListItem","position":1,"name":"In\u00edcio","item":"https:\/\/www.iquilibrio.com\/blog\/"},{"@type":"ListItem","position":2,"name":"Santa Isabel e S\u00e3o Zacarias &#8211; Hist\u00f3ria dos pais de Jo\u00e3o Batista"}]},{"@type":"WebSite","@id":"https:\/\/www.iquilibrio.com\/blog\/#website","url":"https:\/\/www.iquilibrio.com\/blog\/","name":"iQuilibrio","description":"Blog iQuilibrio","publisher":{"@id":"https:\/\/www.iquilibrio.com\/blog\/#organization"},"potentialAction":[{"@type":"SearchAction","target":{"@type":"EntryPoint","urlTemplate":"https:\/\/www.iquilibrio.com\/blog\/?s={search_term_string}"},"query-input":{"@type":"PropertyValueSpecification","valueRequired":true,"valueName":"search_term_string"}}],"inLanguage":"pt-BR"},{"@type":"Organization","@id":"https:\/\/www.iquilibrio.com\/blog\/#organization","name":"Esoterismo, Misticismo e Tarot Online - iQuilibrio","url":"https:\/\/www.iquilibrio.com\/blog\/","logo":{"@type":"ImageObject","inLanguage":"pt-BR","@id":"https:\/\/www.iquilibrio.com\/blog\/#\/schema\/logo\/image\/","url":"https:\/\/www.iquilibrio.com\/blog\/wp-content\/uploads\/2018\/12\/iquilibrio_lovo_vetor_preto-retina.png","contentUrl":"https:\/\/www.iquilibrio.com\/blog\/wp-content\/uploads\/2018\/12\/iquilibrio_lovo_vetor_preto-retina.png","width":972,"height":180,"caption":"Esoterismo, Misticismo e Tarot Online - iQuilibrio"},"image":{"@id":"https:\/\/www.iquilibrio.com\/blog\/#\/schema\/logo\/image\/"},"sameAs":["https:\/\/www.facebook.com\/iQuilibrio\/","https:\/\/x.com\/iquilibrio","https:\/\/www.instagram.com\/iquilibrio\/","https:\/\/www.linkedin.com\/company\/iquilibrio\/","https:\/\/br.pinterest.com\/iquilibrio1397\/","https:\/\/www.youtube.com\/channel\/UC175qxd-4Zsi4wzawT5zF2g"]},{"@type":"Person","@id":"https:\/\/www.iquilibrio.com\/blog\/#\/schema\/person\/199505a1f0db0d00f022188666c75dca","name":"Reda\u00e7\u00e3o iQuilibrio","image":{"@type":"ImageObject","inLanguage":"pt-BR","@id":"https:\/\/www.iquilibrio.com\/blog\/wp-content\/uploads\/2021\/12\/Consulta-por-email-3-150x150.png","url":"https:\/\/www.iquilibrio.com\/blog\/wp-content\/uploads\/2021\/12\/Consulta-por-email-3-150x150.png","contentUrl":"https:\/\/www.iquilibrio.com\/blog\/wp-content\/uploads\/2021\/12\/Consulta-por-email-3-150x150.png","caption":"Reda\u00e7\u00e3o iQuilibrio"},"description":"A equipe de reda\u00e7\u00e3o da iQuilibrio \u00e9 composta pelos mais diversos especialistas e esot\u00e9ricos. Al\u00e9m de dominar a arte de traduzir as energias que o universo emana, nossos redatores sentem imenso prazer em trabalhar com palavras. Boa leitura e um \u00f3timo aprendizado!","url":"https:\/\/www.iquilibrio.com\/blog\/author\/juliana\/"}]}},"_links":{"self":[{"href":"https:\/\/www.iquilibrio.com\/blog\/wp-json\/wp\/v2\/posts\/20227","targetHints":{"allow":["GET"]}}],"collection":[{"href":"https:\/\/www.iquilibrio.com\/blog\/wp-json\/wp\/v2\/posts"}],"about":[{"href":"https:\/\/www.iquilibrio.com\/blog\/wp-json\/wp\/v2\/types\/post"}],"author":[{"embeddable":true,"href":"https:\/\/www.iquilibrio.com\/blog\/wp-json\/wp\/v2\/users\/20"}],"replies":[{"embeddable":true,"href":"https:\/\/www.iquilibrio.com\/blog\/wp-json\/wp\/v2\/comments?post=20227"}],"version-history":[{"count":11,"href":"https:\/\/www.iquilibrio.com\/blog\/wp-json\/wp\/v2\/posts\/20227\/revisions"}],"predecessor-version":[{"id":23603,"href":"https:\/\/www.iquilibrio.com\/blog\/wp-json\/wp\/v2\/posts\/20227\/revisions\/23603"}],"wp:featuredmedia":[{"embeddable":true,"href":"https:\/\/www.iquilibrio.com\/blog\/wp-json\/wp\/v2\/media\/20816"}],"wp:attachment":[{"href":"https:\/\/www.iquilibrio.com\/blog\/wp-json\/wp\/v2\/media?parent=20227"}],"wp:term":[{"taxonomy":"category","embeddable":true,"href":"https:\/\/www.iquilibrio.com\/blog\/wp-json\/wp\/v2\/categories?post=20227"},{"taxonomy":"post_tag","embeddable":true,"href":"https:\/\/www.iquilibrio.com\/blog\/wp-json\/wp\/v2\/tags?post=20227"}],"curies":[{"name":"wp","href":"https:\/\/api.w.org\/{rel}","templated":true}]}}