{"id":19805,"date":"2018-10-01T09:54:39","date_gmt":"2018-10-01T12:54:39","guid":{"rendered":"https:\/\/www.iquilibrio.com\/blog\/?p=19805"},"modified":"2019-03-20T12:54:58","modified_gmt":"2019-03-20T14:54:58","slug":"chico-xavier-2019","status":"publish","type":"post","link":"https:\/\/www.iquilibrio.com\/blog\/espiritualidade\/espiritismo\/chico-xavier-2019\/","title":{"rendered":"Previs\u00f5es de Chico Xavier para 2019 &#8211; Ser\u00e1 verdade?"},"content":{"rendered":"<p>Voc\u00ea j\u00e1 ouviu falar sobre a <strong>previs\u00e3o de Chico Xavier<\/strong> <strong>para 2019<\/strong>? Se ainda n\u00e3o, esse assunto \u00e9 um dos mais procurados e temidos, isso porque segundo algumas pessoas, essas previs\u00f5es podem ditar de como ser\u00e1 nosso futuro pr\u00f3ximo. Como <strong>Chico Xavier<\/strong> \u00e9 um grande \u00edcone em meio ao mundo do Espiritismo, tudo o que foi falado causou uma grande repercuss\u00e3o.<\/p>\n<p style=\"text-align: center;\"><a href=\"https:\/\/www.iquilibrio.com\/esotericos\/\"><span class=\"td_btn td_btn_lg td_round_btn class-cta1\" style=\"color: #ffffff;\">A Espiritualidade te Ajudar\u00e1 a Superar Desafios e Alcan\u00e7ar seus Objetivos. Clique Aqui e Comece Agora seu Atendimento<\/span><\/a><\/p>\n<p>&nbsp;<\/p>\n<p>Se voc\u00ea gosta do assunto de Espiritismo, poder\u00e1 conferir <a href=\"https:\/\/www.iquilibrio.com\/blog\/espiritualidade\/espiritismo\/materializacao-espiritual\/\"><strong>o que \u00e9 materializa\u00e7\u00e3o espiritual<\/strong><\/a>! Ou ainda <a href=\"https:\/\/www.iquilibrio.com\/blog\/espiritualidade\/espiritismo\/livros-chico-xavier\/\"><strong>Chico<\/strong>\u00a0<strong>Xavier<\/strong>,<\/a><strong><a href=\"https:\/\/www.iquilibrio.com\/blog\/espiritualidade\/espiritismo\/livros-chico-xavier\/\"> mensagens e principais obras<\/a>! <\/strong>Mas primeiro, continue lendo esse artigo e entenda mais sobre essas supostas previs\u00f5es!<\/p>\n<h2>Previs\u00f5es 2019 Chico Xavier &#8211; Data limite<\/h2>\n<p>Chico Xavier era uma personalidade respeitada por sua intelig\u00eancia, compaix\u00e3o mas principalmente pelos <strong>dons medi\u00fanicos<\/strong>.<\/p>\n<p><em><strong>Mas vale ressaltar que sua comunica\u00e7\u00e3o era com o mundo espiritual e ele n\u00e3o fazia previs\u00f5es para o futuro, por\u00e9m o que est\u00e1 gerando maior repercuss\u00e3o \u00e9 uma conversa com seu amigo Geraldo Lemos Neto, conhecido tamb\u00e9m como &#8220;Geraldinho&#8221;.<\/strong><\/em> Esta conversa e a sua explica\u00e7\u00e3o voc\u00ea pode conferir abaixo:<\/p>\n<p>Assim, Xavier teria dito que a humanidade est\u00e1 em per\u00edodo de prova\u00e7\u00e3o, e sua dura\u00e7\u00e3o \u00e9 de 50 anos, tendo o fim em 2019, mas lembrando que n\u00e3o existe cat\u00e1strofe como \u00e9 dito por muitos, as palavras de Chico Xavier foram:<\/p>\n<blockquote><p>\u201cNosso Senhor deliberou conceder uma morat\u00f3ria de 50 anos \u00e0 sociedade terrena, a iniciar-se em 20 de julho de 1969, e, portanto, a findar-se em julho de 2019. Ordenou Jesus, ent\u00e3o, que seus emiss\u00e1rios celestes se empenhassem mais diretamente na manuten\u00e7\u00e3o da paz entre os povos e as na\u00e7\u00f5es terrestres, com a finalidade de colaborar para que n\u00f3s ingress\u00e1ssemos mais rapidamente na comunidade planet\u00e1ria do Sistema Solar, como um mundo mais regenerado, ao final desse per\u00edodo\u2026 Segundo a delibera\u00e7\u00e3o do Cristo, se e somente se as na\u00e7\u00f5es terrenas, durante este per\u00edodo de 50 anos, aprendessem a arte do bom conv\u00edvio e da fraternidade, evitando urna guerra de destrui\u00e7\u00e3o nuclear, o mundo terrestre estaria enfim admitido na comunidade planet\u00e1ria do Sistema Solar como um mundo em regenera\u00e7\u00e3o. Nenhum de n\u00f3s pode prever, Geraldinho, os avan\u00e7os que se dar\u00e3o a partir dessa data de julho de 2019, se apenas soubermos defender a paz entre nossas na\u00e7\u00f5es mais desenvolvidas e cultas\u201d<\/p><\/blockquote>\n<p>E voc\u00ea, procura por uma previs\u00e3o para que possa melhorar a sua vida? <a href=\"https:\/\/www.iquilibrio.com\/esotericos\/\">Clique aqui<\/a><span class=\"class-texto-esotericos\">, fale com um dos esot\u00e9ricos da iQuilibrio e receba dicas valiosas que transformar\u00e3o a sua vida!<\/span><\/p>\n<h3>Previs\u00e3o de Chico Xavier para 2019 &#8211; 3\u00aa Guerra Mundial<\/h3>\n<blockquote><p>\u201cCaso a humanidade encarnada decida seguir o infeliz caminho da III Guerra mundial, uma guerra nuclear de consequ\u00eancias imprevis\u00edveis e desastrosas, a\u00ed ent\u00e3o a pr\u00f3pria m\u00e3e Terra, sob os ausp\u00edcios da Vida Maior, reagir\u00e1 com viol\u00eancia imprevista pelos nossos homens de ci\u00eancia. O homem come\u00e7aria a III Guerra, mas quem iria termin\u00e1-la seriam as for\u00e7as tel\u00faricas da natureza, da pr\u00f3pria Terra cansada dos desmandos humanos\u201d<\/p><\/blockquote>\n<p>\u00c9 como se a terra estivesse em total cansa\u00e7o com tanto descaso dos seres humanos e assim iniciasse um per\u00edodo de destrui\u00e7\u00e3o, com terremotos, tsunamis, vulc\u00f5es, pestes, entre outros.<\/p>\n<h3>Profecia de Chico Xavier para 2019 &#8211; A prova\u00e7\u00e3o do Brasil<\/h3>\n<p>Em uma compara\u00e7\u00e3o muito simples de Xavier \u00e9 poss\u00edvel entender melhor sobre o futuro do Brasil. Geraldinho tinha muitas d\u00favidas sobre os textos apocal\u00edpticos do Novo Testamento. Foi quando Chico Xavier relacionou o Brasil dos anos 80, que passava pelo caos da fome, mis\u00e9ria, disparidades sociais, atrasos culturas, entre outros, falando tamb\u00e9m sobre Cristo que viveu na pobreza, e mesmo depois de morrer crucificado entre dois ladr\u00f5es, ressuscitou e deu luz para aqueles cora\u00e7\u00f5es que n\u00e3o conseguiam mais enxergar.<\/p>\n<p>Do mesmo jeito acontecer\u00e1 com o Brasil, teremos que um dia ressuscitar das cinzas, e colocar em prova os pr\u00f3prios sacrif\u00edcios. Segundo Geraldo, a previs\u00e3o se refere a uma Guerra e com diversas cat\u00e1strofes naturais, onde o pa\u00eds ganharia muita import\u00e2ncia mundial, pois seria o abrigo de diversos povos e aquele que forneceria alimento.<\/p>\n<blockquote><p>\u201cNossa na\u00e7\u00e3o cres\u00adcer\u00e1 em im\u00adpor\u00adt\u00e2ncia so\u00adci\u00ado\u00adcul\u00adtural, po\u00adl\u00ed\u00adtica e econ\u00f4\u00admica pe\u00adrante a co\u00admu\u00adni\u00addade das na\u00ad\u00e7\u00f5es. N\u00e3o s\u00f3 se\u00adremos o ce\u00adleiro ali\u00admen\u00adt\u00edcio e de ma\u00adt\u00e9\u00adrias-primas para o mundo, como tamb\u00e9m a grande fonte ener\u00adg\u00e9\u00adtica com o des\u00adco\u00adbri\u00admento de enormes re\u00adservas pe\u00adtro\u00adl\u00ed\u00adferas que far\u00e3o da Pe\u00adtro\u00adbras uma das mai\u00adores em\u00adpresas do mundo&#8230;O Brasil cres\u00adcer\u00e1 a passos largos e ocu\u00adpar\u00e1 im\u00adpor\u00adtante papel no ce\u00adn\u00e1rio global, isso ter\u00e1 como con\u00adsequ\u00eancia a ele\u00adva\u00e7\u00e3o da cul\u00adtura bra\u00adsi\u00adleira ao ce\u00adn\u00e1rio in\u00adter\u00adna\u00adci\u00adonal e, a re\u00adboque, os li\u00advros do Es\u00adpi\u00adri\u00adtismo Crist\u00e3o, que aqui ti\u00adveram solo f\u00e9rtil no seu de\u00adsen\u00advol\u00advi\u00admento, atin\u00adgir\u00e3o o in\u00adte\u00adresse das ou\u00adtras na\u00ad\u00e7\u00f5es tamb\u00e9m. Agora, caso ocorra a pior hi\u00adp\u00f3\u00adtese, com o He\u00admis\u00adf\u00e9rio Norte do pla\u00adneta tor\u00adnando-se ina\u00adbi\u00adt\u00e1vel, grandes fluxos mi\u00adgra\u00adt\u00f3\u00adrios se for\u00adma\u00adriam ent\u00e3o para o He\u00admis\u00adf\u00e9rio Sul, onde se situa o Brasil, que ent\u00e3o seria cha\u00admado mais di\u00adre\u00adta\u00admente a de\u00adsem\u00adpe\u00adnhar o seu papel de P\u00e1\u00adtria do Evan\u00adgelho, exem\u00adpli\u00adfi\u00adcando o amor e a re\u00adn\u00fancia, o perd\u00e3o e a compreens\u00e3o es\u00adpi\u00adri\u00adtual pe\u00adrante os povos mi\u00adgrantes&#8221;<\/p><\/blockquote>\n<h3>Outra vis\u00e3o do Brasil<\/h3>\n<p>Ou ainda o Brasil poderia enfrentar um movimento de divis\u00e3o em 4 partes, considerados territ\u00f3rios brasileiros mesmo somente o Sudeste somado por Goi\u00e1s e o Distrito Federal. Exemplificando que a Regi\u00e3o Norte seriam ocupados por canadenses e mexicanos e os Estados do Sul por Uruguai, Argentina e Chile. Centro-Oeste por asi\u00e1ticos e o Nordeste por Russos e Eslavos.<\/p>\n<p>Al\u00e9m disso, segundo Geraldinho, ainda afirma que segundo Xavier, estaremos sofrendo pela ocupa\u00e7\u00e3o estrangeira e a Terra n\u00e3o poupar\u00e1, mesmo que em menos impacto, nos afetar por desastres naturais.<\/p>\n<p>Se essa previs\u00e3o \u00e9 verdadeira ou n\u00e3o, cabe a cren\u00e7a e f\u00e9 de cada um julgar, mas de tudo isso podemos tirar uma valiosa li\u00e7\u00e3o, muito relacionada ao amor e a empatia: que possamos hoje mesmo reparar nossos erros e que eles sirvam como evolu\u00e7\u00e3o. <a href=\"https:\/\/www.iquilibrio.com\/blog\/espiritualidade\/paz-mundial-anna-raposo\/\">Se cada um de n\u00f3s transformar o interior, podemos mudar todo esse cen\u00e1rio juntos<\/a>.<\/p>\n<p style=\"text-align: center;\"><span style=\"color: #ffffff;\"><a style=\"color: #ffffff;\" href=\"https:\/\/www.iquilibrio.com\/esotericos\/\"><span class=\"td_btn td_btn_lg td_round_btn class-cta2\">Fale AGORA com um Esot\u00e9rico Online e Comece a Direcionar Melhor a sua Vida<\/span><\/a><\/span><\/p>\n\n\n<div class=\"kk-star-ratings kksr-auto kksr-align-left kksr-valign-bottom\"\n    data-payload='{&quot;align&quot;:&quot;left&quot;,&quot;id&quot;:&quot;19805&quot;,&quot;slug&quot;:&quot;default&quot;,&quot;valign&quot;:&quot;bottom&quot;,&quot;ignore&quot;:&quot;&quot;,&quot;reference&quot;:&quot;auto&quot;,&quot;class&quot;:&quot;&quot;,&quot;count&quot;:&quot;102&quot;,&quot;legendonly&quot;:&quot;&quot;,&quot;readonly&quot;:&quot;&quot;,&quot;score&quot;:&quot;4.8&quot;,&quot;starsonly&quot;:&quot;&quot;,&quot;best&quot;:&quot;5&quot;,&quot;gap&quot;:&quot;5&quot;,&quot;greet&quot;:&quot;Rate this post&quot;,&quot;legend&quot;:&quot;4.8\\\/5 - (102 votos)&quot;,&quot;size&quot;:&quot;24&quot;,&quot;title&quot;:&quot;Previs\u00f5es de Chico Xavier para 2019 - Ser\u00e1 verdade?&quot;,&quot;width&quot;:&quot;136.7&quot;,&quot;_legend&quot;:&quot;{score}\\\/{best} - ({count} {votes})&quot;,&quot;font_factor&quot;:&quot;1.25&quot;}'>\n            \n<div class=\"kksr-stars\">\n    \n<div class=\"kksr-stars-inactive\">\n            <div class=\"kksr-star\" data-star=\"1\" style=\"padding-right: 5px\">\n            \n\n<div class=\"kksr-icon\" style=\"width: 24px; height: 24px;\"><\/div>\n        <\/div>\n            <div class=\"kksr-star\" data-star=\"2\" style=\"padding-right: 5px\">\n            \n\n<div class=\"kksr-icon\" style=\"width: 24px; height: 24px;\"><\/div>\n        <\/div>\n            <div class=\"kksr-star\" data-star=\"3\" style=\"padding-right: 5px\">\n            \n\n<div class=\"kksr-icon\" style=\"width: 24px; height: 24px;\"><\/div>\n        <\/div>\n            <div class=\"kksr-star\" data-star=\"4\" style=\"padding-right: 5px\">\n            \n\n<div class=\"kksr-icon\" style=\"width: 24px; height: 24px;\"><\/div>\n        <\/div>\n            <div class=\"kksr-star\" data-star=\"5\" style=\"padding-right: 5px\">\n            \n\n<div class=\"kksr-icon\" style=\"width: 24px; height: 24px;\"><\/div>\n        <\/div>\n    <\/div>\n    \n<div class=\"kksr-stars-active\" style=\"width: 136.7px;\">\n            <div class=\"kksr-star\" style=\"padding-right: 5px\">\n            \n\n<div class=\"kksr-icon\" style=\"width: 24px; height: 24px;\"><\/div>\n        <\/div>\n            <div class=\"kksr-star\" style=\"padding-right: 5px\">\n            \n\n<div class=\"kksr-icon\" style=\"width: 24px; height: 24px;\"><\/div>\n        <\/div>\n            <div class=\"kksr-star\" style=\"padding-right: 5px\">\n            \n\n<div class=\"kksr-icon\" style=\"width: 24px; height: 24px;\"><\/div>\n        <\/div>\n            <div class=\"kksr-star\" style=\"padding-right: 5px\">\n            \n\n<div class=\"kksr-icon\" style=\"width: 24px; height: 24px;\"><\/div>\n        <\/div>\n            <div class=\"kksr-star\" style=\"padding-right: 5px\">\n            \n\n<div class=\"kksr-icon\" style=\"width: 24px; height: 24px;\"><\/div>\n        <\/div>\n    <\/div>\n<\/div>\n                \n\n<div class=\"kksr-legend\" style=\"font-size: 19.2px;\">\n            4.8\/5 - (102 votos)    <\/div>\n    <\/div>\n","protected":false},"excerpt":{"rendered":"<p>Voc\u00ea j\u00e1 ouviu falar sobre a previs\u00e3o de Chico Xavier para 2019? Se ainda n\u00e3o, esse assunto \u00e9 um dos mais procurados e temidos, isso porque segundo algumas pessoas, essas previs\u00f5es podem ditar de como ser\u00e1 nosso futuro pr\u00f3ximo. Como Chico Xavier \u00e9 um grande \u00edcone em meio ao mundo do Espiritismo, tudo o que [&hellip;]<\/p>\n","protected":false},"author":20,"featured_media":19932,"comment_status":"open","ping_status":"open","sticky":false,"template":"","format":"standard","meta":{"footnotes":""},"categories":[505],"tags":[3599,3601,3600],"class_list":["post-19805","post","type-post","status-publish","format-standard","has-post-thumbnail","hentry","category-espiritismo","tag-chico-xavier-2019","tag-previsao-de-chico-xavier-para-2019","tag-previsoes-chico-xavier"],"yoast_head":"<!-- This site is optimized with the Yoast SEO plugin v27.4 - https:\/\/yoast.com\/product\/yoast-seo-wordpress\/ -->\n<title>Previs\u00e3o de Chico Xavier Para 2019 - Mito ou Verdade? | iQuilibrio<\/title>\n<meta name=\"description\" content=\"Descubra o que falam as previs\u00f5es de Chico Xavier e entenda melhor se tudo isso \u00e9 verdadeiro ou n\u00e3o. Clique aqui e Leia Mais!\" \/>\n<meta name=\"robots\" content=\"index, follow, max-snippet:-1, max-image-preview:large, max-video-preview:-1\" \/>\n<link rel=\"canonical\" href=\"https:\/\/www.iquilibrio.com\/blog\/espiritualidade\/espiritismo\/chico-xavier-2019\/\" \/>\n<meta property=\"og:locale\" content=\"pt_BR\" \/>\n<meta property=\"og:type\" content=\"article\" \/>\n<meta property=\"og:title\" content=\"Previs\u00e3o de Chico Xavier Para 2019 - Mito ou Verdade? | iQuilibrio\" \/>\n<meta property=\"og:description\" content=\"Descubra o que falam as previs\u00f5es de Chico Xavier e entenda melhor se tudo isso \u00e9 verdadeiro ou n\u00e3o. Clique aqui e Leia Mais!\" \/>\n<meta property=\"og:url\" content=\"https:\/\/www.iquilibrio.com\/blog\/espiritualidade\/espiritismo\/chico-xavier-2019\/\" \/>\n<meta property=\"og:site_name\" content=\"iQuilibrio\" \/>\n<meta property=\"article:publisher\" content=\"https:\/\/www.facebook.com\/iQuilibrio\/\" \/>\n<meta property=\"article:published_time\" content=\"2018-10-01T12:54:39+00:00\" \/>\n<meta property=\"article:modified_time\" content=\"2019-03-20T14:54:58+00:00\" \/>\n<meta property=\"og:image\" content=\"https:\/\/www.iquilibrio.com\/blog\/wp-content\/uploads\/2018\/09\/previsao-2019-chico.jpg\" \/>\n\t<meta property=\"og:image:width\" content=\"900\" \/>\n\t<meta property=\"og:image:height\" content=\"560\" \/>\n\t<meta property=\"og:image:type\" content=\"image\/jpeg\" \/>\n<meta name=\"author\" content=\"Reda\u00e7\u00e3o iQuilibrio\" \/>\n<meta name=\"twitter:card\" content=\"summary_large_image\" \/>\n<meta name=\"twitter:creator\" content=\"@iquilibrio\" \/>\n<meta name=\"twitter:site\" content=\"@iquilibrio\" \/>\n<meta name=\"twitter:label1\" content=\"Escrito por\" \/>\n\t<meta name=\"twitter:data1\" content=\"Reda\u00e7\u00e3o iQuilibrio\" \/>\n\t<meta name=\"twitter:label2\" content=\"Est. tempo de leitura\" \/>\n\t<meta name=\"twitter:data2\" content=\"6 minutos\" \/>\n<script type=\"application\/ld+json\" class=\"yoast-schema-graph\">{\"@context\":\"https:\\\/\\\/schema.org\",\"@graph\":[{\"@type\":\"Article\",\"@id\":\"https:\\\/\\\/www.iquilibrio.com\\\/blog\\\/espiritualidade\\\/espiritismo\\\/chico-xavier-2019\\\/#article\",\"isPartOf\":{\"@id\":\"https:\\\/\\\/www.iquilibrio.com\\\/blog\\\/espiritualidade\\\/espiritismo\\\/chico-xavier-2019\\\/\"},\"author\":{\"name\":\"Reda\u00e7\u00e3o iQuilibrio\",\"@id\":\"https:\\\/\\\/www.iquilibrio.com\\\/blog\\\/#\\\/schema\\\/person\\\/199505a1f0db0d00f022188666c75dca\"},\"headline\":\"Previs\u00f5es de Chico Xavier para 2019 &#8211; Ser\u00e1 verdade?\",\"datePublished\":\"2018-10-01T12:54:39+00:00\",\"dateModified\":\"2019-03-20T14:54:58+00:00\",\"mainEntityOfPage\":{\"@id\":\"https:\\\/\\\/www.iquilibrio.com\\\/blog\\\/espiritualidade\\\/espiritismo\\\/chico-xavier-2019\\\/\"},\"wordCount\":1186,\"commentCount\":0,\"publisher\":{\"@id\":\"https:\\\/\\\/www.iquilibrio.com\\\/blog\\\/#organization\"},\"image\":{\"@id\":\"https:\\\/\\\/www.iquilibrio.com\\\/blog\\\/espiritualidade\\\/espiritismo\\\/chico-xavier-2019\\\/#primaryimage\"},\"thumbnailUrl\":\"https:\\\/\\\/www.iquilibrio.com\\\/blog\\\/wp-content\\\/uploads\\\/2018\\\/09\\\/previsao-2019-chico.jpg\",\"keywords\":[\"Chico Xavier 2019\",\"Previs\u00e3o de Chico Xavier para 2019\",\"Previs\u00f5es Chico Xavier\"],\"articleSection\":[\"Espiritismo\"],\"inLanguage\":\"pt-BR\"},{\"@type\":\"WebPage\",\"@id\":\"https:\\\/\\\/www.iquilibrio.com\\\/blog\\\/espiritualidade\\\/espiritismo\\\/chico-xavier-2019\\\/\",\"url\":\"https:\\\/\\\/www.iquilibrio.com\\\/blog\\\/espiritualidade\\\/espiritismo\\\/chico-xavier-2019\\\/\",\"name\":\"Previs\u00e3o de Chico Xavier Para 2019 - Mito ou Verdade? | iQuilibrio\",\"isPartOf\":{\"@id\":\"https:\\\/\\\/www.iquilibrio.com\\\/blog\\\/#website\"},\"primaryImageOfPage\":{\"@id\":\"https:\\\/\\\/www.iquilibrio.com\\\/blog\\\/espiritualidade\\\/espiritismo\\\/chico-xavier-2019\\\/#primaryimage\"},\"image\":{\"@id\":\"https:\\\/\\\/www.iquilibrio.com\\\/blog\\\/espiritualidade\\\/espiritismo\\\/chico-xavier-2019\\\/#primaryimage\"},\"thumbnailUrl\":\"https:\\\/\\\/www.iquilibrio.com\\\/blog\\\/wp-content\\\/uploads\\\/2018\\\/09\\\/previsao-2019-chico.jpg\",\"datePublished\":\"2018-10-01T12:54:39+00:00\",\"dateModified\":\"2019-03-20T14:54:58+00:00\",\"description\":\"Descubra o que falam as previs\u00f5es de Chico Xavier e entenda melhor se tudo isso \u00e9 verdadeiro ou n\u00e3o. Clique aqui e Leia Mais!\",\"breadcrumb\":{\"@id\":\"https:\\\/\\\/www.iquilibrio.com\\\/blog\\\/espiritualidade\\\/espiritismo\\\/chico-xavier-2019\\\/#breadcrumb\"},\"inLanguage\":\"pt-BR\",\"potentialAction\":[{\"@type\":\"ReadAction\",\"target\":[\"https:\\\/\\\/www.iquilibrio.com\\\/blog\\\/espiritualidade\\\/espiritismo\\\/chico-xavier-2019\\\/\"]}]},{\"@type\":\"ImageObject\",\"inLanguage\":\"pt-BR\",\"@id\":\"https:\\\/\\\/www.iquilibrio.com\\\/blog\\\/espiritualidade\\\/espiritismo\\\/chico-xavier-2019\\\/#primaryimage\",\"url\":\"https:\\\/\\\/www.iquilibrio.com\\\/blog\\\/wp-content\\\/uploads\\\/2018\\\/09\\\/previsao-2019-chico.jpg\",\"contentUrl\":\"https:\\\/\\\/www.iquilibrio.com\\\/blog\\\/wp-content\\\/uploads\\\/2018\\\/09\\\/previsao-2019-chico.jpg\",\"width\":900,\"height\":560,\"caption\":\"Chico Xavier Previs\u00e3o\"},{\"@type\":\"BreadcrumbList\",\"@id\":\"https:\\\/\\\/www.iquilibrio.com\\\/blog\\\/espiritualidade\\\/espiritismo\\\/chico-xavier-2019\\\/#breadcrumb\",\"itemListElement\":[{\"@type\":\"ListItem\",\"position\":1,\"name\":\"In\u00edcio\",\"item\":\"https:\\\/\\\/www.iquilibrio.com\\\/blog\\\/\"},{\"@type\":\"ListItem\",\"position\":2,\"name\":\"Previs\u00f5es de Chico Xavier para 2019 &#8211; Ser\u00e1 verdade?\"}]},{\"@type\":\"WebSite\",\"@id\":\"https:\\\/\\\/www.iquilibrio.com\\\/blog\\\/#website\",\"url\":\"https:\\\/\\\/www.iquilibrio.com\\\/blog\\\/\",\"name\":\"iQuilibrio\",\"description\":\"Blog iQuilibrio\",\"publisher\":{\"@id\":\"https:\\\/\\\/www.iquilibrio.com\\\/blog\\\/#organization\"},\"potentialAction\":[{\"@type\":\"SearchAction\",\"target\":{\"@type\":\"EntryPoint\",\"urlTemplate\":\"https:\\\/\\\/www.iquilibrio.com\\\/blog\\\/?s={search_term_string}\"},\"query-input\":{\"@type\":\"PropertyValueSpecification\",\"valueRequired\":true,\"valueName\":\"search_term_string\"}}],\"inLanguage\":\"pt-BR\"},{\"@type\":\"Organization\",\"@id\":\"https:\\\/\\\/www.iquilibrio.com\\\/blog\\\/#organization\",\"name\":\"Esoterismo, Misticismo e Tarot Online - iQuilibrio\",\"url\":\"https:\\\/\\\/www.iquilibrio.com\\\/blog\\\/\",\"logo\":{\"@type\":\"ImageObject\",\"inLanguage\":\"pt-BR\",\"@id\":\"https:\\\/\\\/www.iquilibrio.com\\\/blog\\\/#\\\/schema\\\/logo\\\/image\\\/\",\"url\":\"https:\\\/\\\/www.iquilibrio.com\\\/blog\\\/wp-content\\\/uploads\\\/2018\\\/12\\\/iquilibrio_lovo_vetor_preto-retina.png\",\"contentUrl\":\"https:\\\/\\\/www.iquilibrio.com\\\/blog\\\/wp-content\\\/uploads\\\/2018\\\/12\\\/iquilibrio_lovo_vetor_preto-retina.png\",\"width\":972,\"height\":180,\"caption\":\"Esoterismo, Misticismo e Tarot Online - iQuilibrio\"},\"image\":{\"@id\":\"https:\\\/\\\/www.iquilibrio.com\\\/blog\\\/#\\\/schema\\\/logo\\\/image\\\/\"},\"sameAs\":[\"https:\\\/\\\/www.facebook.com\\\/iQuilibrio\\\/\",\"https:\\\/\\\/x.com\\\/iquilibrio\",\"https:\\\/\\\/www.instagram.com\\\/iquilibrio\\\/\",\"https:\\\/\\\/www.linkedin.com\\\/company\\\/iquilibrio\\\/\",\"https:\\\/\\\/br.pinterest.com\\\/iquilibrio1397\\\/\",\"https:\\\/\\\/www.youtube.com\\\/channel\\\/UC175qxd-4Zsi4wzawT5zF2g\"]},{\"@type\":\"Person\",\"@id\":\"https:\\\/\\\/www.iquilibrio.com\\\/blog\\\/#\\\/schema\\\/person\\\/199505a1f0db0d00f022188666c75dca\",\"name\":\"Reda\u00e7\u00e3o iQuilibrio\",\"image\":{\"@type\":\"ImageObject\",\"inLanguage\":\"pt-BR\",\"@id\":\"https:\\\/\\\/www.iquilibrio.com\\\/blog\\\/wp-content\\\/uploads\\\/2021\\\/12\\\/Consulta-por-email-3-150x150.png\",\"url\":\"https:\\\/\\\/www.iquilibrio.com\\\/blog\\\/wp-content\\\/uploads\\\/2021\\\/12\\\/Consulta-por-email-3-150x150.png\",\"contentUrl\":\"https:\\\/\\\/www.iquilibrio.com\\\/blog\\\/wp-content\\\/uploads\\\/2021\\\/12\\\/Consulta-por-email-3-150x150.png\",\"caption\":\"Reda\u00e7\u00e3o iQuilibrio\"},\"description\":\"A equipe de reda\u00e7\u00e3o da iQuilibrio \u00e9 composta pelos mais diversos especialistas e esot\u00e9ricos. Al\u00e9m de dominar a arte de traduzir as energias que o universo emana, nossos redatores sentem imenso prazer em trabalhar com palavras. Boa leitura e um \u00f3timo aprendizado!\",\"url\":\"https:\\\/\\\/www.iquilibrio.com\\\/blog\\\/author\\\/juliana\\\/\"}]}<\/script>\n<!-- \/ Yoast SEO plugin. -->","yoast_head_json":{"title":"Previs\u00e3o de Chico Xavier Para 2019 - Mito ou Verdade? | iQuilibrio","description":"Descubra o que falam as previs\u00f5es de Chico Xavier e entenda melhor se tudo isso \u00e9 verdadeiro ou n\u00e3o. Clique aqui e Leia Mais!","robots":{"index":"index","follow":"follow","max-snippet":"max-snippet:-1","max-image-preview":"max-image-preview:large","max-video-preview":"max-video-preview:-1"},"canonical":"https:\/\/www.iquilibrio.com\/blog\/espiritualidade\/espiritismo\/chico-xavier-2019\/","og_locale":"pt_BR","og_type":"article","og_title":"Previs\u00e3o de Chico Xavier Para 2019 - Mito ou Verdade? | iQuilibrio","og_description":"Descubra o que falam as previs\u00f5es de Chico Xavier e entenda melhor se tudo isso \u00e9 verdadeiro ou n\u00e3o. Clique aqui e Leia Mais!","og_url":"https:\/\/www.iquilibrio.com\/blog\/espiritualidade\/espiritismo\/chico-xavier-2019\/","og_site_name":"iQuilibrio","article_publisher":"https:\/\/www.facebook.com\/iQuilibrio\/","article_published_time":"2018-10-01T12:54:39+00:00","article_modified_time":"2019-03-20T14:54:58+00:00","og_image":[{"width":900,"height":560,"url":"https:\/\/www.iquilibrio.com\/blog\/wp-content\/uploads\/2018\/09\/previsao-2019-chico.jpg","type":"image\/jpeg"}],"author":"Reda\u00e7\u00e3o iQuilibrio","twitter_card":"summary_large_image","twitter_creator":"@iquilibrio","twitter_site":"@iquilibrio","twitter_misc":{"Escrito por":"Reda\u00e7\u00e3o iQuilibrio","Est. tempo de leitura":"6 minutos"},"schema":{"@context":"https:\/\/schema.org","@graph":[{"@type":"Article","@id":"https:\/\/www.iquilibrio.com\/blog\/espiritualidade\/espiritismo\/chico-xavier-2019\/#article","isPartOf":{"@id":"https:\/\/www.iquilibrio.com\/blog\/espiritualidade\/espiritismo\/chico-xavier-2019\/"},"author":{"name":"Reda\u00e7\u00e3o iQuilibrio","@id":"https:\/\/www.iquilibrio.com\/blog\/#\/schema\/person\/199505a1f0db0d00f022188666c75dca"},"headline":"Previs\u00f5es de Chico Xavier para 2019 &#8211; Ser\u00e1 verdade?","datePublished":"2018-10-01T12:54:39+00:00","dateModified":"2019-03-20T14:54:58+00:00","mainEntityOfPage":{"@id":"https:\/\/www.iquilibrio.com\/blog\/espiritualidade\/espiritismo\/chico-xavier-2019\/"},"wordCount":1186,"commentCount":0,"publisher":{"@id":"https:\/\/www.iquilibrio.com\/blog\/#organization"},"image":{"@id":"https:\/\/www.iquilibrio.com\/blog\/espiritualidade\/espiritismo\/chico-xavier-2019\/#primaryimage"},"thumbnailUrl":"https:\/\/www.iquilibrio.com\/blog\/wp-content\/uploads\/2018\/09\/previsao-2019-chico.jpg","keywords":["Chico Xavier 2019","Previs\u00e3o de Chico Xavier para 2019","Previs\u00f5es Chico Xavier"],"articleSection":["Espiritismo"],"inLanguage":"pt-BR"},{"@type":"WebPage","@id":"https:\/\/www.iquilibrio.com\/blog\/espiritualidade\/espiritismo\/chico-xavier-2019\/","url":"https:\/\/www.iquilibrio.com\/blog\/espiritualidade\/espiritismo\/chico-xavier-2019\/","name":"Previs\u00e3o de Chico Xavier Para 2019 - Mito ou Verdade? | iQuilibrio","isPartOf":{"@id":"https:\/\/www.iquilibrio.com\/blog\/#website"},"primaryImageOfPage":{"@id":"https:\/\/www.iquilibrio.com\/blog\/espiritualidade\/espiritismo\/chico-xavier-2019\/#primaryimage"},"image":{"@id":"https:\/\/www.iquilibrio.com\/blog\/espiritualidade\/espiritismo\/chico-xavier-2019\/#primaryimage"},"thumbnailUrl":"https:\/\/www.iquilibrio.com\/blog\/wp-content\/uploads\/2018\/09\/previsao-2019-chico.jpg","datePublished":"2018-10-01T12:54:39+00:00","dateModified":"2019-03-20T14:54:58+00:00","description":"Descubra o que falam as previs\u00f5es de Chico Xavier e entenda melhor se tudo isso \u00e9 verdadeiro ou n\u00e3o. Clique aqui e Leia Mais!","breadcrumb":{"@id":"https:\/\/www.iquilibrio.com\/blog\/espiritualidade\/espiritismo\/chico-xavier-2019\/#breadcrumb"},"inLanguage":"pt-BR","potentialAction":[{"@type":"ReadAction","target":["https:\/\/www.iquilibrio.com\/blog\/espiritualidade\/espiritismo\/chico-xavier-2019\/"]}]},{"@type":"ImageObject","inLanguage":"pt-BR","@id":"https:\/\/www.iquilibrio.com\/blog\/espiritualidade\/espiritismo\/chico-xavier-2019\/#primaryimage","url":"https:\/\/www.iquilibrio.com\/blog\/wp-content\/uploads\/2018\/09\/previsao-2019-chico.jpg","contentUrl":"https:\/\/www.iquilibrio.com\/blog\/wp-content\/uploads\/2018\/09\/previsao-2019-chico.jpg","width":900,"height":560,"caption":"Chico Xavier Previs\u00e3o"},{"@type":"BreadcrumbList","@id":"https:\/\/www.iquilibrio.com\/blog\/espiritualidade\/espiritismo\/chico-xavier-2019\/#breadcrumb","itemListElement":[{"@type":"ListItem","position":1,"name":"In\u00edcio","item":"https:\/\/www.iquilibrio.com\/blog\/"},{"@type":"ListItem","position":2,"name":"Previs\u00f5es de Chico Xavier para 2019 &#8211; Ser\u00e1 verdade?"}]},{"@type":"WebSite","@id":"https:\/\/www.iquilibrio.com\/blog\/#website","url":"https:\/\/www.iquilibrio.com\/blog\/","name":"iQuilibrio","description":"Blog iQuilibrio","publisher":{"@id":"https:\/\/www.iquilibrio.com\/blog\/#organization"},"potentialAction":[{"@type":"SearchAction","target":{"@type":"EntryPoint","urlTemplate":"https:\/\/www.iquilibrio.com\/blog\/?s={search_term_string}"},"query-input":{"@type":"PropertyValueSpecification","valueRequired":true,"valueName":"search_term_string"}}],"inLanguage":"pt-BR"},{"@type":"Organization","@id":"https:\/\/www.iquilibrio.com\/blog\/#organization","name":"Esoterismo, Misticismo e Tarot Online - iQuilibrio","url":"https:\/\/www.iquilibrio.com\/blog\/","logo":{"@type":"ImageObject","inLanguage":"pt-BR","@id":"https:\/\/www.iquilibrio.com\/blog\/#\/schema\/logo\/image\/","url":"https:\/\/www.iquilibrio.com\/blog\/wp-content\/uploads\/2018\/12\/iquilibrio_lovo_vetor_preto-retina.png","contentUrl":"https:\/\/www.iquilibrio.com\/blog\/wp-content\/uploads\/2018\/12\/iquilibrio_lovo_vetor_preto-retina.png","width":972,"height":180,"caption":"Esoterismo, Misticismo e Tarot Online - iQuilibrio"},"image":{"@id":"https:\/\/www.iquilibrio.com\/blog\/#\/schema\/logo\/image\/"},"sameAs":["https:\/\/www.facebook.com\/iQuilibrio\/","https:\/\/x.com\/iquilibrio","https:\/\/www.instagram.com\/iquilibrio\/","https:\/\/www.linkedin.com\/company\/iquilibrio\/","https:\/\/br.pinterest.com\/iquilibrio1397\/","https:\/\/www.youtube.com\/channel\/UC175qxd-4Zsi4wzawT5zF2g"]},{"@type":"Person","@id":"https:\/\/www.iquilibrio.com\/blog\/#\/schema\/person\/199505a1f0db0d00f022188666c75dca","name":"Reda\u00e7\u00e3o iQuilibrio","image":{"@type":"ImageObject","inLanguage":"pt-BR","@id":"https:\/\/www.iquilibrio.com\/blog\/wp-content\/uploads\/2021\/12\/Consulta-por-email-3-150x150.png","url":"https:\/\/www.iquilibrio.com\/blog\/wp-content\/uploads\/2021\/12\/Consulta-por-email-3-150x150.png","contentUrl":"https:\/\/www.iquilibrio.com\/blog\/wp-content\/uploads\/2021\/12\/Consulta-por-email-3-150x150.png","caption":"Reda\u00e7\u00e3o iQuilibrio"},"description":"A equipe de reda\u00e7\u00e3o da iQuilibrio \u00e9 composta pelos mais diversos especialistas e esot\u00e9ricos. Al\u00e9m de dominar a arte de traduzir as energias que o universo emana, nossos redatores sentem imenso prazer em trabalhar com palavras. Boa leitura e um \u00f3timo aprendizado!","url":"https:\/\/www.iquilibrio.com\/blog\/author\/juliana\/"}]}},"_links":{"self":[{"href":"https:\/\/www.iquilibrio.com\/blog\/wp-json\/wp\/v2\/posts\/19805","targetHints":{"allow":["GET"]}}],"collection":[{"href":"https:\/\/www.iquilibrio.com\/blog\/wp-json\/wp\/v2\/posts"}],"about":[{"href":"https:\/\/www.iquilibrio.com\/blog\/wp-json\/wp\/v2\/types\/post"}],"author":[{"embeddable":true,"href":"https:\/\/www.iquilibrio.com\/blog\/wp-json\/wp\/v2\/users\/20"}],"replies":[{"embeddable":true,"href":"https:\/\/www.iquilibrio.com\/blog\/wp-json\/wp\/v2\/comments?post=19805"}],"version-history":[{"count":10,"href":"https:\/\/www.iquilibrio.com\/blog\/wp-json\/wp\/v2\/posts\/19805\/revisions"}],"predecessor-version":[{"id":23784,"href":"https:\/\/www.iquilibrio.com\/blog\/wp-json\/wp\/v2\/posts\/19805\/revisions\/23784"}],"wp:featuredmedia":[{"embeddable":true,"href":"https:\/\/www.iquilibrio.com\/blog\/wp-json\/wp\/v2\/media\/19932"}],"wp:attachment":[{"href":"https:\/\/www.iquilibrio.com\/blog\/wp-json\/wp\/v2\/media?parent=19805"}],"wp:term":[{"taxonomy":"category","embeddable":true,"href":"https:\/\/www.iquilibrio.com\/blog\/wp-json\/wp\/v2\/categories?post=19805"},{"taxonomy":"post_tag","embeddable":true,"href":"https:\/\/www.iquilibrio.com\/blog\/wp-json\/wp\/v2\/tags?post=19805"}],"curies":[{"name":"wp","href":"https:\/\/api.w.org\/{rel}","templated":true}]}}