{"id":17960,"date":"2020-08-07T07:00:00","date_gmt":"2020-08-07T10:00:00","guid":{"rendered":"https:\/\/www.iquilibrio.com\/blog\/?p=17960"},"modified":"2020-08-07T12:09:46","modified_gmt":"2020-08-07T15:09:46","slug":"sao-caetano","status":"publish","type":"post","link":"https:\/\/www.iquilibrio.com\/blog\/espiritualidade\/cristianismo\/sao-caetano\/","title":{"rendered":"Saiba mais sobre S\u00e3o Caetano &#8211; o Santo da Provid\u00eancia"},"content":{"rendered":"<p>Comemora-se em 07 de Agosto o<strong> dia de S\u00e3o Caetano de Thiene<\/strong>, que \u00e9 um dos<strong> Santos famosos<\/strong> por acreditar na igreja e colocar toda sua sabedoria e for\u00e7a na constru\u00e7\u00e3o de novas formas de pensar e agir. <strong>Padre<\/strong> e sacerdote fundador de uma congrega\u00e7\u00e3o em Roma, <a href=\"https:\/\/www.iquilibrio.com\/salmos\/\"><span class=\"class-texto-consultas\">al\u00e9m de sempre espalhar a Palavra Divina atrav\u00e9s de seus ensinamentos,<\/span><\/a> tamb\u00e9m olhou com profundo amor para aqueles que mais precisavam de seus conselhos e aten\u00e7\u00e3o.<\/p>\n<p>Se voc\u00ea procura receber conselhos para diversas \u00e1reas de sua vida, poder\u00e1 contar com a ajuda de um or\u00e1culo preciso e com grande efici\u00eancia chamado de <strong>Tarot dos Anjos<\/strong>. <a href=\"https:\/\/www.iquilibrio.com\/tarot\/anjos\/\"><span class=\"class-texto-produtos\">Clique aqui e fa\u00e7a a sua leitura personalizada.<\/span><\/a><\/p>\n<h2>Hist\u00f3ria de S\u00e3o Caetano<\/h2>\n<p>Caetano nasceu em 01 de Outubro de 1480 em Vicenza, perdera seu pai cedo por isso toda educa\u00e7\u00e3o foi recebida atrav\u00e9s dos ensinamentos da m\u00e3e.<\/p>\n<p>Dedicou sua vida a f\u00e9, por isso fundou em Roma a congrega\u00e7\u00e3o de cl\u00e9rigos regulares, tamb\u00e9m conhecida como Teatinos. Conhecido como Santo da Provid\u00eancia, <strong>Padroeiro<\/strong> dos administradores, gestores e Patrono do P\u00e3o.<\/p>\n<p>Estudou Direito em P\u00e1dua e depois trabalhou como diplomata para o Papa J\u00falio II. Al\u00e9m disso, depois da morte de sua m\u00e3e, ele formou o hospital de incur\u00e1veis, que era muito mais voltado para a cura espiritual, do que realmente do corpo.<\/p>\n<p>Futuramente, depois da morte do Papa J\u00falio, ele fundou a ordem &#8221; Orat\u00f3rio do Amor Divino&#8221;. E teve uma importante e fundamental posi\u00e7\u00e3o na luta contra a <strong>Reforma Protestante<\/strong>.<\/p>\n<h3>Morte<\/h3>\n<p>Chegou a falecer em 07 de Agosto de 1547, com 66 anos. Foi beatificado em 1629 e por fim canonizado em 1671.<\/p>\n<h2>Ora\u00e7\u00e3o de S\u00e3o Caetano<\/h2>\n<h3>Ora\u00e7\u00e3o 1 ( Ora\u00e7\u00e3o das causas urgentes)<\/h3>\n<blockquote><p>\u201cGlorioso S\u00e3o Caetano, aclamado por todos os povos, Pai de provid\u00eancia porque socorres com grandes milagres a quem te invoca em suas necessidades, recorro ao teu altar, suplicando-te que apresentes ao Senhor os desejos que confiantemente deposito em tuas m\u00e3os.<\/p>\n<p>(Pedir a gra\u00e7a)<\/p>\n<p>Faz com que esta gra\u00e7a, que agora te pe\u00e7o, me ajude a buscar sempre o Reino de Deus e sua Justi\u00e7a, sabendo que Deus, que veste de beleza as flores do campo e alimenta com a grandeza as aves do c\u00e9u, me dar\u00e1 as demais coisas por consequ\u00eancia.<\/p>\n<p>Em nome de Jesus.<\/p>\n<p>Am\u00e9m.\u201d<\/p><\/blockquote>\n<h3>Ora\u00e7\u00e3o 2<\/h3>\n<blockquote><p>\u201c\u00d3, glorioso S\u00e3o Caetano, Pai de provid\u00eancia, n\u00e3o permitas que me falte o sustento em minha casa e faz com que eu sempre possa contar com o aux\u00edlio divino para suprir todas as necessidades de minha fam\u00edlia.<\/p>\n<p>\u00d3, glorioso S\u00e3o Caetano, confiamos na provid\u00eancia de Deus e na tua intercess\u00e3o\u201d<\/p><\/blockquote>\n<p>(Pedir a gra\u00e7a)<\/p>\n<p>(Rezar o Pai-Nosso, a Ave-Maria e o Gl\u00f3ria)<\/p>\n<p><strong>Invoca\u00e7\u00e3o:<\/strong><\/p>\n<blockquote><p>\u201cGlorioso S\u00e3o Caetano, intercede por n\u00f3s junto \u00e0 Divina Provid\u00eancia.<\/p>\n<p>Em nome de Jesus.<\/p>\n<p>Am\u00e9m.\u201d<\/p><\/blockquote>\n<h3>Ora\u00e7\u00e3o 3<\/h3>\n<blockquote><p>\u201cDeus de todo consolo, Pai misericordioso, que v\u00eas em segredo e conheces nossas necessidades, que alimenta os p\u00e1ssaros do c\u00e9u e veste os l\u00edrios do campo, te pedimos, \u00f3 Senhor, por intercess\u00e3o de S\u00e3o Caetano, que nos ajudes a viver sempre em teu amor e no amor de nossos irm\u00e3os, e, assim, nos concedas a gra\u00e7a de nunca nos faltar nem o p\u00e3o nem o trabalho de cada dia.<\/p>\n<p>\u00d3 glorioso S\u00e3o Caetano, confiamos na provid\u00eancia de Deus e na tua intercess\u00e3o\u201d<\/p><\/blockquote>\n<p>(Pedir a gra\u00e7a)<\/p>\n<p>(Rezar o <a href=\"https:\/\/www.iquilibrio.com\/blog\/espiritualidade\/cristianismo\/pai-nosso\/\">Pai-Nosso<\/a>, a <a href=\"https:\/\/www.iquilibrio.com\/blog\/espiritualidade\/cristianismo\/ave-maria-oracao\/\">Ave-Maria<\/a> e o <a href=\"https:\/\/www.iquilibrio.com\/blog\/espiritualidade\/oracoes-salmos\/oracao-gloria\/\">Gl\u00f3ria<\/a>)<\/p>\n<p><strong>Invoca\u00e7\u00e3o:<\/strong><\/p>\n<blockquote><p>\u201cGlorioso S\u00e3o Caetano, intercede por n\u00f3s junto \u00e0 Divina Provid\u00eancia.<\/p>\n<p>Em nome de Jesus.<\/p>\n<p>Am\u00e9m.\u201d<\/p><\/blockquote>\n<h3>Ora\u00e7\u00e3o 4<\/h3>\n<blockquote><p>&#8220;\u00d3 S\u00e3o Caetano, que conhecestes a fraqueza da Igreja principalmente em seus membros mais respons\u00e1veis, e que trabalhastes pela reforma da vida e dos costumes dos crist\u00e3os, olhai com muito amor e compaix\u00e3o para as nossas fam\u00edlias e comunidades.<\/p>\n<p>Lan\u00e7ai vossa m\u00e3o poderosa a fim de que reine entre n\u00f3s o esp\u00edrito de f\u00e9, de amor e de justi\u00e7a, segundo a vontade de Cristo.<\/p>\n<p>Fazei que cada um de n\u00f3s assuma suas obriga\u00e7\u00f5es, pois, Cristo espera de cada um de seus seguidores, a fidelidade, o servi\u00e7o e a dedica\u00e7\u00e3o em favor dos irm\u00e3os.<\/p>\n<p>Ou\u00e7a minha ora\u00e7\u00e3o!<\/p>\n<p>Am\u00e9m.&#8221;<\/p><\/blockquote>\n<h2>Novena para S\u00e3o Caetano<\/h2>\n<h3>Ora\u00e7\u00e3o Final para todos os dias<\/h3>\n<blockquote><p>&#8220;Oh! Deus!, Protetor dos que em V\u00f3s confiam, sem cujo poder e gra\u00e7a nada existe de bom e santo; derramai copiosamente sobre n\u00f3s vossa miseric\u00f3rdia para que, a exemplo de S\u00e3o Caetano, usemos de tal modo dos bens temporais que n\u00e3o percamos os eternos da gl\u00f3ria.<\/p>\n<p>Vos pedimos por nosso Senhor Jesus Cristo Am\u00e9m.&#8221;<\/p><\/blockquote>\n<h3>Primeiro Dia<\/h3>\n<blockquote><p>&#8220;Glorioso S\u00e3o Caetano, que tanto apreciastes a pr\u00e1tica saud\u00e1vel da ora\u00e7\u00e3o, pois vossa vida foi uma ora\u00e7\u00e3o continua, e a este proveitoso exercicio dedicavas particularmente at\u00e9 oito horas diarias;<\/p>\n<p>Fazei que estejamos plenamente convencidos que tudo se alcan\u00e7a mediante a ora\u00e7\u00e3o e nada se pode esperar sem ela e que todas as nossas ora\u00e7\u00f5es possam ir acompanhadas de viva f\u00e9, reverente aten\u00e7\u00e3o, profunda humildade, filial confian\u00e7a e inesgot\u00e1vel perseveran\u00e7a. Am\u00e9m.&#8221;<\/p><\/blockquote>\n<h3>Segundo Dia<\/h3>\n<blockquote><p>&#8220;Glorioso Protetor meu S\u00e3o Caetano, cujo amor a Jesus Sacramentado animou vosso zelo a levantar-lhe maravilhosos templos, adornando-os com magnific\u00eancia, e exortando aos fi\u00e9is que recebessem frequentemente e com piedade a Divina Eucaristia;<\/p>\n<p>alcan\u00e7ai-nos que por rever\u00eancia ao Sant\u00edssimo Sacramento estejamos na Igreja com piedade e mod\u00e9stia, e recebamos a Sagrada comunh\u00e3o com m\u00e9rito para a vida eterna. Am\u00e9m.&#8221;<\/p><\/blockquote>\n<h3>Terceiro Dia<\/h3>\n<blockquote><p>&#8220;Glorioso Protetor meu S\u00e3o Caetano, pela sua singular devo\u00e7\u00e3o a Maria, v\u00f3s mereceste sua prote\u00e7\u00e3o, particularmente na hora da morte, na qual vos disse cheia de do\u00e7ura:<\/p>\n<p>Caetano, vem comigo que meu filho te espera; alcan\u00e7ai-nos desta bondosa M\u00e3e que a invoquemos em todos os instantes de nossa vida e deste modo Ela nos assista agora e na hora de nossa morte. Am\u00e9m.&#8221;<\/p><\/blockquote>\n<h3>Quarto Dia<\/h3>\n<blockquote><p>&#8220;Glorioso Protetor meu S\u00e3o Caetano que fostes defensor da F\u00e9 contra todos as afrontas da heresia descobrindo com destreza o erro; fazei que apreciemos o dom inestim\u00e1vel da f\u00e9, sem a qual \u00e9 imposs\u00edvel agradar a Deus, e evitemos com prontid\u00e3o e firmeza todas as sutilezas do erro. Am\u00e9m.&#8221;<\/p><\/blockquote>\n<h3>Quinto Dia<\/h3>\n<blockquote><p>&#8220;Glorioso Protetor meu S\u00e3o Caetano, que tanto vos distinguistes na virtude da esperan\u00e7a, que evitaste os meios humanos que vos ofereciam os poderosos da terra para o sustento de vossas comunidades, esperando tudo da Providencia;<\/p>\n<p>Alcan\u00e7ai-nos que vivamos com a inquebrant\u00e1vel esperan\u00e7a de que Deus nos conceder\u00e1 pelos m\u00e9ritos de seu Divino Filho a vida eterna junto com os meios para consegui-la, e que nossa confian\u00e7a de alcan\u00e7ar os bens temporais n\u00e3o se veja jamais confundida Am\u00e9m.&#8221;<\/p><\/blockquote>\n<h3>Sexto Dia<\/h3>\n<blockquote><p>&#8220;Glorioso Protetor meu S\u00e3o Caetano cuja ardente caridade dilatou tanto vosso peito que dele saiu vosso cora\u00e7\u00e3o, agitando duas asas maravilhosas, at\u00e9 o c\u00e9u e perseguistes sempre a seu inimigo mortal, o pecado;<\/p>\n<p>Alcan\u00e7ai-nos que amemos a Deus de todo cora\u00e7\u00e3o e por Deus a nossos pr\u00f3ximos. Am\u00e9m.&#8221;<\/p><\/blockquote>\n<h3>S\u00e9timo Dia<\/h3>\n<blockquote><p>&#8220;Glorioso Protetor meu S\u00e3o Caetano cuja profund\u00edssima humildade vos fez renunciar as dignidades pontif\u00edcias e reprovava com grande sentimento por ter recebido a dignidade sacerdotal;<\/p>\n<p>Concedei-nos que n\u00e3o mere\u00e7amos por nossa soberba que Deus aparte seu rosto de n\u00f3s, mas sim que com nossa sincera humildade atraiamos sobre n\u00f3s seus misericordiosos olhares. Am\u00e9m.&#8221;<\/p><\/blockquote>\n<h3>Oitavo Dia<\/h3>\n<blockquote><p>&#8220;Glorioso Protetor meu S\u00e3o Caetano, que sofrestes com tanta paci\u00eancia toda vossa vida, particularmente quando fostes tirado de Roma e fostes a\u00e7oitado e encarcerado por soldados irracionais; alcan\u00e7ai-nos a gra\u00e7a de sofrer pacientemente as adversidades desta vida, para assim conseguir uma gloriosa coroa no c\u00e9u. Am\u00e9m.&#8221;<\/p><\/blockquote>\n<h3>Nono Dia<\/h3>\n<blockquote><p>&#8220;Glorioso Protetor meu S\u00e3o Caetano, cuja perfeita castidade mereceu que a Virgem M\u00e3e colocasse em vossos bra\u00e7os seu Divino Filho e que vosso corpo exalasse certo aroma celestial; alcan\u00e7ai-nos que n\u00e3o manchemos nosso cora\u00e7\u00e3o com o pecado impuro e que guardemos nossa castidade com a mortifica\u00e7\u00e3o crist\u00e3. Am\u00e9m.&#8221;<\/p><\/blockquote>\n<p>Que S\u00e3o Caetano consiga com sua compaix\u00e3o te ajudar a alcan\u00e7ar as provid\u00eancias necess\u00e1rias para estar sempre no caminho de sua vida.<\/p>\n<p style=\"text-align: center;\"><span style=\"color: #ffffff;\"><a style=\"color: #ffffff;\" href=\"https:\/\/www.iquilibrio.com\/esotericos\/\"><span class=\"td_btn td_btn_lg td_round_btn class-cta2\">Ven\u00e7a Seus Desafios de Vida Com a Ajuda de Esot\u00e9ricos Experientes<\/span><\/a><\/span><\/p>\n\n\n<div class=\"kk-star-ratings kksr-auto kksr-align-left kksr-valign-bottom\"\n    data-payload='{&quot;align&quot;:&quot;left&quot;,&quot;id&quot;:&quot;17960&quot;,&quot;slug&quot;:&quot;default&quot;,&quot;valign&quot;:&quot;bottom&quot;,&quot;ignore&quot;:&quot;&quot;,&quot;reference&quot;:&quot;auto&quot;,&quot;class&quot;:&quot;&quot;,&quot;count&quot;:&quot;1&quot;,&quot;legendonly&quot;:&quot;&quot;,&quot;readonly&quot;:&quot;&quot;,&quot;score&quot;:&quot;5&quot;,&quot;starsonly&quot;:&quot;&quot;,&quot;best&quot;:&quot;5&quot;,&quot;gap&quot;:&quot;5&quot;,&quot;greet&quot;:&quot;Rate this post&quot;,&quot;legend&quot;:&quot;5\\\/5 - (1 voto)&quot;,&quot;size&quot;:&quot;24&quot;,&quot;title&quot;:&quot;Saiba mais sobre S\u00e3o Caetano - o Santo da Provid\u00eancia&quot;,&quot;width&quot;:&quot;142.5&quot;,&quot;_legend&quot;:&quot;{score}\\\/{best} - ({count} {votes})&quot;,&quot;font_factor&quot;:&quot;1.25&quot;}'>\n            \n<div class=\"kksr-stars\">\n    \n<div class=\"kksr-stars-inactive\">\n            <div class=\"kksr-star\" data-star=\"1\" style=\"padding-right: 5px\">\n            \n\n<div class=\"kksr-icon\" style=\"width: 24px; height: 24px;\"><\/div>\n        <\/div>\n            <div class=\"kksr-star\" data-star=\"2\" style=\"padding-right: 5px\">\n            \n\n<div class=\"kksr-icon\" style=\"width: 24px; height: 24px;\"><\/div>\n        <\/div>\n            <div class=\"kksr-star\" data-star=\"3\" style=\"padding-right: 5px\">\n            \n\n<div class=\"kksr-icon\" style=\"width: 24px; height: 24px;\"><\/div>\n        <\/div>\n            <div class=\"kksr-star\" data-star=\"4\" style=\"padding-right: 5px\">\n            \n\n<div class=\"kksr-icon\" style=\"width: 24px; height: 24px;\"><\/div>\n        <\/div>\n            <div class=\"kksr-star\" data-star=\"5\" style=\"padding-right: 5px\">\n            \n\n<div class=\"kksr-icon\" style=\"width: 24px; height: 24px;\"><\/div>\n        <\/div>\n    <\/div>\n    \n<div class=\"kksr-stars-active\" style=\"width: 142.5px;\">\n            <div class=\"kksr-star\" style=\"padding-right: 5px\">\n            \n\n<div class=\"kksr-icon\" style=\"width: 24px; height: 24px;\"><\/div>\n        <\/div>\n            <div class=\"kksr-star\" style=\"padding-right: 5px\">\n            \n\n<div class=\"kksr-icon\" style=\"width: 24px; height: 24px;\"><\/div>\n        <\/div>\n            <div class=\"kksr-star\" style=\"padding-right: 5px\">\n            \n\n<div class=\"kksr-icon\" style=\"width: 24px; height: 24px;\"><\/div>\n        <\/div>\n            <div class=\"kksr-star\" style=\"padding-right: 5px\">\n            \n\n<div class=\"kksr-icon\" style=\"width: 24px; height: 24px;\"><\/div>\n        <\/div>\n            <div class=\"kksr-star\" style=\"padding-right: 5px\">\n            \n\n<div class=\"kksr-icon\" style=\"width: 24px; height: 24px;\"><\/div>\n        <\/div>\n    <\/div>\n<\/div>\n                \n\n<div class=\"kksr-legend\" style=\"font-size: 19.2px;\">\n            5\/5 - (1 voto)    <\/div>\n    <\/div>\n","protected":false},"excerpt":{"rendered":"<p>Comemora-se em 07 de Agosto o dia de S\u00e3o Caetano de Thiene, que \u00e9 um dos Santos famosos por acreditar na igreja e colocar toda sua sabedoria e for\u00e7a na constru\u00e7\u00e3o de novas formas de pensar e agir. Padre e sacerdote fundador de uma congrega\u00e7\u00e3o em Roma, al\u00e9m de sempre espalhar a Palavra Divina atrav\u00e9s [&hellip;]<\/p>\n","protected":false},"author":20,"featured_media":18198,"comment_status":"open","ping_status":"open","sticky":false,"template":"","format":"standard","meta":{"footnotes":""},"categories":[504],"tags":[3359,3358],"class_list":["post-17960","post","type-post","status-publish","format-standard","has-post-thumbnail","hentry","category-cristianismo","tag-historia-de-sao-caetano","tag-sao-caetano"],"yoast_head":"<!-- This site is optimized with the Yoast SEO plugin v27.4 - https:\/\/yoast.com\/product\/yoast-seo-wordpress\/ -->\n<title>S\u00e3o Caetano - Hist\u00f3ria, Principais Ora\u00e7\u00f5es e Novena | iQuilibrio<\/title>\n<meta name=\"description\" content=\"Conhe\u00e7a mais sobre a hist\u00f3ria de S\u00e3o Caetano e aproveite para dedicar ora\u00e7\u00f5es e realizar a novena para alcan\u00e7ar facilmente o que almeja. Clique e confira!\" \/>\n<meta name=\"robots\" content=\"index, follow, max-snippet:-1, max-image-preview:large, max-video-preview:-1\" \/>\n<link rel=\"canonical\" href=\"https:\/\/www.iquilibrio.com\/blog\/espiritualidade\/cristianismo\/sao-caetano\/\" \/>\n<meta property=\"og:locale\" content=\"pt_BR\" \/>\n<meta property=\"og:type\" content=\"article\" \/>\n<meta property=\"og:title\" content=\"S\u00e3o Caetano - Hist\u00f3ria, Principais Ora\u00e7\u00f5es e Novena | iQuilibrio\" \/>\n<meta property=\"og:description\" content=\"Conhe\u00e7a mais sobre a hist\u00f3ria de S\u00e3o Caetano e aproveite para dedicar ora\u00e7\u00f5es e realizar a novena para alcan\u00e7ar facilmente o que almeja. Clique e confira!\" \/>\n<meta property=\"og:url\" content=\"https:\/\/www.iquilibrio.com\/blog\/espiritualidade\/cristianismo\/sao-caetano\/\" \/>\n<meta property=\"og:site_name\" content=\"iQuilibrio\" \/>\n<meta property=\"article:publisher\" content=\"https:\/\/www.facebook.com\/iQuilibrio\/\" \/>\n<meta property=\"article:published_time\" content=\"2020-08-07T10:00:00+00:00\" \/>\n<meta property=\"article:modified_time\" content=\"2020-08-07T15:09:46+00:00\" \/>\n<meta property=\"og:image\" content=\"https:\/\/www.iquilibrio.com\/blog\/wp-content\/uploads\/2018\/07\/santo_caetano_blog.jpg\" \/>\n\t<meta property=\"og:image:width\" content=\"900\" \/>\n\t<meta property=\"og:image:height\" content=\"560\" \/>\n\t<meta property=\"og:image:type\" content=\"image\/jpeg\" \/>\n<meta name=\"author\" content=\"Reda\u00e7\u00e3o iQuilibrio\" \/>\n<meta name=\"twitter:card\" content=\"summary_large_image\" \/>\n<meta name=\"twitter:creator\" content=\"@iquilibrio\" \/>\n<meta name=\"twitter:site\" content=\"@iquilibrio\" \/>\n<meta name=\"twitter:label1\" content=\"Escrito por\" \/>\n\t<meta name=\"twitter:data1\" content=\"Reda\u00e7\u00e3o iQuilibrio\" \/>\n\t<meta name=\"twitter:label2\" content=\"Est. tempo de leitura\" \/>\n\t<meta name=\"twitter:data2\" content=\"7 minutos\" \/>\n<script type=\"application\/ld+json\" class=\"yoast-schema-graph\">{\"@context\":\"https:\\\/\\\/schema.org\",\"@graph\":[{\"@type\":\"Article\",\"@id\":\"https:\\\/\\\/www.iquilibrio.com\\\/blog\\\/espiritualidade\\\/cristianismo\\\/sao-caetano\\\/#article\",\"isPartOf\":{\"@id\":\"https:\\\/\\\/www.iquilibrio.com\\\/blog\\\/espiritualidade\\\/cristianismo\\\/sao-caetano\\\/\"},\"author\":{\"name\":\"Reda\u00e7\u00e3o iQuilibrio\",\"@id\":\"https:\\\/\\\/www.iquilibrio.com\\\/blog\\\/#\\\/schema\\\/person\\\/199505a1f0db0d00f022188666c75dca\"},\"headline\":\"Saiba mais sobre S\u00e3o Caetano &#8211; o Santo da Provid\u00eancia\",\"datePublished\":\"2020-08-07T10:00:00+00:00\",\"dateModified\":\"2020-08-07T15:09:46+00:00\",\"mainEntityOfPage\":{\"@id\":\"https:\\\/\\\/www.iquilibrio.com\\\/blog\\\/espiritualidade\\\/cristianismo\\\/sao-caetano\\\/\"},\"wordCount\":1470,\"commentCount\":0,\"publisher\":{\"@id\":\"https:\\\/\\\/www.iquilibrio.com\\\/blog\\\/#organization\"},\"image\":{\"@id\":\"https:\\\/\\\/www.iquilibrio.com\\\/blog\\\/espiritualidade\\\/cristianismo\\\/sao-caetano\\\/#primaryimage\"},\"thumbnailUrl\":\"https:\\\/\\\/www.iquilibrio.com\\\/blog\\\/wp-content\\\/uploads\\\/2018\\\/07\\\/santo_caetano_blog.jpg\",\"keywords\":[\"Hist\u00f3ria de S\u00e3o Caetano\",\"S\u00e3o Caetano\"],\"articleSection\":[\"Cristianismo\"],\"inLanguage\":\"pt-BR\"},{\"@type\":\"WebPage\",\"@id\":\"https:\\\/\\\/www.iquilibrio.com\\\/blog\\\/espiritualidade\\\/cristianismo\\\/sao-caetano\\\/\",\"url\":\"https:\\\/\\\/www.iquilibrio.com\\\/blog\\\/espiritualidade\\\/cristianismo\\\/sao-caetano\\\/\",\"name\":\"S\u00e3o Caetano - Hist\u00f3ria, Principais Ora\u00e7\u00f5es e Novena | iQuilibrio\",\"isPartOf\":{\"@id\":\"https:\\\/\\\/www.iquilibrio.com\\\/blog\\\/#website\"},\"primaryImageOfPage\":{\"@id\":\"https:\\\/\\\/www.iquilibrio.com\\\/blog\\\/espiritualidade\\\/cristianismo\\\/sao-caetano\\\/#primaryimage\"},\"image\":{\"@id\":\"https:\\\/\\\/www.iquilibrio.com\\\/blog\\\/espiritualidade\\\/cristianismo\\\/sao-caetano\\\/#primaryimage\"},\"thumbnailUrl\":\"https:\\\/\\\/www.iquilibrio.com\\\/blog\\\/wp-content\\\/uploads\\\/2018\\\/07\\\/santo_caetano_blog.jpg\",\"datePublished\":\"2020-08-07T10:00:00+00:00\",\"dateModified\":\"2020-08-07T15:09:46+00:00\",\"description\":\"Conhe\u00e7a mais sobre a hist\u00f3ria de S\u00e3o Caetano e aproveite para dedicar ora\u00e7\u00f5es e realizar a novena para alcan\u00e7ar facilmente o que almeja. Clique e confira!\",\"breadcrumb\":{\"@id\":\"https:\\\/\\\/www.iquilibrio.com\\\/blog\\\/espiritualidade\\\/cristianismo\\\/sao-caetano\\\/#breadcrumb\"},\"inLanguage\":\"pt-BR\",\"potentialAction\":[{\"@type\":\"ReadAction\",\"target\":[\"https:\\\/\\\/www.iquilibrio.com\\\/blog\\\/espiritualidade\\\/cristianismo\\\/sao-caetano\\\/\"]}]},{\"@type\":\"ImageObject\",\"inLanguage\":\"pt-BR\",\"@id\":\"https:\\\/\\\/www.iquilibrio.com\\\/blog\\\/espiritualidade\\\/cristianismo\\\/sao-caetano\\\/#primaryimage\",\"url\":\"https:\\\/\\\/www.iquilibrio.com\\\/blog\\\/wp-content\\\/uploads\\\/2018\\\/07\\\/santo_caetano_blog.jpg\",\"contentUrl\":\"https:\\\/\\\/www.iquilibrio.com\\\/blog\\\/wp-content\\\/uploads\\\/2018\\\/07\\\/santo_caetano_blog.jpg\",\"width\":900,\"height\":560,\"caption\":\"Santo Caetano\"},{\"@type\":\"BreadcrumbList\",\"@id\":\"https:\\\/\\\/www.iquilibrio.com\\\/blog\\\/espiritualidade\\\/cristianismo\\\/sao-caetano\\\/#breadcrumb\",\"itemListElement\":[{\"@type\":\"ListItem\",\"position\":1,\"name\":\"In\u00edcio\",\"item\":\"https:\\\/\\\/www.iquilibrio.com\\\/blog\\\/\"},{\"@type\":\"ListItem\",\"position\":2,\"name\":\"Saiba mais sobre S\u00e3o Caetano &#8211; o Santo da Provid\u00eancia\"}]},{\"@type\":\"WebSite\",\"@id\":\"https:\\\/\\\/www.iquilibrio.com\\\/blog\\\/#website\",\"url\":\"https:\\\/\\\/www.iquilibrio.com\\\/blog\\\/\",\"name\":\"iQuilibrio\",\"description\":\"Blog iQuilibrio\",\"publisher\":{\"@id\":\"https:\\\/\\\/www.iquilibrio.com\\\/blog\\\/#organization\"},\"potentialAction\":[{\"@type\":\"SearchAction\",\"target\":{\"@type\":\"EntryPoint\",\"urlTemplate\":\"https:\\\/\\\/www.iquilibrio.com\\\/blog\\\/?s={search_term_string}\"},\"query-input\":{\"@type\":\"PropertyValueSpecification\",\"valueRequired\":true,\"valueName\":\"search_term_string\"}}],\"inLanguage\":\"pt-BR\"},{\"@type\":\"Organization\",\"@id\":\"https:\\\/\\\/www.iquilibrio.com\\\/blog\\\/#organization\",\"name\":\"Esoterismo, Misticismo e Tarot Online - iQuilibrio\",\"url\":\"https:\\\/\\\/www.iquilibrio.com\\\/blog\\\/\",\"logo\":{\"@type\":\"ImageObject\",\"inLanguage\":\"pt-BR\",\"@id\":\"https:\\\/\\\/www.iquilibrio.com\\\/blog\\\/#\\\/schema\\\/logo\\\/image\\\/\",\"url\":\"https:\\\/\\\/www.iquilibrio.com\\\/blog\\\/wp-content\\\/uploads\\\/2018\\\/12\\\/iquilibrio_lovo_vetor_preto-retina.png\",\"contentUrl\":\"https:\\\/\\\/www.iquilibrio.com\\\/blog\\\/wp-content\\\/uploads\\\/2018\\\/12\\\/iquilibrio_lovo_vetor_preto-retina.png\",\"width\":972,\"height\":180,\"caption\":\"Esoterismo, Misticismo e Tarot Online - iQuilibrio\"},\"image\":{\"@id\":\"https:\\\/\\\/www.iquilibrio.com\\\/blog\\\/#\\\/schema\\\/logo\\\/image\\\/\"},\"sameAs\":[\"https:\\\/\\\/www.facebook.com\\\/iQuilibrio\\\/\",\"https:\\\/\\\/x.com\\\/iquilibrio\",\"https:\\\/\\\/www.instagram.com\\\/iquilibrio\\\/\",\"https:\\\/\\\/www.linkedin.com\\\/company\\\/iquilibrio\\\/\",\"https:\\\/\\\/br.pinterest.com\\\/iquilibrio1397\\\/\",\"https:\\\/\\\/www.youtube.com\\\/channel\\\/UC175qxd-4Zsi4wzawT5zF2g\"]},{\"@type\":\"Person\",\"@id\":\"https:\\\/\\\/www.iquilibrio.com\\\/blog\\\/#\\\/schema\\\/person\\\/199505a1f0db0d00f022188666c75dca\",\"name\":\"Reda\u00e7\u00e3o iQuilibrio\",\"image\":{\"@type\":\"ImageObject\",\"inLanguage\":\"pt-BR\",\"@id\":\"https:\\\/\\\/www.iquilibrio.com\\\/blog\\\/wp-content\\\/uploads\\\/2021\\\/12\\\/Consulta-por-email-3-150x150.png\",\"url\":\"https:\\\/\\\/www.iquilibrio.com\\\/blog\\\/wp-content\\\/uploads\\\/2021\\\/12\\\/Consulta-por-email-3-150x150.png\",\"contentUrl\":\"https:\\\/\\\/www.iquilibrio.com\\\/blog\\\/wp-content\\\/uploads\\\/2021\\\/12\\\/Consulta-por-email-3-150x150.png\",\"caption\":\"Reda\u00e7\u00e3o iQuilibrio\"},\"description\":\"A equipe de reda\u00e7\u00e3o da iQuilibrio \u00e9 composta pelos mais diversos especialistas e esot\u00e9ricos. Al\u00e9m de dominar a arte de traduzir as energias que o universo emana, nossos redatores sentem imenso prazer em trabalhar com palavras. Boa leitura e um \u00f3timo aprendizado!\",\"url\":\"https:\\\/\\\/www.iquilibrio.com\\\/blog\\\/author\\\/juliana\\\/\"}]}<\/script>\n<!-- \/ Yoast SEO plugin. -->","yoast_head_json":{"title":"S\u00e3o Caetano - Hist\u00f3ria, Principais Ora\u00e7\u00f5es e Novena | iQuilibrio","description":"Conhe\u00e7a mais sobre a hist\u00f3ria de S\u00e3o Caetano e aproveite para dedicar ora\u00e7\u00f5es e realizar a novena para alcan\u00e7ar facilmente o que almeja. Clique e confira!","robots":{"index":"index","follow":"follow","max-snippet":"max-snippet:-1","max-image-preview":"max-image-preview:large","max-video-preview":"max-video-preview:-1"},"canonical":"https:\/\/www.iquilibrio.com\/blog\/espiritualidade\/cristianismo\/sao-caetano\/","og_locale":"pt_BR","og_type":"article","og_title":"S\u00e3o Caetano - Hist\u00f3ria, Principais Ora\u00e7\u00f5es e Novena | iQuilibrio","og_description":"Conhe\u00e7a mais sobre a hist\u00f3ria de S\u00e3o Caetano e aproveite para dedicar ora\u00e7\u00f5es e realizar a novena para alcan\u00e7ar facilmente o que almeja. Clique e confira!","og_url":"https:\/\/www.iquilibrio.com\/blog\/espiritualidade\/cristianismo\/sao-caetano\/","og_site_name":"iQuilibrio","article_publisher":"https:\/\/www.facebook.com\/iQuilibrio\/","article_published_time":"2020-08-07T10:00:00+00:00","article_modified_time":"2020-08-07T15:09:46+00:00","og_image":[{"width":900,"height":560,"url":"https:\/\/www.iquilibrio.com\/blog\/wp-content\/uploads\/2018\/07\/santo_caetano_blog.jpg","type":"image\/jpeg"}],"author":"Reda\u00e7\u00e3o iQuilibrio","twitter_card":"summary_large_image","twitter_creator":"@iquilibrio","twitter_site":"@iquilibrio","twitter_misc":{"Escrito por":"Reda\u00e7\u00e3o iQuilibrio","Est. tempo de leitura":"7 minutos"},"schema":{"@context":"https:\/\/schema.org","@graph":[{"@type":"Article","@id":"https:\/\/www.iquilibrio.com\/blog\/espiritualidade\/cristianismo\/sao-caetano\/#article","isPartOf":{"@id":"https:\/\/www.iquilibrio.com\/blog\/espiritualidade\/cristianismo\/sao-caetano\/"},"author":{"name":"Reda\u00e7\u00e3o iQuilibrio","@id":"https:\/\/www.iquilibrio.com\/blog\/#\/schema\/person\/199505a1f0db0d00f022188666c75dca"},"headline":"Saiba mais sobre S\u00e3o Caetano &#8211; o Santo da Provid\u00eancia","datePublished":"2020-08-07T10:00:00+00:00","dateModified":"2020-08-07T15:09:46+00:00","mainEntityOfPage":{"@id":"https:\/\/www.iquilibrio.com\/blog\/espiritualidade\/cristianismo\/sao-caetano\/"},"wordCount":1470,"commentCount":0,"publisher":{"@id":"https:\/\/www.iquilibrio.com\/blog\/#organization"},"image":{"@id":"https:\/\/www.iquilibrio.com\/blog\/espiritualidade\/cristianismo\/sao-caetano\/#primaryimage"},"thumbnailUrl":"https:\/\/www.iquilibrio.com\/blog\/wp-content\/uploads\/2018\/07\/santo_caetano_blog.jpg","keywords":["Hist\u00f3ria de S\u00e3o Caetano","S\u00e3o Caetano"],"articleSection":["Cristianismo"],"inLanguage":"pt-BR"},{"@type":"WebPage","@id":"https:\/\/www.iquilibrio.com\/blog\/espiritualidade\/cristianismo\/sao-caetano\/","url":"https:\/\/www.iquilibrio.com\/blog\/espiritualidade\/cristianismo\/sao-caetano\/","name":"S\u00e3o Caetano - Hist\u00f3ria, Principais Ora\u00e7\u00f5es e Novena | iQuilibrio","isPartOf":{"@id":"https:\/\/www.iquilibrio.com\/blog\/#website"},"primaryImageOfPage":{"@id":"https:\/\/www.iquilibrio.com\/blog\/espiritualidade\/cristianismo\/sao-caetano\/#primaryimage"},"image":{"@id":"https:\/\/www.iquilibrio.com\/blog\/espiritualidade\/cristianismo\/sao-caetano\/#primaryimage"},"thumbnailUrl":"https:\/\/www.iquilibrio.com\/blog\/wp-content\/uploads\/2018\/07\/santo_caetano_blog.jpg","datePublished":"2020-08-07T10:00:00+00:00","dateModified":"2020-08-07T15:09:46+00:00","description":"Conhe\u00e7a mais sobre a hist\u00f3ria de S\u00e3o Caetano e aproveite para dedicar ora\u00e7\u00f5es e realizar a novena para alcan\u00e7ar facilmente o que almeja. Clique e confira!","breadcrumb":{"@id":"https:\/\/www.iquilibrio.com\/blog\/espiritualidade\/cristianismo\/sao-caetano\/#breadcrumb"},"inLanguage":"pt-BR","potentialAction":[{"@type":"ReadAction","target":["https:\/\/www.iquilibrio.com\/blog\/espiritualidade\/cristianismo\/sao-caetano\/"]}]},{"@type":"ImageObject","inLanguage":"pt-BR","@id":"https:\/\/www.iquilibrio.com\/blog\/espiritualidade\/cristianismo\/sao-caetano\/#primaryimage","url":"https:\/\/www.iquilibrio.com\/blog\/wp-content\/uploads\/2018\/07\/santo_caetano_blog.jpg","contentUrl":"https:\/\/www.iquilibrio.com\/blog\/wp-content\/uploads\/2018\/07\/santo_caetano_blog.jpg","width":900,"height":560,"caption":"Santo Caetano"},{"@type":"BreadcrumbList","@id":"https:\/\/www.iquilibrio.com\/blog\/espiritualidade\/cristianismo\/sao-caetano\/#breadcrumb","itemListElement":[{"@type":"ListItem","position":1,"name":"In\u00edcio","item":"https:\/\/www.iquilibrio.com\/blog\/"},{"@type":"ListItem","position":2,"name":"Saiba mais sobre S\u00e3o Caetano &#8211; o Santo da Provid\u00eancia"}]},{"@type":"WebSite","@id":"https:\/\/www.iquilibrio.com\/blog\/#website","url":"https:\/\/www.iquilibrio.com\/blog\/","name":"iQuilibrio","description":"Blog iQuilibrio","publisher":{"@id":"https:\/\/www.iquilibrio.com\/blog\/#organization"},"potentialAction":[{"@type":"SearchAction","target":{"@type":"EntryPoint","urlTemplate":"https:\/\/www.iquilibrio.com\/blog\/?s={search_term_string}"},"query-input":{"@type":"PropertyValueSpecification","valueRequired":true,"valueName":"search_term_string"}}],"inLanguage":"pt-BR"},{"@type":"Organization","@id":"https:\/\/www.iquilibrio.com\/blog\/#organization","name":"Esoterismo, Misticismo e Tarot Online - iQuilibrio","url":"https:\/\/www.iquilibrio.com\/blog\/","logo":{"@type":"ImageObject","inLanguage":"pt-BR","@id":"https:\/\/www.iquilibrio.com\/blog\/#\/schema\/logo\/image\/","url":"https:\/\/www.iquilibrio.com\/blog\/wp-content\/uploads\/2018\/12\/iquilibrio_lovo_vetor_preto-retina.png","contentUrl":"https:\/\/www.iquilibrio.com\/blog\/wp-content\/uploads\/2018\/12\/iquilibrio_lovo_vetor_preto-retina.png","width":972,"height":180,"caption":"Esoterismo, Misticismo e Tarot Online - iQuilibrio"},"image":{"@id":"https:\/\/www.iquilibrio.com\/blog\/#\/schema\/logo\/image\/"},"sameAs":["https:\/\/www.facebook.com\/iQuilibrio\/","https:\/\/x.com\/iquilibrio","https:\/\/www.instagram.com\/iquilibrio\/","https:\/\/www.linkedin.com\/company\/iquilibrio\/","https:\/\/br.pinterest.com\/iquilibrio1397\/","https:\/\/www.youtube.com\/channel\/UC175qxd-4Zsi4wzawT5zF2g"]},{"@type":"Person","@id":"https:\/\/www.iquilibrio.com\/blog\/#\/schema\/person\/199505a1f0db0d00f022188666c75dca","name":"Reda\u00e7\u00e3o iQuilibrio","image":{"@type":"ImageObject","inLanguage":"pt-BR","@id":"https:\/\/www.iquilibrio.com\/blog\/wp-content\/uploads\/2021\/12\/Consulta-por-email-3-150x150.png","url":"https:\/\/www.iquilibrio.com\/blog\/wp-content\/uploads\/2021\/12\/Consulta-por-email-3-150x150.png","contentUrl":"https:\/\/www.iquilibrio.com\/blog\/wp-content\/uploads\/2021\/12\/Consulta-por-email-3-150x150.png","caption":"Reda\u00e7\u00e3o iQuilibrio"},"description":"A equipe de reda\u00e7\u00e3o da iQuilibrio \u00e9 composta pelos mais diversos especialistas e esot\u00e9ricos. Al\u00e9m de dominar a arte de traduzir as energias que o universo emana, nossos redatores sentem imenso prazer em trabalhar com palavras. Boa leitura e um \u00f3timo aprendizado!","url":"https:\/\/www.iquilibrio.com\/blog\/author\/juliana\/"}]}},"_links":{"self":[{"href":"https:\/\/www.iquilibrio.com\/blog\/wp-json\/wp\/v2\/posts\/17960","targetHints":{"allow":["GET"]}}],"collection":[{"href":"https:\/\/www.iquilibrio.com\/blog\/wp-json\/wp\/v2\/posts"}],"about":[{"href":"https:\/\/www.iquilibrio.com\/blog\/wp-json\/wp\/v2\/types\/post"}],"author":[{"embeddable":true,"href":"https:\/\/www.iquilibrio.com\/blog\/wp-json\/wp\/v2\/users\/20"}],"replies":[{"embeddable":true,"href":"https:\/\/www.iquilibrio.com\/blog\/wp-json\/wp\/v2\/comments?post=17960"}],"version-history":[{"count":9,"href":"https:\/\/www.iquilibrio.com\/blog\/wp-json\/wp\/v2\/posts\/17960\/revisions"}],"predecessor-version":[{"id":25041,"href":"https:\/\/www.iquilibrio.com\/blog\/wp-json\/wp\/v2\/posts\/17960\/revisions\/25041"}],"wp:featuredmedia":[{"embeddable":true,"href":"https:\/\/www.iquilibrio.com\/blog\/wp-json\/wp\/v2\/media\/18198"}],"wp:attachment":[{"href":"https:\/\/www.iquilibrio.com\/blog\/wp-json\/wp\/v2\/media?parent=17960"}],"wp:term":[{"taxonomy":"category","embeddable":true,"href":"https:\/\/www.iquilibrio.com\/blog\/wp-json\/wp\/v2\/categories?post=17960"},{"taxonomy":"post_tag","embeddable":true,"href":"https:\/\/www.iquilibrio.com\/blog\/wp-json\/wp\/v2\/tags?post=17960"}],"curies":[{"name":"wp","href":"https:\/\/api.w.org\/{rel}","templated":true}]}}