{"id":1793,"date":"2016-11-09T13:47:25","date_gmt":"2016-11-09T13:47:25","guid":{"rendered":"https:\/\/www.iquilibrio.com\/blog\/?p=1793"},"modified":"2019-05-17T21:35:03","modified_gmt":"2019-05-17T23:35:03","slug":"calendario-lunar-2017","status":"publish","type":"post","link":"https:\/\/www.iquilibrio.com\/blog\/astrologia\/lua\/calendario-lunar-2017\/","title":{"rendered":"Calend\u00e1rio Lunar 2017 &#8211; Informa\u00e7\u00f5es e Datas das Fases Lunares"},"content":{"rendered":"<p>O <strong>calend\u00e1rio lunar 2017<\/strong> mostra as diversas fases da Lua ao longo dos meses desse ano.\u00a0A Lua \u00e9 o \u00fanico sat\u00e9lite natural conhecido\u00a0que gira ao redor da Terra. Esse corpo celestial rochoso exerce grande influ\u00eancia, tanto nos aspectos f\u00edsicos do planeta quanto nos aspectos energ\u00e9ticos do nosso dia a dia, podendo afetar, inclusive a fertilidade feminina, os relacionamentos, as emo\u00e7\u00f5es e os ciclos de crescimento.<\/p>\n<p style=\"text-align: center;\"><a href=\"https:\/\/www.iquilibrio.com\/astrologia\/\"><span class=\"td_btn td_btn_lg td_round_btn class-cta1\">Fale com os Melhores Astr\u00f3logos HOJE e Entenda sobre seu Destino e como Superar os seus Desafios<\/span><\/a><\/p>\n<p>No post de hoje voc\u00ea vai conhecer um pouco mais sobre as <strong>fases da Lua<\/strong> e suas caracter\u00edsticas, entender\u00e1\u00a0a diferen\u00e7a entre Apogeu e Perigeu, e vai saber mais sobre\u00a0os eclipses previstos para o ano de 2017, al\u00e9m do <strong>calend\u00e1rio lunar<\/strong>. Confira!<\/p>\n<h2><strong>Calend\u00e1rio Lunar 2017: fases da Lua<\/strong><\/h2>\n<p>Cada fase pela qual a Lua passa ao longo do seu ciclo\u00a0manifesta um tipo de energia particular. Conhecer as caracter\u00edsticas pr\u00f3prias de cada fase\u00a0e entender como influenciam\u00a0nosso dia a dia ajuda a estabelecer uma sintonia\u00a0direta com suas for\u00e7as, abrindo caminhos para usufruir, cada vez mais, dos seus benef\u00edcios.<\/p>\n<h3><strong>Lua Nova<\/strong><\/h3>\n<p>Esta fase indica o in\u00edcio do ciclo de <strong>fases lunares<\/strong>. Ocorre quando a Lua est\u00e1 alinhada entre a Terra e o Sol, fazendo com que o sat\u00e9lite receba a luz solar \u201cpor tr\u00e1s\u201d. Nessa fase, a Lua n\u00e3o pode ser avistada da Terra.<\/p>\n<p>Ideal para um momento de reflex\u00e3o, a Lua Nova tamb\u00e9m \u00e9 um bom per\u00edodo\u00a0para come\u00e7ar novos projetos e para trilhar novos\u00a0caminhos.<\/p>\n<h3><strong>Lua Crescente<\/strong><\/h3>\n<p>Nesta\u00a0fase, a Lua est\u00e1 posicionada num \u00e2ngulo de 90\u00ba com a Terra.\u00a0Inicia-se, ent\u00e3o, o primeiro quarto. Dia ap\u00f3s dia, sua\u00a0luminosidade\u00a0aumenta, tornando-a\u00a0mais vis\u00edvel do planeta Terra.<\/p>\n<p>Nesta fase do <strong>calend\u00e1rio lunar<\/strong>, temos\u00a0um momento prop\u00edcio para continuidade e crescimento, seja de planos ou a\u00e7\u00f5es. Contudo,\u00a0temos tamb\u00e9m a desarmonia das qualidades, sendo\u00a0necess\u00e1rio lutar para que nossos ideais se realizem.<\/p>\n<h3><strong>Lua Cheia<\/strong><\/h3>\n<p>Neste per\u00edodo\u00a0a Lua est\u00e1 em posi\u00e7\u00e3o oposta ao Sol, em rela\u00e7\u00e3o \u00e0 Terra, ou seja, est\u00e3o todos alinhados. Como consequ\u00eancia, o sat\u00e9lite\u00a0brilha intensamente\u00a0no c\u00e9u do planeta. Esta Lua altera o humor e desestabiliza o emocional, deixando as pessoas inquietas e ansiosas. Por\u00e9m, ela tamb\u00e9m nos torna mais receptivos e ligados ao nosso \u201ceu&#8221; interior.<\/p>\n<p>A Lua Cheia \u00e9 um per\u00edodo de transbordamentos,\u00a0positivos ou negativos, e no qual manter o equil\u00edbrio se torna mais dif\u00edcil.\u00a0Recomenda-se conservar a mente calma e relaxada durante a fase cheia.<\/p>\n<h3><strong>Lua Minguante<\/strong><\/h3>\n<p>Nesta etapa, a Lua se encontra em diferen\u00e7a angular de 270\u00ba em rela\u00e7\u00e3o \u00e0\u00a0Terra e seu desenho se assemelha a um C invertido. Desta fase em diante, at\u00e9 o novo ciclo, &#8211;\u00a0quando a Lua se alinha entre o Sol e a Terra &#8211; ser\u00e1 mais dif\u00edcil visualizar o sat\u00e9lite da Terra.<\/p>\n<p>\u00c9 um \u00f3timo momento para se livrar do que n\u00e3o \u00e9 desejado\u00a0ou finalizar o que j\u00e1 foi come\u00e7ado, pois\u00a0a intensidade e a import\u00e2ncia\u00a0das coisas diminuem. \u00c9 um momento perfeito tamb\u00e9m para fazer <a href=\"https:\/\/iquilibrio.com\/blog\/simpatias\/limpeza-energetica\/ritual-lua-minguante\/\">rituais com a Lua Minguante<\/a>.<\/p>\n<h2><strong>Apogeu e Perigeu\u00a0<\/strong><\/h2>\n<p>O Apogeu lunar indicar a maior dist\u00e2ncia da Lua em rela\u00e7\u00e3o ao planeta Terra. Em contrapartida, o Perigeu lunar indica justamente o oposto:\u00a0a menor dist\u00e2ncia da Lua em rela\u00e7\u00e3o \u00e0 Terra. Tanto o Apogeu quanto o Perigeu ocorrem mensalmente, e\u00a0quando o Perigeu coincide com a\u00a0Lua Cheia\u00a0temos o fen\u00f4meno da \u201cSuper Lua\u201d.<\/p>\n<p>Essas altera\u00e7\u00f5es de dist\u00e2ncia entre a Lua e o planeta Terra, fazem com que o sat\u00e9lite pare\u00e7a maior e mais brilhante &#8211; quando mais perto da Terra, ou pequeno e ofuscado &#8211; quando em seu ponto mais distante do nosso planeta.<\/p>\n<h2><strong>Eclipse lunar\u00a0<\/strong><\/h2>\n<p>O eclipse lunar \u00e9 um fen\u00f4meno celeste\u00a0caracterizado pelo ocultamento da Lua. Geralmente,\u00a0eclipses lunares trazem uma\u00a0mensagem de altera\u00e7\u00f5es importantes nos h\u00e1bitos e condicionamentos, relacionadas diretamente a\u00a0quest\u00f5es familiares e emocionais, e\u00a0atuam mais diretamente nas mulheres. Para entender\u00a0seus efeitos simb\u00f3licos, \u00e9 importante observar em que lugar ocorrem\u00a0numa determinada carta astrol\u00f3gica..<\/p>\n<p>Confira os eclipses lunares previstos para 2017:<\/p>\n<ul style=\"font-size: 14pt;\">\n<li>10 de fevereiro de 2017 &#8211;\u00a0haver\u00e1\u00a0um eclipse penumbral;\u00a0o brilho do sat\u00e9lite \u00e9 afetado, diminuindo um pouco. No Brasil,\u00a0dever\u00e1 acontecer \u00e0s 20h30min desta data.<\/li>\n<li>7 de agosto de 2017 &#8211;\u00a0haver\u00e1 um eclipse quase impercept\u00edvel;\u00a0somente poder\u00e1 ser avistado no Leste da Europa, na \u00c1sia e na Oceania.<\/li>\n<\/ul>\n<p style=\"text-align: center;\"><span style=\"color: #ffffff;\"><a style=\"color: #ffffff;\" href=\" https:\/\/www.iquilibrio.com\/mapa-astral\/\"><span class=\"td_btn td_btn_lg td_round_btn class-cta2\">Quer Ajuda? Escolha Aqui o Melhor Mapa Astral para te orientar no assunto que voc\u00ea precisa<\/span><\/a><\/span><\/p>\n\n\n<div class=\"kk-star-ratings kksr-auto kksr-align-left kksr-valign-bottom\"\n    data-payload='{&quot;align&quot;:&quot;left&quot;,&quot;id&quot;:&quot;1793&quot;,&quot;slug&quot;:&quot;default&quot;,&quot;valign&quot;:&quot;bottom&quot;,&quot;ignore&quot;:&quot;&quot;,&quot;reference&quot;:&quot;auto&quot;,&quot;class&quot;:&quot;&quot;,&quot;count&quot;:&quot;0&quot;,&quot;legendonly&quot;:&quot;&quot;,&quot;readonly&quot;:&quot;&quot;,&quot;score&quot;:&quot;0&quot;,&quot;starsonly&quot;:&quot;&quot;,&quot;best&quot;:&quot;5&quot;,&quot;gap&quot;:&quot;5&quot;,&quot;greet&quot;:&quot;Rate this post&quot;,&quot;legend&quot;:&quot;0\\\/5 - (0 voto)&quot;,&quot;size&quot;:&quot;24&quot;,&quot;title&quot;:&quot;Calend\u00e1rio Lunar 2017 - Informa\u00e7\u00f5es e Datas das Fases Lunares&quot;,&quot;width&quot;:&quot;0&quot;,&quot;_legend&quot;:&quot;{score}\\\/{best} - ({count} {votes})&quot;,&quot;font_factor&quot;:&quot;1.25&quot;}'>\n            \n<div class=\"kksr-stars\">\n    \n<div class=\"kksr-stars-inactive\">\n            <div class=\"kksr-star\" data-star=\"1\" style=\"padding-right: 5px\">\n            \n\n<div class=\"kksr-icon\" style=\"width: 24px; height: 24px;\"><\/div>\n        <\/div>\n            <div class=\"kksr-star\" data-star=\"2\" style=\"padding-right: 5px\">\n            \n\n<div class=\"kksr-icon\" style=\"width: 24px; height: 24px;\"><\/div>\n        <\/div>\n            <div class=\"kksr-star\" data-star=\"3\" style=\"padding-right: 5px\">\n            \n\n<div class=\"kksr-icon\" style=\"width: 24px; height: 24px;\"><\/div>\n        <\/div>\n            <div class=\"kksr-star\" data-star=\"4\" style=\"padding-right: 5px\">\n            \n\n<div class=\"kksr-icon\" style=\"width: 24px; height: 24px;\"><\/div>\n        <\/div>\n            <div class=\"kksr-star\" data-star=\"5\" style=\"padding-right: 5px\">\n            \n\n<div class=\"kksr-icon\" style=\"width: 24px; height: 24px;\"><\/div>\n        <\/div>\n    <\/div>\n    \n<div class=\"kksr-stars-active\" style=\"width: 0px;\">\n            <div class=\"kksr-star\" style=\"padding-right: 5px\">\n            \n\n<div class=\"kksr-icon\" style=\"width: 24px; height: 24px;\"><\/div>\n        <\/div>\n            <div class=\"kksr-star\" style=\"padding-right: 5px\">\n            \n\n<div class=\"kksr-icon\" style=\"width: 24px; height: 24px;\"><\/div>\n        <\/div>\n            <div class=\"kksr-star\" style=\"padding-right: 5px\">\n            \n\n<div class=\"kksr-icon\" style=\"width: 24px; height: 24px;\"><\/div>\n        <\/div>\n            <div class=\"kksr-star\" style=\"padding-right: 5px\">\n            \n\n<div class=\"kksr-icon\" style=\"width: 24px; height: 24px;\"><\/div>\n        <\/div>\n            <div class=\"kksr-star\" style=\"padding-right: 5px\">\n            \n\n<div class=\"kksr-icon\" style=\"width: 24px; height: 24px;\"><\/div>\n        <\/div>\n    <\/div>\n<\/div>\n                \n\n<div class=\"kksr-legend\" style=\"font-size: 19.2px;\">\n            <span class=\"kksr-muted\">Rate this post<\/span>\n    <\/div>\n    <\/div>\n","protected":false},"excerpt":{"rendered":"<p>O calend\u00e1rio lunar 2017 mostra as diversas fases da Lua ao longo dos meses desse ano.\u00a0A Lua \u00e9 o \u00fanico sat\u00e9lite natural conhecido\u00a0que gira ao redor da Terra. Esse corpo celestial rochoso exerce grande influ\u00eancia, tanto nos aspectos f\u00edsicos do planeta quanto nos aspectos energ\u00e9ticos do nosso dia a dia, podendo afetar, inclusive a fertilidade [&hellip;]<\/p>\n","protected":false},"author":20,"featured_media":8786,"comment_status":"open","ping_status":"open","sticky":false,"template":"","format":"standard","meta":{"footnotes":""},"categories":[518],"tags":[700,420,699],"class_list":["post-1793","post","type-post","status-publish","format-standard","has-post-thumbnail","hentry","category-lua","tag-700","tag-calendario-lunar","tag-fases-lunares"],"yoast_head":"<!-- This site is optimized with the Yoast SEO plugin v27.4 - https:\/\/yoast.com\/product\/yoast-seo-wordpress\/ -->\n<title>Calend\u00e1rio Lunar 2017 - Fases da Lua do Ano Novo | iQuilibrio<\/title>\n<meta name=\"description\" content=\"Gostaria de saber mais informa\u00e7\u00f5es sobre o Calend\u00e1rio Lunar de 2017? Clique aqui e saiba exatamente todas as datas, al\u00e9m de informa\u00e7\u00f5es gerais do astro!\" \/>\n<meta name=\"robots\" content=\"index, follow, max-snippet:-1, max-image-preview:large, max-video-preview:-1\" \/>\n<link rel=\"canonical\" href=\"https:\/\/www.iquilibrio.com\/blog\/astrologia\/lua\/calendario-lunar-2017\/\" \/>\n<meta property=\"og:locale\" content=\"pt_BR\" \/>\n<meta property=\"og:type\" content=\"article\" \/>\n<meta property=\"og:title\" content=\"Calend\u00e1rio Lunar 2017 - Fases da Lua do Ano Novo | iQuilibrio\" \/>\n<meta property=\"og:description\" content=\"Gostaria de saber mais informa\u00e7\u00f5es sobre o Calend\u00e1rio Lunar de 2017? Clique aqui e saiba exatamente todas as datas, al\u00e9m de informa\u00e7\u00f5es gerais do astro!\" \/>\n<meta property=\"og:url\" content=\"https:\/\/www.iquilibrio.com\/blog\/astrologia\/lua\/calendario-lunar-2017\/\" \/>\n<meta property=\"og:site_name\" content=\"iQuilibrio\" \/>\n<meta property=\"article:publisher\" content=\"https:\/\/www.facebook.com\/iQuilibrio\/\" \/>\n<meta property=\"article:published_time\" content=\"2016-11-09T13:47:25+00:00\" \/>\n<meta property=\"article:modified_time\" content=\"2019-05-17T23:35:03+00:00\" \/>\n<meta property=\"og:image\" content=\"https:\/\/www.iquilibrio.com\/blog\/wp-content\/uploads\/2016\/11\/calendario-lunar-1.jpg\" \/>\n\t<meta property=\"og:image:width\" content=\"900\" \/>\n\t<meta property=\"og:image:height\" content=\"560\" \/>\n\t<meta property=\"og:image:type\" content=\"image\/jpeg\" \/>\n<meta name=\"author\" content=\"Reda\u00e7\u00e3o iQuilibrio\" \/>\n<meta name=\"twitter:card\" content=\"summary_large_image\" \/>\n<meta name=\"twitter:creator\" content=\"@iquilibrio\" \/>\n<meta name=\"twitter:site\" content=\"@iquilibrio\" \/>\n<meta name=\"twitter:label1\" content=\"Escrito por\" \/>\n\t<meta name=\"twitter:data1\" content=\"Reda\u00e7\u00e3o iQuilibrio\" \/>\n\t<meta name=\"twitter:label2\" content=\"Est. tempo de leitura\" \/>\n\t<meta name=\"twitter:data2\" content=\"4 minutos\" \/>\n<script type=\"application\/ld+json\" class=\"yoast-schema-graph\">{\"@context\":\"https:\\\/\\\/schema.org\",\"@graph\":[{\"@type\":\"Article\",\"@id\":\"https:\\\/\\\/www.iquilibrio.com\\\/blog\\\/astrologia\\\/lua\\\/calendario-lunar-2017\\\/#article\",\"isPartOf\":{\"@id\":\"https:\\\/\\\/www.iquilibrio.com\\\/blog\\\/astrologia\\\/lua\\\/calendario-lunar-2017\\\/\"},\"author\":{\"name\":\"Reda\u00e7\u00e3o iQuilibrio\",\"@id\":\"https:\\\/\\\/www.iquilibrio.com\\\/blog\\\/#\\\/schema\\\/person\\\/199505a1f0db0d00f022188666c75dca\"},\"headline\":\"Calend\u00e1rio Lunar 2017 &#8211; Informa\u00e7\u00f5es e Datas das Fases Lunares\",\"datePublished\":\"2016-11-09T13:47:25+00:00\",\"dateModified\":\"2019-05-17T23:35:03+00:00\",\"mainEntityOfPage\":{\"@id\":\"https:\\\/\\\/www.iquilibrio.com\\\/blog\\\/astrologia\\\/lua\\\/calendario-lunar-2017\\\/\"},\"wordCount\":793,\"commentCount\":0,\"publisher\":{\"@id\":\"https:\\\/\\\/www.iquilibrio.com\\\/blog\\\/#organization\"},\"image\":{\"@id\":\"https:\\\/\\\/www.iquilibrio.com\\\/blog\\\/astrologia\\\/lua\\\/calendario-lunar-2017\\\/#primaryimage\"},\"thumbnailUrl\":\"https:\\\/\\\/www.iquilibrio.com\\\/blog\\\/wp-content\\\/uploads\\\/2016\\\/11\\\/calendario-lunar-1.jpg\",\"keywords\":[\"2017\",\"Calend\u00e1rio Lunar\",\"fases lunares\"],\"articleSection\":[\"Lua\"],\"inLanguage\":\"pt-BR\"},{\"@type\":\"WebPage\",\"@id\":\"https:\\\/\\\/www.iquilibrio.com\\\/blog\\\/astrologia\\\/lua\\\/calendario-lunar-2017\\\/\",\"url\":\"https:\\\/\\\/www.iquilibrio.com\\\/blog\\\/astrologia\\\/lua\\\/calendario-lunar-2017\\\/\",\"name\":\"Calend\u00e1rio Lunar 2017 - Fases da Lua do Ano Novo | iQuilibrio\",\"isPartOf\":{\"@id\":\"https:\\\/\\\/www.iquilibrio.com\\\/blog\\\/#website\"},\"primaryImageOfPage\":{\"@id\":\"https:\\\/\\\/www.iquilibrio.com\\\/blog\\\/astrologia\\\/lua\\\/calendario-lunar-2017\\\/#primaryimage\"},\"image\":{\"@id\":\"https:\\\/\\\/www.iquilibrio.com\\\/blog\\\/astrologia\\\/lua\\\/calendario-lunar-2017\\\/#primaryimage\"},\"thumbnailUrl\":\"https:\\\/\\\/www.iquilibrio.com\\\/blog\\\/wp-content\\\/uploads\\\/2016\\\/11\\\/calendario-lunar-1.jpg\",\"datePublished\":\"2016-11-09T13:47:25+00:00\",\"dateModified\":\"2019-05-17T23:35:03+00:00\",\"description\":\"Gostaria de saber mais informa\u00e7\u00f5es sobre o Calend\u00e1rio Lunar de 2017? Clique aqui e saiba exatamente todas as datas, al\u00e9m de informa\u00e7\u00f5es gerais do astro!\",\"breadcrumb\":{\"@id\":\"https:\\\/\\\/www.iquilibrio.com\\\/blog\\\/astrologia\\\/lua\\\/calendario-lunar-2017\\\/#breadcrumb\"},\"inLanguage\":\"pt-BR\",\"potentialAction\":[{\"@type\":\"ReadAction\",\"target\":[\"https:\\\/\\\/www.iquilibrio.com\\\/blog\\\/astrologia\\\/lua\\\/calendario-lunar-2017\\\/\"]}]},{\"@type\":\"ImageObject\",\"inLanguage\":\"pt-BR\",\"@id\":\"https:\\\/\\\/www.iquilibrio.com\\\/blog\\\/astrologia\\\/lua\\\/calendario-lunar-2017\\\/#primaryimage\",\"url\":\"https:\\\/\\\/www.iquilibrio.com\\\/blog\\\/wp-content\\\/uploads\\\/2016\\\/11\\\/calendario-lunar-1.jpg\",\"contentUrl\":\"https:\\\/\\\/www.iquilibrio.com\\\/blog\\\/wp-content\\\/uploads\\\/2016\\\/11\\\/calendario-lunar-1.jpg\",\"width\":900,\"height\":560},{\"@type\":\"BreadcrumbList\",\"@id\":\"https:\\\/\\\/www.iquilibrio.com\\\/blog\\\/astrologia\\\/lua\\\/calendario-lunar-2017\\\/#breadcrumb\",\"itemListElement\":[{\"@type\":\"ListItem\",\"position\":1,\"name\":\"In\u00edcio\",\"item\":\"https:\\\/\\\/www.iquilibrio.com\\\/blog\\\/\"},{\"@type\":\"ListItem\",\"position\":2,\"name\":\"Calend\u00e1rio Lunar 2017 &#8211; Informa\u00e7\u00f5es e Datas das Fases Lunares\"}]},{\"@type\":\"WebSite\",\"@id\":\"https:\\\/\\\/www.iquilibrio.com\\\/blog\\\/#website\",\"url\":\"https:\\\/\\\/www.iquilibrio.com\\\/blog\\\/\",\"name\":\"iQuilibrio\",\"description\":\"Blog iQuilibrio\",\"publisher\":{\"@id\":\"https:\\\/\\\/www.iquilibrio.com\\\/blog\\\/#organization\"},\"potentialAction\":[{\"@type\":\"SearchAction\",\"target\":{\"@type\":\"EntryPoint\",\"urlTemplate\":\"https:\\\/\\\/www.iquilibrio.com\\\/blog\\\/?s={search_term_string}\"},\"query-input\":{\"@type\":\"PropertyValueSpecification\",\"valueRequired\":true,\"valueName\":\"search_term_string\"}}],\"inLanguage\":\"pt-BR\"},{\"@type\":\"Organization\",\"@id\":\"https:\\\/\\\/www.iquilibrio.com\\\/blog\\\/#organization\",\"name\":\"Esoterismo, Misticismo e Tarot Online - iQuilibrio\",\"url\":\"https:\\\/\\\/www.iquilibrio.com\\\/blog\\\/\",\"logo\":{\"@type\":\"ImageObject\",\"inLanguage\":\"pt-BR\",\"@id\":\"https:\\\/\\\/www.iquilibrio.com\\\/blog\\\/#\\\/schema\\\/logo\\\/image\\\/\",\"url\":\"https:\\\/\\\/www.iquilibrio.com\\\/blog\\\/wp-content\\\/uploads\\\/2018\\\/12\\\/iquilibrio_lovo_vetor_preto-retina.png\",\"contentUrl\":\"https:\\\/\\\/www.iquilibrio.com\\\/blog\\\/wp-content\\\/uploads\\\/2018\\\/12\\\/iquilibrio_lovo_vetor_preto-retina.png\",\"width\":972,\"height\":180,\"caption\":\"Esoterismo, Misticismo e Tarot Online - iQuilibrio\"},\"image\":{\"@id\":\"https:\\\/\\\/www.iquilibrio.com\\\/blog\\\/#\\\/schema\\\/logo\\\/image\\\/\"},\"sameAs\":[\"https:\\\/\\\/www.facebook.com\\\/iQuilibrio\\\/\",\"https:\\\/\\\/x.com\\\/iquilibrio\",\"https:\\\/\\\/www.instagram.com\\\/iquilibrio\\\/\",\"https:\\\/\\\/www.linkedin.com\\\/company\\\/iquilibrio\\\/\",\"https:\\\/\\\/br.pinterest.com\\\/iquilibrio1397\\\/\",\"https:\\\/\\\/www.youtube.com\\\/channel\\\/UC175qxd-4Zsi4wzawT5zF2g\"]},{\"@type\":\"Person\",\"@id\":\"https:\\\/\\\/www.iquilibrio.com\\\/blog\\\/#\\\/schema\\\/person\\\/199505a1f0db0d00f022188666c75dca\",\"name\":\"Reda\u00e7\u00e3o iQuilibrio\",\"image\":{\"@type\":\"ImageObject\",\"inLanguage\":\"pt-BR\",\"@id\":\"https:\\\/\\\/www.iquilibrio.com\\\/blog\\\/wp-content\\\/uploads\\\/2021\\\/12\\\/Consulta-por-email-3-150x150.png\",\"url\":\"https:\\\/\\\/www.iquilibrio.com\\\/blog\\\/wp-content\\\/uploads\\\/2021\\\/12\\\/Consulta-por-email-3-150x150.png\",\"contentUrl\":\"https:\\\/\\\/www.iquilibrio.com\\\/blog\\\/wp-content\\\/uploads\\\/2021\\\/12\\\/Consulta-por-email-3-150x150.png\",\"caption\":\"Reda\u00e7\u00e3o iQuilibrio\"},\"description\":\"A equipe de reda\u00e7\u00e3o da iQuilibrio \u00e9 composta pelos mais diversos especialistas e esot\u00e9ricos. Al\u00e9m de dominar a arte de traduzir as energias que o universo emana, nossos redatores sentem imenso prazer em trabalhar com palavras. Boa leitura e um \u00f3timo aprendizado!\",\"url\":\"https:\\\/\\\/www.iquilibrio.com\\\/blog\\\/author\\\/juliana\\\/\"}]}<\/script>\n<!-- \/ Yoast SEO plugin. -->","yoast_head_json":{"title":"Calend\u00e1rio Lunar 2017 - Fases da Lua do Ano Novo | iQuilibrio","description":"Gostaria de saber mais informa\u00e7\u00f5es sobre o Calend\u00e1rio Lunar de 2017? Clique aqui e saiba exatamente todas as datas, al\u00e9m de informa\u00e7\u00f5es gerais do astro!","robots":{"index":"index","follow":"follow","max-snippet":"max-snippet:-1","max-image-preview":"max-image-preview:large","max-video-preview":"max-video-preview:-1"},"canonical":"https:\/\/www.iquilibrio.com\/blog\/astrologia\/lua\/calendario-lunar-2017\/","og_locale":"pt_BR","og_type":"article","og_title":"Calend\u00e1rio Lunar 2017 - Fases da Lua do Ano Novo | iQuilibrio","og_description":"Gostaria de saber mais informa\u00e7\u00f5es sobre o Calend\u00e1rio Lunar de 2017? Clique aqui e saiba exatamente todas as datas, al\u00e9m de informa\u00e7\u00f5es gerais do astro!","og_url":"https:\/\/www.iquilibrio.com\/blog\/astrologia\/lua\/calendario-lunar-2017\/","og_site_name":"iQuilibrio","article_publisher":"https:\/\/www.facebook.com\/iQuilibrio\/","article_published_time":"2016-11-09T13:47:25+00:00","article_modified_time":"2019-05-17T23:35:03+00:00","og_image":[{"width":900,"height":560,"url":"https:\/\/www.iquilibrio.com\/blog\/wp-content\/uploads\/2016\/11\/calendario-lunar-1.jpg","type":"image\/jpeg"}],"author":"Reda\u00e7\u00e3o iQuilibrio","twitter_card":"summary_large_image","twitter_creator":"@iquilibrio","twitter_site":"@iquilibrio","twitter_misc":{"Escrito por":"Reda\u00e7\u00e3o iQuilibrio","Est. tempo de leitura":"4 minutos"},"schema":{"@context":"https:\/\/schema.org","@graph":[{"@type":"Article","@id":"https:\/\/www.iquilibrio.com\/blog\/astrologia\/lua\/calendario-lunar-2017\/#article","isPartOf":{"@id":"https:\/\/www.iquilibrio.com\/blog\/astrologia\/lua\/calendario-lunar-2017\/"},"author":{"name":"Reda\u00e7\u00e3o iQuilibrio","@id":"https:\/\/www.iquilibrio.com\/blog\/#\/schema\/person\/199505a1f0db0d00f022188666c75dca"},"headline":"Calend\u00e1rio Lunar 2017 &#8211; Informa\u00e7\u00f5es e Datas das Fases Lunares","datePublished":"2016-11-09T13:47:25+00:00","dateModified":"2019-05-17T23:35:03+00:00","mainEntityOfPage":{"@id":"https:\/\/www.iquilibrio.com\/blog\/astrologia\/lua\/calendario-lunar-2017\/"},"wordCount":793,"commentCount":0,"publisher":{"@id":"https:\/\/www.iquilibrio.com\/blog\/#organization"},"image":{"@id":"https:\/\/www.iquilibrio.com\/blog\/astrologia\/lua\/calendario-lunar-2017\/#primaryimage"},"thumbnailUrl":"https:\/\/www.iquilibrio.com\/blog\/wp-content\/uploads\/2016\/11\/calendario-lunar-1.jpg","keywords":["2017","Calend\u00e1rio Lunar","fases lunares"],"articleSection":["Lua"],"inLanguage":"pt-BR"},{"@type":"WebPage","@id":"https:\/\/www.iquilibrio.com\/blog\/astrologia\/lua\/calendario-lunar-2017\/","url":"https:\/\/www.iquilibrio.com\/blog\/astrologia\/lua\/calendario-lunar-2017\/","name":"Calend\u00e1rio Lunar 2017 - Fases da Lua do Ano Novo | iQuilibrio","isPartOf":{"@id":"https:\/\/www.iquilibrio.com\/blog\/#website"},"primaryImageOfPage":{"@id":"https:\/\/www.iquilibrio.com\/blog\/astrologia\/lua\/calendario-lunar-2017\/#primaryimage"},"image":{"@id":"https:\/\/www.iquilibrio.com\/blog\/astrologia\/lua\/calendario-lunar-2017\/#primaryimage"},"thumbnailUrl":"https:\/\/www.iquilibrio.com\/blog\/wp-content\/uploads\/2016\/11\/calendario-lunar-1.jpg","datePublished":"2016-11-09T13:47:25+00:00","dateModified":"2019-05-17T23:35:03+00:00","description":"Gostaria de saber mais informa\u00e7\u00f5es sobre o Calend\u00e1rio Lunar de 2017? Clique aqui e saiba exatamente todas as datas, al\u00e9m de informa\u00e7\u00f5es gerais do astro!","breadcrumb":{"@id":"https:\/\/www.iquilibrio.com\/blog\/astrologia\/lua\/calendario-lunar-2017\/#breadcrumb"},"inLanguage":"pt-BR","potentialAction":[{"@type":"ReadAction","target":["https:\/\/www.iquilibrio.com\/blog\/astrologia\/lua\/calendario-lunar-2017\/"]}]},{"@type":"ImageObject","inLanguage":"pt-BR","@id":"https:\/\/www.iquilibrio.com\/blog\/astrologia\/lua\/calendario-lunar-2017\/#primaryimage","url":"https:\/\/www.iquilibrio.com\/blog\/wp-content\/uploads\/2016\/11\/calendario-lunar-1.jpg","contentUrl":"https:\/\/www.iquilibrio.com\/blog\/wp-content\/uploads\/2016\/11\/calendario-lunar-1.jpg","width":900,"height":560},{"@type":"BreadcrumbList","@id":"https:\/\/www.iquilibrio.com\/blog\/astrologia\/lua\/calendario-lunar-2017\/#breadcrumb","itemListElement":[{"@type":"ListItem","position":1,"name":"In\u00edcio","item":"https:\/\/www.iquilibrio.com\/blog\/"},{"@type":"ListItem","position":2,"name":"Calend\u00e1rio Lunar 2017 &#8211; Informa\u00e7\u00f5es e Datas das Fases Lunares"}]},{"@type":"WebSite","@id":"https:\/\/www.iquilibrio.com\/blog\/#website","url":"https:\/\/www.iquilibrio.com\/blog\/","name":"iQuilibrio","description":"Blog iQuilibrio","publisher":{"@id":"https:\/\/www.iquilibrio.com\/blog\/#organization"},"potentialAction":[{"@type":"SearchAction","target":{"@type":"EntryPoint","urlTemplate":"https:\/\/www.iquilibrio.com\/blog\/?s={search_term_string}"},"query-input":{"@type":"PropertyValueSpecification","valueRequired":true,"valueName":"search_term_string"}}],"inLanguage":"pt-BR"},{"@type":"Organization","@id":"https:\/\/www.iquilibrio.com\/blog\/#organization","name":"Esoterismo, Misticismo e Tarot Online - iQuilibrio","url":"https:\/\/www.iquilibrio.com\/blog\/","logo":{"@type":"ImageObject","inLanguage":"pt-BR","@id":"https:\/\/www.iquilibrio.com\/blog\/#\/schema\/logo\/image\/","url":"https:\/\/www.iquilibrio.com\/blog\/wp-content\/uploads\/2018\/12\/iquilibrio_lovo_vetor_preto-retina.png","contentUrl":"https:\/\/www.iquilibrio.com\/blog\/wp-content\/uploads\/2018\/12\/iquilibrio_lovo_vetor_preto-retina.png","width":972,"height":180,"caption":"Esoterismo, Misticismo e Tarot Online - iQuilibrio"},"image":{"@id":"https:\/\/www.iquilibrio.com\/blog\/#\/schema\/logo\/image\/"},"sameAs":["https:\/\/www.facebook.com\/iQuilibrio\/","https:\/\/x.com\/iquilibrio","https:\/\/www.instagram.com\/iquilibrio\/","https:\/\/www.linkedin.com\/company\/iquilibrio\/","https:\/\/br.pinterest.com\/iquilibrio1397\/","https:\/\/www.youtube.com\/channel\/UC175qxd-4Zsi4wzawT5zF2g"]},{"@type":"Person","@id":"https:\/\/www.iquilibrio.com\/blog\/#\/schema\/person\/199505a1f0db0d00f022188666c75dca","name":"Reda\u00e7\u00e3o iQuilibrio","image":{"@type":"ImageObject","inLanguage":"pt-BR","@id":"https:\/\/www.iquilibrio.com\/blog\/wp-content\/uploads\/2021\/12\/Consulta-por-email-3-150x150.png","url":"https:\/\/www.iquilibrio.com\/blog\/wp-content\/uploads\/2021\/12\/Consulta-por-email-3-150x150.png","contentUrl":"https:\/\/www.iquilibrio.com\/blog\/wp-content\/uploads\/2021\/12\/Consulta-por-email-3-150x150.png","caption":"Reda\u00e7\u00e3o iQuilibrio"},"description":"A equipe de reda\u00e7\u00e3o da iQuilibrio \u00e9 composta pelos mais diversos especialistas e esot\u00e9ricos. Al\u00e9m de dominar a arte de traduzir as energias que o universo emana, nossos redatores sentem imenso prazer em trabalhar com palavras. Boa leitura e um \u00f3timo aprendizado!","url":"https:\/\/www.iquilibrio.com\/blog\/author\/juliana\/"}]}},"_links":{"self":[{"href":"https:\/\/www.iquilibrio.com\/blog\/wp-json\/wp\/v2\/posts\/1793","targetHints":{"allow":["GET"]}}],"collection":[{"href":"https:\/\/www.iquilibrio.com\/blog\/wp-json\/wp\/v2\/posts"}],"about":[{"href":"https:\/\/www.iquilibrio.com\/blog\/wp-json\/wp\/v2\/types\/post"}],"author":[{"embeddable":true,"href":"https:\/\/www.iquilibrio.com\/blog\/wp-json\/wp\/v2\/users\/20"}],"replies":[{"embeddable":true,"href":"https:\/\/www.iquilibrio.com\/blog\/wp-json\/wp\/v2\/comments?post=1793"}],"version-history":[{"count":3,"href":"https:\/\/www.iquilibrio.com\/blog\/wp-json\/wp\/v2\/posts\/1793\/revisions"}],"predecessor-version":[{"id":26244,"href":"https:\/\/www.iquilibrio.com\/blog\/wp-json\/wp\/v2\/posts\/1793\/revisions\/26244"}],"wp:featuredmedia":[{"embeddable":true,"href":"https:\/\/www.iquilibrio.com\/blog\/wp-json\/wp\/v2\/media\/8786"}],"wp:attachment":[{"href":"https:\/\/www.iquilibrio.com\/blog\/wp-json\/wp\/v2\/media?parent=1793"}],"wp:term":[{"taxonomy":"category","embeddable":true,"href":"https:\/\/www.iquilibrio.com\/blog\/wp-json\/wp\/v2\/categories?post=1793"},{"taxonomy":"post_tag","embeddable":true,"href":"https:\/\/www.iquilibrio.com\/blog\/wp-json\/wp\/v2\/tags?post=1793"}],"curies":[{"name":"wp","href":"https:\/\/api.w.org\/{rel}","templated":true}]}}