{"id":17880,"date":"2020-08-06T07:15:22","date_gmt":"2020-08-06T10:15:22","guid":{"rendered":"https:\/\/www.iquilibrio.com\/blog\/?p=17880"},"modified":"2020-08-07T12:08:23","modified_gmt":"2020-08-07T15:08:23","slug":"mes-do-cachorro-louco","status":"publish","type":"post","link":"https:\/\/www.iquilibrio.com\/blog\/espiritualidade\/mes-do-cachorro-louco\/","title":{"rendered":"Saiba o porqu\u00ea Agosto \u00e9 conhecido como o m\u00eas do Cachorro Louco"},"content":{"rendered":"<p>No Brasil o <strong>m\u00eas do cachorro louco<\/strong> \u00e9 uma cren\u00e7a popular muito famosa que se espalha na cultura regional. Mas voc\u00ea j\u00e1 parou para pensar, por que esse m\u00eas \u00e9 chamado assim? E em rela\u00e7\u00e3o ao espiritual, voc\u00ea sabia que muitas cren\u00e7as consideram esse m\u00eas abomin\u00e1vel? Descubra mais continuando a leitura!<\/p>\n<p>Se voc\u00ea j\u00e1 quer come\u00e7ar desde j\u00e1 se protegendo, <a href=\"https:\/\/www.iquilibrio.com\/\"><span class=\"class-texto-esotericos\">poder\u00e1 falar com um de nossos consultores<\/span><\/a>, e receber simpatias e m\u00e9todos \u00fanicos que lhe tragam paz, harmonia e principalmente sabedoria para enfrentar os desafios da vida. <a href=\"https:\/\/www.iquilibrio.com\/esotericos\/\"><span class=\"class-texto-esotericos\">Clique aqui e confira.<\/span><\/a><\/p>\n<h2>Por que agosto \u00e9 o m\u00eas do cachorro louco?<\/h2>\n<p>Existem diversos motivos para esse m\u00eas ser chamado assim, o mais engra\u00e7ado de tudo isso \u00e9 que muitos fatos ruins aconteceram em <strong>agosto<\/strong>, por isso diversas pessoas dizem que \u00e9 por causa da<strong> energia<\/strong> do m\u00eas. Veja:<\/p>\n<ul>\n<li>\u00a0dia 06 e 09 de agosto de 1945, Hiroshima e Nagasaki foram atacas pelos norte-americanos com bombas at\u00f4micas;<\/li>\n<li>o m\u00eas marca a morte de mais de 200 mil pessoas no fim da 2\u00aa guerra mundial;<\/li>\n<li>dia 02 de agosto de 1934 Adolf Hitler se tornou L\u00edder da Alemanha;<\/li>\n<li>nesse m\u00eas a concentra\u00e7\u00e3o de cachorras no cio aumentam drasticamente por causa das condi\u00e7\u00f5es clim\u00e1ticas, e por da\u00ed surge o famoso nome\u00a0<strong>cachorro doido\u00a0<\/strong>ou\u00a0<strong>cachorro bravo<\/strong>;<\/li>\n<li>consequentemente esse m\u00eas tamb\u00e9m faz com que a doen\u00e7a da raiva, que \u00e9 transferida pela saliva se espalhe com mais facilidade;<\/li>\n<li>muitas pessoas dizem que \u00e9 o m\u00eas mais longo do ano e que mais acontecem coisas ruins, por isso \u00e9 conhecido tamb\u00e9m como o m\u00eas do desgosto;<\/li>\n<li>na Argentina tem uma<strong> supersti\u00e7\u00e3o<\/strong> que conta que n\u00e3o se pode lavar a cabe\u00e7a no m\u00eas de agosto, isso porque o fato da \u00e1gua cair sobre a cabe\u00e7a, possivelmente atrai a morte.<\/li>\n<\/ul>\n<p>Continuando atrav\u00e9s dos fatos hist\u00f3ricos, vale ressaltar que:<\/p>\n<ul>\n<li>Dia 24 de agosto de 1954 Get\u00falio Vargas comete suic\u00eddio;<\/li>\n<li>Dia 13 de agosto de 1961 come\u00e7ou a constru\u00e7\u00e3o do Muro de Berlim;<\/li>\n<li>Dia 12 de agosto de 1968 luta entre cat\u00f3licos e protestantes na Irlanda;<\/li>\n<li>Dia 22 de agosto de 1976 a morte de Juscelino Kubitscheck por um acidente de carro.<\/li>\n<\/ul>\n<h3>Agosto no campo espiritual<\/h3>\n<p>Diante a todos esses acontecimentos, <a href=\"https:\/\/www.iquilibrio.com\/tarot\/anjos\/\"><span class=\"class-texto-produtos\">muita <strong>f\u00e9<\/strong> \u00e9 colocada em prova no <strong>m\u00eas de agosto<\/strong><\/span><\/a>, isso porque muitas pessoas consideram a necessidade de se protegerem em todas as \u00e1reas da vida, e se fortalecerem com mais sabedoria. Assim, as simpatias, banhos e amuletos entram como formas de concentrarem toda a energia ben\u00e9fica e servir como um escudo para n\u00e3o deixar que os acontecimentos ruins tomem for\u00e7a e propor\u00e7\u00e3o.<\/p>\n<p><a href=\"https:\/\/www.iquilibrio.com\/radiestesia\/grafico-reparacao-energetica\/\"><span class=\"class-texto-produtos\">\u00c9 indicado tamb\u00e9m uma repara\u00e7\u00e3o energ\u00e9tica<\/span><\/a>, para que o campo vibracional seja purificado e consequentemente fortalecido para quando energias de n\u00edveis ruins se aproximares, tudo sirva como um fortalecimento.<\/p>\n<p style=\"text-align: center;\"><span style=\"color: #ffffff;\"><a style=\"color: #ffffff;\" href=\"https:\/\/www.iquilibrio.com\/esotericos\/\"><span class=\"td_btn td_btn_lg td_round_btn class-cta2\">Fale AGORA com um Esot\u00e9rico Online e Comece a Direcionar Melhor a sua Vida<\/span><\/a><\/span><\/p>\n\n\n<div class=\"kk-star-ratings kksr-auto kksr-align-left kksr-valign-bottom\"\n    data-payload='{&quot;align&quot;:&quot;left&quot;,&quot;id&quot;:&quot;17880&quot;,&quot;slug&quot;:&quot;default&quot;,&quot;valign&quot;:&quot;bottom&quot;,&quot;ignore&quot;:&quot;&quot;,&quot;reference&quot;:&quot;auto&quot;,&quot;class&quot;:&quot;&quot;,&quot;count&quot;:&quot;0&quot;,&quot;legendonly&quot;:&quot;&quot;,&quot;readonly&quot;:&quot;&quot;,&quot;score&quot;:&quot;0&quot;,&quot;starsonly&quot;:&quot;&quot;,&quot;best&quot;:&quot;5&quot;,&quot;gap&quot;:&quot;5&quot;,&quot;greet&quot;:&quot;Rate this post&quot;,&quot;legend&quot;:&quot;0\\\/5 - (0 voto)&quot;,&quot;size&quot;:&quot;24&quot;,&quot;title&quot;:&quot;Saiba o porqu\u00ea Agosto \u00e9 conhecido como o m\u00eas do Cachorro Louco&quot;,&quot;width&quot;:&quot;0&quot;,&quot;_legend&quot;:&quot;{score}\\\/{best} - ({count} {votes})&quot;,&quot;font_factor&quot;:&quot;1.25&quot;}'>\n            \n<div class=\"kksr-stars\">\n    \n<div class=\"kksr-stars-inactive\">\n            <div class=\"kksr-star\" data-star=\"1\" style=\"padding-right: 5px\">\n            \n\n<div class=\"kksr-icon\" style=\"width: 24px; height: 24px;\"><\/div>\n        <\/div>\n            <div class=\"kksr-star\" data-star=\"2\" style=\"padding-right: 5px\">\n            \n\n<div class=\"kksr-icon\" style=\"width: 24px; height: 24px;\"><\/div>\n        <\/div>\n            <div class=\"kksr-star\" data-star=\"3\" style=\"padding-right: 5px\">\n            \n\n<div class=\"kksr-icon\" style=\"width: 24px; height: 24px;\"><\/div>\n        <\/div>\n            <div class=\"kksr-star\" data-star=\"4\" style=\"padding-right: 5px\">\n            \n\n<div class=\"kksr-icon\" style=\"width: 24px; height: 24px;\"><\/div>\n        <\/div>\n            <div class=\"kksr-star\" data-star=\"5\" style=\"padding-right: 5px\">\n            \n\n<div class=\"kksr-icon\" style=\"width: 24px; height: 24px;\"><\/div>\n        <\/div>\n    <\/div>\n    \n<div class=\"kksr-stars-active\" style=\"width: 0px;\">\n            <div class=\"kksr-star\" style=\"padding-right: 5px\">\n            \n\n<div class=\"kksr-icon\" style=\"width: 24px; height: 24px;\"><\/div>\n        <\/div>\n            <div class=\"kksr-star\" style=\"padding-right: 5px\">\n            \n\n<div class=\"kksr-icon\" style=\"width: 24px; height: 24px;\"><\/div>\n        <\/div>\n            <div class=\"kksr-star\" style=\"padding-right: 5px\">\n            \n\n<div class=\"kksr-icon\" style=\"width: 24px; height: 24px;\"><\/div>\n        <\/div>\n            <div class=\"kksr-star\" style=\"padding-right: 5px\">\n            \n\n<div class=\"kksr-icon\" style=\"width: 24px; height: 24px;\"><\/div>\n        <\/div>\n            <div class=\"kksr-star\" style=\"padding-right: 5px\">\n            \n\n<div class=\"kksr-icon\" style=\"width: 24px; height: 24px;\"><\/div>\n        <\/div>\n    <\/div>\n<\/div>\n                \n\n<div class=\"kksr-legend\" style=\"font-size: 19.2px;\">\n            <span class=\"kksr-muted\">Rate this post<\/span>\n    <\/div>\n    <\/div>\n","protected":false},"excerpt":{"rendered":"<p>No Brasil o m\u00eas do cachorro louco \u00e9 uma cren\u00e7a popular muito famosa que se espalha na cultura regional. Mas voc\u00ea j\u00e1 parou para pensar, por que esse m\u00eas \u00e9 chamado assim? E em rela\u00e7\u00e3o ao espiritual, voc\u00ea sabia que muitas cren\u00e7as consideram esse m\u00eas abomin\u00e1vel? Descubra mais continuando a leitura! Se voc\u00ea j\u00e1 quer [&hellip;]<\/p>\n","protected":false},"author":20,"featured_media":18171,"comment_status":"open","ping_status":"open","sticky":false,"template":"","format":"standard","meta":{"footnotes":""},"categories":[502],"tags":[3339,3338],"class_list":["post-17880","post","type-post","status-publish","format-standard","has-post-thumbnail","hentry","category-espiritualidade","tag-mes-do-azar","tag-mes-do-cachorro-louco"],"yoast_head":"<!-- This site is optimized with the Yoast SEO plugin v27.4 - https:\/\/yoast.com\/product\/yoast-seo-wordpress\/ -->\n<title>M\u00eas Do Cachorro Louco - Por Que do Nome e Cren\u00e7as | iQuilibrio<\/title>\n<meta name=\"description\" content=\"Descubra por que agosto \u00e9 o m\u00eas do cachorro louco e come\u00e7e hoje mesmo preparando seu campo vibracional e suas energias. Clique e confira!\" \/>\n<meta name=\"robots\" content=\"index, follow, max-snippet:-1, max-image-preview:large, max-video-preview:-1\" \/>\n<link rel=\"canonical\" href=\"https:\/\/www.iquilibrio.com\/blog\/espiritualidade\/mes-do-cachorro-louco\/\" \/>\n<meta property=\"og:locale\" content=\"pt_BR\" \/>\n<meta property=\"og:type\" content=\"article\" \/>\n<meta property=\"og:title\" content=\"M\u00eas Do Cachorro Louco - Por Que do Nome e Cren\u00e7as | iQuilibrio\" \/>\n<meta property=\"og:description\" content=\"Descubra por que agosto \u00e9 o m\u00eas do cachorro louco e come\u00e7e hoje mesmo preparando seu campo vibracional e suas energias. Clique e confira!\" \/>\n<meta property=\"og:url\" content=\"https:\/\/www.iquilibrio.com\/blog\/espiritualidade\/mes-do-cachorro-louco\/\" \/>\n<meta property=\"og:site_name\" content=\"iQuilibrio\" \/>\n<meta property=\"article:publisher\" content=\"https:\/\/www.facebook.com\/iQuilibrio\/\" \/>\n<meta property=\"article:published_time\" content=\"2020-08-06T10:15:22+00:00\" \/>\n<meta property=\"article:modified_time\" content=\"2020-08-07T15:08:23+00:00\" \/>\n<meta property=\"og:image\" content=\"https:\/\/www.iquilibrio.com\/blog\/wp-content\/uploads\/2018\/07\/cachorro-louco.jpg\" \/>\n\t<meta property=\"og:image:width\" content=\"900\" \/>\n\t<meta property=\"og:image:height\" content=\"560\" \/>\n\t<meta property=\"og:image:type\" content=\"image\/jpeg\" \/>\n<meta name=\"author\" content=\"Reda\u00e7\u00e3o iQuilibrio\" \/>\n<meta name=\"twitter:card\" content=\"summary_large_image\" \/>\n<meta name=\"twitter:creator\" content=\"@iquilibrio\" \/>\n<meta name=\"twitter:site\" content=\"@iquilibrio\" \/>\n<meta name=\"twitter:label1\" content=\"Escrito por\" \/>\n\t<meta name=\"twitter:data1\" content=\"Reda\u00e7\u00e3o iQuilibrio\" \/>\n\t<meta name=\"twitter:label2\" content=\"Est. tempo de leitura\" \/>\n\t<meta name=\"twitter:data2\" content=\"2 minutos\" \/>\n<script type=\"application\/ld+json\" class=\"yoast-schema-graph\">{\"@context\":\"https:\\\/\\\/schema.org\",\"@graph\":[{\"@type\":\"Article\",\"@id\":\"https:\\\/\\\/www.iquilibrio.com\\\/blog\\\/espiritualidade\\\/mes-do-cachorro-louco\\\/#article\",\"isPartOf\":{\"@id\":\"https:\\\/\\\/www.iquilibrio.com\\\/blog\\\/espiritualidade\\\/mes-do-cachorro-louco\\\/\"},\"author\":{\"name\":\"Reda\u00e7\u00e3o iQuilibrio\",\"@id\":\"https:\\\/\\\/www.iquilibrio.com\\\/blog\\\/#\\\/schema\\\/person\\\/199505a1f0db0d00f022188666c75dca\"},\"headline\":\"Saiba o porqu\u00ea Agosto \u00e9 conhecido como o m\u00eas do Cachorro Louco\",\"datePublished\":\"2020-08-06T10:15:22+00:00\",\"dateModified\":\"2020-08-07T15:08:23+00:00\",\"mainEntityOfPage\":{\"@id\":\"https:\\\/\\\/www.iquilibrio.com\\\/blog\\\/espiritualidade\\\/mes-do-cachorro-louco\\\/\"},\"wordCount\":502,\"commentCount\":0,\"publisher\":{\"@id\":\"https:\\\/\\\/www.iquilibrio.com\\\/blog\\\/#organization\"},\"image\":{\"@id\":\"https:\\\/\\\/www.iquilibrio.com\\\/blog\\\/espiritualidade\\\/mes-do-cachorro-louco\\\/#primaryimage\"},\"thumbnailUrl\":\"https:\\\/\\\/www.iquilibrio.com\\\/blog\\\/wp-content\\\/uploads\\\/2018\\\/07\\\/cachorro-louco.jpg\",\"keywords\":[\"m\u00eas do azar\",\"m\u00eas do cachorro louco\"],\"articleSection\":[\"Espiritualidade\"],\"inLanguage\":\"pt-BR\"},{\"@type\":\"WebPage\",\"@id\":\"https:\\\/\\\/www.iquilibrio.com\\\/blog\\\/espiritualidade\\\/mes-do-cachorro-louco\\\/\",\"url\":\"https:\\\/\\\/www.iquilibrio.com\\\/blog\\\/espiritualidade\\\/mes-do-cachorro-louco\\\/\",\"name\":\"M\u00eas Do Cachorro Louco - Por Que do Nome e Cren\u00e7as | iQuilibrio\",\"isPartOf\":{\"@id\":\"https:\\\/\\\/www.iquilibrio.com\\\/blog\\\/#website\"},\"primaryImageOfPage\":{\"@id\":\"https:\\\/\\\/www.iquilibrio.com\\\/blog\\\/espiritualidade\\\/mes-do-cachorro-louco\\\/#primaryimage\"},\"image\":{\"@id\":\"https:\\\/\\\/www.iquilibrio.com\\\/blog\\\/espiritualidade\\\/mes-do-cachorro-louco\\\/#primaryimage\"},\"thumbnailUrl\":\"https:\\\/\\\/www.iquilibrio.com\\\/blog\\\/wp-content\\\/uploads\\\/2018\\\/07\\\/cachorro-louco.jpg\",\"datePublished\":\"2020-08-06T10:15:22+00:00\",\"dateModified\":\"2020-08-07T15:08:23+00:00\",\"description\":\"Descubra por que agosto \u00e9 o m\u00eas do cachorro louco e come\u00e7e hoje mesmo preparando seu campo vibracional e suas energias. Clique e confira!\",\"breadcrumb\":{\"@id\":\"https:\\\/\\\/www.iquilibrio.com\\\/blog\\\/espiritualidade\\\/mes-do-cachorro-louco\\\/#breadcrumb\"},\"inLanguage\":\"pt-BR\",\"potentialAction\":[{\"@type\":\"ReadAction\",\"target\":[\"https:\\\/\\\/www.iquilibrio.com\\\/blog\\\/espiritualidade\\\/mes-do-cachorro-louco\\\/\"]}]},{\"@type\":\"ImageObject\",\"inLanguage\":\"pt-BR\",\"@id\":\"https:\\\/\\\/www.iquilibrio.com\\\/blog\\\/espiritualidade\\\/mes-do-cachorro-louco\\\/#primaryimage\",\"url\":\"https:\\\/\\\/www.iquilibrio.com\\\/blog\\\/wp-content\\\/uploads\\\/2018\\\/07\\\/cachorro-louco.jpg\",\"contentUrl\":\"https:\\\/\\\/www.iquilibrio.com\\\/blog\\\/wp-content\\\/uploads\\\/2018\\\/07\\\/cachorro-louco.jpg\",\"width\":900,\"height\":560,\"caption\":\"m\u00eas do cachorro louco\"},{\"@type\":\"BreadcrumbList\",\"@id\":\"https:\\\/\\\/www.iquilibrio.com\\\/blog\\\/espiritualidade\\\/mes-do-cachorro-louco\\\/#breadcrumb\",\"itemListElement\":[{\"@type\":\"ListItem\",\"position\":1,\"name\":\"In\u00edcio\",\"item\":\"https:\\\/\\\/www.iquilibrio.com\\\/blog\\\/\"},{\"@type\":\"ListItem\",\"position\":2,\"name\":\"Saiba o porqu\u00ea Agosto \u00e9 conhecido como o m\u00eas do Cachorro Louco\"}]},{\"@type\":\"WebSite\",\"@id\":\"https:\\\/\\\/www.iquilibrio.com\\\/blog\\\/#website\",\"url\":\"https:\\\/\\\/www.iquilibrio.com\\\/blog\\\/\",\"name\":\"iQuilibrio\",\"description\":\"Blog iQuilibrio\",\"publisher\":{\"@id\":\"https:\\\/\\\/www.iquilibrio.com\\\/blog\\\/#organization\"},\"potentialAction\":[{\"@type\":\"SearchAction\",\"target\":{\"@type\":\"EntryPoint\",\"urlTemplate\":\"https:\\\/\\\/www.iquilibrio.com\\\/blog\\\/?s={search_term_string}\"},\"query-input\":{\"@type\":\"PropertyValueSpecification\",\"valueRequired\":true,\"valueName\":\"search_term_string\"}}],\"inLanguage\":\"pt-BR\"},{\"@type\":\"Organization\",\"@id\":\"https:\\\/\\\/www.iquilibrio.com\\\/blog\\\/#organization\",\"name\":\"Esoterismo, Misticismo e Tarot Online - iQuilibrio\",\"url\":\"https:\\\/\\\/www.iquilibrio.com\\\/blog\\\/\",\"logo\":{\"@type\":\"ImageObject\",\"inLanguage\":\"pt-BR\",\"@id\":\"https:\\\/\\\/www.iquilibrio.com\\\/blog\\\/#\\\/schema\\\/logo\\\/image\\\/\",\"url\":\"https:\\\/\\\/www.iquilibrio.com\\\/blog\\\/wp-content\\\/uploads\\\/2018\\\/12\\\/iquilibrio_lovo_vetor_preto-retina.png\",\"contentUrl\":\"https:\\\/\\\/www.iquilibrio.com\\\/blog\\\/wp-content\\\/uploads\\\/2018\\\/12\\\/iquilibrio_lovo_vetor_preto-retina.png\",\"width\":972,\"height\":180,\"caption\":\"Esoterismo, Misticismo e Tarot Online - iQuilibrio\"},\"image\":{\"@id\":\"https:\\\/\\\/www.iquilibrio.com\\\/blog\\\/#\\\/schema\\\/logo\\\/image\\\/\"},\"sameAs\":[\"https:\\\/\\\/www.facebook.com\\\/iQuilibrio\\\/\",\"https:\\\/\\\/x.com\\\/iquilibrio\",\"https:\\\/\\\/www.instagram.com\\\/iquilibrio\\\/\",\"https:\\\/\\\/www.linkedin.com\\\/company\\\/iquilibrio\\\/\",\"https:\\\/\\\/br.pinterest.com\\\/iquilibrio1397\\\/\",\"https:\\\/\\\/www.youtube.com\\\/channel\\\/UC175qxd-4Zsi4wzawT5zF2g\"]},{\"@type\":\"Person\",\"@id\":\"https:\\\/\\\/www.iquilibrio.com\\\/blog\\\/#\\\/schema\\\/person\\\/199505a1f0db0d00f022188666c75dca\",\"name\":\"Reda\u00e7\u00e3o iQuilibrio\",\"image\":{\"@type\":\"ImageObject\",\"inLanguage\":\"pt-BR\",\"@id\":\"https:\\\/\\\/www.iquilibrio.com\\\/blog\\\/wp-content\\\/uploads\\\/2021\\\/12\\\/Consulta-por-email-3-150x150.png\",\"url\":\"https:\\\/\\\/www.iquilibrio.com\\\/blog\\\/wp-content\\\/uploads\\\/2021\\\/12\\\/Consulta-por-email-3-150x150.png\",\"contentUrl\":\"https:\\\/\\\/www.iquilibrio.com\\\/blog\\\/wp-content\\\/uploads\\\/2021\\\/12\\\/Consulta-por-email-3-150x150.png\",\"caption\":\"Reda\u00e7\u00e3o iQuilibrio\"},\"description\":\"A equipe de reda\u00e7\u00e3o da iQuilibrio \u00e9 composta pelos mais diversos especialistas e esot\u00e9ricos. Al\u00e9m de dominar a arte de traduzir as energias que o universo emana, nossos redatores sentem imenso prazer em trabalhar com palavras. Boa leitura e um \u00f3timo aprendizado!\",\"url\":\"https:\\\/\\\/www.iquilibrio.com\\\/blog\\\/author\\\/juliana\\\/\"}]}<\/script>\n<!-- \/ Yoast SEO plugin. -->","yoast_head_json":{"title":"M\u00eas Do Cachorro Louco - Por Que do Nome e Cren\u00e7as | iQuilibrio","description":"Descubra por que agosto \u00e9 o m\u00eas do cachorro louco e come\u00e7e hoje mesmo preparando seu campo vibracional e suas energias. Clique e confira!","robots":{"index":"index","follow":"follow","max-snippet":"max-snippet:-1","max-image-preview":"max-image-preview:large","max-video-preview":"max-video-preview:-1"},"canonical":"https:\/\/www.iquilibrio.com\/blog\/espiritualidade\/mes-do-cachorro-louco\/","og_locale":"pt_BR","og_type":"article","og_title":"M\u00eas Do Cachorro Louco - Por Que do Nome e Cren\u00e7as | iQuilibrio","og_description":"Descubra por que agosto \u00e9 o m\u00eas do cachorro louco e come\u00e7e hoje mesmo preparando seu campo vibracional e suas energias. Clique e confira!","og_url":"https:\/\/www.iquilibrio.com\/blog\/espiritualidade\/mes-do-cachorro-louco\/","og_site_name":"iQuilibrio","article_publisher":"https:\/\/www.facebook.com\/iQuilibrio\/","article_published_time":"2020-08-06T10:15:22+00:00","article_modified_time":"2020-08-07T15:08:23+00:00","og_image":[{"width":900,"height":560,"url":"https:\/\/www.iquilibrio.com\/blog\/wp-content\/uploads\/2018\/07\/cachorro-louco.jpg","type":"image\/jpeg"}],"author":"Reda\u00e7\u00e3o iQuilibrio","twitter_card":"summary_large_image","twitter_creator":"@iquilibrio","twitter_site":"@iquilibrio","twitter_misc":{"Escrito por":"Reda\u00e7\u00e3o iQuilibrio","Est. tempo de leitura":"2 minutos"},"schema":{"@context":"https:\/\/schema.org","@graph":[{"@type":"Article","@id":"https:\/\/www.iquilibrio.com\/blog\/espiritualidade\/mes-do-cachorro-louco\/#article","isPartOf":{"@id":"https:\/\/www.iquilibrio.com\/blog\/espiritualidade\/mes-do-cachorro-louco\/"},"author":{"name":"Reda\u00e7\u00e3o iQuilibrio","@id":"https:\/\/www.iquilibrio.com\/blog\/#\/schema\/person\/199505a1f0db0d00f022188666c75dca"},"headline":"Saiba o porqu\u00ea Agosto \u00e9 conhecido como o m\u00eas do Cachorro Louco","datePublished":"2020-08-06T10:15:22+00:00","dateModified":"2020-08-07T15:08:23+00:00","mainEntityOfPage":{"@id":"https:\/\/www.iquilibrio.com\/blog\/espiritualidade\/mes-do-cachorro-louco\/"},"wordCount":502,"commentCount":0,"publisher":{"@id":"https:\/\/www.iquilibrio.com\/blog\/#organization"},"image":{"@id":"https:\/\/www.iquilibrio.com\/blog\/espiritualidade\/mes-do-cachorro-louco\/#primaryimage"},"thumbnailUrl":"https:\/\/www.iquilibrio.com\/blog\/wp-content\/uploads\/2018\/07\/cachorro-louco.jpg","keywords":["m\u00eas do azar","m\u00eas do cachorro louco"],"articleSection":["Espiritualidade"],"inLanguage":"pt-BR"},{"@type":"WebPage","@id":"https:\/\/www.iquilibrio.com\/blog\/espiritualidade\/mes-do-cachorro-louco\/","url":"https:\/\/www.iquilibrio.com\/blog\/espiritualidade\/mes-do-cachorro-louco\/","name":"M\u00eas Do Cachorro Louco - Por Que do Nome e Cren\u00e7as | iQuilibrio","isPartOf":{"@id":"https:\/\/www.iquilibrio.com\/blog\/#website"},"primaryImageOfPage":{"@id":"https:\/\/www.iquilibrio.com\/blog\/espiritualidade\/mes-do-cachorro-louco\/#primaryimage"},"image":{"@id":"https:\/\/www.iquilibrio.com\/blog\/espiritualidade\/mes-do-cachorro-louco\/#primaryimage"},"thumbnailUrl":"https:\/\/www.iquilibrio.com\/blog\/wp-content\/uploads\/2018\/07\/cachorro-louco.jpg","datePublished":"2020-08-06T10:15:22+00:00","dateModified":"2020-08-07T15:08:23+00:00","description":"Descubra por que agosto \u00e9 o m\u00eas do cachorro louco e come\u00e7e hoje mesmo preparando seu campo vibracional e suas energias. Clique e confira!","breadcrumb":{"@id":"https:\/\/www.iquilibrio.com\/blog\/espiritualidade\/mes-do-cachorro-louco\/#breadcrumb"},"inLanguage":"pt-BR","potentialAction":[{"@type":"ReadAction","target":["https:\/\/www.iquilibrio.com\/blog\/espiritualidade\/mes-do-cachorro-louco\/"]}]},{"@type":"ImageObject","inLanguage":"pt-BR","@id":"https:\/\/www.iquilibrio.com\/blog\/espiritualidade\/mes-do-cachorro-louco\/#primaryimage","url":"https:\/\/www.iquilibrio.com\/blog\/wp-content\/uploads\/2018\/07\/cachorro-louco.jpg","contentUrl":"https:\/\/www.iquilibrio.com\/blog\/wp-content\/uploads\/2018\/07\/cachorro-louco.jpg","width":900,"height":560,"caption":"m\u00eas do cachorro louco"},{"@type":"BreadcrumbList","@id":"https:\/\/www.iquilibrio.com\/blog\/espiritualidade\/mes-do-cachorro-louco\/#breadcrumb","itemListElement":[{"@type":"ListItem","position":1,"name":"In\u00edcio","item":"https:\/\/www.iquilibrio.com\/blog\/"},{"@type":"ListItem","position":2,"name":"Saiba o porqu\u00ea Agosto \u00e9 conhecido como o m\u00eas do Cachorro Louco"}]},{"@type":"WebSite","@id":"https:\/\/www.iquilibrio.com\/blog\/#website","url":"https:\/\/www.iquilibrio.com\/blog\/","name":"iQuilibrio","description":"Blog iQuilibrio","publisher":{"@id":"https:\/\/www.iquilibrio.com\/blog\/#organization"},"potentialAction":[{"@type":"SearchAction","target":{"@type":"EntryPoint","urlTemplate":"https:\/\/www.iquilibrio.com\/blog\/?s={search_term_string}"},"query-input":{"@type":"PropertyValueSpecification","valueRequired":true,"valueName":"search_term_string"}}],"inLanguage":"pt-BR"},{"@type":"Organization","@id":"https:\/\/www.iquilibrio.com\/blog\/#organization","name":"Esoterismo, Misticismo e Tarot Online - iQuilibrio","url":"https:\/\/www.iquilibrio.com\/blog\/","logo":{"@type":"ImageObject","inLanguage":"pt-BR","@id":"https:\/\/www.iquilibrio.com\/blog\/#\/schema\/logo\/image\/","url":"https:\/\/www.iquilibrio.com\/blog\/wp-content\/uploads\/2018\/12\/iquilibrio_lovo_vetor_preto-retina.png","contentUrl":"https:\/\/www.iquilibrio.com\/blog\/wp-content\/uploads\/2018\/12\/iquilibrio_lovo_vetor_preto-retina.png","width":972,"height":180,"caption":"Esoterismo, Misticismo e Tarot Online - iQuilibrio"},"image":{"@id":"https:\/\/www.iquilibrio.com\/blog\/#\/schema\/logo\/image\/"},"sameAs":["https:\/\/www.facebook.com\/iQuilibrio\/","https:\/\/x.com\/iquilibrio","https:\/\/www.instagram.com\/iquilibrio\/","https:\/\/www.linkedin.com\/company\/iquilibrio\/","https:\/\/br.pinterest.com\/iquilibrio1397\/","https:\/\/www.youtube.com\/channel\/UC175qxd-4Zsi4wzawT5zF2g"]},{"@type":"Person","@id":"https:\/\/www.iquilibrio.com\/blog\/#\/schema\/person\/199505a1f0db0d00f022188666c75dca","name":"Reda\u00e7\u00e3o iQuilibrio","image":{"@type":"ImageObject","inLanguage":"pt-BR","@id":"https:\/\/www.iquilibrio.com\/blog\/wp-content\/uploads\/2021\/12\/Consulta-por-email-3-150x150.png","url":"https:\/\/www.iquilibrio.com\/blog\/wp-content\/uploads\/2021\/12\/Consulta-por-email-3-150x150.png","contentUrl":"https:\/\/www.iquilibrio.com\/blog\/wp-content\/uploads\/2021\/12\/Consulta-por-email-3-150x150.png","caption":"Reda\u00e7\u00e3o iQuilibrio"},"description":"A equipe de reda\u00e7\u00e3o da iQuilibrio \u00e9 composta pelos mais diversos especialistas e esot\u00e9ricos. Al\u00e9m de dominar a arte de traduzir as energias que o universo emana, nossos redatores sentem imenso prazer em trabalhar com palavras. Boa leitura e um \u00f3timo aprendizado!","url":"https:\/\/www.iquilibrio.com\/blog\/author\/juliana\/"}]}},"_links":{"self":[{"href":"https:\/\/www.iquilibrio.com\/blog\/wp-json\/wp\/v2\/posts\/17880","targetHints":{"allow":["GET"]}}],"collection":[{"href":"https:\/\/www.iquilibrio.com\/blog\/wp-json\/wp\/v2\/posts"}],"about":[{"href":"https:\/\/www.iquilibrio.com\/blog\/wp-json\/wp\/v2\/types\/post"}],"author":[{"embeddable":true,"href":"https:\/\/www.iquilibrio.com\/blog\/wp-json\/wp\/v2\/users\/20"}],"replies":[{"embeddable":true,"href":"https:\/\/www.iquilibrio.com\/blog\/wp-json\/wp\/v2\/comments?post=17880"}],"version-history":[{"count":12,"href":"https:\/\/www.iquilibrio.com\/blog\/wp-json\/wp\/v2\/posts\/17880\/revisions"}],"predecessor-version":[{"id":25038,"href":"https:\/\/www.iquilibrio.com\/blog\/wp-json\/wp\/v2\/posts\/17880\/revisions\/25038"}],"wp:featuredmedia":[{"embeddable":true,"href":"https:\/\/www.iquilibrio.com\/blog\/wp-json\/wp\/v2\/media\/18171"}],"wp:attachment":[{"href":"https:\/\/www.iquilibrio.com\/blog\/wp-json\/wp\/v2\/media?parent=17880"}],"wp:term":[{"taxonomy":"category","embeddable":true,"href":"https:\/\/www.iquilibrio.com\/blog\/wp-json\/wp\/v2\/categories?post=17880"},{"taxonomy":"post_tag","embeddable":true,"href":"https:\/\/www.iquilibrio.com\/blog\/wp-json\/wp\/v2\/tags?post=17880"}],"curies":[{"name":"wp","href":"https:\/\/api.w.org\/{rel}","templated":true}]}}