{"id":17680,"date":"2018-07-26T07:00:59","date_gmt":"2018-07-26T10:00:59","guid":{"rendered":"https:\/\/www.iquilibrio.com\/blog\/?p=17680"},"modified":"2019-03-28T11:43:09","modified_gmt":"2019-03-28T13:43:09","slug":"santa-ana","status":"publish","type":"post","link":"https:\/\/www.iquilibrio.com\/blog\/espiritualidade\/cristianismo\/santa-ana\/","title":{"rendered":"Saiba mais sobre a vida de Santa Ana &#8211; A av\u00f3 de Jesus Cristo"},"content":{"rendered":"<p>Em <strong>26 de Julho<\/strong> comemora-se o <strong>dia de Santa Ana<\/strong>, ou tamb\u00e9m conhecida como Sant&#8217;Ana. Foi <a href=\"https:\/\/www.iquilibrio.com\/blog\/espiritualidade\/cristianismo\/santa-maria\/\">a m\u00e3e de Maria<\/a>, mais conhecida como\u00a0av\u00f3 de<a href=\"https:\/\/www.iquilibrio.com\/blog\/espiritualidade\/cristianismo\/jesus-cristo\/\"><strong> Jesus Cristo<\/strong><\/a>. Infelizmente sobre ela foram encontrados poucos registros, mas o suficiente para contar a todos os fi\u00e9is sobre sua vida, hist\u00f3ria e devo\u00e7\u00e3o para com Deus.\u00a0<a href=\"https:\/\/www.iquilibrio.com\/salmos\/\"><span class=\"class-texto-consultas\">\u00c9 atrav\u00e9s do\u00a0<strong>Evangelho<\/strong>\u00a0<\/span><\/a>de Tiago &#8211; o qual n\u00e3o faz parte dos Evangelhos reconhecidos como oficiais &#8211; que sabemos um pouco sobre a vida de Ana.<\/p>\n<p>Aproveite para se conectar com a f\u00e9 divina atrav\u00e9s do or\u00e1culo dos Anjos, <a href=\"https:\/\/www.iquilibrio.com\/tarot\/anjos\/\"><strong><span class=\"class-texto-produtos\">clique aqui<\/span><\/strong> e receba conselhos \u00fanicos<\/a>, encontre respostas para suas d\u00favidas e anseios.<\/p>\n<p>Lembrando que a devo\u00e7\u00e3o para Ana \u00e9 muito antiga, ela foi cultuados desde o come\u00e7o do cristianismo. E \u00e9 por conta dela que hoje se comemora tamb\u00e9m no dia 26 de julho o dia dos av\u00f3s. Continue a leitura:<\/p>\n<h2>Hist\u00f3ria de Santa Ana<\/h2>\n<p>Ana vem do Hebraico &#8220;Hanna&#8221; que significa gra\u00e7a. Ela era de fam\u00edlia descendente do sacerdote Aar\u00e3o. Casou-se jovem com<strong> Joaquim<\/strong>, que era descendente da fam\u00edlia real de Davi. Viviam em Jerusal\u00e9m, ao lado da piscina de Betesda.<\/p>\n<h3>O milagre de Santa Ana<\/h3>\n<p>O que surpreendeu a todos, \u00e9 que Ana possu\u00eda um grande problema: era uma mulher est\u00e9ril. Mesmo depois de muitos anos de casada, n\u00e3o conseguiu engravidar. E por isso Ana e Joaquim sofreu grandes humilha\u00e7\u00f5es, na \u00e9poca as mulheres que n\u00e3o conseguiam engravidar eram tidas como amaldi\u00e7oadas.<\/p>\n<p>Depois de tantas ora\u00e7\u00f5es e devo\u00e7\u00e3o, S\u00e3o Joaquim se retirou ao deserto para fazer jejum e penit\u00eancias. E nessa ocasi\u00e3o um anjo lhe apareceu, dizendo que suas preces tinham sido ouvidas. Ao mesmo tempo tamb\u00e9m Ana se deparou com a presen\u00e7a do anjo, dizendo que ela estaria gr\u00e1vida.\u00a0Quando Joaquim voltou, Ana estava finalmente gr\u00e1vida.<\/p>\n<p>Foi no dia 08 de setembro que Miriam nasceu, com a tradu\u00e7\u00e3o <a href=\"https:\/\/www.iquilibrio.com\/blog\/espiritualidade\/cristianismo\/ave-maria-oracao\/\">em latim &#8221; Maria&#8221;<\/a>. Santa Ana e S\u00e3o Joaquim s\u00e3o pessoas-chaves para toda hist\u00f3ria da salva\u00e7\u00e3o da humanidade, eles foram escolhidos para gerar<a href=\"https:\/\/www.iquilibrio.com\/blog\/espiritualidade\/oracoes-salmos\/maria-passa-na-frente\/\"> a Virgem Maria<\/a> e dar continuidade nesse ciclo de amor.<\/p>\n<h3>Apari\u00e7\u00e3o de Santa Ana<\/h3>\n<p>Yves Nicolazic recebeu a apari\u00e7\u00e3o de Ana, no qual ela dizia:<\/p>\n<blockquote><p>\u201cYves Nicolazic, n\u00e3o temas. Eu sou Ana, m\u00e3e de Maria. Dize a teu p\u00e1roco que neste local da Terra, chamado Bocenno, existia, outrora, uma capela que me era dedicada, e isso, antes mesmo que houvesse qualquer aldeia por aqui. Era a primeira capela erguida em toda a regi\u00e3o. Ela foi destru\u00edda h\u00e1 924 anos e seis meses. Desejo que uma nova capela seja erguida neste local, o mais depressa poss\u00edvel, e que cuideis dela, porque Deus quer que eu seja honrada nesta \u00e1rea.&#8221;<\/p><\/blockquote>\n<p>Yves obedeceu, levando o povo ao local indicando e para a surpresa de todos, encontrando a antiga imagem. Depois de muitas pesquisas, tudo que havia sido dito era verdade, por isso a constru\u00e7\u00e3o da igreja de <strong>Santana<\/strong> come\u00e7ou.<\/p>\n<h2>Ora\u00e7\u00e3o de Ana<\/h2>\n<h3>Ora\u00e7\u00e3o 1<\/h3>\n<blockquote><p>&#8220;Senhora Sant\u00b4Ana, v\u00f3s que fostes escolhida<br \/>\npara trazer ao mundo a Rainha dos Anjos, Maria Sant\u00edssima,<br \/>\nconcedei-me a gra\u00e7a de ver a paz voltar ao meu lar.<br \/>\nAuxiliai-me, Santa Ana, com o vosso patroc\u00ednio.<\/p>\n<p>Em v\u00f3s confia o meu cora\u00e7\u00e3o.<br \/>\nVigiai os caminhos que conduzem \u00e0 minha casa.<br \/>\nFechai as portas do meu lar aos intriguistas,<br \/>\naos maldizentes, aos invejosos, aos falsos amigos.<\/p>\n<p>Afastai a necessidade, as tristezas, os mal-entendidos, a desuni\u00e3o.<br \/>\nProtegei a todos os que habitam sob este tecto,<br \/>\nfazendo-os prosperarem no seu trabalho,<br \/>\nlivrarem-se das tenta\u00e7\u00f5es do mundo,<br \/>\ntrilharem sempre o caminho da honestidade e do dever.<\/p>\n<p>Senhora Sant&#8217;Ana,<br \/>\nv\u00f3s que sempre vivestes em paz e harmonia com o vosso esposo,<br \/>\nS\u00e3o Joaquim,<br \/>\natendei a minha prece,<br \/>\nconcedendo-me a gra\u00e7a de estar no meu lar,<br \/>\nem constante harmonia com todos os meus,<br \/>\ncom todos os que vivem na minha companhia.<\/p>\n<p>Senhor Deus, Criador do C\u00e9u e da Terra,<br \/>\nV\u00f3s que Vos dignastes conceder \u00e0 Senhora Sant&#8217;Ana<br \/>\na gra\u00e7a de gerar a M\u00e3e de Nosso Senhor Jesus Cristo,<br \/>\nconcedei-me que, por interm\u00e9dio da esposa de S\u00e3o Joaquim,<br \/>\nsintamos o efeito da sua milagrosa intercess\u00e3o<br \/>\ne da sua b\u00ean\u00e7\u00e3o sobre o meu lar.&#8221;<\/p><\/blockquote>\n<h3>Ora\u00e7\u00e3o 2<\/h3>\n<blockquote><p>\u201cGloriosa Santa Ana, quero te honrar com especial devo\u00e7\u00e3o. Eu te escolho, depois da Sant\u00edssima Virgem, por minha m\u00e3e espiritual e protetora. Eu te encomendo minha alma e meu corpo, todos meus interesses: espirituais e temporais e os da minha fam\u00edlia.<\/p>\n<p>Eu te consagro minha mente, para que em tudo se guie pela luz da f\u00e9; para que se conserve pura e cheia de amor a Jesus, a Maria, a Jos\u00e9 e a si mesma; minha vontade para que, como a sua, esteja sempre conforme com a de Deus.<\/p>\n<p>Bondosa Santa Ana, cheia de amor para quantos te invocam e de compaix\u00e3o com os que sofrem. Com confian\u00e7a ponho diante de voc\u00ea a necessidade de que me conceda esta gra\u00e7a espec\u00edfica (mencione o pedido que far\u00e1).<\/p>\n<p>Eu te suplico recomendar meu pedido \u00e0 sua Filha, a Sant\u00edssima Virgem Maria, para que ambas, Maria e voc\u00ea, a apresentem a Jesus. Por sua valiosa intercess\u00e3o seja cumprido meu desejo.<\/p>\n<p>Mas se o que pe\u00e7o n\u00e3o for a vontade de Deus, obtenha para mim o que for de maior bem para minha alma. Pelo poder e gra\u00e7a com que Deus te aben\u00e7oou me d\u00ea uma m\u00e3o e me ajude.<\/p>\n<p>Eu te pe\u00e7o sobretudo, misericordios\u00edssima Santa Ana, me ajude a dominar minhas m\u00e1s inclina\u00e7\u00f5es do meu estado de vida e de praticar as virtudes que sejam mais necess\u00e1rias para minha salva\u00e7\u00e3o.<\/p>\n<p>Como voc\u00ea, fa\u00e7a que eu consiga pelo perfeito amor a Deus ser para Ele na vida e na morte. Que depois de ter te amado e honrado na terra com verdadeira devo\u00e7\u00e3o de filho possa, por suas ora\u00e7\u00f5es, ter o privil\u00e9gio de te amar e te honrar no C\u00e9u com os anjos e santos por toda a eternidade.<\/p>\n<p>Bondosa Santa Ana, m\u00e3e daquela que \u00e9 nossa vida, mostre sua do\u00e7ura e me d\u00ea esperan\u00e7a, interceda diante da sua Filha, para que eu alcance a paz.\u201d<\/p><\/blockquote>\n<h2>Novena de Santa Ana<\/h2>\n<p>Finalizar a Novena sempre com\u00a0o pedido, tr\u00eas <a href=\"https:\/\/www.iquilibrio.com\/blog\/espiritualidade\/cristianismo\/pai-nosso\/\">Pai-Nossos<\/a> e\u00a0 3 <a href=\"https:\/\/www.iquilibrio.com\/blog\/espiritualidade\/cristianismo\/ave-maria-oracao\/\">Ave-Marias<\/a>.<\/p>\n<h3>Primeiro Dia<\/h3>\n<blockquote><p>&#8220;Vos recordo, Oh! Nobil\u00edssimo par, Joaquim e Ana!, o jubilo que sentistes quando o arcanjo Gabriel vos revelou a cerca do desejado Messias e de vosso casamento<br \/>\nPor isto vos suplico me alcance de Deus a gra\u00e7a que pe\u00e7o nesta Novena.&#8221;<\/p><\/blockquote>\n<h3>Segundo Dia<\/h3>\n<blockquote><p>&#8220;Vos recordo, Oh! Nobil\u00edssimo par, Joaquim e Ana!, a sumo alegria que tivestes quando se cumpriu vosso Santo casamento;<br \/>\nE por ele vos suplico me alcanceis de Deus paci\u00eancia em minhas afli\u00e7\u00f5es e sossego espiritual da alma, com o que pe\u00e7o nesta Novena.&#8221;<\/p><\/blockquote>\n<h3>Terceiro Dia<\/h3>\n<blockquote><p>&#8220;Vos recordo, Oh! Nobil\u00edssimo par, Joaquim e Ana!, a esperan\u00e7a com que ouvistes do arcanjo Gabriel o t\u00e9rmino de vossa esterilidade e a elei\u00e7\u00e3o para serem pais de Maria Sant\u00edssima;<br \/>\nPor isto vos suplico alentais meu triste cora\u00e7\u00e3o e me alcanceis piedade e de vosso dulc\u00edssimo neto Jesus, com o que pe\u00e7o nesta Novena.&#8221;<\/p><\/blockquote>\n<h3>Quarto Dia<\/h3>\n<blockquote><p>&#8220;Vos recordo, Oh! Nobil\u00edssimo par, Joaquim e Ana! o regozijo que vos causou a Concep\u00e7\u00e3o Pur\u00edssima de Maria;<br \/>\nPor isto vos suplico me alcanceis de Deus gra\u00e7as para servir, segundo a obriga\u00e7\u00e3o, de meu estado, e o que pe\u00e7o nesta Novena.&#8221;<\/p><\/blockquote>\n<h3>Quinto Dia<\/h3>\n<blockquote><p>&#8220;Vos recordo, Oh! Nobil\u00edssimo par, Joaquim e Ana!, a alegria com que vistes nascida a Maria Sant\u00edssima, Filha vossa,<br \/>\nE por isto vos suplico me alcanceis de Deus uma perfeita resigna\u00e7\u00e3o a sua divina Provid\u00eancia, e o que pe\u00e7o nesta Novena.&#8221;<\/p><\/blockquote>\n<h3>Sexto Dia<\/h3>\n<blockquote><p>&#8220;Vos recordo, Oh! Nobil\u00edssimo par, Joaquim e Ana!, o al\u00edvio que recebestes tendo em vossos bra\u00e7os, Maria Sant\u00edssima;<br \/>\nE por isto vos suplico me alcanceis de Deus uma verdadeira dor de todas as minhas culpas, e o que pe\u00e7o nesta Novena.&#8221;<\/p><\/blockquote>\n<h3>S\u00e9timo Dia<\/h3>\n<blockquote><p>&#8220;Vos recordo, Oh! Nobil\u00edssimo par, Joaquim e Ana, o gosto com que oferecestes a vossa Filha no Templo ao servi\u00e7o de Deus;<br \/>\nE por isto vos suplico me alcanceis de sua Divina Majestade um sincero amor seu, e o que pe\u00e7o nesta Novena.&#8221;<\/p><\/blockquote>\n<h3>Oitavo Dia<\/h3>\n<blockquote><p>&#8220;Vos recordo, Oh! Nobil\u00edssimo par, Joaquim e Ana!, a gl\u00f3ria que vos cumulou quando o arcanjo Gabriel vos revelou que de vossa Filha Sant\u00edssima nasceria o desejado Messias;<br \/>\nE por isto vos suplico me alcanceis d\u2019Ele uma ardente caridade ao pr\u00f3ximo e o que pe\u00e7o nesta Novena.&#8221;<\/p><\/blockquote>\n<h3>Nono Dia<\/h3>\n<blockquote><p>&#8220;Vos recordo, Oh! Nobil\u00edssimo par, Joaquim e Ana!, o j\u00fabilo, alegria, esperan\u00e7a, regozijo, al\u00edvio, gosto e gl\u00f3ria inef\u00e1vel com que ao presente estais vendo para sempre a seus dulc\u00edssimo Neto e Filha, Jesus e Maria;<br \/>\nE por isto vos suplico me alcanceis uma morte feliz em gra\u00e7a, e o que tenho pedido nesta Novena.&#8221;<\/p><\/blockquote>\n<h2>Ladainha de Santa Ana<\/h2>\n<blockquote><p>&#8220;Senhor, tende piedade de n\u00f3s.<br \/>\nCristo, tende piedade de n\u00f3s.<br \/>\nSenhor, tende piedade de n\u00f3s.<br \/>\nJesus Cristo, ouvi-nos.<br \/>\nJesus Cristo, escutai-nos.<br \/>\nDeus Pai celestial, tende piedade de n\u00f3s<br \/>\nDeus filho Redentor do mundo, tende piedade de n\u00f3s<br \/>\nDeus Esp\u00edrito Santo, tende piedade de n\u00f3s<br \/>\nDeus Uno e Trino, tende piedade de n\u00f3s.<br \/>\nSenhora Santa Ana, rogai por n\u00f3s.<br \/>\nSanta Ana, av\u00f3 de Cristo, rogai por n\u00f3s.<br \/>\nSanta Ana, M\u00e3e de Maria Virgem, rogai por n\u00f3s.<br \/>\nSanta Ana, arca de Alian\u00e7a, rogai por n\u00f3s.<br \/>\nSanta Ana, raiz de Jos\u00e9, rogai por n\u00f3s.<br \/>\nSanta Ana, descendente de estirpe real, rogai por n\u00f3s.<br \/>\nSanta Ana, alegria dos Anjos, rogai por n\u00f3s.<br \/>\nSanta Ana, filha dos Patriarcas, rogai por n\u00f3s.<br \/>\nSanta Ana, or\u00e1culo dos Profetas, rogai por n\u00f3s.<br \/>\nSanta Ana, gl\u00f3ria dos Santos, rogai por n\u00f3s.<br \/>\nSanta Ana, cheia de gra\u00e7as, rogai por n\u00f3s.<br \/>\nSanta Ana, modelo de devo\u00e7\u00e3o, rogai por n\u00f3s.<br \/>\nSanta Ana, plena de paci\u00eancia, rogai por n\u00f3s.<br \/>\nSanta Ana, fortaleza da Igreja, rogai por n\u00f3s.<br \/>\nSanta Ana, protetora dos crist\u00e3os, rogai por n\u00f3s.<br \/>\nSanta Ana, al\u00edvio e alegria dos aflitos, rogai por n\u00f3s.<br \/>\nSanta Ana, M\u00e3e terna das vi\u00favas, rogai por n\u00f3s.<br \/>\nSanta Ana, educadora das Virgens, rogai por n\u00f3s.<br \/>\nSanta Ana, protetora dos navegantes, rogai por n\u00f3s.<br \/>\nSanta Ana, advogada de seus devotos, rogai por n\u00f3s.<br \/>\nSanta Ana, ref\u00fagio de todos que a invocam, rogai por n\u00f3s.<br \/>\nSanta Ana, protetora de todos os fi\u00e9is,rogai por n\u00f3s.<br \/>\nCordeiro de Deus que tirais os pecados do mundo, perdoai-nos, Senhor.<br \/>\nCordeiro de Deus que tirais os pecados do mundo, escutai-nos, Senhor.<br \/>\nCordeiro de Deus que tirais os pecados do mundo, tende piedade de n\u00f3s.<br \/>\nSenhor, tende piedade de n\u00f3s.<br \/>\nCristo, compadecei-vos de n\u00f3s.&#8221;<\/p><\/blockquote>\n<p>Quem tem f\u00e9 alcan\u00e7a grandes metas na vida, isso porque crer\u00a0 fortalece o esp\u00edrito para lutar pelo que almejamos e abre as portas para atingir positivamente e aceitar a entrada da energia do que \u00e9 Divino. Uma das maneiras de se conectar mais facilmente com essa boa vibra\u00e7\u00e3o \u00e9 por meio dos conselhos de esot\u00e9ricos especialistas em passagens B\u00edblicas e Salmos, para conhec\u00ea-los <a href=\"https:\/\/www.iquilibrio.com\/salmos\/\"><span class=\"class-texto-consultas\">clique aqui<\/span><\/a> e receba orienta\u00e7\u00f5es \u00fanicas.<\/p>\n<p style=\"text-align: center;\"><span style=\"color: #ffffff;\"><a style=\"color: #ffffff;\" href=\"https:\/\/www.iquilibrio.com\/esotericos\/\"><span class=\"td_btn td_btn_lg td_round_btn class-cta2\">Ven\u00e7a Seus Desafios de Vida Com a Ajuda de Esot\u00e9ricos Experientes<\/span><\/a><\/span><\/p>\n\n\n<div class=\"kk-star-ratings kksr-auto kksr-align-left kksr-valign-bottom\"\n    data-payload='{&quot;align&quot;:&quot;left&quot;,&quot;id&quot;:&quot;17680&quot;,&quot;slug&quot;:&quot;default&quot;,&quot;valign&quot;:&quot;bottom&quot;,&quot;ignore&quot;:&quot;&quot;,&quot;reference&quot;:&quot;auto&quot;,&quot;class&quot;:&quot;&quot;,&quot;count&quot;:&quot;1&quot;,&quot;legendonly&quot;:&quot;&quot;,&quot;readonly&quot;:&quot;&quot;,&quot;score&quot;:&quot;5&quot;,&quot;starsonly&quot;:&quot;&quot;,&quot;best&quot;:&quot;5&quot;,&quot;gap&quot;:&quot;5&quot;,&quot;greet&quot;:&quot;Rate this post&quot;,&quot;legend&quot;:&quot;5\\\/5 - (1 voto)&quot;,&quot;size&quot;:&quot;24&quot;,&quot;title&quot;:&quot;Saiba mais sobre a vida de Santa Ana - A av\u00f3 de Jesus Cristo&quot;,&quot;width&quot;:&quot;142.5&quot;,&quot;_legend&quot;:&quot;{score}\\\/{best} - ({count} {votes})&quot;,&quot;font_factor&quot;:&quot;1.25&quot;}'>\n            \n<div class=\"kksr-stars\">\n    \n<div class=\"kksr-stars-inactive\">\n            <div class=\"kksr-star\" data-star=\"1\" style=\"padding-right: 5px\">\n            \n\n<div class=\"kksr-icon\" style=\"width: 24px; height: 24px;\"><\/div>\n        <\/div>\n            <div class=\"kksr-star\" data-star=\"2\" style=\"padding-right: 5px\">\n            \n\n<div class=\"kksr-icon\" style=\"width: 24px; height: 24px;\"><\/div>\n        <\/div>\n            <div class=\"kksr-star\" data-star=\"3\" style=\"padding-right: 5px\">\n            \n\n<div class=\"kksr-icon\" style=\"width: 24px; height: 24px;\"><\/div>\n        <\/div>\n            <div class=\"kksr-star\" data-star=\"4\" style=\"padding-right: 5px\">\n            \n\n<div class=\"kksr-icon\" style=\"width: 24px; height: 24px;\"><\/div>\n        <\/div>\n            <div class=\"kksr-star\" data-star=\"5\" style=\"padding-right: 5px\">\n            \n\n<div class=\"kksr-icon\" style=\"width: 24px; height: 24px;\"><\/div>\n        <\/div>\n    <\/div>\n    \n<div class=\"kksr-stars-active\" style=\"width: 142.5px;\">\n            <div class=\"kksr-star\" style=\"padding-right: 5px\">\n            \n\n<div class=\"kksr-icon\" style=\"width: 24px; height: 24px;\"><\/div>\n        <\/div>\n            <div class=\"kksr-star\" style=\"padding-right: 5px\">\n            \n\n<div class=\"kksr-icon\" style=\"width: 24px; height: 24px;\"><\/div>\n        <\/div>\n            <div class=\"kksr-star\" style=\"padding-right: 5px\">\n            \n\n<div class=\"kksr-icon\" style=\"width: 24px; height: 24px;\"><\/div>\n        <\/div>\n            <div class=\"kksr-star\" style=\"padding-right: 5px\">\n            \n\n<div class=\"kksr-icon\" style=\"width: 24px; height: 24px;\"><\/div>\n        <\/div>\n            <div class=\"kksr-star\" style=\"padding-right: 5px\">\n            \n\n<div class=\"kksr-icon\" style=\"width: 24px; height: 24px;\"><\/div>\n        <\/div>\n    <\/div>\n<\/div>\n                \n\n<div class=\"kksr-legend\" style=\"font-size: 19.2px;\">\n            5\/5 - (1 voto)    <\/div>\n    <\/div>\n","protected":false},"excerpt":{"rendered":"<p>Em 26 de Julho comemora-se o dia de Santa Ana, ou tamb\u00e9m conhecida como Sant&#8217;Ana. Foi a m\u00e3e de Maria, mais conhecida como\u00a0av\u00f3 de Jesus Cristo. Infelizmente sobre ela foram encontrados poucos registros, mas o suficiente para contar a todos os fi\u00e9is sobre sua vida, hist\u00f3ria e devo\u00e7\u00e3o para com Deus.\u00a0\u00c9 atrav\u00e9s do\u00a0Evangelho\u00a0de Tiago &#8211; [&hellip;]<\/p>\n","protected":false},"author":20,"featured_media":18090,"comment_status":"open","ping_status":"open","sticky":false,"template":"","format":"standard","meta":{"footnotes":""},"categories":[504],"tags":[3297,3296,3382],"class_list":["post-17680","post","type-post","status-publish","format-standard","has-post-thumbnail","hentry","category-cristianismo","tag-ana","tag-santa-ana","tag-santana"],"yoast_head":"<!-- This site is optimized with the Yoast SEO plugin v27.4 - https:\/\/yoast.com\/product\/yoast-seo-wordpress\/ -->\n<title>Santa Ana - Av\u00f3 de Jesus - Hist\u00f3ria, Ora\u00e7\u00e3o e Novena | iQuilibrio<\/title>\n<meta name=\"description\" content=\"Santa Ana \u00e9 a m\u00e3e de Maria e av\u00f3 de Cristo. O dia 26 de julho \u00e9 celebrado como o dia dos av\u00f3s em sua homenagem. Saiba mais aqui!\" \/>\n<meta name=\"robots\" content=\"index, follow, max-snippet:-1, max-image-preview:large, max-video-preview:-1\" \/>\n<link rel=\"canonical\" href=\"https:\/\/www.iquilibrio.com\/blog\/espiritualidade\/cristianismo\/santa-ana\/\" \/>\n<meta property=\"og:locale\" content=\"pt_BR\" \/>\n<meta property=\"og:type\" content=\"article\" \/>\n<meta property=\"og:title\" content=\"Santa Ana - Av\u00f3 de Jesus - Hist\u00f3ria, Ora\u00e7\u00e3o e Novena | iQuilibrio\" \/>\n<meta property=\"og:description\" content=\"Santa Ana \u00e9 a m\u00e3e de Maria e av\u00f3 de Cristo. O dia 26 de julho \u00e9 celebrado como o dia dos av\u00f3s em sua homenagem. Saiba mais aqui!\" \/>\n<meta property=\"og:url\" content=\"https:\/\/www.iquilibrio.com\/blog\/espiritualidade\/cristianismo\/santa-ana\/\" \/>\n<meta property=\"og:site_name\" content=\"iQuilibrio\" \/>\n<meta property=\"article:publisher\" content=\"https:\/\/www.facebook.com\/iQuilibrio\/\" \/>\n<meta property=\"article:published_time\" content=\"2018-07-26T10:00:59+00:00\" \/>\n<meta property=\"article:modified_time\" content=\"2019-03-28T13:43:09+00:00\" \/>\n<meta property=\"og:image\" content=\"https:\/\/www.iquilibrio.com\/blog\/wp-content\/uploads\/2018\/07\/santa_ana_blog.jpg\" \/>\n\t<meta property=\"og:image:width\" content=\"900\" \/>\n\t<meta property=\"og:image:height\" content=\"560\" \/>\n\t<meta property=\"og:image:type\" content=\"image\/jpeg\" \/>\n<meta name=\"author\" content=\"Reda\u00e7\u00e3o iQuilibrio\" \/>\n<meta name=\"twitter:card\" content=\"summary_large_image\" \/>\n<meta name=\"twitter:creator\" content=\"@iquilibrio\" \/>\n<meta name=\"twitter:site\" content=\"@iquilibrio\" \/>\n<meta name=\"twitter:label1\" content=\"Escrito por\" \/>\n\t<meta name=\"twitter:data1\" content=\"Reda\u00e7\u00e3o iQuilibrio\" \/>\n\t<meta name=\"twitter:label2\" content=\"Est. tempo de leitura\" \/>\n\t<meta name=\"twitter:data2\" content=\"10 minutos\" \/>\n<script type=\"application\/ld+json\" class=\"yoast-schema-graph\">{\"@context\":\"https:\\\/\\\/schema.org\",\"@graph\":[{\"@type\":\"Article\",\"@id\":\"https:\\\/\\\/www.iquilibrio.com\\\/blog\\\/espiritualidade\\\/cristianismo\\\/santa-ana\\\/#article\",\"isPartOf\":{\"@id\":\"https:\\\/\\\/www.iquilibrio.com\\\/blog\\\/espiritualidade\\\/cristianismo\\\/santa-ana\\\/\"},\"author\":{\"name\":\"Reda\u00e7\u00e3o iQuilibrio\",\"@id\":\"https:\\\/\\\/www.iquilibrio.com\\\/blog\\\/#\\\/schema\\\/person\\\/199505a1f0db0d00f022188666c75dca\"},\"headline\":\"Saiba mais sobre a vida de Santa Ana &#8211; A av\u00f3 de Jesus Cristo\",\"datePublished\":\"2018-07-26T10:00:59+00:00\",\"dateModified\":\"2019-03-28T13:43:09+00:00\",\"mainEntityOfPage\":{\"@id\":\"https:\\\/\\\/www.iquilibrio.com\\\/blog\\\/espiritualidade\\\/cristianismo\\\/santa-ana\\\/\"},\"wordCount\":1997,\"commentCount\":0,\"publisher\":{\"@id\":\"https:\\\/\\\/www.iquilibrio.com\\\/blog\\\/#organization\"},\"image\":{\"@id\":\"https:\\\/\\\/www.iquilibrio.com\\\/blog\\\/espiritualidade\\\/cristianismo\\\/santa-ana\\\/#primaryimage\"},\"thumbnailUrl\":\"https:\\\/\\\/www.iquilibrio.com\\\/blog\\\/wp-content\\\/uploads\\\/2018\\\/07\\\/santa_ana_blog.jpg\",\"keywords\":[\"Ana\",\"Santa Ana\",\"Santana\"],\"articleSection\":[\"Cristianismo\"],\"inLanguage\":\"pt-BR\"},{\"@type\":\"WebPage\",\"@id\":\"https:\\\/\\\/www.iquilibrio.com\\\/blog\\\/espiritualidade\\\/cristianismo\\\/santa-ana\\\/\",\"url\":\"https:\\\/\\\/www.iquilibrio.com\\\/blog\\\/espiritualidade\\\/cristianismo\\\/santa-ana\\\/\",\"name\":\"Santa Ana - Av\u00f3 de Jesus - Hist\u00f3ria, Ora\u00e7\u00e3o e Novena | iQuilibrio\",\"isPartOf\":{\"@id\":\"https:\\\/\\\/www.iquilibrio.com\\\/blog\\\/#website\"},\"primaryImageOfPage\":{\"@id\":\"https:\\\/\\\/www.iquilibrio.com\\\/blog\\\/espiritualidade\\\/cristianismo\\\/santa-ana\\\/#primaryimage\"},\"image\":{\"@id\":\"https:\\\/\\\/www.iquilibrio.com\\\/blog\\\/espiritualidade\\\/cristianismo\\\/santa-ana\\\/#primaryimage\"},\"thumbnailUrl\":\"https:\\\/\\\/www.iquilibrio.com\\\/blog\\\/wp-content\\\/uploads\\\/2018\\\/07\\\/santa_ana_blog.jpg\",\"datePublished\":\"2018-07-26T10:00:59+00:00\",\"dateModified\":\"2019-03-28T13:43:09+00:00\",\"description\":\"Santa Ana \u00e9 a m\u00e3e de Maria e av\u00f3 de Cristo. O dia 26 de julho \u00e9 celebrado como o dia dos av\u00f3s em sua homenagem. Saiba mais aqui!\",\"breadcrumb\":{\"@id\":\"https:\\\/\\\/www.iquilibrio.com\\\/blog\\\/espiritualidade\\\/cristianismo\\\/santa-ana\\\/#breadcrumb\"},\"inLanguage\":\"pt-BR\",\"potentialAction\":[{\"@type\":\"ReadAction\",\"target\":[\"https:\\\/\\\/www.iquilibrio.com\\\/blog\\\/espiritualidade\\\/cristianismo\\\/santa-ana\\\/\"]}]},{\"@type\":\"ImageObject\",\"inLanguage\":\"pt-BR\",\"@id\":\"https:\\\/\\\/www.iquilibrio.com\\\/blog\\\/espiritualidade\\\/cristianismo\\\/santa-ana\\\/#primaryimage\",\"url\":\"https:\\\/\\\/www.iquilibrio.com\\\/blog\\\/wp-content\\\/uploads\\\/2018\\\/07\\\/santa_ana_blog.jpg\",\"contentUrl\":\"https:\\\/\\\/www.iquilibrio.com\\\/blog\\\/wp-content\\\/uploads\\\/2018\\\/07\\\/santa_ana_blog.jpg\",\"width\":900,\"height\":560,\"caption\":\"Santana\"},{\"@type\":\"BreadcrumbList\",\"@id\":\"https:\\\/\\\/www.iquilibrio.com\\\/blog\\\/espiritualidade\\\/cristianismo\\\/santa-ana\\\/#breadcrumb\",\"itemListElement\":[{\"@type\":\"ListItem\",\"position\":1,\"name\":\"In\u00edcio\",\"item\":\"https:\\\/\\\/www.iquilibrio.com\\\/blog\\\/\"},{\"@type\":\"ListItem\",\"position\":2,\"name\":\"Saiba mais sobre a vida de Santa Ana &#8211; A av\u00f3 de Jesus Cristo\"}]},{\"@type\":\"WebSite\",\"@id\":\"https:\\\/\\\/www.iquilibrio.com\\\/blog\\\/#website\",\"url\":\"https:\\\/\\\/www.iquilibrio.com\\\/blog\\\/\",\"name\":\"iQuilibrio\",\"description\":\"Blog iQuilibrio\",\"publisher\":{\"@id\":\"https:\\\/\\\/www.iquilibrio.com\\\/blog\\\/#organization\"},\"potentialAction\":[{\"@type\":\"SearchAction\",\"target\":{\"@type\":\"EntryPoint\",\"urlTemplate\":\"https:\\\/\\\/www.iquilibrio.com\\\/blog\\\/?s={search_term_string}\"},\"query-input\":{\"@type\":\"PropertyValueSpecification\",\"valueRequired\":true,\"valueName\":\"search_term_string\"}}],\"inLanguage\":\"pt-BR\"},{\"@type\":\"Organization\",\"@id\":\"https:\\\/\\\/www.iquilibrio.com\\\/blog\\\/#organization\",\"name\":\"Esoterismo, Misticismo e Tarot Online - iQuilibrio\",\"url\":\"https:\\\/\\\/www.iquilibrio.com\\\/blog\\\/\",\"logo\":{\"@type\":\"ImageObject\",\"inLanguage\":\"pt-BR\",\"@id\":\"https:\\\/\\\/www.iquilibrio.com\\\/blog\\\/#\\\/schema\\\/logo\\\/image\\\/\",\"url\":\"https:\\\/\\\/www.iquilibrio.com\\\/blog\\\/wp-content\\\/uploads\\\/2018\\\/12\\\/iquilibrio_lovo_vetor_preto-retina.png\",\"contentUrl\":\"https:\\\/\\\/www.iquilibrio.com\\\/blog\\\/wp-content\\\/uploads\\\/2018\\\/12\\\/iquilibrio_lovo_vetor_preto-retina.png\",\"width\":972,\"height\":180,\"caption\":\"Esoterismo, Misticismo e Tarot Online - iQuilibrio\"},\"image\":{\"@id\":\"https:\\\/\\\/www.iquilibrio.com\\\/blog\\\/#\\\/schema\\\/logo\\\/image\\\/\"},\"sameAs\":[\"https:\\\/\\\/www.facebook.com\\\/iQuilibrio\\\/\",\"https:\\\/\\\/x.com\\\/iquilibrio\",\"https:\\\/\\\/www.instagram.com\\\/iquilibrio\\\/\",\"https:\\\/\\\/www.linkedin.com\\\/company\\\/iquilibrio\\\/\",\"https:\\\/\\\/br.pinterest.com\\\/iquilibrio1397\\\/\",\"https:\\\/\\\/www.youtube.com\\\/channel\\\/UC175qxd-4Zsi4wzawT5zF2g\"]},{\"@type\":\"Person\",\"@id\":\"https:\\\/\\\/www.iquilibrio.com\\\/blog\\\/#\\\/schema\\\/person\\\/199505a1f0db0d00f022188666c75dca\",\"name\":\"Reda\u00e7\u00e3o iQuilibrio\",\"image\":{\"@type\":\"ImageObject\",\"inLanguage\":\"pt-BR\",\"@id\":\"https:\\\/\\\/www.iquilibrio.com\\\/blog\\\/wp-content\\\/uploads\\\/2021\\\/12\\\/Consulta-por-email-3-150x150.png\",\"url\":\"https:\\\/\\\/www.iquilibrio.com\\\/blog\\\/wp-content\\\/uploads\\\/2021\\\/12\\\/Consulta-por-email-3-150x150.png\",\"contentUrl\":\"https:\\\/\\\/www.iquilibrio.com\\\/blog\\\/wp-content\\\/uploads\\\/2021\\\/12\\\/Consulta-por-email-3-150x150.png\",\"caption\":\"Reda\u00e7\u00e3o iQuilibrio\"},\"description\":\"A equipe de reda\u00e7\u00e3o da iQuilibrio \u00e9 composta pelos mais diversos especialistas e esot\u00e9ricos. Al\u00e9m de dominar a arte de traduzir as energias que o universo emana, nossos redatores sentem imenso prazer em trabalhar com palavras. Boa leitura e um \u00f3timo aprendizado!\",\"url\":\"https:\\\/\\\/www.iquilibrio.com\\\/blog\\\/author\\\/juliana\\\/\"}]}<\/script>\n<!-- \/ Yoast SEO plugin. -->","yoast_head_json":{"title":"Santa Ana - Av\u00f3 de Jesus - Hist\u00f3ria, Ora\u00e7\u00e3o e Novena | iQuilibrio","description":"Santa Ana \u00e9 a m\u00e3e de Maria e av\u00f3 de Cristo. O dia 26 de julho \u00e9 celebrado como o dia dos av\u00f3s em sua homenagem. Saiba mais aqui!","robots":{"index":"index","follow":"follow","max-snippet":"max-snippet:-1","max-image-preview":"max-image-preview:large","max-video-preview":"max-video-preview:-1"},"canonical":"https:\/\/www.iquilibrio.com\/blog\/espiritualidade\/cristianismo\/santa-ana\/","og_locale":"pt_BR","og_type":"article","og_title":"Santa Ana - Av\u00f3 de Jesus - Hist\u00f3ria, Ora\u00e7\u00e3o e Novena | iQuilibrio","og_description":"Santa Ana \u00e9 a m\u00e3e de Maria e av\u00f3 de Cristo. O dia 26 de julho \u00e9 celebrado como o dia dos av\u00f3s em sua homenagem. Saiba mais aqui!","og_url":"https:\/\/www.iquilibrio.com\/blog\/espiritualidade\/cristianismo\/santa-ana\/","og_site_name":"iQuilibrio","article_publisher":"https:\/\/www.facebook.com\/iQuilibrio\/","article_published_time":"2018-07-26T10:00:59+00:00","article_modified_time":"2019-03-28T13:43:09+00:00","og_image":[{"width":900,"height":560,"url":"https:\/\/www.iquilibrio.com\/blog\/wp-content\/uploads\/2018\/07\/santa_ana_blog.jpg","type":"image\/jpeg"}],"author":"Reda\u00e7\u00e3o iQuilibrio","twitter_card":"summary_large_image","twitter_creator":"@iquilibrio","twitter_site":"@iquilibrio","twitter_misc":{"Escrito por":"Reda\u00e7\u00e3o iQuilibrio","Est. tempo de leitura":"10 minutos"},"schema":{"@context":"https:\/\/schema.org","@graph":[{"@type":"Article","@id":"https:\/\/www.iquilibrio.com\/blog\/espiritualidade\/cristianismo\/santa-ana\/#article","isPartOf":{"@id":"https:\/\/www.iquilibrio.com\/blog\/espiritualidade\/cristianismo\/santa-ana\/"},"author":{"name":"Reda\u00e7\u00e3o iQuilibrio","@id":"https:\/\/www.iquilibrio.com\/blog\/#\/schema\/person\/199505a1f0db0d00f022188666c75dca"},"headline":"Saiba mais sobre a vida de Santa Ana &#8211; A av\u00f3 de Jesus Cristo","datePublished":"2018-07-26T10:00:59+00:00","dateModified":"2019-03-28T13:43:09+00:00","mainEntityOfPage":{"@id":"https:\/\/www.iquilibrio.com\/blog\/espiritualidade\/cristianismo\/santa-ana\/"},"wordCount":1997,"commentCount":0,"publisher":{"@id":"https:\/\/www.iquilibrio.com\/blog\/#organization"},"image":{"@id":"https:\/\/www.iquilibrio.com\/blog\/espiritualidade\/cristianismo\/santa-ana\/#primaryimage"},"thumbnailUrl":"https:\/\/www.iquilibrio.com\/blog\/wp-content\/uploads\/2018\/07\/santa_ana_blog.jpg","keywords":["Ana","Santa Ana","Santana"],"articleSection":["Cristianismo"],"inLanguage":"pt-BR"},{"@type":"WebPage","@id":"https:\/\/www.iquilibrio.com\/blog\/espiritualidade\/cristianismo\/santa-ana\/","url":"https:\/\/www.iquilibrio.com\/blog\/espiritualidade\/cristianismo\/santa-ana\/","name":"Santa Ana - Av\u00f3 de Jesus - Hist\u00f3ria, Ora\u00e7\u00e3o e Novena | iQuilibrio","isPartOf":{"@id":"https:\/\/www.iquilibrio.com\/blog\/#website"},"primaryImageOfPage":{"@id":"https:\/\/www.iquilibrio.com\/blog\/espiritualidade\/cristianismo\/santa-ana\/#primaryimage"},"image":{"@id":"https:\/\/www.iquilibrio.com\/blog\/espiritualidade\/cristianismo\/santa-ana\/#primaryimage"},"thumbnailUrl":"https:\/\/www.iquilibrio.com\/blog\/wp-content\/uploads\/2018\/07\/santa_ana_blog.jpg","datePublished":"2018-07-26T10:00:59+00:00","dateModified":"2019-03-28T13:43:09+00:00","description":"Santa Ana \u00e9 a m\u00e3e de Maria e av\u00f3 de Cristo. O dia 26 de julho \u00e9 celebrado como o dia dos av\u00f3s em sua homenagem. Saiba mais aqui!","breadcrumb":{"@id":"https:\/\/www.iquilibrio.com\/blog\/espiritualidade\/cristianismo\/santa-ana\/#breadcrumb"},"inLanguage":"pt-BR","potentialAction":[{"@type":"ReadAction","target":["https:\/\/www.iquilibrio.com\/blog\/espiritualidade\/cristianismo\/santa-ana\/"]}]},{"@type":"ImageObject","inLanguage":"pt-BR","@id":"https:\/\/www.iquilibrio.com\/blog\/espiritualidade\/cristianismo\/santa-ana\/#primaryimage","url":"https:\/\/www.iquilibrio.com\/blog\/wp-content\/uploads\/2018\/07\/santa_ana_blog.jpg","contentUrl":"https:\/\/www.iquilibrio.com\/blog\/wp-content\/uploads\/2018\/07\/santa_ana_blog.jpg","width":900,"height":560,"caption":"Santana"},{"@type":"BreadcrumbList","@id":"https:\/\/www.iquilibrio.com\/blog\/espiritualidade\/cristianismo\/santa-ana\/#breadcrumb","itemListElement":[{"@type":"ListItem","position":1,"name":"In\u00edcio","item":"https:\/\/www.iquilibrio.com\/blog\/"},{"@type":"ListItem","position":2,"name":"Saiba mais sobre a vida de Santa Ana &#8211; A av\u00f3 de Jesus Cristo"}]},{"@type":"WebSite","@id":"https:\/\/www.iquilibrio.com\/blog\/#website","url":"https:\/\/www.iquilibrio.com\/blog\/","name":"iQuilibrio","description":"Blog iQuilibrio","publisher":{"@id":"https:\/\/www.iquilibrio.com\/blog\/#organization"},"potentialAction":[{"@type":"SearchAction","target":{"@type":"EntryPoint","urlTemplate":"https:\/\/www.iquilibrio.com\/blog\/?s={search_term_string}"},"query-input":{"@type":"PropertyValueSpecification","valueRequired":true,"valueName":"search_term_string"}}],"inLanguage":"pt-BR"},{"@type":"Organization","@id":"https:\/\/www.iquilibrio.com\/blog\/#organization","name":"Esoterismo, Misticismo e Tarot Online - iQuilibrio","url":"https:\/\/www.iquilibrio.com\/blog\/","logo":{"@type":"ImageObject","inLanguage":"pt-BR","@id":"https:\/\/www.iquilibrio.com\/blog\/#\/schema\/logo\/image\/","url":"https:\/\/www.iquilibrio.com\/blog\/wp-content\/uploads\/2018\/12\/iquilibrio_lovo_vetor_preto-retina.png","contentUrl":"https:\/\/www.iquilibrio.com\/blog\/wp-content\/uploads\/2018\/12\/iquilibrio_lovo_vetor_preto-retina.png","width":972,"height":180,"caption":"Esoterismo, Misticismo e Tarot Online - iQuilibrio"},"image":{"@id":"https:\/\/www.iquilibrio.com\/blog\/#\/schema\/logo\/image\/"},"sameAs":["https:\/\/www.facebook.com\/iQuilibrio\/","https:\/\/x.com\/iquilibrio","https:\/\/www.instagram.com\/iquilibrio\/","https:\/\/www.linkedin.com\/company\/iquilibrio\/","https:\/\/br.pinterest.com\/iquilibrio1397\/","https:\/\/www.youtube.com\/channel\/UC175qxd-4Zsi4wzawT5zF2g"]},{"@type":"Person","@id":"https:\/\/www.iquilibrio.com\/blog\/#\/schema\/person\/199505a1f0db0d00f022188666c75dca","name":"Reda\u00e7\u00e3o iQuilibrio","image":{"@type":"ImageObject","inLanguage":"pt-BR","@id":"https:\/\/www.iquilibrio.com\/blog\/wp-content\/uploads\/2021\/12\/Consulta-por-email-3-150x150.png","url":"https:\/\/www.iquilibrio.com\/blog\/wp-content\/uploads\/2021\/12\/Consulta-por-email-3-150x150.png","contentUrl":"https:\/\/www.iquilibrio.com\/blog\/wp-content\/uploads\/2021\/12\/Consulta-por-email-3-150x150.png","caption":"Reda\u00e7\u00e3o iQuilibrio"},"description":"A equipe de reda\u00e7\u00e3o da iQuilibrio \u00e9 composta pelos mais diversos especialistas e esot\u00e9ricos. Al\u00e9m de dominar a arte de traduzir as energias que o universo emana, nossos redatores sentem imenso prazer em trabalhar com palavras. Boa leitura e um \u00f3timo aprendizado!","url":"https:\/\/www.iquilibrio.com\/blog\/author\/juliana\/"}]}},"_links":{"self":[{"href":"https:\/\/www.iquilibrio.com\/blog\/wp-json\/wp\/v2\/posts\/17680","targetHints":{"allow":["GET"]}}],"collection":[{"href":"https:\/\/www.iquilibrio.com\/blog\/wp-json\/wp\/v2\/posts"}],"about":[{"href":"https:\/\/www.iquilibrio.com\/blog\/wp-json\/wp\/v2\/types\/post"}],"author":[{"embeddable":true,"href":"https:\/\/www.iquilibrio.com\/blog\/wp-json\/wp\/v2\/users\/20"}],"replies":[{"embeddable":true,"href":"https:\/\/www.iquilibrio.com\/blog\/wp-json\/wp\/v2\/comments?post=17680"}],"version-history":[{"count":15,"href":"https:\/\/www.iquilibrio.com\/blog\/wp-json\/wp\/v2\/posts\/17680\/revisions"}],"predecessor-version":[{"id":25017,"href":"https:\/\/www.iquilibrio.com\/blog\/wp-json\/wp\/v2\/posts\/17680\/revisions\/25017"}],"wp:featuredmedia":[{"embeddable":true,"href":"https:\/\/www.iquilibrio.com\/blog\/wp-json\/wp\/v2\/media\/18090"}],"wp:attachment":[{"href":"https:\/\/www.iquilibrio.com\/blog\/wp-json\/wp\/v2\/media?parent=17680"}],"wp:term":[{"taxonomy":"category","embeddable":true,"href":"https:\/\/www.iquilibrio.com\/blog\/wp-json\/wp\/v2\/categories?post=17680"},{"taxonomy":"post_tag","embeddable":true,"href":"https:\/\/www.iquilibrio.com\/blog\/wp-json\/wp\/v2\/tags?post=17680"}],"curies":[{"name":"wp","href":"https:\/\/api.w.org\/{rel}","templated":true}]}}