{"id":17182,"date":"2020-06-29T10:00:53","date_gmt":"2020-06-29T13:00:53","guid":{"rendered":"https:\/\/www.iquilibrio.com\/blog\/?p=17182"},"modified":"2020-06-30T11:46:53","modified_gmt":"2020-06-30T14:46:53","slug":"sao-paulo","status":"publish","type":"post","link":"https:\/\/www.iquilibrio.com\/blog\/espiritualidade\/cristianismo\/sao-paulo\/","title":{"rendered":"Conhe\u00e7a mais sobre a hist\u00f3ria de S\u00e3o Paulo &#8211; Mensageiro de Cristo"},"content":{"rendered":"<p><strong>S\u00e3o Paulo<\/strong>\u00a0foi\u00a0<strong>ap\u00f3stolo de Cristo<\/strong>, um dos maiores propagadores da f\u00e9, por levar a Palavra de Deus por diversos lugares no Oriente. Autor de treze <strong>ep\u00edstolas<\/strong> do Novo <strong>Testamento<\/strong>, nascido judeu se converteu ao cristianismo depois de uma <a href=\"https:\/\/www.iquilibrio.com\/blog\/espiritualidade\/cristianismo\/jesus-cristo\/\">vis\u00e3o com Jesus Cristo<\/a>.<\/p>\n<p style=\"text-align: center;\"><a href=\"https:\/\/www.iquilibrio.com\/salmos\/\"><span class=\"td_btn td_btn_lg td_round_btn class-cta1\" style=\"color: #ffffff;\">Abra seus Caminhos AQUI com a Orienta\u00e7\u00e3o dos Melhores Especialistas em Salmos<\/span><\/a><\/p>\n<p>&nbsp;<\/p>\n<p>Comemora-se no dia 29 de Junho o<strong> dia de S\u00e3o Paulo <\/strong>e\u00a0tamb\u00e9m<a href=\"https:\/\/www.iquilibrio.com\/blog\/espiritualidade\/cristianismo\/sao-pedro\/\"> o dia de <strong>S\u00e3o Pedro<\/strong><\/a>. Entenda porque as duas festas s\u00e3o comemoradas no mesmo dia:<\/p>\n<ul>\n<li>Os dois Santos eram como um s\u00f3, pois deram o mesmo testemunho. Pedro foi \u00e0 frente, mas Paulo o seguiu;<\/li>\n<li>Miss\u00e3o da prega\u00e7\u00e3o e da propaga\u00e7\u00e3o da Palavra;<\/li>\n<li>os dois foram detidos e mortos em Roma;<\/li>\n<li>foram enterrados juntos;<\/li>\n<li>s\u00e3o considerados ant\u00edteses mitol\u00f3gicas de R\u00f4mulo e Remo;<\/li>\n<li>padroeiros de Roma;<\/li>\n<li>representantes do <strong>Evangelho<\/strong>.<\/li>\n<\/ul>\n<h2>A Hist\u00f3ria de S\u00e3o\u00a0Paulo &#8211; Quem foi o ap\u00f3stolo Paulo?<\/h2>\n<p>Nascido em Tarso, hoje atual Turquia, recebeu dois nomes: primeiramente era Saulo mas em hebreu significava Paulo. Seus pais eram judeus e possu\u00edam diversos privil\u00e9gios na sociedade romana. Passou os primeiros anos de vida em meio a comunidade judaica e frequentou a sinagoga, al\u00e9m disso foi ensinado para mais tarde se tornar um tecel\u00e3o.<\/p>\n<p>Na adolesc\u00eancia foi enviado para Jerusal\u00e9m no qual estudou com afinco \u00e0 B\u00edblia Sagrada, junto com a Lei Oral que \u00e9 um conjunto de tradi\u00e7\u00f5es que regulava e impedia diversas rotinas comuns do dia a dia. Portanto, Saulo teve uma educa\u00e7\u00e3o judaica muito firme.<\/p>\n<p>Mas ao voltar para sua cidade natal em Tarso, <strong>Saulo<\/strong> se deparou com o cristianismo que j\u00e1 possu\u00eda mais de 5000 mil seguidores. Ainda assim, maior parte dos judeus n\u00e3o acreditavam que<a href=\"https:\/\/www.iquilibrio.com\/blog\/salmo-do-dia\/\"> Jesus Cristo seria o Messias e Salvador da humanidade.<\/a><\/p>\n<h3>A transforma\u00e7\u00e3o para o cristianismo<\/h3>\n<p>Saulo estava a caminho de Damasco, quando teve uma vis\u00e3o de Jesus como uma luz muito forte lhe indagando &#8221; por que me persegues?&#8221;. No mesmo instante Saulo perdeu a vis\u00e3o e somente depois de <a href=\"https:\/\/www.iquilibrio.com\/salmos\/\"><span class=\"class-texto-consultas\">tr\u00eas dias de muita ora\u00e7\u00e3o<\/span><\/a> conseguiu recuper\u00e1-la.<\/p>\n<p><a href=\"https:\/\/www.iquilibrio.com\/blog\/espiritualidade\/cristianismo\/conversao-de-sao-paulo\/\">Convertido, reconstruiu todos seus pensamentos<\/a> e decidiu ir para o deserto realizar diversas a\u00e7\u00f5es mission\u00e1rias, estudando e pregando o evangelho de Jesus Cristo. Ficou 3 anos pregando em Tarso, seguiu para Antioquia e logo em seguida para Roma e Alexandria.<\/p>\n<p>Passou tamb\u00e9m pela Maced\u00f4nia, Acaia, Filipes, Atenas e Corinto, no qual permanece por 18 meses e funda a comunidade crist\u00e3. Seguindo por Jerusal\u00e9m foi acusado de haver pregado contra a Lei, por isso foi preso enviado para Roma, mas por causa de um naufr\u00e1gio a viagem foi interrompida e Paulo consegue permiss\u00e3o da pris\u00e3o domiciliar.<\/p>\n<p>Fica escrevendo suas ep\u00edstolas, que das quais somente traze conseguiram sobreviver.<\/p>\n<h3>Morte de S\u00e3o Pedro<\/h3>\n<p>S\u00e3o Paulo, Ap\u00f3stolo \u00e9 novamente preso e levado para os arredores de Roma, e em 64 foi decapitado.<\/p>\n<h2>Ora\u00e7\u00e3o de S\u00e3o\u00a0Paulo<\/h2>\n<h3>Ora\u00e7\u00e3o 1<\/h3>\n<blockquote><p>&#8220;\u00d3 S\u00e3o Paulo, Ap\u00f3stolo das gentes, olhai com amor para o nosso tempo.<br \/>\nO vosso cora\u00e7\u00e3o dilatou-se para acolher e abra\u00e7ar todos os povos num amplexo de paz.<br \/>\nA caridade de Cristo nos impulsione a iluminar todos os homens com a luz do Evangelho e a estabelecer o Reino do Amor.<br \/>\nSuscitai voca\u00e7\u00f5es; animai os oper\u00e1rios do Evangelho; que todos conhe\u00e7am e amem Jesus Cristo.<br \/>\nQue todos os povos encontrem em Cristo o Caminho, a Verdade e a Vida, fa\u00e7am brilhar no mundo a sua luz, e procurem sempre o Reino de Deus e a sua justi\u00e7a.<br \/>\n\u00d3 Santo Ap\u00f3stolo, pregador do Evangelho, fazei que sejamos iluminados pela f\u00e9 que v\u00f3s anunciastes diante de reis e na\u00e7\u00f5es, e que a Igreja de Jesus Cristo se manifeste sempre como m\u00e3e e mestra de todos os povos.<br \/>\nAm\u00e9m&#8221;<\/p><\/blockquote>\n<h3>Ora\u00e7\u00e3o 2<\/h3>\n<blockquote><p>&#8220;\u00d3 S\u00e3o Paulo Ap\u00f3stolo, nosso pai e mestre, n\u00f3s te agradecemos e te suplicamos: reaviva em n\u00f3s o dom de Deus, guia-nos no conhecimento do amor de Cristo, e torna eficazes os frutos do Esp\u00edrito Santo.<\/p>\n<p>Derrama sobre n\u00f3s o teu amor por todos os povos, faze que perseveremos no servi\u00e7o do Evangelho, fortes na f\u00e9, pacientes na adversidade, alegres na esperan\u00e7a, sol\u00edcitas na caridade.<\/p>\n<p>Teu exemplo nos oriente para discernir a vontade de Deus e aquilo que lhe \u00e9 agrad\u00e1vel, nos sustente na dedica\u00e7\u00e3o da vida, e nos ensine a usar todos os meios para que a Palavra corra e seja glorificada.<\/p>\n<p>Por tua intercess\u00e3o e pela f\u00e9 de padre Alberione e irm\u00e3 Tecla, o Deus da consola\u00e7\u00e3o nos conceda sentimentos de amor e de unidade, conforte a quem sofre, mantenha viva em todos a esperan\u00e7a.<\/p>\n<p>Faze que, depois de termos combatido o bom combate, possamos receber a coroa de gl\u00f3ria, porque tamb\u00e9m para n\u00f3s o viver \u00e9 Cristo, a f\u00e9 nele \u00e9 a nossa salva\u00e7\u00e3o, o an\u00fancio do Evangelho \u00e9 a nossa alegria. Am\u00e9m!&#8221;<\/p><\/blockquote>\n<h2 style=\"text-align: left;\">Novena\u00a0de S\u00e3o Paulo<\/h2>\n<p>Reze durante 9 dias a ora\u00e7\u00e3o abaixo, com toda f\u00e9 e devo\u00e7\u00e3o. Finalize com 2 Pai-Nossos, 2 Ave-Marias e 3 Credos.<\/p>\n<h3>Ora\u00e7\u00e3o Inicial<\/h3>\n<blockquote><p>&#8220;Glorioso Ap\u00f3stolo S\u00e3o Paulo, vaso escolhido do Senhor para levar seu santo Nome por toda a terra; pela abrasada caridade com que tom\u00e1veis os trabalhos do pr\u00f3ximo como se vossos fossem; pela inalter\u00e1vel paci\u00eancia com que sofrestes persegui\u00e7\u00f5es, pris\u00f5es, a\u00e7oites, correntes, tenta\u00e7\u00f5es, naufr\u00e1gios e at\u00e9 a pr\u00f3pria morte.<\/p>\n<p>Pelo zelo que vos estimulava a trabalhar dia e noite em benef\u00edcio das almas; e sobretudo pela prontid\u00e3o com que vos rendestes imediatamente \u00e0 gra\u00e7a, ao primeiro chamado de Jesus Cristo no caminho \u00e0 Damasco; rogo-vos por todos os ap\u00f3stolos de hoje, e tamb\u00e9m para que me consigais Senhor que eu imite vossos exemplos, ouvindo prontamente a voz da sua inspira\u00e7\u00e3o e lutando contra minhas paix\u00f5es com total desprezo pelas coisas temporais e apre\u00e7o pelas eternas, para a gl\u00f3ria de Deus pai, que com o Filho e o Esp\u00edrito Santo vive e reina por todos os s\u00e9culos dos s\u00e9culos. Am\u00e9m.&#8221;<\/p><\/blockquote>\n<p>S\u00e3o Paulo embora criado em outro tipo de religiosidade, teve seu cora\u00e7\u00e3o tocado ao ver a grandiosidade e bondade de Cristo, convertido por meio da sua apari\u00e7\u00e3o, ele auxiliou para que o mundo soubesse do amor de Deus e da compaix\u00e3o de Jesus por todos os homens.<\/p>\n<p style=\"text-align: center;\"><span style=\"color: #ffffff;\"><a style=\"color: #ffffff;\" href=\"https:\/\/www.iquilibrio.com\/esotericos\/\"><span class=\"td_btn td_btn_lg td_round_btn class-cta2\">Ven\u00e7a Seus Desafios de Vida Com a Ajuda de Esot\u00e9ricos Experientes<\/span><\/a><\/span><\/p>\n\n\n<div class=\"kk-star-ratings kksr-auto kksr-align-left kksr-valign-bottom\"\n    data-payload='{&quot;align&quot;:&quot;left&quot;,&quot;id&quot;:&quot;17182&quot;,&quot;slug&quot;:&quot;default&quot;,&quot;valign&quot;:&quot;bottom&quot;,&quot;ignore&quot;:&quot;&quot;,&quot;reference&quot;:&quot;auto&quot;,&quot;class&quot;:&quot;&quot;,&quot;count&quot;:&quot;0&quot;,&quot;legendonly&quot;:&quot;&quot;,&quot;readonly&quot;:&quot;&quot;,&quot;score&quot;:&quot;0&quot;,&quot;starsonly&quot;:&quot;&quot;,&quot;best&quot;:&quot;5&quot;,&quot;gap&quot;:&quot;5&quot;,&quot;greet&quot;:&quot;Rate this post&quot;,&quot;legend&quot;:&quot;0\\\/5 - (0 voto)&quot;,&quot;size&quot;:&quot;24&quot;,&quot;title&quot;:&quot;Conhe\u00e7a mais sobre a hist\u00f3ria de S\u00e3o Paulo - Mensageiro de Cristo&quot;,&quot;width&quot;:&quot;0&quot;,&quot;_legend&quot;:&quot;{score}\\\/{best} - ({count} {votes})&quot;,&quot;font_factor&quot;:&quot;1.25&quot;}'>\n            \n<div class=\"kksr-stars\">\n    \n<div class=\"kksr-stars-inactive\">\n            <div class=\"kksr-star\" data-star=\"1\" style=\"padding-right: 5px\">\n            \n\n<div class=\"kksr-icon\" style=\"width: 24px; height: 24px;\"><\/div>\n        <\/div>\n            <div class=\"kksr-star\" data-star=\"2\" style=\"padding-right: 5px\">\n            \n\n<div class=\"kksr-icon\" style=\"width: 24px; height: 24px;\"><\/div>\n        <\/div>\n            <div class=\"kksr-star\" data-star=\"3\" style=\"padding-right: 5px\">\n            \n\n<div class=\"kksr-icon\" style=\"width: 24px; height: 24px;\"><\/div>\n        <\/div>\n            <div class=\"kksr-star\" data-star=\"4\" style=\"padding-right: 5px\">\n            \n\n<div class=\"kksr-icon\" style=\"width: 24px; height: 24px;\"><\/div>\n        <\/div>\n            <div class=\"kksr-star\" data-star=\"5\" style=\"padding-right: 5px\">\n            \n\n<div class=\"kksr-icon\" style=\"width: 24px; height: 24px;\"><\/div>\n        <\/div>\n    <\/div>\n    \n<div class=\"kksr-stars-active\" style=\"width: 0px;\">\n            <div class=\"kksr-star\" style=\"padding-right: 5px\">\n            \n\n<div class=\"kksr-icon\" style=\"width: 24px; height: 24px;\"><\/div>\n        <\/div>\n            <div class=\"kksr-star\" style=\"padding-right: 5px\">\n            \n\n<div class=\"kksr-icon\" style=\"width: 24px; height: 24px;\"><\/div>\n        <\/div>\n            <div class=\"kksr-star\" style=\"padding-right: 5px\">\n            \n\n<div class=\"kksr-icon\" style=\"width: 24px; height: 24px;\"><\/div>\n        <\/div>\n            <div class=\"kksr-star\" style=\"padding-right: 5px\">\n            \n\n<div class=\"kksr-icon\" style=\"width: 24px; height: 24px;\"><\/div>\n        <\/div>\n            <div class=\"kksr-star\" style=\"padding-right: 5px\">\n            \n\n<div class=\"kksr-icon\" style=\"width: 24px; height: 24px;\"><\/div>\n        <\/div>\n    <\/div>\n<\/div>\n                \n\n<div class=\"kksr-legend\" style=\"font-size: 19.2px;\">\n            <span class=\"kksr-muted\">Rate this post<\/span>\n    <\/div>\n    <\/div>\n","protected":false},"excerpt":{"rendered":"<p>S\u00e3o Paulo\u00a0foi\u00a0ap\u00f3stolo de Cristo, um dos maiores propagadores da f\u00e9, por levar a Palavra de Deus por diversos lugares no Oriente. Autor de treze ep\u00edstolas do Novo Testamento, nascido judeu se converteu ao cristianismo depois de uma vis\u00e3o com Jesus Cristo. Abra seus Caminhos AQUI com a Orienta\u00e7\u00e3o dos Melhores Especialistas em Salmos &nbsp; Comemora-se [&hellip;]<\/p>\n","protected":false},"author":20,"featured_media":17260,"comment_status":"open","ping_status":"open","sticky":false,"template":"","format":"standard","meta":{"footnotes":""},"categories":[504],"tags":[3169,3170,3167,3168,2441,3166],"class_list":["post-17182","post","type-post","status-publish","format-standard","has-post-thumbnail","hentry","category-cristianismo","tag-apostolo-paulo","tag-paulo-apostolo","tag-paulo-santo","tag-santo-paulo","tag-sao-paulo","tag-saulo"],"yoast_head":"<!-- This site is optimized with the Yoast SEO plugin v27.4 - https:\/\/yoast.com\/product\/yoast-seo-wordpress\/ -->\n<title>S\u00e3o Paulo, Ap\u00f3stolo de Jesus - Conhe\u00e7a Mais | iQuilibrio<\/title>\n<meta name=\"description\" content=\"Conhe\u00e7a mais sobre Saulo, que posteriormente ficou conhecido como S\u00e3o Paulo e entenda como ele foi importante para a propaga\u00e7\u00e3o do cristianismo e pela cria\u00e7\u00e3o dos Evangelhos. Clique e Confira!\" \/>\n<meta name=\"robots\" content=\"index, follow, max-snippet:-1, max-image-preview:large, max-video-preview:-1\" \/>\n<link rel=\"canonical\" href=\"https:\/\/www.iquilibrio.com\/blog\/espiritualidade\/cristianismo\/sao-paulo\/\" \/>\n<meta property=\"og:locale\" content=\"pt_BR\" \/>\n<meta property=\"og:type\" content=\"article\" \/>\n<meta property=\"og:title\" content=\"S\u00e3o Paulo, Ap\u00f3stolo de Jesus - Conhe\u00e7a Mais | iQuilibrio\" \/>\n<meta property=\"og:description\" content=\"Conhe\u00e7a mais sobre Saulo, que posteriormente ficou conhecido como S\u00e3o Paulo e entenda como ele foi importante para a propaga\u00e7\u00e3o do cristianismo e pela cria\u00e7\u00e3o dos Evangelhos. Clique e Confira!\" \/>\n<meta property=\"og:url\" content=\"https:\/\/www.iquilibrio.com\/blog\/espiritualidade\/cristianismo\/sao-paulo\/\" \/>\n<meta property=\"og:site_name\" content=\"iQuilibrio\" \/>\n<meta property=\"article:publisher\" content=\"https:\/\/www.facebook.com\/iQuilibrio\/\" \/>\n<meta property=\"article:published_time\" content=\"2020-06-29T13:00:53+00:00\" \/>\n<meta property=\"article:modified_time\" content=\"2020-06-30T14:46:53+00:00\" \/>\n<meta property=\"og:image\" content=\"https:\/\/www.iquilibrio.com\/blog\/wp-content\/uploads\/2018\/06\/sao_paulo_blog2.jpg\" \/>\n\t<meta property=\"og:image:width\" content=\"900\" \/>\n\t<meta property=\"og:image:height\" content=\"560\" \/>\n\t<meta property=\"og:image:type\" content=\"image\/jpeg\" \/>\n<meta name=\"author\" content=\"Reda\u00e7\u00e3o iQuilibrio\" \/>\n<meta name=\"twitter:card\" content=\"summary_large_image\" \/>\n<meta name=\"twitter:creator\" content=\"@iquilibrio\" \/>\n<meta name=\"twitter:site\" content=\"@iquilibrio\" \/>\n<meta name=\"twitter:label1\" content=\"Escrito por\" \/>\n\t<meta name=\"twitter:data1\" content=\"Reda\u00e7\u00e3o iQuilibrio\" \/>\n\t<meta name=\"twitter:label2\" content=\"Est. tempo de leitura\" \/>\n\t<meta name=\"twitter:data2\" content=\"6 minutos\" \/>\n<script type=\"application\/ld+json\" class=\"yoast-schema-graph\">{\"@context\":\"https:\\\/\\\/schema.org\",\"@graph\":[{\"@type\":\"Article\",\"@id\":\"https:\\\/\\\/www.iquilibrio.com\\\/blog\\\/espiritualidade\\\/cristianismo\\\/sao-paulo\\\/#article\",\"isPartOf\":{\"@id\":\"https:\\\/\\\/www.iquilibrio.com\\\/blog\\\/espiritualidade\\\/cristianismo\\\/sao-paulo\\\/\"},\"author\":{\"name\":\"Reda\u00e7\u00e3o iQuilibrio\",\"@id\":\"https:\\\/\\\/www.iquilibrio.com\\\/blog\\\/#\\\/schema\\\/person\\\/199505a1f0db0d00f022188666c75dca\"},\"headline\":\"Conhe\u00e7a mais sobre a hist\u00f3ria de S\u00e3o Paulo &#8211; Mensageiro de Cristo\",\"datePublished\":\"2020-06-29T13:00:53+00:00\",\"dateModified\":\"2020-06-30T14:46:53+00:00\",\"mainEntityOfPage\":{\"@id\":\"https:\\\/\\\/www.iquilibrio.com\\\/blog\\\/espiritualidade\\\/cristianismo\\\/sao-paulo\\\/\"},\"wordCount\":1126,\"commentCount\":0,\"publisher\":{\"@id\":\"https:\\\/\\\/www.iquilibrio.com\\\/blog\\\/#organization\"},\"image\":{\"@id\":\"https:\\\/\\\/www.iquilibrio.com\\\/blog\\\/espiritualidade\\\/cristianismo\\\/sao-paulo\\\/#primaryimage\"},\"thumbnailUrl\":\"https:\\\/\\\/www.iquilibrio.com\\\/blog\\\/wp-content\\\/uploads\\\/2018\\\/06\\\/sao_paulo_blog2.jpg\",\"keywords\":[\"Ap\u00f3stolo Paulo\",\"Paulo Ap\u00f3stolo\",\"Paulo Santo\",\"Santo Paulo\",\"S\u00e3o Paulo\",\"Saulo\"],\"articleSection\":[\"Cristianismo\"],\"inLanguage\":\"pt-BR\"},{\"@type\":\"WebPage\",\"@id\":\"https:\\\/\\\/www.iquilibrio.com\\\/blog\\\/espiritualidade\\\/cristianismo\\\/sao-paulo\\\/\",\"url\":\"https:\\\/\\\/www.iquilibrio.com\\\/blog\\\/espiritualidade\\\/cristianismo\\\/sao-paulo\\\/\",\"name\":\"S\u00e3o Paulo, Ap\u00f3stolo de Jesus - Conhe\u00e7a Mais | iQuilibrio\",\"isPartOf\":{\"@id\":\"https:\\\/\\\/www.iquilibrio.com\\\/blog\\\/#website\"},\"primaryImageOfPage\":{\"@id\":\"https:\\\/\\\/www.iquilibrio.com\\\/blog\\\/espiritualidade\\\/cristianismo\\\/sao-paulo\\\/#primaryimage\"},\"image\":{\"@id\":\"https:\\\/\\\/www.iquilibrio.com\\\/blog\\\/espiritualidade\\\/cristianismo\\\/sao-paulo\\\/#primaryimage\"},\"thumbnailUrl\":\"https:\\\/\\\/www.iquilibrio.com\\\/blog\\\/wp-content\\\/uploads\\\/2018\\\/06\\\/sao_paulo_blog2.jpg\",\"datePublished\":\"2020-06-29T13:00:53+00:00\",\"dateModified\":\"2020-06-30T14:46:53+00:00\",\"description\":\"Conhe\u00e7a mais sobre Saulo, que posteriormente ficou conhecido como S\u00e3o Paulo e entenda como ele foi importante para a propaga\u00e7\u00e3o do cristianismo e pela cria\u00e7\u00e3o dos Evangelhos. Clique e Confira!\",\"breadcrumb\":{\"@id\":\"https:\\\/\\\/www.iquilibrio.com\\\/blog\\\/espiritualidade\\\/cristianismo\\\/sao-paulo\\\/#breadcrumb\"},\"inLanguage\":\"pt-BR\",\"potentialAction\":[{\"@type\":\"ReadAction\",\"target\":[\"https:\\\/\\\/www.iquilibrio.com\\\/blog\\\/espiritualidade\\\/cristianismo\\\/sao-paulo\\\/\"]}]},{\"@type\":\"ImageObject\",\"inLanguage\":\"pt-BR\",\"@id\":\"https:\\\/\\\/www.iquilibrio.com\\\/blog\\\/espiritualidade\\\/cristianismo\\\/sao-paulo\\\/#primaryimage\",\"url\":\"https:\\\/\\\/www.iquilibrio.com\\\/blog\\\/wp-content\\\/uploads\\\/2018\\\/06\\\/sao_paulo_blog2.jpg\",\"contentUrl\":\"https:\\\/\\\/www.iquilibrio.com\\\/blog\\\/wp-content\\\/uploads\\\/2018\\\/06\\\/sao_paulo_blog2.jpg\",\"width\":900,\"height\":560,\"caption\":\"Dia de S\u00e3o Paulo\"},{\"@type\":\"BreadcrumbList\",\"@id\":\"https:\\\/\\\/www.iquilibrio.com\\\/blog\\\/espiritualidade\\\/cristianismo\\\/sao-paulo\\\/#breadcrumb\",\"itemListElement\":[{\"@type\":\"ListItem\",\"position\":1,\"name\":\"In\u00edcio\",\"item\":\"https:\\\/\\\/www.iquilibrio.com\\\/blog\\\/\"},{\"@type\":\"ListItem\",\"position\":2,\"name\":\"Conhe\u00e7a mais sobre a hist\u00f3ria de S\u00e3o Paulo &#8211; Mensageiro de Cristo\"}]},{\"@type\":\"WebSite\",\"@id\":\"https:\\\/\\\/www.iquilibrio.com\\\/blog\\\/#website\",\"url\":\"https:\\\/\\\/www.iquilibrio.com\\\/blog\\\/\",\"name\":\"iQuilibrio\",\"description\":\"Blog iQuilibrio\",\"publisher\":{\"@id\":\"https:\\\/\\\/www.iquilibrio.com\\\/blog\\\/#organization\"},\"potentialAction\":[{\"@type\":\"SearchAction\",\"target\":{\"@type\":\"EntryPoint\",\"urlTemplate\":\"https:\\\/\\\/www.iquilibrio.com\\\/blog\\\/?s={search_term_string}\"},\"query-input\":{\"@type\":\"PropertyValueSpecification\",\"valueRequired\":true,\"valueName\":\"search_term_string\"}}],\"inLanguage\":\"pt-BR\"},{\"@type\":\"Organization\",\"@id\":\"https:\\\/\\\/www.iquilibrio.com\\\/blog\\\/#organization\",\"name\":\"Esoterismo, Misticismo e Tarot Online - iQuilibrio\",\"url\":\"https:\\\/\\\/www.iquilibrio.com\\\/blog\\\/\",\"logo\":{\"@type\":\"ImageObject\",\"inLanguage\":\"pt-BR\",\"@id\":\"https:\\\/\\\/www.iquilibrio.com\\\/blog\\\/#\\\/schema\\\/logo\\\/image\\\/\",\"url\":\"https:\\\/\\\/www.iquilibrio.com\\\/blog\\\/wp-content\\\/uploads\\\/2018\\\/12\\\/iquilibrio_lovo_vetor_preto-retina.png\",\"contentUrl\":\"https:\\\/\\\/www.iquilibrio.com\\\/blog\\\/wp-content\\\/uploads\\\/2018\\\/12\\\/iquilibrio_lovo_vetor_preto-retina.png\",\"width\":972,\"height\":180,\"caption\":\"Esoterismo, Misticismo e Tarot Online - iQuilibrio\"},\"image\":{\"@id\":\"https:\\\/\\\/www.iquilibrio.com\\\/blog\\\/#\\\/schema\\\/logo\\\/image\\\/\"},\"sameAs\":[\"https:\\\/\\\/www.facebook.com\\\/iQuilibrio\\\/\",\"https:\\\/\\\/x.com\\\/iquilibrio\",\"https:\\\/\\\/www.instagram.com\\\/iquilibrio\\\/\",\"https:\\\/\\\/www.linkedin.com\\\/company\\\/iquilibrio\\\/\",\"https:\\\/\\\/br.pinterest.com\\\/iquilibrio1397\\\/\",\"https:\\\/\\\/www.youtube.com\\\/channel\\\/UC175qxd-4Zsi4wzawT5zF2g\"]},{\"@type\":\"Person\",\"@id\":\"https:\\\/\\\/www.iquilibrio.com\\\/blog\\\/#\\\/schema\\\/person\\\/199505a1f0db0d00f022188666c75dca\",\"name\":\"Reda\u00e7\u00e3o iQuilibrio\",\"image\":{\"@type\":\"ImageObject\",\"inLanguage\":\"pt-BR\",\"@id\":\"https:\\\/\\\/www.iquilibrio.com\\\/blog\\\/wp-content\\\/uploads\\\/2021\\\/12\\\/Consulta-por-email-3-150x150.png\",\"url\":\"https:\\\/\\\/www.iquilibrio.com\\\/blog\\\/wp-content\\\/uploads\\\/2021\\\/12\\\/Consulta-por-email-3-150x150.png\",\"contentUrl\":\"https:\\\/\\\/www.iquilibrio.com\\\/blog\\\/wp-content\\\/uploads\\\/2021\\\/12\\\/Consulta-por-email-3-150x150.png\",\"caption\":\"Reda\u00e7\u00e3o iQuilibrio\"},\"description\":\"A equipe de reda\u00e7\u00e3o da iQuilibrio \u00e9 composta pelos mais diversos especialistas e esot\u00e9ricos. Al\u00e9m de dominar a arte de traduzir as energias que o universo emana, nossos redatores sentem imenso prazer em trabalhar com palavras. Boa leitura e um \u00f3timo aprendizado!\",\"url\":\"https:\\\/\\\/www.iquilibrio.com\\\/blog\\\/author\\\/juliana\\\/\"}]}<\/script>\n<!-- \/ Yoast SEO plugin. -->","yoast_head_json":{"title":"S\u00e3o Paulo, Ap\u00f3stolo de Jesus - Conhe\u00e7a Mais | iQuilibrio","description":"Conhe\u00e7a mais sobre Saulo, que posteriormente ficou conhecido como S\u00e3o Paulo e entenda como ele foi importante para a propaga\u00e7\u00e3o do cristianismo e pela cria\u00e7\u00e3o dos Evangelhos. Clique e Confira!","robots":{"index":"index","follow":"follow","max-snippet":"max-snippet:-1","max-image-preview":"max-image-preview:large","max-video-preview":"max-video-preview:-1"},"canonical":"https:\/\/www.iquilibrio.com\/blog\/espiritualidade\/cristianismo\/sao-paulo\/","og_locale":"pt_BR","og_type":"article","og_title":"S\u00e3o Paulo, Ap\u00f3stolo de Jesus - Conhe\u00e7a Mais | iQuilibrio","og_description":"Conhe\u00e7a mais sobre Saulo, que posteriormente ficou conhecido como S\u00e3o Paulo e entenda como ele foi importante para a propaga\u00e7\u00e3o do cristianismo e pela cria\u00e7\u00e3o dos Evangelhos. Clique e Confira!","og_url":"https:\/\/www.iquilibrio.com\/blog\/espiritualidade\/cristianismo\/sao-paulo\/","og_site_name":"iQuilibrio","article_publisher":"https:\/\/www.facebook.com\/iQuilibrio\/","article_published_time":"2020-06-29T13:00:53+00:00","article_modified_time":"2020-06-30T14:46:53+00:00","og_image":[{"width":900,"height":560,"url":"https:\/\/www.iquilibrio.com\/blog\/wp-content\/uploads\/2018\/06\/sao_paulo_blog2.jpg","type":"image\/jpeg"}],"author":"Reda\u00e7\u00e3o iQuilibrio","twitter_card":"summary_large_image","twitter_creator":"@iquilibrio","twitter_site":"@iquilibrio","twitter_misc":{"Escrito por":"Reda\u00e7\u00e3o iQuilibrio","Est. tempo de leitura":"6 minutos"},"schema":{"@context":"https:\/\/schema.org","@graph":[{"@type":"Article","@id":"https:\/\/www.iquilibrio.com\/blog\/espiritualidade\/cristianismo\/sao-paulo\/#article","isPartOf":{"@id":"https:\/\/www.iquilibrio.com\/blog\/espiritualidade\/cristianismo\/sao-paulo\/"},"author":{"name":"Reda\u00e7\u00e3o iQuilibrio","@id":"https:\/\/www.iquilibrio.com\/blog\/#\/schema\/person\/199505a1f0db0d00f022188666c75dca"},"headline":"Conhe\u00e7a mais sobre a hist\u00f3ria de S\u00e3o Paulo &#8211; Mensageiro de Cristo","datePublished":"2020-06-29T13:00:53+00:00","dateModified":"2020-06-30T14:46:53+00:00","mainEntityOfPage":{"@id":"https:\/\/www.iquilibrio.com\/blog\/espiritualidade\/cristianismo\/sao-paulo\/"},"wordCount":1126,"commentCount":0,"publisher":{"@id":"https:\/\/www.iquilibrio.com\/blog\/#organization"},"image":{"@id":"https:\/\/www.iquilibrio.com\/blog\/espiritualidade\/cristianismo\/sao-paulo\/#primaryimage"},"thumbnailUrl":"https:\/\/www.iquilibrio.com\/blog\/wp-content\/uploads\/2018\/06\/sao_paulo_blog2.jpg","keywords":["Ap\u00f3stolo Paulo","Paulo Ap\u00f3stolo","Paulo Santo","Santo Paulo","S\u00e3o Paulo","Saulo"],"articleSection":["Cristianismo"],"inLanguage":"pt-BR"},{"@type":"WebPage","@id":"https:\/\/www.iquilibrio.com\/blog\/espiritualidade\/cristianismo\/sao-paulo\/","url":"https:\/\/www.iquilibrio.com\/blog\/espiritualidade\/cristianismo\/sao-paulo\/","name":"S\u00e3o Paulo, Ap\u00f3stolo de Jesus - Conhe\u00e7a Mais | iQuilibrio","isPartOf":{"@id":"https:\/\/www.iquilibrio.com\/blog\/#website"},"primaryImageOfPage":{"@id":"https:\/\/www.iquilibrio.com\/blog\/espiritualidade\/cristianismo\/sao-paulo\/#primaryimage"},"image":{"@id":"https:\/\/www.iquilibrio.com\/blog\/espiritualidade\/cristianismo\/sao-paulo\/#primaryimage"},"thumbnailUrl":"https:\/\/www.iquilibrio.com\/blog\/wp-content\/uploads\/2018\/06\/sao_paulo_blog2.jpg","datePublished":"2020-06-29T13:00:53+00:00","dateModified":"2020-06-30T14:46:53+00:00","description":"Conhe\u00e7a mais sobre Saulo, que posteriormente ficou conhecido como S\u00e3o Paulo e entenda como ele foi importante para a propaga\u00e7\u00e3o do cristianismo e pela cria\u00e7\u00e3o dos Evangelhos. Clique e Confira!","breadcrumb":{"@id":"https:\/\/www.iquilibrio.com\/blog\/espiritualidade\/cristianismo\/sao-paulo\/#breadcrumb"},"inLanguage":"pt-BR","potentialAction":[{"@type":"ReadAction","target":["https:\/\/www.iquilibrio.com\/blog\/espiritualidade\/cristianismo\/sao-paulo\/"]}]},{"@type":"ImageObject","inLanguage":"pt-BR","@id":"https:\/\/www.iquilibrio.com\/blog\/espiritualidade\/cristianismo\/sao-paulo\/#primaryimage","url":"https:\/\/www.iquilibrio.com\/blog\/wp-content\/uploads\/2018\/06\/sao_paulo_blog2.jpg","contentUrl":"https:\/\/www.iquilibrio.com\/blog\/wp-content\/uploads\/2018\/06\/sao_paulo_blog2.jpg","width":900,"height":560,"caption":"Dia de S\u00e3o Paulo"},{"@type":"BreadcrumbList","@id":"https:\/\/www.iquilibrio.com\/blog\/espiritualidade\/cristianismo\/sao-paulo\/#breadcrumb","itemListElement":[{"@type":"ListItem","position":1,"name":"In\u00edcio","item":"https:\/\/www.iquilibrio.com\/blog\/"},{"@type":"ListItem","position":2,"name":"Conhe\u00e7a mais sobre a hist\u00f3ria de S\u00e3o Paulo &#8211; Mensageiro de Cristo"}]},{"@type":"WebSite","@id":"https:\/\/www.iquilibrio.com\/blog\/#website","url":"https:\/\/www.iquilibrio.com\/blog\/","name":"iQuilibrio","description":"Blog iQuilibrio","publisher":{"@id":"https:\/\/www.iquilibrio.com\/blog\/#organization"},"potentialAction":[{"@type":"SearchAction","target":{"@type":"EntryPoint","urlTemplate":"https:\/\/www.iquilibrio.com\/blog\/?s={search_term_string}"},"query-input":{"@type":"PropertyValueSpecification","valueRequired":true,"valueName":"search_term_string"}}],"inLanguage":"pt-BR"},{"@type":"Organization","@id":"https:\/\/www.iquilibrio.com\/blog\/#organization","name":"Esoterismo, Misticismo e Tarot Online - iQuilibrio","url":"https:\/\/www.iquilibrio.com\/blog\/","logo":{"@type":"ImageObject","inLanguage":"pt-BR","@id":"https:\/\/www.iquilibrio.com\/blog\/#\/schema\/logo\/image\/","url":"https:\/\/www.iquilibrio.com\/blog\/wp-content\/uploads\/2018\/12\/iquilibrio_lovo_vetor_preto-retina.png","contentUrl":"https:\/\/www.iquilibrio.com\/blog\/wp-content\/uploads\/2018\/12\/iquilibrio_lovo_vetor_preto-retina.png","width":972,"height":180,"caption":"Esoterismo, Misticismo e Tarot Online - iQuilibrio"},"image":{"@id":"https:\/\/www.iquilibrio.com\/blog\/#\/schema\/logo\/image\/"},"sameAs":["https:\/\/www.facebook.com\/iQuilibrio\/","https:\/\/x.com\/iquilibrio","https:\/\/www.instagram.com\/iquilibrio\/","https:\/\/www.linkedin.com\/company\/iquilibrio\/","https:\/\/br.pinterest.com\/iquilibrio1397\/","https:\/\/www.youtube.com\/channel\/UC175qxd-4Zsi4wzawT5zF2g"]},{"@type":"Person","@id":"https:\/\/www.iquilibrio.com\/blog\/#\/schema\/person\/199505a1f0db0d00f022188666c75dca","name":"Reda\u00e7\u00e3o iQuilibrio","image":{"@type":"ImageObject","inLanguage":"pt-BR","@id":"https:\/\/www.iquilibrio.com\/blog\/wp-content\/uploads\/2021\/12\/Consulta-por-email-3-150x150.png","url":"https:\/\/www.iquilibrio.com\/blog\/wp-content\/uploads\/2021\/12\/Consulta-por-email-3-150x150.png","contentUrl":"https:\/\/www.iquilibrio.com\/blog\/wp-content\/uploads\/2021\/12\/Consulta-por-email-3-150x150.png","caption":"Reda\u00e7\u00e3o iQuilibrio"},"description":"A equipe de reda\u00e7\u00e3o da iQuilibrio \u00e9 composta pelos mais diversos especialistas e esot\u00e9ricos. Al\u00e9m de dominar a arte de traduzir as energias que o universo emana, nossos redatores sentem imenso prazer em trabalhar com palavras. Boa leitura e um \u00f3timo aprendizado!","url":"https:\/\/www.iquilibrio.com\/blog\/author\/juliana\/"}]}},"_links":{"self":[{"href":"https:\/\/www.iquilibrio.com\/blog\/wp-json\/wp\/v2\/posts\/17182","targetHints":{"allow":["GET"]}}],"collection":[{"href":"https:\/\/www.iquilibrio.com\/blog\/wp-json\/wp\/v2\/posts"}],"about":[{"href":"https:\/\/www.iquilibrio.com\/blog\/wp-json\/wp\/v2\/types\/post"}],"author":[{"embeddable":true,"href":"https:\/\/www.iquilibrio.com\/blog\/wp-json\/wp\/v2\/users\/20"}],"replies":[{"embeddable":true,"href":"https:\/\/www.iquilibrio.com\/blog\/wp-json\/wp\/v2\/comments?post=17182"}],"version-history":[{"count":9,"href":"https:\/\/www.iquilibrio.com\/blog\/wp-json\/wp\/v2\/posts\/17182\/revisions"}],"predecessor-version":[{"id":24651,"href":"https:\/\/www.iquilibrio.com\/blog\/wp-json\/wp\/v2\/posts\/17182\/revisions\/24651"}],"wp:featuredmedia":[{"embeddable":true,"href":"https:\/\/www.iquilibrio.com\/blog\/wp-json\/wp\/v2\/media\/17260"}],"wp:attachment":[{"href":"https:\/\/www.iquilibrio.com\/blog\/wp-json\/wp\/v2\/media?parent=17182"}],"wp:term":[{"taxonomy":"category","embeddable":true,"href":"https:\/\/www.iquilibrio.com\/blog\/wp-json\/wp\/v2\/categories?post=17182"},{"taxonomy":"post_tag","embeddable":true,"href":"https:\/\/www.iquilibrio.com\/blog\/wp-json\/wp\/v2\/tags?post=17182"}],"curies":[{"name":"wp","href":"https:\/\/api.w.org\/{rel}","templated":true}]}}