{"id":16508,"date":"2022-08-05T12:41:00","date_gmt":"2022-08-05T15:41:00","guid":{"rendered":"https:\/\/www.iquilibrio.com\/blog\/?p=16508"},"modified":"2022-08-05T12:46:31","modified_gmt":"2022-08-05T15:46:31","slug":"santa-rita-de-cassia","status":"publish","type":"post","link":"https:\/\/www.iquilibrio.com\/blog\/espiritualidade\/cristianismo\/santa-rita-de-cassia\/","title":{"rendered":"Santa Rita de C\u00e1ssia &#8211; A Santa das causas imposs\u00edveis"},"content":{"rendered":"<p>Celebra-se em <strong>22 de Maio<\/strong> o <strong>dia de Santa Rita de C\u00e1ssia<\/strong>, ela foi uma <strong>monja<\/strong> agostiniana da Diocese de Espoleto, beatificada e canonizada pela igreja cat\u00f3lica, <a href=\"https:\/\/www.iquilibrio.com\/blog\/espiritualidade\/cristianismo\/nossa-senhora-de-lourdes\/\">est\u00e1 entre uma das Santas mais amadas<\/a> e clamadas entre os fi\u00e9is.<\/p>\n<p style=\"text-align: center;\"><a href=\"https:\/\/www.iquilibrio.com\/salmos\/?utm_campaign=blog_conversao&amp;utm_medium=texto_cta&amp;utm_source=blog&amp;utm_content=20220805_santa_rita_de_cassia_botao_abaixo_paragrafo1\"><span class=\"td_btn td_btn_lg td_round_btn class-cta1\" style=\"color: #ffffff;\">Abra seus Caminhos AQUI com a Orienta\u00e7\u00e3o dos Melhores Especialistas em Salmos<\/span><\/a><\/p>\n<p>&nbsp;<\/p>\n<p><strong>Rita de C\u00e1ssia<\/strong> foi uma pessoa de muita f\u00e9, que soube esperar o tempo certo para todas as coisas, utilizou da simplicidade e humildade para reconhecer que toda a vida \u00e9 sagrada, independentemente se a pessoa \u00e9 de sua fam\u00edlia ou n\u00e3o. Por isso abriu m\u00e3o de seus filhos, <a href=\"https:\/\/www.iquilibrio.com\/blog\/espiritualidade\/cristianismo\/santa-maria\/\">pelo amor ao pr\u00f3ximo e principalmente caridade<\/a>.<\/p>\n<p>Confira mais sobre essa santa, e saiba como sua hist\u00f3ria emociona e toca milhares de cora\u00e7\u00f5es.<\/p>\n<h2>\u00cdndice &#8211; Santa Rita de C\u00e1ssia<\/h2>\n<h2>Em homenagem a J\u00f4 Soares por sua devo\u00e7\u00e3o \u00e0 Santa Rita de C\u00e1ssia<\/h2>\n<p><img loading=\"lazy\" decoding=\"async\" class=\"wp-image-36614 size-thumbnail alignleft\" src=\"https:\/\/www.iquilibrio.com\/blog\/wp-content\/uploads\/2018\/05\/Jo-Soares-morreu-150x150.png\" alt=\"J\u00f4 Soares morreu\" width=\"150\" height=\"150\" \/><\/p>\n<p>Hoje n\u00f3s infelizmente perdemos uma das mais ilustres figuras da televis\u00e3o brasileira, \u00e9 um dia de muito pesar pois J\u00f4 Soares morreu, nos deixando uma saudade que certamente durar\u00e1 por muito tempo em nossos cora\u00e7\u00f5es.<\/p>\n<p>Em sua jornada, J\u00f4 Soares foi autor, ator, apresentador, e em tudo o que fez foi exemplar e sempre extremamente contagioso. Por onde passava deixava alegria e o grade &#8220;beijo do gordo&#8221;. Infelizmente J\u00f4 Soares morreu aos 84 anos e nossa miss\u00e3o \u00e9 n\u00e3o deixar que sua luz se apague de nossas mem\u00f3rias.<\/p>\n<p>Por isso, Hoje falaremos da hist\u00f3ria inspiradora de uma Santa a qual J\u00f4 Soares foi devoto durante a sua vida, a hist\u00f3ria de Santa Rita de C\u00e1ssia. Enquanto voc\u00ea l\u00ea esse texto reze em seu cora\u00e7\u00e3o pela alma de J\u00f4 Soares, e que ele a partir daqui, trilhe um caminho de muita luz e paz.<\/p>\n<h2>Hist\u00f3ria de Santa Rita de C\u00e1ssia<\/h2>\n<p>Nascida na It\u00e1lia, por volta do ano de 1881, filha de Ant\u00f4nio Mancini e Amata Ferri, em sua inf\u00e2ncia j\u00e1 era ensinada atrav\u00e9s de <a href=\"https:\/\/www.iquilibrio.com\/blog\/salmo-do-dia\/\">Ora\u00e7\u00e3o<\/a>, apesar de Rita possuir os pais analfabetos, isso n\u00e3o impediu que eles ensinassem tudo \u00e0 filha sobre a f\u00e9 em <a href=\"https:\/\/www.iquilibrio.com\/blog\/espiritualidade\/cristianismo\/jesus-cristo\/\">Jesus e Maria<\/a>. Por isso, a jovem cresceu familiarizada com a vida de muitos Santos e Santas, mas principalmente acreditando fervorosamente em Jesus Cristo.<\/p>\n<p>Antes de ais nada, Rita de C\u00e1ssia possu\u00eda o sonho de ser uma religiosa, mas seus pais como de costume de toda fam\u00edlia na \u00e9poca, escolheram seu marido, chamado Paolo Ferdinando, mas que futuramente se mostraria infiel ao relacionamento e tinha problemas com o alcoolismo. Por causa desse homem, <a href=\"https:\/\/www.bbc.com\/portuguese\/brasil-61521629\" target=\"_blank\" rel=\"noopener\">Rita sofreu por 18 anos<\/a> dentro do casamento, onde teve 2 filhos. Contudo, em todo o momento sempre mostrou paci\u00eancia e empatia por tudo que sofreu.<\/p>\n<p>O sonho da Santa era que por fim Paolo se convertesse, e atrav\u00e9s de muita Ora\u00e7\u00e3o o amor de Rita o transformou, e consequentemente conseguiu mudar seu casamento. Entretanto, certo dia, embora Paolo tivesse convertido, a sua hist\u00f3ria havia deixado rastros de viol\u00eancia por onde passou, e um certo dia quando saiu para trabalhar, n\u00e3o voltou mais para casa. No dia seguinte foi encontrado morto por assassinato.<\/p>\n<p>Seus dois filhos que eram jovens, n\u00e3o se conformavam com a morte do pai e por isso juraram vingan\u00e7a por quem tinha feito isso. Sendo assim, Rita vendo toda essa situa\u00e7\u00e3o ajudou na convers\u00e3o dos filhos e pediu o aux\u00edlio de Deus, afirmando que preferia seus filhos mortos a derrubar mais sangue.<\/p>\n<p>Foi assim que aconteceu, seus filhos faleceram por uma peste muito forte que chegou \u00e0 cidade. E por fim Rita de C\u00e1ssia ficara sozinha, mas com a certeza de que os tr\u00eas estavam juntos a Deus.<\/p>\n<h3>Santa Rita colocada em um convento<\/h3>\n<p>Finalmente, ela poderia seguir seu sonho de vida religiosa, tentou entrar para o convento das irm\u00e3s Agostinianas, por\u00e9m foi recusada porque todos possu\u00edam d\u00favidas da voca\u00e7\u00e3o de Rita, n\u00e3o queriam aceitar uma mulher vi\u00fava, cujo o marido tinha sido morto e por fim enfrentou a perda dos dois filhos. Por isso, voltou para sua casa, e em uma noite ouviu um chamado: &#8221; Rita&#8230; Rita&#8230;. venha aqui!&#8221;<\/p>\n<p>Quando a Santa abriu a porta estavam <a href=\"https:\/\/www.iquilibrio.com\/blog\/espiritualidade\/cristianismo\/oracao-sao-francisco-assis\/\">S\u00e3o Francisco<\/a>, S\u00e3o Nicolau e <a href=\"https:\/\/www.iquilibrio.com\/blog\/espiritualidade\/cristianismo\/sao-joao-batista\/\">S\u00e3o Jo\u00e3o Batista<\/a>. Eles solicitaram que ela os seguissem pela rua. E com um suave empurr\u00e3o caiu em total \u00eaxtase atingida pelo Esp\u00edrito Santo, quando acordou estava dentro do mosteiro com todas as freiras olhando para ela.<\/p>\n<p>Rita viveu no convento por 40 anos, at\u00e9 sua morte.<\/p>\n<h3>Sofrimento por Cristo e milagres<\/h3>\n<p>A superiora do convento, duvidou da voca\u00e7\u00e3o de Rita e por isso pedia para que recolhesse as madeiras secas que estavam no jardim. Esse ato levou a um dos primeiros milagres que a Santa efetuou, depois de um ano, para a surpresa e f\u00e9 de todos, os galhos recolhidos pela Santa se transformaram em uma videira enorme, que d\u00e1 uvas at\u00e9 hoje.<\/p>\n<p>Al\u00e9m disso, Santa Rita pediu para que Jesus pudesse lhe dar como prova de amor, um pouco das dores que sentiu em sua crucifica\u00e7\u00e3o, ent\u00e3o um dos espinhos da Coroa de Jesus enterrou-se em sua cabe\u00e7a e Rita pode perceber cada trajet\u00f3ria de Jesus em sua vida, a ferida ficou por 15 anos e s\u00f3 se curou quanto a Santa pisou em terra santa.<\/p>\n<h3>Morte e Canoniza\u00e7\u00e3o de Santa Rita de C\u00e1ssia<\/h3>\n<p>No dia 22 de Maio de 1457, o sino do convento tocou sozinho e a cidade foi incendiada por um perfume de rosas. Uma freira chamada Catarina Mancini, que tinha um bra\u00e7o paral\u00edtico foi at\u00e9 Rita de C\u00e1ssia e viu que ela estava em seus \u00faltimos momentos na terra, abra\u00e7ou-a forte, e assim que Rita faleceu, a freira Catarina estava curada.<\/p>\n<p>Foi beatificada no ano de 1627, e canonizada no ano de 1900. Considerada tamb\u00e9m padroeira do Rio Grande do Norte, no qual encontra-se a maior est\u00e1tua cat\u00f3lica do mundo, medindo 5 metros representando a figura de Santa Rita.<\/p>\n<h2>Simbolismo de Santa Rita de C\u00e1ssia<\/h2>\n<h3>O crucifixo<\/h3>\n<p>Representa a sua paix\u00e3o e devo\u00e7\u00e3o por Jesus.<\/p>\n<h3>A coroa de espinhos<\/h3>\n<p>Mostra um dos acontecimentos e uma das suas pr\u00e1ticas.<\/p>\n<h3>O estigma<\/h3>\n<p>O sofrimento que ela decidiu dividir com Jesus.<\/p>\n<h3>As rosas<\/h3>\n<p>As roseiras que ela plantou no convento.<\/p>\n<h3>O h\u00e1bito<\/h3>\n<p>Mostra sua f\u00e9 e vida religiosa.<\/p>\n<h2>Ora\u00e7\u00e3o para Santa Rita de C\u00e1ssia<\/h2>\n<h3>Ora\u00e7\u00e3o 1<\/h3>\n<blockquote><p>\u201c\u00d3 poderosa e gloriosa Santa Rita chamada Santa das causas imposs\u00edveis, advogada dos casos desesperados, auxiliadora da \u00faltima hora, ref\u00fagio e abrigo da dor que arrasta para o abismo do pecado e da desesperan\u00e7a, com toda a confian\u00e7a em Vosso poder junto ao Cora\u00e7\u00e3o Sagrado de Jesus, a V\u00f3s recorro no caso dif\u00edcil e imprevisto, que dolorosamente oprime o meu cora\u00e7\u00e3o.<\/p>\n<p>(Fa\u00e7a seu pedido)<\/p>\n<p>Obtenha a gra\u00e7a que desejo, pois sendo-me necess\u00e1ria, eu a quero.<br \/>\nApresentada por V\u00f3s a minha ora\u00e7\u00e3o, o meu pedido, por V\u00f3s que sois t\u00e3o amada por Deus, certamente ser\u00e1 atendido.<br \/>\nDizei a Nosso Senhor que me valerei da gra\u00e7a para melhorar a minha vida e os meus costumes e para cantar na Terra e no C\u00e9u a Divina Miseric\u00f3rdia.<br \/>\nSanta Rita das causas imposs\u00edveis, intercedei por n\u00f3s! Am\u00e9m.\u201d<\/p><\/blockquote>\n<h2>Hino de Santa Rita de C\u00e1ssia<\/h2>\n<blockquote><p>\u201cNa amarga vida, \u00f3 Santa Rita,<\/p>\n<p>quem sabe amar, sabe sofrer,<\/p>\n<p>e no sil\u00eancio que tortura,<\/p>\n<p>aprende a arte de viver!<\/p>\n<p>O teu semblante refletia<\/p>\n<p>da tua vida o esplendor,<\/p>\n<p>a luz brilhante da alegria,<\/p>\n<p>de expressar Nosso Senhor!<\/p>\n<p>O teu perfume t\u00e3o divino<\/p>\n<p>faz nosso povo, ent\u00e3o, sonhar.<\/p>\n<p>Mesmo sofrendo nesta vida,<\/p>\n<p>s\u00f3 \u00e9 feliz quem sabe amar.\u201d<\/p><\/blockquote>\n<h2>Novena de Santa Rita de C\u00e1ssia<\/h2>\n<h3>Ora\u00e7\u00e3o Inicial<\/h3>\n<p>1 <a href=\"https:\/\/www.iquilibrio.com\/blog\/espiritualidade\/cristianismo\/pai-nosso\/\">Pai-Nosso<\/a>, 10 <a href=\"https:\/\/www.iquilibrio.com\/blog\/espiritualidade\/cristianismo\/ave-maria-oracao\/\">Ave-Marias<\/a> e 1 <a href=\"https:\/\/www.iquilibrio.com\/blog\/espiritualidade\/oracoes-salmos\/oracao-gloria\/\">Gl\u00f3ria ao Pai<\/a>.<\/p>\n<h3>Ora\u00e7\u00e3o Primeiro Dia<\/h3>\n<blockquote><p>&#8220;\u00d3 admir\u00e1vel Santa Rita de C\u00e1ssia, tu que nasceste quando teus pais j\u00e1 estavam avan\u00e7ados em idade, nutriste por eles um carinho todo especial. Ensina-nos sempre mais amar a todos os idosos que vivem em nossos lares e em nossas comunidades. Que tenhamos paci\u00eancia para com eles e as condi\u00e7\u00f5es para am\u00e1-los como imagem de Jesus a quem tanto amaste.&#8221;<\/p><\/blockquote>\n<h3>Ora\u00e7\u00e3o Segundo Dia<\/h3>\n<blockquote><p>&#8220;\u00d3 admir\u00e1vel Santa Rita de C\u00e1ssia, nutriste, desde cedo, um profundo amor \u00e0 ora\u00e7\u00e3o e \u00e0 solid\u00e3o com Deus, ajuda-nos a descobrir nossa voca\u00e7\u00e3o de orantes em um mundo que esquece de orar. Que possamos rezar pelos que n\u00e3o sabem rezar, pelos que n\u00e3o podem rezar e pelos que n\u00e3o querem rezar.&#8221;<\/p><\/blockquote>\n<h3>Ora\u00e7\u00e3o Terceiro Dia<\/h3>\n<blockquote><p>&#8220;\u00d3 admir\u00e1vel Santa Rita de C\u00e1ssia, mesmo em meio aos mais duros sofrimentos que passaste em teu matrim\u00f4nio, n\u00e3o desanimaste e oraste incessantemente pela convers\u00e3o do teu esposo. Ensina aos casais de hoje teu jeito singelo de ser fiel na alegria ou na tristeza, na sa\u00fade ou na doen\u00e7a, no amor, no respeito e na fidelidade.&#8221;<\/p><\/blockquote>\n<h3>Ora\u00e7\u00e3o Quarto Dia<\/h3>\n<blockquote><p>&#8220;\u00d3 admir\u00e1vel Santa Rita de C\u00e1ssia, foste paciente e carinhosa para com teus dois filhos que queriam vingar a morte do pai. Ensina aos pais de hoje a ter um cora\u00e7\u00e3o sempre aberto, preocupado e carinhoso para com seus filhos, a exemplo do pai do filho pr\u00f3digo, a quem imitaste em tua vida.&#8221;<\/p><\/blockquote>\n<h3>Ora\u00e7\u00e3o Quinto Dia<\/h3>\n<blockquote><p>&#8220;\u00d3 admir\u00e1vel Santa Rita de C\u00e1ssia, nutriste como ningu\u00e9m um amor total \u00e0 vida consagrada e religiosa. Mostra a muitos jovens de hoje o caminho para descobrir o verdadeiro amor desinteressado e total a Deus e aos irm\u00e3os. Intercede para que surjam muitas e santas voca\u00e7\u00f5es sacerdotais e religiosas.&#8221;<\/p><\/blockquote>\n<h3>Ora\u00e7\u00e3o Sexto Dia<\/h3>\n<blockquote><p>&#8220;\u00d3 admir\u00e1vel Santa Rita de C\u00e1ssia, descobriste na f\u00e9 e na penit\u00eancia uma forma misteriosa de amar secretamente a Deus, a quem escolheste seguir. Ajuda-nos tamb\u00e9m a descobrir a penit\u00eancia como um valor evang\u00e9lico de convers\u00e3o pessoal e desprendimento de todas as formas de ego\u00edsmo.&#8221;<\/p><\/blockquote>\n<h3>Ora\u00e7\u00e3o S\u00e9timo Dia<\/h3>\n<blockquote><p>&#8220;\u00d3 admir\u00e1vel Santa Rita de C\u00e1ssia, como ningu\u00e9m obedeceste aos teus superiores religiosos por ver nessa obedi\u00eancia um valor evang\u00e9lico, um amor de quem tudo entrega por um amor sempre maior. Ensina aos crist\u00e3os de nossos dias a verdadeira caridade m\u00fatua, que faz com que toda forma de obedi\u00eancia n\u00e3o seja mais que um modo de servir aos irm\u00e3os.&#8221;<\/p><\/blockquote>\n<h3>Ora\u00e7\u00e3o Oitavo Dia<\/h3>\n<blockquote><p>&#8220;\u00d3 admir\u00e1vel Santa Rita de C\u00e1ssia, descobriste no amor de Jesus crucificado um caminho para amar tamb\u00e9m o sofrimento. Ensina-nos a carregar nossas cruzes quando elas surgirem, sem desanimar ou desesperar. Mostra-nos tamb\u00e9m o calor redentor de todo sofrimento aceito por amor a Jesus, que, nada mais tendo a oferecer, deu-nos Sua pr\u00f3pria vida.&#8221;<\/p><\/blockquote>\n<h3>Ora\u00e7\u00e3o Nono Dia<\/h3>\n<blockquote><p>&#8220;\u00d3 admir\u00e1vel Santa Rita de C\u00e1ssia, em virtude dos prod\u00edgios que conseguiste de Deus, foste escolhida como padroeira de todas as causas imposs\u00edveis. Ajuda-nos a sempre mais confiar no milagre maravilhoso do amor que faz o maior de todos os prod\u00edgios sobre a terra: a convers\u00e3o de todos os cora\u00e7\u00f5es para Deus.&#8221;<\/p><\/blockquote>\n<p>Santa Rita de C\u00e1ssia, rogai por n\u00f3s!<\/p>\n<p style=\"text-align: center;\"><span style=\"color: #ffffff;\"><a style=\"color: #ffffff;\" href=\"https:\/\/www.iquilibrio.com\/esotericos\/?utm_campaign=blog_conversao&amp;utm_medium=texto_cta&amp;utm_source=blog&amp;utm_content=20220805_santa_rita_de_cassia_botao_abaixo_ultimo_paragrafo\"><span class=\"td_btn td_btn_lg td_round_btn class-cta2\">Ven\u00e7a Seus Desafios de Vida Com a Ajuda de Esot\u00e9ricos Experientes<\/span><\/a><\/span><\/p>\n\n\n<div class=\"kk-star-ratings kksr-auto kksr-align-left kksr-valign-bottom\"\n    data-payload='{&quot;align&quot;:&quot;left&quot;,&quot;id&quot;:&quot;16508&quot;,&quot;slug&quot;:&quot;default&quot;,&quot;valign&quot;:&quot;bottom&quot;,&quot;ignore&quot;:&quot;&quot;,&quot;reference&quot;:&quot;auto&quot;,&quot;class&quot;:&quot;&quot;,&quot;count&quot;:&quot;2&quot;,&quot;legendonly&quot;:&quot;&quot;,&quot;readonly&quot;:&quot;&quot;,&quot;score&quot;:&quot;5&quot;,&quot;starsonly&quot;:&quot;&quot;,&quot;best&quot;:&quot;5&quot;,&quot;gap&quot;:&quot;5&quot;,&quot;greet&quot;:&quot;Rate this post&quot;,&quot;legend&quot;:&quot;5\\\/5 - (2 votos)&quot;,&quot;size&quot;:&quot;24&quot;,&quot;title&quot;:&quot;Santa Rita de C\u00e1ssia - A Santa das causas imposs\u00edveis&quot;,&quot;width&quot;:&quot;142.5&quot;,&quot;_legend&quot;:&quot;{score}\\\/{best} - ({count} {votes})&quot;,&quot;font_factor&quot;:&quot;1.25&quot;}'>\n            \n<div class=\"kksr-stars\">\n    \n<div class=\"kksr-stars-inactive\">\n            <div class=\"kksr-star\" data-star=\"1\" style=\"padding-right: 5px\">\n            \n\n<div class=\"kksr-icon\" style=\"width: 24px; height: 24px;\"><\/div>\n        <\/div>\n            <div class=\"kksr-star\" data-star=\"2\" style=\"padding-right: 5px\">\n            \n\n<div class=\"kksr-icon\" style=\"width: 24px; height: 24px;\"><\/div>\n        <\/div>\n            <div class=\"kksr-star\" data-star=\"3\" style=\"padding-right: 5px\">\n            \n\n<div class=\"kksr-icon\" style=\"width: 24px; height: 24px;\"><\/div>\n        <\/div>\n            <div class=\"kksr-star\" data-star=\"4\" style=\"padding-right: 5px\">\n            \n\n<div class=\"kksr-icon\" style=\"width: 24px; height: 24px;\"><\/div>\n        <\/div>\n            <div class=\"kksr-star\" data-star=\"5\" style=\"padding-right: 5px\">\n            \n\n<div class=\"kksr-icon\" style=\"width: 24px; height: 24px;\"><\/div>\n        <\/div>\n    <\/div>\n    \n<div class=\"kksr-stars-active\" style=\"width: 142.5px;\">\n            <div class=\"kksr-star\" style=\"padding-right: 5px\">\n            \n\n<div class=\"kksr-icon\" style=\"width: 24px; height: 24px;\"><\/div>\n        <\/div>\n            <div class=\"kksr-star\" style=\"padding-right: 5px\">\n            \n\n<div class=\"kksr-icon\" style=\"width: 24px; height: 24px;\"><\/div>\n        <\/div>\n            <div class=\"kksr-star\" style=\"padding-right: 5px\">\n            \n\n<div class=\"kksr-icon\" style=\"width: 24px; height: 24px;\"><\/div>\n        <\/div>\n            <div class=\"kksr-star\" style=\"padding-right: 5px\">\n            \n\n<div class=\"kksr-icon\" style=\"width: 24px; height: 24px;\"><\/div>\n        <\/div>\n            <div class=\"kksr-star\" style=\"padding-right: 5px\">\n            \n\n<div class=\"kksr-icon\" style=\"width: 24px; height: 24px;\"><\/div>\n        <\/div>\n    <\/div>\n<\/div>\n                \n\n<div class=\"kksr-legend\" style=\"font-size: 19.2px;\">\n            5\/5 - (2 votos)    <\/div>\n    <\/div>\n","protected":false},"excerpt":{"rendered":"<p>Celebra-se em 22 de Maio o dia de Santa Rita de C\u00e1ssia, ela foi uma monja agostiniana da Diocese de Espoleto, beatificada e canonizada pela igreja cat\u00f3lica, est\u00e1 entre uma das Santas mais amadas e clamadas entre os fi\u00e9is. Abra seus Caminhos AQUI com a Orienta\u00e7\u00e3o dos Melhores Especialistas em Salmos &nbsp; Rita de C\u00e1ssia [&hellip;]<\/p>\n","protected":false},"author":20,"featured_media":16714,"comment_status":"closed","ping_status":"closed","sticky":false,"template":"","format":"standard","meta":{"footnotes":""},"categories":[504],"tags":[2989,2990,2988],"class_list":["post-16508","post","type-post","status-publish","format-standard","has-post-thumbnail","hentry","category-cristianismo","tag-rita-de-cassia","tag-santa-rita","tag-santa-rita-de-cassia"],"yoast_head":"<!-- This site is optimized with the Yoast SEO plugin v27.4 - https:\/\/yoast.com\/product\/yoast-seo-wordpress\/ -->\n<title>Santa Rita de C\u00e1ssia - Hist\u00f3ria, Ora\u00e7\u00e3o e Novena | iQuilibrio<\/title>\n<meta name=\"description\" content=\"Santa Rita de C\u00e1ssia, foi uma monja agostiniana e est\u00e1 entre uma das santas mais amadas e clamadas entre os fi\u00e9is. Clique e saiba mais.\" \/>\n<meta name=\"robots\" content=\"index, follow, max-snippet:-1, max-image-preview:large, max-video-preview:-1\" \/>\n<link rel=\"canonical\" href=\"https:\/\/www.iquilibrio.com\/blog\/espiritualidade\/cristianismo\/santa-rita-de-cassia\/\" \/>\n<meta property=\"og:locale\" content=\"pt_BR\" \/>\n<meta property=\"og:type\" content=\"article\" \/>\n<meta property=\"og:title\" content=\"Santa Rita de C\u00e1ssia - Hist\u00f3ria, Ora\u00e7\u00e3o e Novena | iQuilibrio\" \/>\n<meta property=\"og:description\" content=\"Santa Rita de C\u00e1ssia, foi uma monja agostiniana e est\u00e1 entre uma das santas mais amadas e clamadas entre os fi\u00e9is. Clique e saiba mais.\" \/>\n<meta property=\"og:url\" content=\"https:\/\/www.iquilibrio.com\/blog\/espiritualidade\/cristianismo\/santa-rita-de-cassia\/\" \/>\n<meta property=\"og:site_name\" content=\"iQuilibrio\" \/>\n<meta property=\"article:publisher\" content=\"https:\/\/www.facebook.com\/iQuilibrio\/\" \/>\n<meta property=\"article:published_time\" content=\"2022-08-05T15:41:00+00:00\" \/>\n<meta property=\"article:modified_time\" content=\"2022-08-05T15:46:31+00:00\" \/>\n<meta property=\"og:image\" content=\"https:\/\/www.iquilibrio.com\/blog\/wp-content\/uploads\/2018\/05\/santo_rita_blog.jpg\" \/>\n\t<meta property=\"og:image:width\" content=\"900\" \/>\n\t<meta property=\"og:image:height\" content=\"560\" \/>\n\t<meta property=\"og:image:type\" content=\"image\/jpeg\" \/>\n<meta name=\"author\" content=\"Reda\u00e7\u00e3o iQuilibrio\" \/>\n<meta name=\"twitter:card\" content=\"summary_large_image\" \/>\n<meta name=\"twitter:creator\" content=\"@iquilibrio\" \/>\n<meta name=\"twitter:site\" content=\"@iquilibrio\" \/>\n<meta name=\"twitter:label1\" content=\"Escrito por\" \/>\n\t<meta name=\"twitter:data1\" content=\"Reda\u00e7\u00e3o iQuilibrio\" \/>\n\t<meta name=\"twitter:label2\" content=\"Est. tempo de leitura\" \/>\n\t<meta name=\"twitter:data2\" content=\"10 minutos\" \/>\n<script type=\"application\/ld+json\" class=\"yoast-schema-graph\">{\"@context\":\"https:\\\/\\\/schema.org\",\"@graph\":[{\"@type\":\"Article\",\"@id\":\"https:\\\/\\\/www.iquilibrio.com\\\/blog\\\/espiritualidade\\\/cristianismo\\\/santa-rita-de-cassia\\\/#article\",\"isPartOf\":{\"@id\":\"https:\\\/\\\/www.iquilibrio.com\\\/blog\\\/espiritualidade\\\/cristianismo\\\/santa-rita-de-cassia\\\/\"},\"author\":{\"name\":\"Reda\u00e7\u00e3o iQuilibrio\",\"@id\":\"https:\\\/\\\/www.iquilibrio.com\\\/blog\\\/#\\\/schema\\\/person\\\/199505a1f0db0d00f022188666c75dca\"},\"headline\":\"Santa Rita de C\u00e1ssia &#8211; A Santa das causas imposs\u00edveis\",\"datePublished\":\"2022-08-05T15:41:00+00:00\",\"dateModified\":\"2022-08-05T15:46:31+00:00\",\"mainEntityOfPage\":{\"@id\":\"https:\\\/\\\/www.iquilibrio.com\\\/blog\\\/espiritualidade\\\/cristianismo\\\/santa-rita-de-cassia\\\/\"},\"wordCount\":1924,\"publisher\":{\"@id\":\"https:\\\/\\\/www.iquilibrio.com\\\/blog\\\/#organization\"},\"image\":{\"@id\":\"https:\\\/\\\/www.iquilibrio.com\\\/blog\\\/espiritualidade\\\/cristianismo\\\/santa-rita-de-cassia\\\/#primaryimage\"},\"thumbnailUrl\":\"https:\\\/\\\/www.iquilibrio.com\\\/blog\\\/wp-content\\\/uploads\\\/2018\\\/05\\\/santo_rita_blog.jpg\",\"keywords\":[\"Rita de C\u00e1ssia\",\"Santa Rita\",\"Santa Rita de C\u00e1ssia\"],\"articleSection\":[\"Cristianismo\"],\"inLanguage\":\"pt-BR\"},{\"@type\":\"WebPage\",\"@id\":\"https:\\\/\\\/www.iquilibrio.com\\\/blog\\\/espiritualidade\\\/cristianismo\\\/santa-rita-de-cassia\\\/\",\"url\":\"https:\\\/\\\/www.iquilibrio.com\\\/blog\\\/espiritualidade\\\/cristianismo\\\/santa-rita-de-cassia\\\/\",\"name\":\"Santa Rita de C\u00e1ssia - Hist\u00f3ria, Ora\u00e7\u00e3o e Novena | iQuilibrio\",\"isPartOf\":{\"@id\":\"https:\\\/\\\/www.iquilibrio.com\\\/blog\\\/#website\"},\"primaryImageOfPage\":{\"@id\":\"https:\\\/\\\/www.iquilibrio.com\\\/blog\\\/espiritualidade\\\/cristianismo\\\/santa-rita-de-cassia\\\/#primaryimage\"},\"image\":{\"@id\":\"https:\\\/\\\/www.iquilibrio.com\\\/blog\\\/espiritualidade\\\/cristianismo\\\/santa-rita-de-cassia\\\/#primaryimage\"},\"thumbnailUrl\":\"https:\\\/\\\/www.iquilibrio.com\\\/blog\\\/wp-content\\\/uploads\\\/2018\\\/05\\\/santo_rita_blog.jpg\",\"datePublished\":\"2022-08-05T15:41:00+00:00\",\"dateModified\":\"2022-08-05T15:46:31+00:00\",\"description\":\"Santa Rita de C\u00e1ssia, foi uma monja agostiniana e est\u00e1 entre uma das santas mais amadas e clamadas entre os fi\u00e9is. Clique e saiba mais.\",\"breadcrumb\":{\"@id\":\"https:\\\/\\\/www.iquilibrio.com\\\/blog\\\/espiritualidade\\\/cristianismo\\\/santa-rita-de-cassia\\\/#breadcrumb\"},\"inLanguage\":\"pt-BR\",\"potentialAction\":[{\"@type\":\"ReadAction\",\"target\":[\"https:\\\/\\\/www.iquilibrio.com\\\/blog\\\/espiritualidade\\\/cristianismo\\\/santa-rita-de-cassia\\\/\"]}]},{\"@type\":\"ImageObject\",\"inLanguage\":\"pt-BR\",\"@id\":\"https:\\\/\\\/www.iquilibrio.com\\\/blog\\\/espiritualidade\\\/cristianismo\\\/santa-rita-de-cassia\\\/#primaryimage\",\"url\":\"https:\\\/\\\/www.iquilibrio.com\\\/blog\\\/wp-content\\\/uploads\\\/2018\\\/05\\\/santo_rita_blog.jpg\",\"contentUrl\":\"https:\\\/\\\/www.iquilibrio.com\\\/blog\\\/wp-content\\\/uploads\\\/2018\\\/05\\\/santo_rita_blog.jpg\",\"width\":900,\"height\":560,\"caption\":\"Santa Rita de C\u00e1ssia\"},{\"@type\":\"BreadcrumbList\",\"@id\":\"https:\\\/\\\/www.iquilibrio.com\\\/blog\\\/espiritualidade\\\/cristianismo\\\/santa-rita-de-cassia\\\/#breadcrumb\",\"itemListElement\":[{\"@type\":\"ListItem\",\"position\":1,\"name\":\"In\u00edcio\",\"item\":\"https:\\\/\\\/www.iquilibrio.com\\\/blog\\\/\"},{\"@type\":\"ListItem\",\"position\":2,\"name\":\"Santa Rita de C\u00e1ssia &#8211; A Santa das causas imposs\u00edveis\"}]},{\"@type\":\"WebSite\",\"@id\":\"https:\\\/\\\/www.iquilibrio.com\\\/blog\\\/#website\",\"url\":\"https:\\\/\\\/www.iquilibrio.com\\\/blog\\\/\",\"name\":\"iQuilibrio\",\"description\":\"Blog iQuilibrio\",\"publisher\":{\"@id\":\"https:\\\/\\\/www.iquilibrio.com\\\/blog\\\/#organization\"},\"potentialAction\":[{\"@type\":\"SearchAction\",\"target\":{\"@type\":\"EntryPoint\",\"urlTemplate\":\"https:\\\/\\\/www.iquilibrio.com\\\/blog\\\/?s={search_term_string}\"},\"query-input\":{\"@type\":\"PropertyValueSpecification\",\"valueRequired\":true,\"valueName\":\"search_term_string\"}}],\"inLanguage\":\"pt-BR\"},{\"@type\":\"Organization\",\"@id\":\"https:\\\/\\\/www.iquilibrio.com\\\/blog\\\/#organization\",\"name\":\"Esoterismo, Misticismo e Tarot Online - iQuilibrio\",\"url\":\"https:\\\/\\\/www.iquilibrio.com\\\/blog\\\/\",\"logo\":{\"@type\":\"ImageObject\",\"inLanguage\":\"pt-BR\",\"@id\":\"https:\\\/\\\/www.iquilibrio.com\\\/blog\\\/#\\\/schema\\\/logo\\\/image\\\/\",\"url\":\"https:\\\/\\\/www.iquilibrio.com\\\/blog\\\/wp-content\\\/uploads\\\/2018\\\/12\\\/iquilibrio_lovo_vetor_preto-retina.png\",\"contentUrl\":\"https:\\\/\\\/www.iquilibrio.com\\\/blog\\\/wp-content\\\/uploads\\\/2018\\\/12\\\/iquilibrio_lovo_vetor_preto-retina.png\",\"width\":972,\"height\":180,\"caption\":\"Esoterismo, Misticismo e Tarot Online - iQuilibrio\"},\"image\":{\"@id\":\"https:\\\/\\\/www.iquilibrio.com\\\/blog\\\/#\\\/schema\\\/logo\\\/image\\\/\"},\"sameAs\":[\"https:\\\/\\\/www.facebook.com\\\/iQuilibrio\\\/\",\"https:\\\/\\\/x.com\\\/iquilibrio\",\"https:\\\/\\\/www.instagram.com\\\/iquilibrio\\\/\",\"https:\\\/\\\/www.linkedin.com\\\/company\\\/iquilibrio\\\/\",\"https:\\\/\\\/br.pinterest.com\\\/iquilibrio1397\\\/\",\"https:\\\/\\\/www.youtube.com\\\/channel\\\/UC175qxd-4Zsi4wzawT5zF2g\"]},{\"@type\":\"Person\",\"@id\":\"https:\\\/\\\/www.iquilibrio.com\\\/blog\\\/#\\\/schema\\\/person\\\/199505a1f0db0d00f022188666c75dca\",\"name\":\"Reda\u00e7\u00e3o iQuilibrio\",\"image\":{\"@type\":\"ImageObject\",\"inLanguage\":\"pt-BR\",\"@id\":\"https:\\\/\\\/www.iquilibrio.com\\\/blog\\\/wp-content\\\/uploads\\\/2021\\\/12\\\/Consulta-por-email-3-150x150.png\",\"url\":\"https:\\\/\\\/www.iquilibrio.com\\\/blog\\\/wp-content\\\/uploads\\\/2021\\\/12\\\/Consulta-por-email-3-150x150.png\",\"contentUrl\":\"https:\\\/\\\/www.iquilibrio.com\\\/blog\\\/wp-content\\\/uploads\\\/2021\\\/12\\\/Consulta-por-email-3-150x150.png\",\"caption\":\"Reda\u00e7\u00e3o iQuilibrio\"},\"description\":\"A equipe de reda\u00e7\u00e3o da iQuilibrio \u00e9 composta pelos mais diversos especialistas e esot\u00e9ricos. Al\u00e9m de dominar a arte de traduzir as energias que o universo emana, nossos redatores sentem imenso prazer em trabalhar com palavras. Boa leitura e um \u00f3timo aprendizado!\",\"url\":\"https:\\\/\\\/www.iquilibrio.com\\\/blog\\\/author\\\/juliana\\\/\"}]}<\/script>\n<!-- \/ Yoast SEO plugin. -->","yoast_head_json":{"title":"Santa Rita de C\u00e1ssia - Hist\u00f3ria, Ora\u00e7\u00e3o e Novena | iQuilibrio","description":"Santa Rita de C\u00e1ssia, foi uma monja agostiniana e est\u00e1 entre uma das santas mais amadas e clamadas entre os fi\u00e9is. Clique e saiba mais.","robots":{"index":"index","follow":"follow","max-snippet":"max-snippet:-1","max-image-preview":"max-image-preview:large","max-video-preview":"max-video-preview:-1"},"canonical":"https:\/\/www.iquilibrio.com\/blog\/espiritualidade\/cristianismo\/santa-rita-de-cassia\/","og_locale":"pt_BR","og_type":"article","og_title":"Santa Rita de C\u00e1ssia - Hist\u00f3ria, Ora\u00e7\u00e3o e Novena | iQuilibrio","og_description":"Santa Rita de C\u00e1ssia, foi uma monja agostiniana e est\u00e1 entre uma das santas mais amadas e clamadas entre os fi\u00e9is. Clique e saiba mais.","og_url":"https:\/\/www.iquilibrio.com\/blog\/espiritualidade\/cristianismo\/santa-rita-de-cassia\/","og_site_name":"iQuilibrio","article_publisher":"https:\/\/www.facebook.com\/iQuilibrio\/","article_published_time":"2022-08-05T15:41:00+00:00","article_modified_time":"2022-08-05T15:46:31+00:00","og_image":[{"width":900,"height":560,"url":"https:\/\/www.iquilibrio.com\/blog\/wp-content\/uploads\/2018\/05\/santo_rita_blog.jpg","type":"image\/jpeg"}],"author":"Reda\u00e7\u00e3o iQuilibrio","twitter_card":"summary_large_image","twitter_creator":"@iquilibrio","twitter_site":"@iquilibrio","twitter_misc":{"Escrito por":"Reda\u00e7\u00e3o iQuilibrio","Est. tempo de leitura":"10 minutos"},"schema":{"@context":"https:\/\/schema.org","@graph":[{"@type":"Article","@id":"https:\/\/www.iquilibrio.com\/blog\/espiritualidade\/cristianismo\/santa-rita-de-cassia\/#article","isPartOf":{"@id":"https:\/\/www.iquilibrio.com\/blog\/espiritualidade\/cristianismo\/santa-rita-de-cassia\/"},"author":{"name":"Reda\u00e7\u00e3o iQuilibrio","@id":"https:\/\/www.iquilibrio.com\/blog\/#\/schema\/person\/199505a1f0db0d00f022188666c75dca"},"headline":"Santa Rita de C\u00e1ssia &#8211; A Santa das causas imposs\u00edveis","datePublished":"2022-08-05T15:41:00+00:00","dateModified":"2022-08-05T15:46:31+00:00","mainEntityOfPage":{"@id":"https:\/\/www.iquilibrio.com\/blog\/espiritualidade\/cristianismo\/santa-rita-de-cassia\/"},"wordCount":1924,"publisher":{"@id":"https:\/\/www.iquilibrio.com\/blog\/#organization"},"image":{"@id":"https:\/\/www.iquilibrio.com\/blog\/espiritualidade\/cristianismo\/santa-rita-de-cassia\/#primaryimage"},"thumbnailUrl":"https:\/\/www.iquilibrio.com\/blog\/wp-content\/uploads\/2018\/05\/santo_rita_blog.jpg","keywords":["Rita de C\u00e1ssia","Santa Rita","Santa Rita de C\u00e1ssia"],"articleSection":["Cristianismo"],"inLanguage":"pt-BR"},{"@type":"WebPage","@id":"https:\/\/www.iquilibrio.com\/blog\/espiritualidade\/cristianismo\/santa-rita-de-cassia\/","url":"https:\/\/www.iquilibrio.com\/blog\/espiritualidade\/cristianismo\/santa-rita-de-cassia\/","name":"Santa Rita de C\u00e1ssia - Hist\u00f3ria, Ora\u00e7\u00e3o e Novena | iQuilibrio","isPartOf":{"@id":"https:\/\/www.iquilibrio.com\/blog\/#website"},"primaryImageOfPage":{"@id":"https:\/\/www.iquilibrio.com\/blog\/espiritualidade\/cristianismo\/santa-rita-de-cassia\/#primaryimage"},"image":{"@id":"https:\/\/www.iquilibrio.com\/blog\/espiritualidade\/cristianismo\/santa-rita-de-cassia\/#primaryimage"},"thumbnailUrl":"https:\/\/www.iquilibrio.com\/blog\/wp-content\/uploads\/2018\/05\/santo_rita_blog.jpg","datePublished":"2022-08-05T15:41:00+00:00","dateModified":"2022-08-05T15:46:31+00:00","description":"Santa Rita de C\u00e1ssia, foi uma monja agostiniana e est\u00e1 entre uma das santas mais amadas e clamadas entre os fi\u00e9is. Clique e saiba mais.","breadcrumb":{"@id":"https:\/\/www.iquilibrio.com\/blog\/espiritualidade\/cristianismo\/santa-rita-de-cassia\/#breadcrumb"},"inLanguage":"pt-BR","potentialAction":[{"@type":"ReadAction","target":["https:\/\/www.iquilibrio.com\/blog\/espiritualidade\/cristianismo\/santa-rita-de-cassia\/"]}]},{"@type":"ImageObject","inLanguage":"pt-BR","@id":"https:\/\/www.iquilibrio.com\/blog\/espiritualidade\/cristianismo\/santa-rita-de-cassia\/#primaryimage","url":"https:\/\/www.iquilibrio.com\/blog\/wp-content\/uploads\/2018\/05\/santo_rita_blog.jpg","contentUrl":"https:\/\/www.iquilibrio.com\/blog\/wp-content\/uploads\/2018\/05\/santo_rita_blog.jpg","width":900,"height":560,"caption":"Santa Rita de C\u00e1ssia"},{"@type":"BreadcrumbList","@id":"https:\/\/www.iquilibrio.com\/blog\/espiritualidade\/cristianismo\/santa-rita-de-cassia\/#breadcrumb","itemListElement":[{"@type":"ListItem","position":1,"name":"In\u00edcio","item":"https:\/\/www.iquilibrio.com\/blog\/"},{"@type":"ListItem","position":2,"name":"Santa Rita de C\u00e1ssia &#8211; A Santa das causas imposs\u00edveis"}]},{"@type":"WebSite","@id":"https:\/\/www.iquilibrio.com\/blog\/#website","url":"https:\/\/www.iquilibrio.com\/blog\/","name":"iQuilibrio","description":"Blog iQuilibrio","publisher":{"@id":"https:\/\/www.iquilibrio.com\/blog\/#organization"},"potentialAction":[{"@type":"SearchAction","target":{"@type":"EntryPoint","urlTemplate":"https:\/\/www.iquilibrio.com\/blog\/?s={search_term_string}"},"query-input":{"@type":"PropertyValueSpecification","valueRequired":true,"valueName":"search_term_string"}}],"inLanguage":"pt-BR"},{"@type":"Organization","@id":"https:\/\/www.iquilibrio.com\/blog\/#organization","name":"Esoterismo, Misticismo e Tarot Online - iQuilibrio","url":"https:\/\/www.iquilibrio.com\/blog\/","logo":{"@type":"ImageObject","inLanguage":"pt-BR","@id":"https:\/\/www.iquilibrio.com\/blog\/#\/schema\/logo\/image\/","url":"https:\/\/www.iquilibrio.com\/blog\/wp-content\/uploads\/2018\/12\/iquilibrio_lovo_vetor_preto-retina.png","contentUrl":"https:\/\/www.iquilibrio.com\/blog\/wp-content\/uploads\/2018\/12\/iquilibrio_lovo_vetor_preto-retina.png","width":972,"height":180,"caption":"Esoterismo, Misticismo e Tarot Online - iQuilibrio"},"image":{"@id":"https:\/\/www.iquilibrio.com\/blog\/#\/schema\/logo\/image\/"},"sameAs":["https:\/\/www.facebook.com\/iQuilibrio\/","https:\/\/x.com\/iquilibrio","https:\/\/www.instagram.com\/iquilibrio\/","https:\/\/www.linkedin.com\/company\/iquilibrio\/","https:\/\/br.pinterest.com\/iquilibrio1397\/","https:\/\/www.youtube.com\/channel\/UC175qxd-4Zsi4wzawT5zF2g"]},{"@type":"Person","@id":"https:\/\/www.iquilibrio.com\/blog\/#\/schema\/person\/199505a1f0db0d00f022188666c75dca","name":"Reda\u00e7\u00e3o iQuilibrio","image":{"@type":"ImageObject","inLanguage":"pt-BR","@id":"https:\/\/www.iquilibrio.com\/blog\/wp-content\/uploads\/2021\/12\/Consulta-por-email-3-150x150.png","url":"https:\/\/www.iquilibrio.com\/blog\/wp-content\/uploads\/2021\/12\/Consulta-por-email-3-150x150.png","contentUrl":"https:\/\/www.iquilibrio.com\/blog\/wp-content\/uploads\/2021\/12\/Consulta-por-email-3-150x150.png","caption":"Reda\u00e7\u00e3o iQuilibrio"},"description":"A equipe de reda\u00e7\u00e3o da iQuilibrio \u00e9 composta pelos mais diversos especialistas e esot\u00e9ricos. Al\u00e9m de dominar a arte de traduzir as energias que o universo emana, nossos redatores sentem imenso prazer em trabalhar com palavras. Boa leitura e um \u00f3timo aprendizado!","url":"https:\/\/www.iquilibrio.com\/blog\/author\/juliana\/"}]}},"_links":{"self":[{"href":"https:\/\/www.iquilibrio.com\/blog\/wp-json\/wp\/v2\/posts\/16508","targetHints":{"allow":["GET"]}}],"collection":[{"href":"https:\/\/www.iquilibrio.com\/blog\/wp-json\/wp\/v2\/posts"}],"about":[{"href":"https:\/\/www.iquilibrio.com\/blog\/wp-json\/wp\/v2\/types\/post"}],"author":[{"embeddable":true,"href":"https:\/\/www.iquilibrio.com\/blog\/wp-json\/wp\/v2\/users\/20"}],"replies":[{"embeddable":true,"href":"https:\/\/www.iquilibrio.com\/blog\/wp-json\/wp\/v2\/comments?post=16508"}],"version-history":[{"count":17,"href":"https:\/\/www.iquilibrio.com\/blog\/wp-json\/wp\/v2\/posts\/16508\/revisions"}],"predecessor-version":[{"id":36617,"href":"https:\/\/www.iquilibrio.com\/blog\/wp-json\/wp\/v2\/posts\/16508\/revisions\/36617"}],"wp:featuredmedia":[{"embeddable":true,"href":"https:\/\/www.iquilibrio.com\/blog\/wp-json\/wp\/v2\/media\/16714"}],"wp:attachment":[{"href":"https:\/\/www.iquilibrio.com\/blog\/wp-json\/wp\/v2\/media?parent=16508"}],"wp:term":[{"taxonomy":"category","embeddable":true,"href":"https:\/\/www.iquilibrio.com\/blog\/wp-json\/wp\/v2\/categories?post=16508"},{"taxonomy":"post_tag","embeddable":true,"href":"https:\/\/www.iquilibrio.com\/blog\/wp-json\/wp\/v2\/tags?post=16508"}],"curies":[{"name":"wp","href":"https:\/\/api.w.org\/{rel}","templated":true}]}}