{"id":16363,"date":"2018-05-09T08:00:12","date_gmt":"2018-05-09T11:00:12","guid":{"rendered":"https:\/\/www.iquilibrio.com\/blog\/?p=16363"},"modified":"2019-03-25T10:56:52","modified_gmt":"2019-03-25T12:56:52","slug":"mae-e-filho","status":"publish","type":"post","link":"https:\/\/www.iquilibrio.com\/blog\/espiritualidade\/mae-e-filho\/","title":{"rendered":"M\u00e3e e filho &#8211; Uma rela\u00e7\u00e3o k\u00e1rmica"},"content":{"rendered":"<p><a href=\"https:\/\/www.iquilibrio.com\/futuro-familiar\/\"><span class=\"class-texto-consultas\">Ser <strong>m\u00e3e<\/strong> de algu\u00e9m e dedicar a sua exist\u00eancia ao bem-estar dessa pessoa<\/span><\/a> \u00e9 viver um per\u00edodo m\u00e1gico e iluminado na vida de todas que passam por essa experi\u00eancia. Por\u00e9m, <strong>m\u00e3e e filho<\/strong> \u00e9 muito mais do que um la\u00e7o emocional estabelecido entre essas pessoas, essa rela\u00e7\u00e3o representa mais um passo a caminho do conhecimento, <a href=\"https:\/\/www.iquilibrio.com\/blog\/espiritualidade\/karma\/\">situa\u00e7\u00e3o nomeada como <strong>karma<\/strong><\/a>\u00a0(ou <strong>carma<\/strong>) quando falamos de crescimento espiritual.<\/p>\n<p style=\"text-align: center;\"><a href=\"https:\/\/www.iquilibrio.com\/esotericos\/\"><span class=\"td_btn td_btn_lg td_round_btn class-cta1\" style=\"color: #ffffff;\">A Espiritualidade te Ajudar\u00e1 a Superar Desafios e Alcan\u00e7ar seus Objetivos. Clique Aqui e Comece Agora seu Atendimento<\/span><\/a><\/p>\n<p>&nbsp;<\/p>\n<p>Portanto o <strong>amor de m\u00e3e para filho<\/strong> e o <strong>amor de filho para m\u00e3e<\/strong>, \u00e9 na verdade um ensinamento k\u00e1rmico, algo estabelecido em <strong>vidas passadas<\/strong> e que <a href=\"https:\/\/www.iquilibrio.com\/blog\/espiritualidade\/amizade-de-vidas-passadas\/\">necessitou desse momento para prosseguir seu caminho e concluir a miss\u00e3o<\/a>.<\/p>\n<h2>Mais do que amor, s\u00e3o la\u00e7os c\u00e1rmicos<\/h2>\n<p>Alguma vez voc\u00ea j\u00e1 deve ter pensado: por que nasci nessa fam\u00edlia? Ou por que esse \u00e9 meu <strong>filho<\/strong>, ou\u00a0 minha <strong>mam\u00e3e<\/strong>? E mesmo que haja brigas e desentendimentos h\u00e1 sempre algo que une de uma forma inexplic\u00e1vel essa rela\u00e7\u00e3o.<\/p>\n<p>Por mais que busquemos ou caminhemos \u00e0 procura de sabedoria e conhecimento, a base de toda constru\u00e7\u00e3o \u00e9 sempre o lar e a m\u00e3e possui um papel fundamental nesse posicionamento. Os primeiros conceitos saem de nosso lar e o encontro desde o princ\u00edpio dessa exist\u00eancia no ventre da m\u00e3e estabelece j\u00e1 as primeiras impress\u00f5es de vida e mundo.<\/p>\n<p>Tudo segue um fluxo predestinado e o Universo corre em uma energia onde as coisas devem ser daquelas maneiras. <a href=\"https:\/\/www.iquilibrio.com\/oraculo-dourado\/\"><span class=\"class-texto-produtos\">Temos o livre-arb\u00edtrio e por isso decidimos antes de existir a miss\u00e3o que carregaremos nessa vida<\/span><\/a>. E essa decis\u00e3o traz uma corrente, um elo com as pessoas que aqui conheceremos, pois estivemos em d\u00edvida com elas em algum momento do nosso existir. Nesse momento n\u00e3o recordamos disso, mas nosso <strong>esp\u00edrito<\/strong> reconhece cada passo que ser\u00e1 dado, pois a apar\u00eancia a recordar n\u00e3o \u00e9 f\u00edsica, e sim espiritual.<\/p>\n<p>Portanto<a href=\"https:\/\/www.iquilibrio.com\/blog\/espiritualidade\/karma-e-dharma\/\"> o <strong>carma tem significado<\/strong> de uma nova chance de aprender<\/a>, de concluir e de buscar algo que ficou devido em <strong>outras vidas<\/strong>. Esse <strong>amor<\/strong> ou at\u00e9 mesmo a falta dele em alguns relacionamentos de <strong>m\u00e3es e filhos<\/strong>, nada mais s\u00e3o do que reflexos do que se foi presenciado em tempos atr\u00e1s, em outras encarna\u00e7\u00f5es.<\/p>\n<p>Voc\u00ea tem o costume de<a href=\"https:\/\/www.iquilibrio.com\/blog\/sonhos\/sonhar-com-gravida\/\"><strong> sonhar com gravidez<\/strong><\/a>? Veja o que isso pode indicar em nossos significados do sonho!<\/p>\n<h2>A forma\u00e7\u00e3o no ventre materno<\/h2>\n<p>Mesmo que seja desconhecido por muitos, cada tra\u00e7o que recebemos em nossa forma\u00e7\u00e3o no ventre da m\u00e3e, s\u00e3o caracter\u00edsticas escolhidas por n\u00f3s mesmos antes da reencarna\u00e7\u00e3o.<\/p>\n<p>A m\u00e3e e filho est\u00e3o ligados n\u00e3o somente pelo cord\u00e3o umbilical, <a href=\"https:\/\/www.iquilibrio.com\/reiki\/\"><span class=\"class-texto-produtos\">mas tamb\u00e9m pelo la\u00e7o et\u00e9reo<\/span><\/a>, que s\u00e3o correntes energ\u00e9ticas invis\u00edveis aos olhos. Esse ponto sempre estar\u00e1 presente, mesmo ap\u00f3s a separa\u00e7\u00e3o dos corpos, isso explica porque as m\u00e3es principalmente sempre sentem como est\u00e3o seus filhos emocionalmente, mesmo que estejam longe ou que nada tenha sido dito.<\/p>\n<p>Quando essas pessoas j\u00e1 se encontraram em outras exist\u00eancias, esse cord\u00e3o se torna mais forte, o v\u00ednculo entre ambos \u00e9 mais puro e se destaca com maior facilidade. \u00c9 um sentimento e uma rela\u00e7\u00e3o de outras vidas.<\/p>\n<p>Sendo assim, forma-se uma exist\u00eancia de certa depend\u00eancia, que nada mais \u00e9 do que uma d\u00edvida entre ambos de conclus\u00e3o de algo que ficou em seus mais profundos sonhos em outras vidas.<\/p>\n<h2>M\u00e3es por escolha<\/h2>\n<p>A situa\u00e7\u00e3o com as mam\u00e3es que adotam uma crian\u00e7a n\u00e3o \u00e9 diferente. A ado\u00e7\u00e3o \u00e9 um chamado do esp\u00edrito para encontrar algu\u00e9m que foi muito importante em outras vidas para a sua constru\u00e7\u00e3o. H\u00e1 aqui a necessidade de reencontro e de busca de complemento de uma miss\u00e3o \u00fanica, que depende inteiramente da presen\u00e7a do outro para ser conclu\u00edda.<\/p>\n<p>Ao <strong>sonhar com filha<\/strong> ou filho, \u00e9 ter essa <a href=\"https:\/\/www.iquilibrio.com\/blog\/espiritualidade\/umbanda-candomble\/aruanda\/\">necessidade do encontro de algu\u00e9m que tamb\u00e9m o procura em outro plano<\/a>. Mesmo que a rela\u00e7\u00e3o entre m\u00e3e e filhos n\u00e3o seja agrad\u00e1vel, ela \u00e9 algo necess\u00e1rio para que o esp\u00edrito de todos aprenda que amar \u00e9 algo muito mais complexo do que expressa a palavra, \u00e9 encontrar na imperfei\u00e7\u00e3o dos outros o real motivo do seu existir.<\/p>\n<p>Desta forma, seja voc\u00ea m\u00e3e ou filho, agrade\u00e7a por quem voc\u00ea tem e teve em sua vida, saiba que ela faz parte de um grande fluxo e de um ensinamento muito maior do que podemos compreender nesse existir.<\/p>\n<p>A melhor maneira de ter uma boa passagem \u00e9 compreender seu karma e <a href=\"https:\/\/www.iquilibrio.com\/astrologia\/mapa-astral\/astrologico-carmico\/\"><span class=\"class-texto-produtos\">buscar nessa vida a melhor maneira de cumprir o papel<\/span><\/a> ao qual voc\u00ea escolheu desempenhar nesse mundo, ou essa miss\u00e3o nunca se concluir\u00e1 e sua evolu\u00e7\u00e3o espiritual ficar\u00e1 em uma barreira e ciclo de repeti\u00e7\u00e3o sem fim.<\/p>\n<p style=\"text-align: center;\"><span style=\"color: #ffffff;\"><a style=\"color: #ffffff;\" href=\"https:\/\/www.iquilibrio.com\/esotericos\/\"><span class=\"td_btn td_btn_lg td_round_btn class-cta2\">Fale AGORA com um Esot\u00e9rico Online e Comece a Direcionar Melhor a sua Vida<\/span><\/a><\/span><\/p>\n\n\n<div class=\"kk-star-ratings kksr-auto kksr-align-left kksr-valign-bottom\"\n    data-payload='{&quot;align&quot;:&quot;left&quot;,&quot;id&quot;:&quot;16363&quot;,&quot;slug&quot;:&quot;default&quot;,&quot;valign&quot;:&quot;bottom&quot;,&quot;ignore&quot;:&quot;&quot;,&quot;reference&quot;:&quot;auto&quot;,&quot;class&quot;:&quot;&quot;,&quot;count&quot;:&quot;0&quot;,&quot;legendonly&quot;:&quot;&quot;,&quot;readonly&quot;:&quot;&quot;,&quot;score&quot;:&quot;0&quot;,&quot;starsonly&quot;:&quot;&quot;,&quot;best&quot;:&quot;5&quot;,&quot;gap&quot;:&quot;5&quot;,&quot;greet&quot;:&quot;Rate this post&quot;,&quot;legend&quot;:&quot;0\\\/5 - (0 voto)&quot;,&quot;size&quot;:&quot;24&quot;,&quot;title&quot;:&quot;M\u00e3e e filho - Uma rela\u00e7\u00e3o k\u00e1rmica&quot;,&quot;width&quot;:&quot;0&quot;,&quot;_legend&quot;:&quot;{score}\\\/{best} - ({count} {votes})&quot;,&quot;font_factor&quot;:&quot;1.25&quot;}'>\n            \n<div class=\"kksr-stars\">\n    \n<div class=\"kksr-stars-inactive\">\n            <div class=\"kksr-star\" data-star=\"1\" style=\"padding-right: 5px\">\n            \n\n<div class=\"kksr-icon\" style=\"width: 24px; height: 24px;\"><\/div>\n        <\/div>\n            <div class=\"kksr-star\" data-star=\"2\" style=\"padding-right: 5px\">\n            \n\n<div class=\"kksr-icon\" style=\"width: 24px; height: 24px;\"><\/div>\n        <\/div>\n            <div class=\"kksr-star\" data-star=\"3\" style=\"padding-right: 5px\">\n            \n\n<div class=\"kksr-icon\" style=\"width: 24px; height: 24px;\"><\/div>\n        <\/div>\n            <div class=\"kksr-star\" data-star=\"4\" style=\"padding-right: 5px\">\n            \n\n<div class=\"kksr-icon\" style=\"width: 24px; height: 24px;\"><\/div>\n        <\/div>\n            <div class=\"kksr-star\" data-star=\"5\" style=\"padding-right: 5px\">\n            \n\n<div class=\"kksr-icon\" style=\"width: 24px; height: 24px;\"><\/div>\n        <\/div>\n    <\/div>\n    \n<div class=\"kksr-stars-active\" style=\"width: 0px;\">\n            <div class=\"kksr-star\" style=\"padding-right: 5px\">\n            \n\n<div class=\"kksr-icon\" style=\"width: 24px; height: 24px;\"><\/div>\n        <\/div>\n            <div class=\"kksr-star\" style=\"padding-right: 5px\">\n            \n\n<div class=\"kksr-icon\" style=\"width: 24px; height: 24px;\"><\/div>\n        <\/div>\n            <div class=\"kksr-star\" style=\"padding-right: 5px\">\n            \n\n<div class=\"kksr-icon\" style=\"width: 24px; height: 24px;\"><\/div>\n        <\/div>\n            <div class=\"kksr-star\" style=\"padding-right: 5px\">\n            \n\n<div class=\"kksr-icon\" style=\"width: 24px; height: 24px;\"><\/div>\n        <\/div>\n            <div class=\"kksr-star\" style=\"padding-right: 5px\">\n            \n\n<div class=\"kksr-icon\" style=\"width: 24px; height: 24px;\"><\/div>\n        <\/div>\n    <\/div>\n<\/div>\n                \n\n<div class=\"kksr-legend\" style=\"font-size: 19.2px;\">\n            <span class=\"kksr-muted\">Rate this post<\/span>\n    <\/div>\n    <\/div>\n","protected":false},"excerpt":{"rendered":"<p>Ser m\u00e3e de algu\u00e9m e dedicar a sua exist\u00eancia ao bem-estar dessa pessoa \u00e9 viver um per\u00edodo m\u00e1gico e iluminado na vida de todas que passam por essa experi\u00eancia. Por\u00e9m, m\u00e3e e filho \u00e9 muito mais do que um la\u00e7o emocional estabelecido entre essas pessoas, essa rela\u00e7\u00e3o representa mais um passo a caminho do conhecimento, [&hellip;]<\/p>\n","protected":false},"author":20,"featured_media":16375,"comment_status":"open","ping_status":"open","sticky":false,"template":"","format":"standard","meta":{"footnotes":""},"categories":[502],"tags":[1012,1011,1226,2955,2956],"class_list":["post-16363","post","type-post","status-publish","format-standard","has-post-thumbnail","hentry","category-espiritualidade","tag-carma","tag-karma","tag-mae-e-filho","tag-relacao-karmica","tag-relacao-mae-e-filho"],"yoast_head":"<!-- This site is optimized with the Yoast SEO plugin v27.4 - https:\/\/yoast.com\/product\/yoast-seo-wordpress\/ -->\n<title>M\u00e3e E Filho - Relacionamento de Carma | iQuilibrio<\/title>\n<meta name=\"description\" content=\"Ser m\u00e3e de algu\u00e9m e dedicar a sua exist\u00eancia ao bem-estar dessa pessoa \u00e9 viver um per\u00edodo m\u00e1gico e iluminado na vida de todas que passam por essa experi\u00eancia. Por\u00e9m, m\u00e3e e filho \u00e9 muito mais do que um la\u00e7o emocional estabelecido entre essas pessoas, essa rela\u00e7\u00e3o representa mais um passo a caminho do conhecimento.\" \/>\n<meta name=\"robots\" content=\"index, follow, max-snippet:-1, max-image-preview:large, max-video-preview:-1\" \/>\n<link rel=\"canonical\" href=\"https:\/\/www.iquilibrio.com\/blog\/espiritualidade\/mae-e-filho\/\" \/>\n<meta property=\"og:locale\" content=\"pt_BR\" \/>\n<meta property=\"og:type\" content=\"article\" \/>\n<meta property=\"og:title\" content=\"M\u00e3e E Filho - Relacionamento de Carma | iQuilibrio\" \/>\n<meta property=\"og:description\" content=\"Ser m\u00e3e de algu\u00e9m e dedicar a sua exist\u00eancia ao bem-estar dessa pessoa \u00e9 viver um per\u00edodo m\u00e1gico e iluminado na vida de todas que passam por essa experi\u00eancia. Por\u00e9m, m\u00e3e e filho \u00e9 muito mais do que um la\u00e7o emocional estabelecido entre essas pessoas, essa rela\u00e7\u00e3o representa mais um passo a caminho do conhecimento.\" \/>\n<meta property=\"og:url\" content=\"https:\/\/www.iquilibrio.com\/blog\/espiritualidade\/mae-e-filho\/\" \/>\n<meta property=\"og:site_name\" content=\"iQuilibrio\" \/>\n<meta property=\"article:publisher\" content=\"https:\/\/www.facebook.com\/iQuilibrio\/\" \/>\n<meta property=\"article:published_time\" content=\"2018-05-09T11:00:12+00:00\" \/>\n<meta property=\"article:modified_time\" content=\"2019-03-25T12:56:52+00:00\" \/>\n<meta property=\"og:image\" content=\"https:\/\/www.iquilibrio.com\/blog\/wp-content\/uploads\/2018\/04\/mae.jpg\" \/>\n\t<meta property=\"og:image:width\" content=\"900\" \/>\n\t<meta property=\"og:image:height\" content=\"560\" \/>\n\t<meta property=\"og:image:type\" content=\"image\/jpeg\" \/>\n<meta name=\"author\" content=\"Reda\u00e7\u00e3o iQuilibrio\" \/>\n<meta name=\"twitter:card\" content=\"summary_large_image\" \/>\n<meta name=\"twitter:creator\" content=\"@iquilibrio\" \/>\n<meta name=\"twitter:site\" content=\"@iquilibrio\" \/>\n<meta name=\"twitter:label1\" content=\"Escrito por\" \/>\n\t<meta name=\"twitter:data1\" content=\"Reda\u00e7\u00e3o iQuilibrio\" \/>\n\t<meta name=\"twitter:label2\" content=\"Est. tempo de leitura\" \/>\n\t<meta name=\"twitter:data2\" content=\"4 minutos\" \/>\n<script type=\"application\/ld+json\" class=\"yoast-schema-graph\">{\"@context\":\"https:\\\/\\\/schema.org\",\"@graph\":[{\"@type\":\"Article\",\"@id\":\"https:\\\/\\\/www.iquilibrio.com\\\/blog\\\/espiritualidade\\\/mae-e-filho\\\/#article\",\"isPartOf\":{\"@id\":\"https:\\\/\\\/www.iquilibrio.com\\\/blog\\\/espiritualidade\\\/mae-e-filho\\\/\"},\"author\":{\"name\":\"Reda\u00e7\u00e3o iQuilibrio\",\"@id\":\"https:\\\/\\\/www.iquilibrio.com\\\/blog\\\/#\\\/schema\\\/person\\\/199505a1f0db0d00f022188666c75dca\"},\"headline\":\"M\u00e3e e filho &#8211; Uma rela\u00e7\u00e3o k\u00e1rmica\",\"datePublished\":\"2018-05-09T11:00:12+00:00\",\"dateModified\":\"2019-03-25T12:56:52+00:00\",\"mainEntityOfPage\":{\"@id\":\"https:\\\/\\\/www.iquilibrio.com\\\/blog\\\/espiritualidade\\\/mae-e-filho\\\/\"},\"wordCount\":867,\"commentCount\":0,\"publisher\":{\"@id\":\"https:\\\/\\\/www.iquilibrio.com\\\/blog\\\/#organization\"},\"image\":{\"@id\":\"https:\\\/\\\/www.iquilibrio.com\\\/blog\\\/espiritualidade\\\/mae-e-filho\\\/#primaryimage\"},\"thumbnailUrl\":\"https:\\\/\\\/www.iquilibrio.com\\\/blog\\\/wp-content\\\/uploads\\\/2018\\\/04\\\/mae.jpg\",\"keywords\":[\"carma\",\"karma\",\"m\u00e3e e filho\",\"rela\u00e7\u00e3o k\u00e1rmica\",\"rela\u00e7\u00e3o m\u00e3e e filho\"],\"articleSection\":[\"Espiritualidade\"],\"inLanguage\":\"pt-BR\"},{\"@type\":\"WebPage\",\"@id\":\"https:\\\/\\\/www.iquilibrio.com\\\/blog\\\/espiritualidade\\\/mae-e-filho\\\/\",\"url\":\"https:\\\/\\\/www.iquilibrio.com\\\/blog\\\/espiritualidade\\\/mae-e-filho\\\/\",\"name\":\"M\u00e3e E Filho - Relacionamento de Carma | iQuilibrio\",\"isPartOf\":{\"@id\":\"https:\\\/\\\/www.iquilibrio.com\\\/blog\\\/#website\"},\"primaryImageOfPage\":{\"@id\":\"https:\\\/\\\/www.iquilibrio.com\\\/blog\\\/espiritualidade\\\/mae-e-filho\\\/#primaryimage\"},\"image\":{\"@id\":\"https:\\\/\\\/www.iquilibrio.com\\\/blog\\\/espiritualidade\\\/mae-e-filho\\\/#primaryimage\"},\"thumbnailUrl\":\"https:\\\/\\\/www.iquilibrio.com\\\/blog\\\/wp-content\\\/uploads\\\/2018\\\/04\\\/mae.jpg\",\"datePublished\":\"2018-05-09T11:00:12+00:00\",\"dateModified\":\"2019-03-25T12:56:52+00:00\",\"description\":\"Ser m\u00e3e de algu\u00e9m e dedicar a sua exist\u00eancia ao bem-estar dessa pessoa \u00e9 viver um per\u00edodo m\u00e1gico e iluminado na vida de todas que passam por essa experi\u00eancia. Por\u00e9m, m\u00e3e e filho \u00e9 muito mais do que um la\u00e7o emocional estabelecido entre essas pessoas, essa rela\u00e7\u00e3o representa mais um passo a caminho do conhecimento.\",\"breadcrumb\":{\"@id\":\"https:\\\/\\\/www.iquilibrio.com\\\/blog\\\/espiritualidade\\\/mae-e-filho\\\/#breadcrumb\"},\"inLanguage\":\"pt-BR\",\"potentialAction\":[{\"@type\":\"ReadAction\",\"target\":[\"https:\\\/\\\/www.iquilibrio.com\\\/blog\\\/espiritualidade\\\/mae-e-filho\\\/\"]}]},{\"@type\":\"ImageObject\",\"inLanguage\":\"pt-BR\",\"@id\":\"https:\\\/\\\/www.iquilibrio.com\\\/blog\\\/espiritualidade\\\/mae-e-filho\\\/#primaryimage\",\"url\":\"https:\\\/\\\/www.iquilibrio.com\\\/blog\\\/wp-content\\\/uploads\\\/2018\\\/04\\\/mae.jpg\",\"contentUrl\":\"https:\\\/\\\/www.iquilibrio.com\\\/blog\\\/wp-content\\\/uploads\\\/2018\\\/04\\\/mae.jpg\",\"width\":900,\"height\":560,\"caption\":\"m\u00e3es e filhos\"},{\"@type\":\"BreadcrumbList\",\"@id\":\"https:\\\/\\\/www.iquilibrio.com\\\/blog\\\/espiritualidade\\\/mae-e-filho\\\/#breadcrumb\",\"itemListElement\":[{\"@type\":\"ListItem\",\"position\":1,\"name\":\"In\u00edcio\",\"item\":\"https:\\\/\\\/www.iquilibrio.com\\\/blog\\\/\"},{\"@type\":\"ListItem\",\"position\":2,\"name\":\"M\u00e3e e filho &#8211; Uma rela\u00e7\u00e3o k\u00e1rmica\"}]},{\"@type\":\"WebSite\",\"@id\":\"https:\\\/\\\/www.iquilibrio.com\\\/blog\\\/#website\",\"url\":\"https:\\\/\\\/www.iquilibrio.com\\\/blog\\\/\",\"name\":\"iQuilibrio\",\"description\":\"Blog iQuilibrio\",\"publisher\":{\"@id\":\"https:\\\/\\\/www.iquilibrio.com\\\/blog\\\/#organization\"},\"potentialAction\":[{\"@type\":\"SearchAction\",\"target\":{\"@type\":\"EntryPoint\",\"urlTemplate\":\"https:\\\/\\\/www.iquilibrio.com\\\/blog\\\/?s={search_term_string}\"},\"query-input\":{\"@type\":\"PropertyValueSpecification\",\"valueRequired\":true,\"valueName\":\"search_term_string\"}}],\"inLanguage\":\"pt-BR\"},{\"@type\":\"Organization\",\"@id\":\"https:\\\/\\\/www.iquilibrio.com\\\/blog\\\/#organization\",\"name\":\"Esoterismo, Misticismo e Tarot Online - iQuilibrio\",\"url\":\"https:\\\/\\\/www.iquilibrio.com\\\/blog\\\/\",\"logo\":{\"@type\":\"ImageObject\",\"inLanguage\":\"pt-BR\",\"@id\":\"https:\\\/\\\/www.iquilibrio.com\\\/blog\\\/#\\\/schema\\\/logo\\\/image\\\/\",\"url\":\"https:\\\/\\\/www.iquilibrio.com\\\/blog\\\/wp-content\\\/uploads\\\/2018\\\/12\\\/iquilibrio_lovo_vetor_preto-retina.png\",\"contentUrl\":\"https:\\\/\\\/www.iquilibrio.com\\\/blog\\\/wp-content\\\/uploads\\\/2018\\\/12\\\/iquilibrio_lovo_vetor_preto-retina.png\",\"width\":972,\"height\":180,\"caption\":\"Esoterismo, Misticismo e Tarot Online - iQuilibrio\"},\"image\":{\"@id\":\"https:\\\/\\\/www.iquilibrio.com\\\/blog\\\/#\\\/schema\\\/logo\\\/image\\\/\"},\"sameAs\":[\"https:\\\/\\\/www.facebook.com\\\/iQuilibrio\\\/\",\"https:\\\/\\\/x.com\\\/iquilibrio\",\"https:\\\/\\\/www.instagram.com\\\/iquilibrio\\\/\",\"https:\\\/\\\/www.linkedin.com\\\/company\\\/iquilibrio\\\/\",\"https:\\\/\\\/br.pinterest.com\\\/iquilibrio1397\\\/\",\"https:\\\/\\\/www.youtube.com\\\/channel\\\/UC175qxd-4Zsi4wzawT5zF2g\"]},{\"@type\":\"Person\",\"@id\":\"https:\\\/\\\/www.iquilibrio.com\\\/blog\\\/#\\\/schema\\\/person\\\/199505a1f0db0d00f022188666c75dca\",\"name\":\"Reda\u00e7\u00e3o iQuilibrio\",\"image\":{\"@type\":\"ImageObject\",\"inLanguage\":\"pt-BR\",\"@id\":\"https:\\\/\\\/www.iquilibrio.com\\\/blog\\\/wp-content\\\/uploads\\\/2021\\\/12\\\/Consulta-por-email-3-150x150.png\",\"url\":\"https:\\\/\\\/www.iquilibrio.com\\\/blog\\\/wp-content\\\/uploads\\\/2021\\\/12\\\/Consulta-por-email-3-150x150.png\",\"contentUrl\":\"https:\\\/\\\/www.iquilibrio.com\\\/blog\\\/wp-content\\\/uploads\\\/2021\\\/12\\\/Consulta-por-email-3-150x150.png\",\"caption\":\"Reda\u00e7\u00e3o iQuilibrio\"},\"description\":\"A equipe de reda\u00e7\u00e3o da iQuilibrio \u00e9 composta pelos mais diversos especialistas e esot\u00e9ricos. Al\u00e9m de dominar a arte de traduzir as energias que o universo emana, nossos redatores sentem imenso prazer em trabalhar com palavras. Boa leitura e um \u00f3timo aprendizado!\",\"url\":\"https:\\\/\\\/www.iquilibrio.com\\\/blog\\\/author\\\/juliana\\\/\"}]}<\/script>\n<!-- \/ Yoast SEO plugin. -->","yoast_head_json":{"title":"M\u00e3e E Filho - Relacionamento de Carma | iQuilibrio","description":"Ser m\u00e3e de algu\u00e9m e dedicar a sua exist\u00eancia ao bem-estar dessa pessoa \u00e9 viver um per\u00edodo m\u00e1gico e iluminado na vida de todas que passam por essa experi\u00eancia. Por\u00e9m, m\u00e3e e filho \u00e9 muito mais do que um la\u00e7o emocional estabelecido entre essas pessoas, essa rela\u00e7\u00e3o representa mais um passo a caminho do conhecimento.","robots":{"index":"index","follow":"follow","max-snippet":"max-snippet:-1","max-image-preview":"max-image-preview:large","max-video-preview":"max-video-preview:-1"},"canonical":"https:\/\/www.iquilibrio.com\/blog\/espiritualidade\/mae-e-filho\/","og_locale":"pt_BR","og_type":"article","og_title":"M\u00e3e E Filho - Relacionamento de Carma | iQuilibrio","og_description":"Ser m\u00e3e de algu\u00e9m e dedicar a sua exist\u00eancia ao bem-estar dessa pessoa \u00e9 viver um per\u00edodo m\u00e1gico e iluminado na vida de todas que passam por essa experi\u00eancia. Por\u00e9m, m\u00e3e e filho \u00e9 muito mais do que um la\u00e7o emocional estabelecido entre essas pessoas, essa rela\u00e7\u00e3o representa mais um passo a caminho do conhecimento.","og_url":"https:\/\/www.iquilibrio.com\/blog\/espiritualidade\/mae-e-filho\/","og_site_name":"iQuilibrio","article_publisher":"https:\/\/www.facebook.com\/iQuilibrio\/","article_published_time":"2018-05-09T11:00:12+00:00","article_modified_time":"2019-03-25T12:56:52+00:00","og_image":[{"width":900,"height":560,"url":"https:\/\/www.iquilibrio.com\/blog\/wp-content\/uploads\/2018\/04\/mae.jpg","type":"image\/jpeg"}],"author":"Reda\u00e7\u00e3o iQuilibrio","twitter_card":"summary_large_image","twitter_creator":"@iquilibrio","twitter_site":"@iquilibrio","twitter_misc":{"Escrito por":"Reda\u00e7\u00e3o iQuilibrio","Est. tempo de leitura":"4 minutos"},"schema":{"@context":"https:\/\/schema.org","@graph":[{"@type":"Article","@id":"https:\/\/www.iquilibrio.com\/blog\/espiritualidade\/mae-e-filho\/#article","isPartOf":{"@id":"https:\/\/www.iquilibrio.com\/blog\/espiritualidade\/mae-e-filho\/"},"author":{"name":"Reda\u00e7\u00e3o iQuilibrio","@id":"https:\/\/www.iquilibrio.com\/blog\/#\/schema\/person\/199505a1f0db0d00f022188666c75dca"},"headline":"M\u00e3e e filho &#8211; Uma rela\u00e7\u00e3o k\u00e1rmica","datePublished":"2018-05-09T11:00:12+00:00","dateModified":"2019-03-25T12:56:52+00:00","mainEntityOfPage":{"@id":"https:\/\/www.iquilibrio.com\/blog\/espiritualidade\/mae-e-filho\/"},"wordCount":867,"commentCount":0,"publisher":{"@id":"https:\/\/www.iquilibrio.com\/blog\/#organization"},"image":{"@id":"https:\/\/www.iquilibrio.com\/blog\/espiritualidade\/mae-e-filho\/#primaryimage"},"thumbnailUrl":"https:\/\/www.iquilibrio.com\/blog\/wp-content\/uploads\/2018\/04\/mae.jpg","keywords":["carma","karma","m\u00e3e e filho","rela\u00e7\u00e3o k\u00e1rmica","rela\u00e7\u00e3o m\u00e3e e filho"],"articleSection":["Espiritualidade"],"inLanguage":"pt-BR"},{"@type":"WebPage","@id":"https:\/\/www.iquilibrio.com\/blog\/espiritualidade\/mae-e-filho\/","url":"https:\/\/www.iquilibrio.com\/blog\/espiritualidade\/mae-e-filho\/","name":"M\u00e3e E Filho - Relacionamento de Carma | iQuilibrio","isPartOf":{"@id":"https:\/\/www.iquilibrio.com\/blog\/#website"},"primaryImageOfPage":{"@id":"https:\/\/www.iquilibrio.com\/blog\/espiritualidade\/mae-e-filho\/#primaryimage"},"image":{"@id":"https:\/\/www.iquilibrio.com\/blog\/espiritualidade\/mae-e-filho\/#primaryimage"},"thumbnailUrl":"https:\/\/www.iquilibrio.com\/blog\/wp-content\/uploads\/2018\/04\/mae.jpg","datePublished":"2018-05-09T11:00:12+00:00","dateModified":"2019-03-25T12:56:52+00:00","description":"Ser m\u00e3e de algu\u00e9m e dedicar a sua exist\u00eancia ao bem-estar dessa pessoa \u00e9 viver um per\u00edodo m\u00e1gico e iluminado na vida de todas que passam por essa experi\u00eancia. Por\u00e9m, m\u00e3e e filho \u00e9 muito mais do que um la\u00e7o emocional estabelecido entre essas pessoas, essa rela\u00e7\u00e3o representa mais um passo a caminho do conhecimento.","breadcrumb":{"@id":"https:\/\/www.iquilibrio.com\/blog\/espiritualidade\/mae-e-filho\/#breadcrumb"},"inLanguage":"pt-BR","potentialAction":[{"@type":"ReadAction","target":["https:\/\/www.iquilibrio.com\/blog\/espiritualidade\/mae-e-filho\/"]}]},{"@type":"ImageObject","inLanguage":"pt-BR","@id":"https:\/\/www.iquilibrio.com\/blog\/espiritualidade\/mae-e-filho\/#primaryimage","url":"https:\/\/www.iquilibrio.com\/blog\/wp-content\/uploads\/2018\/04\/mae.jpg","contentUrl":"https:\/\/www.iquilibrio.com\/blog\/wp-content\/uploads\/2018\/04\/mae.jpg","width":900,"height":560,"caption":"m\u00e3es e filhos"},{"@type":"BreadcrumbList","@id":"https:\/\/www.iquilibrio.com\/blog\/espiritualidade\/mae-e-filho\/#breadcrumb","itemListElement":[{"@type":"ListItem","position":1,"name":"In\u00edcio","item":"https:\/\/www.iquilibrio.com\/blog\/"},{"@type":"ListItem","position":2,"name":"M\u00e3e e filho &#8211; Uma rela\u00e7\u00e3o k\u00e1rmica"}]},{"@type":"WebSite","@id":"https:\/\/www.iquilibrio.com\/blog\/#website","url":"https:\/\/www.iquilibrio.com\/blog\/","name":"iQuilibrio","description":"Blog iQuilibrio","publisher":{"@id":"https:\/\/www.iquilibrio.com\/blog\/#organization"},"potentialAction":[{"@type":"SearchAction","target":{"@type":"EntryPoint","urlTemplate":"https:\/\/www.iquilibrio.com\/blog\/?s={search_term_string}"},"query-input":{"@type":"PropertyValueSpecification","valueRequired":true,"valueName":"search_term_string"}}],"inLanguage":"pt-BR"},{"@type":"Organization","@id":"https:\/\/www.iquilibrio.com\/blog\/#organization","name":"Esoterismo, Misticismo e Tarot Online - iQuilibrio","url":"https:\/\/www.iquilibrio.com\/blog\/","logo":{"@type":"ImageObject","inLanguage":"pt-BR","@id":"https:\/\/www.iquilibrio.com\/blog\/#\/schema\/logo\/image\/","url":"https:\/\/www.iquilibrio.com\/blog\/wp-content\/uploads\/2018\/12\/iquilibrio_lovo_vetor_preto-retina.png","contentUrl":"https:\/\/www.iquilibrio.com\/blog\/wp-content\/uploads\/2018\/12\/iquilibrio_lovo_vetor_preto-retina.png","width":972,"height":180,"caption":"Esoterismo, Misticismo e Tarot Online - iQuilibrio"},"image":{"@id":"https:\/\/www.iquilibrio.com\/blog\/#\/schema\/logo\/image\/"},"sameAs":["https:\/\/www.facebook.com\/iQuilibrio\/","https:\/\/x.com\/iquilibrio","https:\/\/www.instagram.com\/iquilibrio\/","https:\/\/www.linkedin.com\/company\/iquilibrio\/","https:\/\/br.pinterest.com\/iquilibrio1397\/","https:\/\/www.youtube.com\/channel\/UC175qxd-4Zsi4wzawT5zF2g"]},{"@type":"Person","@id":"https:\/\/www.iquilibrio.com\/blog\/#\/schema\/person\/199505a1f0db0d00f022188666c75dca","name":"Reda\u00e7\u00e3o iQuilibrio","image":{"@type":"ImageObject","inLanguage":"pt-BR","@id":"https:\/\/www.iquilibrio.com\/blog\/wp-content\/uploads\/2021\/12\/Consulta-por-email-3-150x150.png","url":"https:\/\/www.iquilibrio.com\/blog\/wp-content\/uploads\/2021\/12\/Consulta-por-email-3-150x150.png","contentUrl":"https:\/\/www.iquilibrio.com\/blog\/wp-content\/uploads\/2021\/12\/Consulta-por-email-3-150x150.png","caption":"Reda\u00e7\u00e3o iQuilibrio"},"description":"A equipe de reda\u00e7\u00e3o da iQuilibrio \u00e9 composta pelos mais diversos especialistas e esot\u00e9ricos. Al\u00e9m de dominar a arte de traduzir as energias que o universo emana, nossos redatores sentem imenso prazer em trabalhar com palavras. Boa leitura e um \u00f3timo aprendizado!","url":"https:\/\/www.iquilibrio.com\/blog\/author\/juliana\/"}]}},"_links":{"self":[{"href":"https:\/\/www.iquilibrio.com\/blog\/wp-json\/wp\/v2\/posts\/16363","targetHints":{"allow":["GET"]}}],"collection":[{"href":"https:\/\/www.iquilibrio.com\/blog\/wp-json\/wp\/v2\/posts"}],"about":[{"href":"https:\/\/www.iquilibrio.com\/blog\/wp-json\/wp\/v2\/types\/post"}],"author":[{"embeddable":true,"href":"https:\/\/www.iquilibrio.com\/blog\/wp-json\/wp\/v2\/users\/20"}],"replies":[{"embeddable":true,"href":"https:\/\/www.iquilibrio.com\/blog\/wp-json\/wp\/v2\/comments?post=16363"}],"version-history":[{"count":10,"href":"https:\/\/www.iquilibrio.com\/blog\/wp-json\/wp\/v2\/posts\/16363\/revisions"}],"predecessor-version":[{"id":24484,"href":"https:\/\/www.iquilibrio.com\/blog\/wp-json\/wp\/v2\/posts\/16363\/revisions\/24484"}],"wp:featuredmedia":[{"embeddable":true,"href":"https:\/\/www.iquilibrio.com\/blog\/wp-json\/wp\/v2\/media\/16375"}],"wp:attachment":[{"href":"https:\/\/www.iquilibrio.com\/blog\/wp-json\/wp\/v2\/media?parent=16363"}],"wp:term":[{"taxonomy":"category","embeddable":true,"href":"https:\/\/www.iquilibrio.com\/blog\/wp-json\/wp\/v2\/categories?post=16363"},{"taxonomy":"post_tag","embeddable":true,"href":"https:\/\/www.iquilibrio.com\/blog\/wp-json\/wp\/v2\/tags?post=16363"}],"curies":[{"name":"wp","href":"https:\/\/api.w.org\/{rel}","templated":true}]}}