{"id":15639,"date":"2018-04-02T07:03:23","date_gmt":"2018-04-02T10:03:23","guid":{"rendered":"https:\/\/www.iquilibrio.com\/blog\/?p=15639"},"modified":"2019-03-22T16:45:40","modified_gmt":"2019-03-22T18:45:40","slug":"sao-francisco-de-paula","status":"publish","type":"post","link":"https:\/\/www.iquilibrio.com\/blog\/espiritualidade\/cristianismo\/sao-francisco-de-paula\/","title":{"rendered":"S\u00e3o Francisco de Paula &#8211; O Santo da simplicidade e devo\u00e7\u00e3o"},"content":{"rendered":"<p>Celebra-se em 02 de Abril o <strong>dia de S\u00e3o Francisco de Paula<\/strong>, aquele que antes mesmo de seu nascimento foi prova de milagre para seus pais. O casal queria muito um filho e n\u00e3o estavam conseguindo, foi atrav\u00e9s de diversas ora\u00e7\u00f5es e promessas que\u00a0foram atendidos. <strong>Francisco<\/strong> quando jovem escolheu a vida santa atrav\u00e9s da humildade, caridade e f\u00e9, acreditou que por meio da solid\u00e3o, jejuns e penitencias conseguiria chegar a um caminho santo e \u00fanico que pudesse ajudar a todos com a gra\u00e7a de Deus.<\/p>\n<p style=\"text-align: center;\"><a href=\"https:\/\/www.iquilibrio.com\/salmos\/\"><span class=\"td_btn td_btn_lg td_round_btn class-cta1\" style=\"color: #ffffff;\">Abra seus Caminhos AQUI com a Orienta\u00e7\u00e3o dos Melhores Especialistas em Salmos<\/span><\/a><\/p>\n<p>&nbsp;<\/p>\n<p>S\u00e3o Francisco de Paula realizou diversos milagres durante a sua vida pois tinha o dom da cura, <a href=\"https:\/\/www.iquilibrio.com\/salmos\/\"><span class=\"class-texto-consultas\">mesmo analfabeto passava pregando a Palavra e sabedoria de Deus por onde quer que estivesse<\/span><\/a>. Foi reconhecido pela igreja cat\u00f3lica e hoje possui um dia especial para que pudesse sentir a gra\u00e7a e gratid\u00e3o daqueles que tiveram seus pedidos realizados.<\/p>\n<p>Se conecte com a energia de S\u00e3o Francisco atrav\u00e9s do or\u00e1culo dos anjos, encontre respostas precisas e verdadeiras para todas suas d\u00favidas. <a href=\"https:\/\/www.iquilibrio.com\/tarot\/anjos\/\"><span class=\"class-texto-produtos\">Clique aqui e confira<\/span><\/a>!<\/p>\n<h2>Hist\u00f3ria de S\u00e3o Francisco de Paula<\/h2>\n<p>Nascido na It\u00e1lia em uma cidade chamada Paula,<a href=\"https:\/\/www.iquilibrio.com\/blog\/espiritualidade\/cristianismo\/oracao-sao-francisco-assis\/\"> seus pais tinham muita devo\u00e7\u00e3o a<strong> S\u00e3o Francisco de Assis<\/strong><\/a>, e por isso depois de muitos pedidos e promessas para terem um filho, o casal foi atendido. No dia 27 de mar\u00e7o foram presenteados com um menino, cujo nome foi posto de Francisco em homenagem ao Santo de Assis.<\/p>\n<p>Aos 12 anos, foi levado ao Convento de <a href=\"https:\/\/www.iquilibrio.com\/blog\/espiritualidade\/cristianismo\/sao-marcos\/\">S\u00e3o Marcos<\/a>, no qual n\u00e3o permaneceu por mais de 1 ano, pois n\u00e3o se sentiu tocado por nenhuma gra\u00e7a de l\u00e1 e assim voltou para sua cidade.<\/p>\n<p>Depois disso Francisco e seus pais viajaram para lugares santos na It\u00e1lia, e foi nessa viagem que o jovem se sentiu tocado. Ao visitar o Monte Cassino, ele se encantou com a hist\u00f3ria de S\u00e3o Bento e sentiu-se chamado para seguir a vida como eremita. Solicitou para seus pais que o deixassem viver isolado e cheio de ora\u00e7\u00f5es e penit\u00eancias. Os pais mesmo sofrendo com essa ideia e com medo de deixar o filho, concordaram e no fim se orgulharam pelo gosto e caminho que o filho gostaria de seguir.<\/p>\n<h3>Visita do Arcanjo S\u00e3o Miguel<\/h3>\n<p>Francisco assim trilhou seu caminho, e foi morar isolado em uma gruta no meio do deserto, onde fazia sacrif\u00edcios, ora\u00e7\u00f5es, penitencias e jejuns, os quais chamava de pequenas quaresmas. Em uma dessas ora\u00e7\u00f5es o Arcanjo S\u00e3o Miguel veio atrav\u00e9s de uma visita trazendo de presente para Francisco uma esp\u00e9cie de ostens\u00f3rio, escrito Caridade. Por isso, muitas imagens de S\u00e3o Francisco de Paula s\u00e3o retratadas com um Anjo que entrega o objeto.<\/p>\n<p>Depois de <a href=\"https:\/\/www.iquilibrio.com\/blog\/espiritualidade\/cristianismo\/sao-miguel-arcanjo\/\">ter recebido a visita do Arcanjo Miguel,<\/a> o Santo teve uma ideia: come\u00e7ou a pensar em criar uma funda\u00e7\u00e3o de ordem religiosa. Para desenvolver o projeto foi conversar com o Papa que logo surpreso com tanta ousadia e devo\u00e7\u00e3o, deu a permiss\u00e3o para a execu\u00e7\u00e3o. Tendo somente 19 anos de idade, Francisco de Paula liderou a constru\u00e7\u00e3o da funda\u00e7\u00e3o que se chamaria Ordem dos M\u00ednimos que tinha como regra para entrada tornar-se pequeno e o menor entre todos.<\/p>\n<h3>Constru\u00e7\u00e3o do mosteiro<\/h3>\n<p>O mosteiro n\u00e3o ficava muito longe de Paula &#8211; sua cidade natal e neste tempo-, Deus lhe deu a gra\u00e7a de ter o dom dos milagres, por isso sua fama crescia em todo lugar e muitas pessoas foram ajud\u00e1-lo construir o local.<\/p>\n<p>Depois de tudo pronto, o lugar prosperou e por isso S\u00e3o Francisco de Paula teve que montar muitos outros mosteiros, em v\u00e1rios lugares, incluindo um somente para mulheres, que tamb\u00e9m seguia as regras da <strong>Ordem dos M\u00ednimos.<\/strong><\/p>\n<h3>Milagres de S\u00e3o Francisco<\/h3>\n<p>S\u00e3o diversos milagres registrados em nome do Santo, mas o que mais marcou a todos foi a ressurrei\u00e7\u00e3o de seu sobrinho chamado Nicolas. Francisco possu\u00eda o dom da cura, por isso sempre foi considerado um Santo que ajudava nas causas de sa\u00fade e principalmente para aquelas que s\u00e3o consideradas causas imposs\u00edveis.<\/p>\n<h2>Morte de S\u00e3o Francisco de Paula<\/h2>\n<p>Francisco deixou esse plano com 91 anos de idade, era <a href=\"https:\/\/www.iquilibrio.com\/blog\/espiritualidade\/cristianismo\/sexta-da-paixao\/\">Sexta-feira Santa<\/a> do ano de 1507. Antes mesmo de sua morte, ele j\u00e1 sabia que ela iria acontecer, por isso reuniu os monges e deu as \u00faltimas instru\u00e7\u00f5es junto com uma profunda ora\u00e7\u00e3o de agradecimento por sua vida.<\/p>\n<h2>Ora\u00e7\u00e3o de S\u00e3o Francisco de Paula<\/h2>\n<h3>Ora\u00e7\u00e3o 1<\/h3>\n<blockquote><p>\u201c\u00d3 S\u00e3o Francisco de Paula, que vos distinguistes na Igreja pelo grande esp\u00edrito de penit\u00eancia e, em vida, convertestes tantos pecadores com vossa palavra, socorrestes tantos necessitados com os vossos prod\u00edgios, alcan\u00e7ai-nos tamb\u00e9m avers\u00e3o aos v\u00edcios e verdadeira contri\u00e7\u00e3o dos nossos pecados. V\u00f3s, que fizestes tudo por caridade, pela caridade reconciliastes tantos homens fazendo-os abandonar o \u00f3dio e a inimizade, concedei a paz a cada um de n\u00f3s, \u00e0s nossas fam\u00edlias e ao mundo inteiro, e fazei que tamb\u00e9m n\u00f3s, seguindo vosso exemplo, nos amemos uns aos outros como irm\u00e3os e amemos a Deus sobre todas as coisas. Am\u00e9m!\u201d<\/p><\/blockquote>\n<h2>Novena para S\u00e3o Francisco de Paula<\/h2>\n<p>Rezar durante 9 dias a ora\u00e7\u00e3o abaixo, finalizando com 1 Pai-nosso, 1 Ave-Maria e 1 Credo.<\/p>\n<h3>Ora\u00e7\u00e3o<\/h3>\n<blockquote><p>&#8220;Deus, nosso Pai, S\u00e3o Francisco de Paula viveu a simplicidade e a pobreza evang\u00e9lica. Tamb\u00e9m hoje nos chamais a dar testemunho da vossa bondade e da vossa miseric\u00f3rdia no meio dos homens. Libertai os nosso coroa\u00e7\u00f5es da insensatez e da lentid\u00e3o para crer no que vosso filho Jesus revelou: o mist\u00e9rio da sua paix\u00e3o, morte e ressurrei\u00e7\u00e3o. Permanecei conosco, Senhor, conduzi-nos \u00e0 fraternidade \u00e0 reconcilia\u00e7\u00e3o. Possamos exclamar jubilosos como os primeiros disc\u00edpulos. \u00c9 verdade! O Senhor ressuscitou e apareceu a Sim\u00e3o. E n\u00f3s o reconhecemos na fra\u00e7\u00e3o do p\u00e3o!&#8221;<\/p><\/blockquote>\n<p>S\u00e3o Francisco de Paula era um Santo de vida muito simples que deixou tudo para viver na solid\u00e3o e assim buscar o melhor caminho. Mesmo analfabeto, conseguia propagar a Palavra do Senhor e aben\u00e7oar a vida daqueles que possu\u00edam uma causa inalcan\u00e7\u00e1vel, pois aos olhos do Santo, nada era imposs\u00edvel.<\/p>\n<p style=\"text-align: center;\"><span style=\"color: #ffffff;\"><a style=\"color: #ffffff;\" href=\"https:\/\/www.iquilibrio.com\/esotericos\/\"><span class=\"td_btn td_btn_lg td_round_btn class-cta2\">Ven\u00e7a Seus Desafios de Vida Com a Ajuda de Esot\u00e9ricos Experientes<\/span><\/a><\/span><\/p>\n\n\n<div class=\"kk-star-ratings kksr-auto kksr-align-left kksr-valign-bottom\"\n    data-payload='{&quot;align&quot;:&quot;left&quot;,&quot;id&quot;:&quot;15639&quot;,&quot;slug&quot;:&quot;default&quot;,&quot;valign&quot;:&quot;bottom&quot;,&quot;ignore&quot;:&quot;&quot;,&quot;reference&quot;:&quot;auto&quot;,&quot;class&quot;:&quot;&quot;,&quot;count&quot;:&quot;0&quot;,&quot;legendonly&quot;:&quot;&quot;,&quot;readonly&quot;:&quot;&quot;,&quot;score&quot;:&quot;0&quot;,&quot;starsonly&quot;:&quot;&quot;,&quot;best&quot;:&quot;5&quot;,&quot;gap&quot;:&quot;5&quot;,&quot;greet&quot;:&quot;Rate this post&quot;,&quot;legend&quot;:&quot;0\\\/5 - (0 voto)&quot;,&quot;size&quot;:&quot;24&quot;,&quot;title&quot;:&quot;S\u00e3o Francisco de Paula - O Santo da simplicidade e devo\u00e7\u00e3o&quot;,&quot;width&quot;:&quot;0&quot;,&quot;_legend&quot;:&quot;{score}\\\/{best} - ({count} {votes})&quot;,&quot;font_factor&quot;:&quot;1.25&quot;}'>\n            \n<div class=\"kksr-stars\">\n    \n<div class=\"kksr-stars-inactive\">\n            <div class=\"kksr-star\" data-star=\"1\" style=\"padding-right: 5px\">\n            \n\n<div class=\"kksr-icon\" style=\"width: 24px; height: 24px;\"><\/div>\n        <\/div>\n            <div class=\"kksr-star\" data-star=\"2\" style=\"padding-right: 5px\">\n            \n\n<div class=\"kksr-icon\" style=\"width: 24px; height: 24px;\"><\/div>\n        <\/div>\n            <div class=\"kksr-star\" data-star=\"3\" style=\"padding-right: 5px\">\n            \n\n<div class=\"kksr-icon\" style=\"width: 24px; height: 24px;\"><\/div>\n        <\/div>\n            <div class=\"kksr-star\" data-star=\"4\" style=\"padding-right: 5px\">\n            \n\n<div class=\"kksr-icon\" style=\"width: 24px; height: 24px;\"><\/div>\n        <\/div>\n            <div class=\"kksr-star\" data-star=\"5\" style=\"padding-right: 5px\">\n            \n\n<div class=\"kksr-icon\" style=\"width: 24px; height: 24px;\"><\/div>\n        <\/div>\n    <\/div>\n    \n<div class=\"kksr-stars-active\" style=\"width: 0px;\">\n            <div class=\"kksr-star\" style=\"padding-right: 5px\">\n            \n\n<div class=\"kksr-icon\" style=\"width: 24px; height: 24px;\"><\/div>\n        <\/div>\n            <div class=\"kksr-star\" style=\"padding-right: 5px\">\n            \n\n<div class=\"kksr-icon\" style=\"width: 24px; height: 24px;\"><\/div>\n        <\/div>\n            <div class=\"kksr-star\" style=\"padding-right: 5px\">\n            \n\n<div class=\"kksr-icon\" style=\"width: 24px; height: 24px;\"><\/div>\n        <\/div>\n            <div class=\"kksr-star\" style=\"padding-right: 5px\">\n            \n\n<div class=\"kksr-icon\" style=\"width: 24px; height: 24px;\"><\/div>\n        <\/div>\n            <div class=\"kksr-star\" style=\"padding-right: 5px\">\n            \n\n<div class=\"kksr-icon\" style=\"width: 24px; height: 24px;\"><\/div>\n        <\/div>\n    <\/div>\n<\/div>\n                \n\n<div class=\"kksr-legend\" style=\"font-size: 19.2px;\">\n            <span class=\"kksr-muted\">Rate this post<\/span>\n    <\/div>\n    <\/div>\n","protected":false},"excerpt":{"rendered":"<p>Celebra-se em 02 de Abril o dia de S\u00e3o Francisco de Paula, aquele que antes mesmo de seu nascimento foi prova de milagre para seus pais. O casal queria muito um filho e n\u00e3o estavam conseguindo, foi atrav\u00e9s de diversas ora\u00e7\u00f5es e promessas que\u00a0foram atendidos. Francisco quando jovem escolheu a vida santa atrav\u00e9s da humildade, [&hellip;]<\/p>\n","protected":false},"author":20,"featured_media":15674,"comment_status":"open","ping_status":"open","sticky":false,"template":"","format":"standard","meta":{"footnotes":""},"categories":[504],"tags":[2802,2801,2800],"class_list":["post-15639","post","type-post","status-publish","format-standard","has-post-thumbnail","hentry","category-cristianismo","tag-francisco-de-paula","tag-santo-francisco-de-paula","tag-sao-francisco-de-paula"],"yoast_head":"<!-- This site is optimized with the Yoast SEO plugin v27.4 - https:\/\/yoast.com\/product\/yoast-seo-wordpress\/ -->\n<title>S\u00e3o Francisco de Paula - Conhe\u00e7a Mais Sua Hist\u00f3ria | iQuilibrio<\/title>\n<meta name=\"description\" content=\"Saiba mais sobre a vida de S\u00e2o Francisco de Paula atrav\u00e9s de nosso artigo, aproveite para conhecer mais sobre sua ora\u00e7\u00e3o e novena! Leia Mais!\" \/>\n<meta name=\"robots\" content=\"index, follow, max-snippet:-1, max-image-preview:large, max-video-preview:-1\" \/>\n<link rel=\"canonical\" href=\"https:\/\/www.iquilibrio.com\/blog\/espiritualidade\/cristianismo\/sao-francisco-de-paula\/\" \/>\n<meta property=\"og:locale\" content=\"pt_BR\" \/>\n<meta property=\"og:type\" content=\"article\" \/>\n<meta property=\"og:title\" content=\"S\u00e3o Francisco de Paula - Conhe\u00e7a Mais Sua Hist\u00f3ria | iQuilibrio\" \/>\n<meta property=\"og:description\" content=\"Saiba mais sobre a vida de S\u00e2o Francisco de Paula atrav\u00e9s de nosso artigo, aproveite para conhecer mais sobre sua ora\u00e7\u00e3o e novena! Leia Mais!\" \/>\n<meta property=\"og:url\" content=\"https:\/\/www.iquilibrio.com\/blog\/espiritualidade\/cristianismo\/sao-francisco-de-paula\/\" \/>\n<meta property=\"og:site_name\" content=\"iQuilibrio\" \/>\n<meta property=\"article:publisher\" content=\"https:\/\/www.facebook.com\/iQuilibrio\/\" \/>\n<meta property=\"article:published_time\" content=\"2018-04-02T10:03:23+00:00\" \/>\n<meta property=\"article:modified_time\" content=\"2019-03-22T18:45:40+00:00\" \/>\n<meta property=\"og:image\" content=\"https:\/\/www.iquilibrio.com\/blog\/wp-content\/uploads\/2018\/03\/sao_francisco_de_paula_blog.jpg\" \/>\n\t<meta property=\"og:image:width\" content=\"900\" \/>\n\t<meta property=\"og:image:height\" content=\"560\" \/>\n\t<meta property=\"og:image:type\" content=\"image\/jpeg\" \/>\n<meta name=\"author\" content=\"Reda\u00e7\u00e3o iQuilibrio\" \/>\n<meta name=\"twitter:card\" content=\"summary_large_image\" \/>\n<meta name=\"twitter:creator\" content=\"@iquilibrio\" \/>\n<meta name=\"twitter:site\" content=\"@iquilibrio\" \/>\n<meta name=\"twitter:label1\" content=\"Escrito por\" \/>\n\t<meta name=\"twitter:data1\" content=\"Reda\u00e7\u00e3o iQuilibrio\" \/>\n\t<meta name=\"twitter:label2\" content=\"Est. tempo de leitura\" \/>\n\t<meta name=\"twitter:data2\" content=\"5 minutos\" \/>\n<script type=\"application\/ld+json\" class=\"yoast-schema-graph\">{\"@context\":\"https:\\\/\\\/schema.org\",\"@graph\":[{\"@type\":\"Article\",\"@id\":\"https:\\\/\\\/www.iquilibrio.com\\\/blog\\\/espiritualidade\\\/cristianismo\\\/sao-francisco-de-paula\\\/#article\",\"isPartOf\":{\"@id\":\"https:\\\/\\\/www.iquilibrio.com\\\/blog\\\/espiritualidade\\\/cristianismo\\\/sao-francisco-de-paula\\\/\"},\"author\":{\"name\":\"Reda\u00e7\u00e3o iQuilibrio\",\"@id\":\"https:\\\/\\\/www.iquilibrio.com\\\/blog\\\/#\\\/schema\\\/person\\\/199505a1f0db0d00f022188666c75dca\"},\"headline\":\"S\u00e3o Francisco de Paula &#8211; O Santo da simplicidade e devo\u00e7\u00e3o\",\"datePublished\":\"2018-04-02T10:03:23+00:00\",\"dateModified\":\"2019-03-22T18:45:40+00:00\",\"mainEntityOfPage\":{\"@id\":\"https:\\\/\\\/www.iquilibrio.com\\\/blog\\\/espiritualidade\\\/cristianismo\\\/sao-francisco-de-paula\\\/\"},\"wordCount\":1106,\"commentCount\":0,\"publisher\":{\"@id\":\"https:\\\/\\\/www.iquilibrio.com\\\/blog\\\/#organization\"},\"image\":{\"@id\":\"https:\\\/\\\/www.iquilibrio.com\\\/blog\\\/espiritualidade\\\/cristianismo\\\/sao-francisco-de-paula\\\/#primaryimage\"},\"thumbnailUrl\":\"https:\\\/\\\/www.iquilibrio.com\\\/blog\\\/wp-content\\\/uploads\\\/2018\\\/03\\\/sao_francisco_de_paula_blog.jpg\",\"keywords\":[\"Francisco de Paula\",\"Santo Francisco de Paula\",\"S\u00e3o Francisco de Paula\"],\"articleSection\":[\"Cristianismo\"],\"inLanguage\":\"pt-BR\"},{\"@type\":\"WebPage\",\"@id\":\"https:\\\/\\\/www.iquilibrio.com\\\/blog\\\/espiritualidade\\\/cristianismo\\\/sao-francisco-de-paula\\\/\",\"url\":\"https:\\\/\\\/www.iquilibrio.com\\\/blog\\\/espiritualidade\\\/cristianismo\\\/sao-francisco-de-paula\\\/\",\"name\":\"S\u00e3o Francisco de Paula - Conhe\u00e7a Mais Sua Hist\u00f3ria | iQuilibrio\",\"isPartOf\":{\"@id\":\"https:\\\/\\\/www.iquilibrio.com\\\/blog\\\/#website\"},\"primaryImageOfPage\":{\"@id\":\"https:\\\/\\\/www.iquilibrio.com\\\/blog\\\/espiritualidade\\\/cristianismo\\\/sao-francisco-de-paula\\\/#primaryimage\"},\"image\":{\"@id\":\"https:\\\/\\\/www.iquilibrio.com\\\/blog\\\/espiritualidade\\\/cristianismo\\\/sao-francisco-de-paula\\\/#primaryimage\"},\"thumbnailUrl\":\"https:\\\/\\\/www.iquilibrio.com\\\/blog\\\/wp-content\\\/uploads\\\/2018\\\/03\\\/sao_francisco_de_paula_blog.jpg\",\"datePublished\":\"2018-04-02T10:03:23+00:00\",\"dateModified\":\"2019-03-22T18:45:40+00:00\",\"description\":\"Saiba mais sobre a vida de S\u00e2o Francisco de Paula atrav\u00e9s de nosso artigo, aproveite para conhecer mais sobre sua ora\u00e7\u00e3o e novena! Leia Mais!\",\"breadcrumb\":{\"@id\":\"https:\\\/\\\/www.iquilibrio.com\\\/blog\\\/espiritualidade\\\/cristianismo\\\/sao-francisco-de-paula\\\/#breadcrumb\"},\"inLanguage\":\"pt-BR\",\"potentialAction\":[{\"@type\":\"ReadAction\",\"target\":[\"https:\\\/\\\/www.iquilibrio.com\\\/blog\\\/espiritualidade\\\/cristianismo\\\/sao-francisco-de-paula\\\/\"]}]},{\"@type\":\"ImageObject\",\"inLanguage\":\"pt-BR\",\"@id\":\"https:\\\/\\\/www.iquilibrio.com\\\/blog\\\/espiritualidade\\\/cristianismo\\\/sao-francisco-de-paula\\\/#primaryimage\",\"url\":\"https:\\\/\\\/www.iquilibrio.com\\\/blog\\\/wp-content\\\/uploads\\\/2018\\\/03\\\/sao_francisco_de_paula_blog.jpg\",\"contentUrl\":\"https:\\\/\\\/www.iquilibrio.com\\\/blog\\\/wp-content\\\/uploads\\\/2018\\\/03\\\/sao_francisco_de_paula_blog.jpg\",\"width\":900,\"height\":560,\"caption\":\"Santo Francisco de Paula\"},{\"@type\":\"BreadcrumbList\",\"@id\":\"https:\\\/\\\/www.iquilibrio.com\\\/blog\\\/espiritualidade\\\/cristianismo\\\/sao-francisco-de-paula\\\/#breadcrumb\",\"itemListElement\":[{\"@type\":\"ListItem\",\"position\":1,\"name\":\"In\u00edcio\",\"item\":\"https:\\\/\\\/www.iquilibrio.com\\\/blog\\\/\"},{\"@type\":\"ListItem\",\"position\":2,\"name\":\"S\u00e3o Francisco de Paula &#8211; O Santo da simplicidade e devo\u00e7\u00e3o\"}]},{\"@type\":\"WebSite\",\"@id\":\"https:\\\/\\\/www.iquilibrio.com\\\/blog\\\/#website\",\"url\":\"https:\\\/\\\/www.iquilibrio.com\\\/blog\\\/\",\"name\":\"iQuilibrio\",\"description\":\"Blog iQuilibrio\",\"publisher\":{\"@id\":\"https:\\\/\\\/www.iquilibrio.com\\\/blog\\\/#organization\"},\"potentialAction\":[{\"@type\":\"SearchAction\",\"target\":{\"@type\":\"EntryPoint\",\"urlTemplate\":\"https:\\\/\\\/www.iquilibrio.com\\\/blog\\\/?s={search_term_string}\"},\"query-input\":{\"@type\":\"PropertyValueSpecification\",\"valueRequired\":true,\"valueName\":\"search_term_string\"}}],\"inLanguage\":\"pt-BR\"},{\"@type\":\"Organization\",\"@id\":\"https:\\\/\\\/www.iquilibrio.com\\\/blog\\\/#organization\",\"name\":\"Esoterismo, Misticismo e Tarot Online - iQuilibrio\",\"url\":\"https:\\\/\\\/www.iquilibrio.com\\\/blog\\\/\",\"logo\":{\"@type\":\"ImageObject\",\"inLanguage\":\"pt-BR\",\"@id\":\"https:\\\/\\\/www.iquilibrio.com\\\/blog\\\/#\\\/schema\\\/logo\\\/image\\\/\",\"url\":\"https:\\\/\\\/www.iquilibrio.com\\\/blog\\\/wp-content\\\/uploads\\\/2018\\\/12\\\/iquilibrio_lovo_vetor_preto-retina.png\",\"contentUrl\":\"https:\\\/\\\/www.iquilibrio.com\\\/blog\\\/wp-content\\\/uploads\\\/2018\\\/12\\\/iquilibrio_lovo_vetor_preto-retina.png\",\"width\":972,\"height\":180,\"caption\":\"Esoterismo, Misticismo e Tarot Online - iQuilibrio\"},\"image\":{\"@id\":\"https:\\\/\\\/www.iquilibrio.com\\\/blog\\\/#\\\/schema\\\/logo\\\/image\\\/\"},\"sameAs\":[\"https:\\\/\\\/www.facebook.com\\\/iQuilibrio\\\/\",\"https:\\\/\\\/x.com\\\/iquilibrio\",\"https:\\\/\\\/www.instagram.com\\\/iquilibrio\\\/\",\"https:\\\/\\\/www.linkedin.com\\\/company\\\/iquilibrio\\\/\",\"https:\\\/\\\/br.pinterest.com\\\/iquilibrio1397\\\/\",\"https:\\\/\\\/www.youtube.com\\\/channel\\\/UC175qxd-4Zsi4wzawT5zF2g\"]},{\"@type\":\"Person\",\"@id\":\"https:\\\/\\\/www.iquilibrio.com\\\/blog\\\/#\\\/schema\\\/person\\\/199505a1f0db0d00f022188666c75dca\",\"name\":\"Reda\u00e7\u00e3o iQuilibrio\",\"image\":{\"@type\":\"ImageObject\",\"inLanguage\":\"pt-BR\",\"@id\":\"https:\\\/\\\/www.iquilibrio.com\\\/blog\\\/wp-content\\\/uploads\\\/2021\\\/12\\\/Consulta-por-email-3-150x150.png\",\"url\":\"https:\\\/\\\/www.iquilibrio.com\\\/blog\\\/wp-content\\\/uploads\\\/2021\\\/12\\\/Consulta-por-email-3-150x150.png\",\"contentUrl\":\"https:\\\/\\\/www.iquilibrio.com\\\/blog\\\/wp-content\\\/uploads\\\/2021\\\/12\\\/Consulta-por-email-3-150x150.png\",\"caption\":\"Reda\u00e7\u00e3o iQuilibrio\"},\"description\":\"A equipe de reda\u00e7\u00e3o da iQuilibrio \u00e9 composta pelos mais diversos especialistas e esot\u00e9ricos. Al\u00e9m de dominar a arte de traduzir as energias que o universo emana, nossos redatores sentem imenso prazer em trabalhar com palavras. Boa leitura e um \u00f3timo aprendizado!\",\"url\":\"https:\\\/\\\/www.iquilibrio.com\\\/blog\\\/author\\\/juliana\\\/\"}]}<\/script>\n<!-- \/ Yoast SEO plugin. -->","yoast_head_json":{"title":"S\u00e3o Francisco de Paula - Conhe\u00e7a Mais Sua Hist\u00f3ria | iQuilibrio","description":"Saiba mais sobre a vida de S\u00e2o Francisco de Paula atrav\u00e9s de nosso artigo, aproveite para conhecer mais sobre sua ora\u00e7\u00e3o e novena! Leia Mais!","robots":{"index":"index","follow":"follow","max-snippet":"max-snippet:-1","max-image-preview":"max-image-preview:large","max-video-preview":"max-video-preview:-1"},"canonical":"https:\/\/www.iquilibrio.com\/blog\/espiritualidade\/cristianismo\/sao-francisco-de-paula\/","og_locale":"pt_BR","og_type":"article","og_title":"S\u00e3o Francisco de Paula - Conhe\u00e7a Mais Sua Hist\u00f3ria | iQuilibrio","og_description":"Saiba mais sobre a vida de S\u00e2o Francisco de Paula atrav\u00e9s de nosso artigo, aproveite para conhecer mais sobre sua ora\u00e7\u00e3o e novena! Leia Mais!","og_url":"https:\/\/www.iquilibrio.com\/blog\/espiritualidade\/cristianismo\/sao-francisco-de-paula\/","og_site_name":"iQuilibrio","article_publisher":"https:\/\/www.facebook.com\/iQuilibrio\/","article_published_time":"2018-04-02T10:03:23+00:00","article_modified_time":"2019-03-22T18:45:40+00:00","og_image":[{"width":900,"height":560,"url":"https:\/\/www.iquilibrio.com\/blog\/wp-content\/uploads\/2018\/03\/sao_francisco_de_paula_blog.jpg","type":"image\/jpeg"}],"author":"Reda\u00e7\u00e3o iQuilibrio","twitter_card":"summary_large_image","twitter_creator":"@iquilibrio","twitter_site":"@iquilibrio","twitter_misc":{"Escrito por":"Reda\u00e7\u00e3o iQuilibrio","Est. tempo de leitura":"5 minutos"},"schema":{"@context":"https:\/\/schema.org","@graph":[{"@type":"Article","@id":"https:\/\/www.iquilibrio.com\/blog\/espiritualidade\/cristianismo\/sao-francisco-de-paula\/#article","isPartOf":{"@id":"https:\/\/www.iquilibrio.com\/blog\/espiritualidade\/cristianismo\/sao-francisco-de-paula\/"},"author":{"name":"Reda\u00e7\u00e3o iQuilibrio","@id":"https:\/\/www.iquilibrio.com\/blog\/#\/schema\/person\/199505a1f0db0d00f022188666c75dca"},"headline":"S\u00e3o Francisco de Paula &#8211; O Santo da simplicidade e devo\u00e7\u00e3o","datePublished":"2018-04-02T10:03:23+00:00","dateModified":"2019-03-22T18:45:40+00:00","mainEntityOfPage":{"@id":"https:\/\/www.iquilibrio.com\/blog\/espiritualidade\/cristianismo\/sao-francisco-de-paula\/"},"wordCount":1106,"commentCount":0,"publisher":{"@id":"https:\/\/www.iquilibrio.com\/blog\/#organization"},"image":{"@id":"https:\/\/www.iquilibrio.com\/blog\/espiritualidade\/cristianismo\/sao-francisco-de-paula\/#primaryimage"},"thumbnailUrl":"https:\/\/www.iquilibrio.com\/blog\/wp-content\/uploads\/2018\/03\/sao_francisco_de_paula_blog.jpg","keywords":["Francisco de Paula","Santo Francisco de Paula","S\u00e3o Francisco de Paula"],"articleSection":["Cristianismo"],"inLanguage":"pt-BR"},{"@type":"WebPage","@id":"https:\/\/www.iquilibrio.com\/blog\/espiritualidade\/cristianismo\/sao-francisco-de-paula\/","url":"https:\/\/www.iquilibrio.com\/blog\/espiritualidade\/cristianismo\/sao-francisco-de-paula\/","name":"S\u00e3o Francisco de Paula - Conhe\u00e7a Mais Sua Hist\u00f3ria | iQuilibrio","isPartOf":{"@id":"https:\/\/www.iquilibrio.com\/blog\/#website"},"primaryImageOfPage":{"@id":"https:\/\/www.iquilibrio.com\/blog\/espiritualidade\/cristianismo\/sao-francisco-de-paula\/#primaryimage"},"image":{"@id":"https:\/\/www.iquilibrio.com\/blog\/espiritualidade\/cristianismo\/sao-francisco-de-paula\/#primaryimage"},"thumbnailUrl":"https:\/\/www.iquilibrio.com\/blog\/wp-content\/uploads\/2018\/03\/sao_francisco_de_paula_blog.jpg","datePublished":"2018-04-02T10:03:23+00:00","dateModified":"2019-03-22T18:45:40+00:00","description":"Saiba mais sobre a vida de S\u00e2o Francisco de Paula atrav\u00e9s de nosso artigo, aproveite para conhecer mais sobre sua ora\u00e7\u00e3o e novena! Leia Mais!","breadcrumb":{"@id":"https:\/\/www.iquilibrio.com\/blog\/espiritualidade\/cristianismo\/sao-francisco-de-paula\/#breadcrumb"},"inLanguage":"pt-BR","potentialAction":[{"@type":"ReadAction","target":["https:\/\/www.iquilibrio.com\/blog\/espiritualidade\/cristianismo\/sao-francisco-de-paula\/"]}]},{"@type":"ImageObject","inLanguage":"pt-BR","@id":"https:\/\/www.iquilibrio.com\/blog\/espiritualidade\/cristianismo\/sao-francisco-de-paula\/#primaryimage","url":"https:\/\/www.iquilibrio.com\/blog\/wp-content\/uploads\/2018\/03\/sao_francisco_de_paula_blog.jpg","contentUrl":"https:\/\/www.iquilibrio.com\/blog\/wp-content\/uploads\/2018\/03\/sao_francisco_de_paula_blog.jpg","width":900,"height":560,"caption":"Santo Francisco de Paula"},{"@type":"BreadcrumbList","@id":"https:\/\/www.iquilibrio.com\/blog\/espiritualidade\/cristianismo\/sao-francisco-de-paula\/#breadcrumb","itemListElement":[{"@type":"ListItem","position":1,"name":"In\u00edcio","item":"https:\/\/www.iquilibrio.com\/blog\/"},{"@type":"ListItem","position":2,"name":"S\u00e3o Francisco de Paula &#8211; O Santo da simplicidade e devo\u00e7\u00e3o"}]},{"@type":"WebSite","@id":"https:\/\/www.iquilibrio.com\/blog\/#website","url":"https:\/\/www.iquilibrio.com\/blog\/","name":"iQuilibrio","description":"Blog iQuilibrio","publisher":{"@id":"https:\/\/www.iquilibrio.com\/blog\/#organization"},"potentialAction":[{"@type":"SearchAction","target":{"@type":"EntryPoint","urlTemplate":"https:\/\/www.iquilibrio.com\/blog\/?s={search_term_string}"},"query-input":{"@type":"PropertyValueSpecification","valueRequired":true,"valueName":"search_term_string"}}],"inLanguage":"pt-BR"},{"@type":"Organization","@id":"https:\/\/www.iquilibrio.com\/blog\/#organization","name":"Esoterismo, Misticismo e Tarot Online - iQuilibrio","url":"https:\/\/www.iquilibrio.com\/blog\/","logo":{"@type":"ImageObject","inLanguage":"pt-BR","@id":"https:\/\/www.iquilibrio.com\/blog\/#\/schema\/logo\/image\/","url":"https:\/\/www.iquilibrio.com\/blog\/wp-content\/uploads\/2018\/12\/iquilibrio_lovo_vetor_preto-retina.png","contentUrl":"https:\/\/www.iquilibrio.com\/blog\/wp-content\/uploads\/2018\/12\/iquilibrio_lovo_vetor_preto-retina.png","width":972,"height":180,"caption":"Esoterismo, Misticismo e Tarot Online - iQuilibrio"},"image":{"@id":"https:\/\/www.iquilibrio.com\/blog\/#\/schema\/logo\/image\/"},"sameAs":["https:\/\/www.facebook.com\/iQuilibrio\/","https:\/\/x.com\/iquilibrio","https:\/\/www.instagram.com\/iquilibrio\/","https:\/\/www.linkedin.com\/company\/iquilibrio\/","https:\/\/br.pinterest.com\/iquilibrio1397\/","https:\/\/www.youtube.com\/channel\/UC175qxd-4Zsi4wzawT5zF2g"]},{"@type":"Person","@id":"https:\/\/www.iquilibrio.com\/blog\/#\/schema\/person\/199505a1f0db0d00f022188666c75dca","name":"Reda\u00e7\u00e3o iQuilibrio","image":{"@type":"ImageObject","inLanguage":"pt-BR","@id":"https:\/\/www.iquilibrio.com\/blog\/wp-content\/uploads\/2021\/12\/Consulta-por-email-3-150x150.png","url":"https:\/\/www.iquilibrio.com\/blog\/wp-content\/uploads\/2021\/12\/Consulta-por-email-3-150x150.png","contentUrl":"https:\/\/www.iquilibrio.com\/blog\/wp-content\/uploads\/2021\/12\/Consulta-por-email-3-150x150.png","caption":"Reda\u00e7\u00e3o iQuilibrio"},"description":"A equipe de reda\u00e7\u00e3o da iQuilibrio \u00e9 composta pelos mais diversos especialistas e esot\u00e9ricos. Al\u00e9m de dominar a arte de traduzir as energias que o universo emana, nossos redatores sentem imenso prazer em trabalhar com palavras. Boa leitura e um \u00f3timo aprendizado!","url":"https:\/\/www.iquilibrio.com\/blog\/author\/juliana\/"}]}},"_links":{"self":[{"href":"https:\/\/www.iquilibrio.com\/blog\/wp-json\/wp\/v2\/posts\/15639","targetHints":{"allow":["GET"]}}],"collection":[{"href":"https:\/\/www.iquilibrio.com\/blog\/wp-json\/wp\/v2\/posts"}],"about":[{"href":"https:\/\/www.iquilibrio.com\/blog\/wp-json\/wp\/v2\/types\/post"}],"author":[{"embeddable":true,"href":"https:\/\/www.iquilibrio.com\/blog\/wp-json\/wp\/v2\/users\/20"}],"replies":[{"embeddable":true,"href":"https:\/\/www.iquilibrio.com\/blog\/wp-json\/wp\/v2\/comments?post=15639"}],"version-history":[{"count":10,"href":"https:\/\/www.iquilibrio.com\/blog\/wp-json\/wp\/v2\/posts\/15639\/revisions"}],"predecessor-version":[{"id":24436,"href":"https:\/\/www.iquilibrio.com\/blog\/wp-json\/wp\/v2\/posts\/15639\/revisions\/24436"}],"wp:featuredmedia":[{"embeddable":true,"href":"https:\/\/www.iquilibrio.com\/blog\/wp-json\/wp\/v2\/media\/15674"}],"wp:attachment":[{"href":"https:\/\/www.iquilibrio.com\/blog\/wp-json\/wp\/v2\/media?parent=15639"}],"wp:term":[{"taxonomy":"category","embeddable":true,"href":"https:\/\/www.iquilibrio.com\/blog\/wp-json\/wp\/v2\/categories?post=15639"},{"taxonomy":"post_tag","embeddable":true,"href":"https:\/\/www.iquilibrio.com\/blog\/wp-json\/wp\/v2\/tags?post=15639"}],"curies":[{"name":"wp","href":"https:\/\/api.w.org\/{rel}","templated":true}]}}