{"id":15555,"date":"2018-04-17T08:00:19","date_gmt":"2018-04-17T11:00:19","guid":{"rendered":"https:\/\/www.iquilibrio.com\/blog\/?p=15555"},"modified":"2020-04-30T11:43:27","modified_gmt":"2020-04-30T14:43:27","slug":"lucifer","status":"publish","type":"post","link":"https:\/\/www.iquilibrio.com\/blog\/espiritualidade\/xamanismo\/lucifer\/","title":{"rendered":"Conhe\u00e7a mais sobre L\u00facifer &#8211; O morador mais antigo da Terra"},"content":{"rendered":"<p><strong>L\u00facifer,<\/strong> por vezes temido, na tradi\u00e7\u00f5es de muitas pessoas visto como energia e algo ruim, mas para outras como forma de coragem e purifica\u00e7\u00e3o. Seu nome significa &#8221; o brilhante, <strong>estrela da manh\u00e3<\/strong>&#8220;. Segundo o cristianismo foi um <strong>anjo ca\u00eddo<\/strong>, segundo alguns historiadores era um querubim, aquele considerado o portador de toda luz.<\/p>\n<p style=\"text-align: center;\"><a href=\"https:\/\/www.iquilibrio.com\/esotericos\/\"><span class=\"td_btn td_btn_lg td_round_btn class-cta1\" style=\"color: #ffffff;\">A Espiritualidade te Ajudar\u00e1 a Superar Desafios e Alcan\u00e7ar seus Objetivos. Clique Aqui e Comece Agora seu Atendimento<\/span><\/a><\/p>\n<p>&nbsp;<\/p>\n<p>Por isso, que para escrever sobre essa figura, chamado como o <strong>Rei do inferno<\/strong> precisamos elucidar de toda mitologia e encarar todos os fatos sem preconceito. Ele aparece com muitos outros nomes, est\u00e1 no mais baixo <strong>Umbral<\/strong> e \u00e9 respons\u00e1vel, muitas vezes, por assumir a culpa em rela\u00e7\u00e3o ao testes e importuna\u00e7\u00e3o na vida alheia.<\/p>\n<h2>Significado e hist\u00f3ria de L\u00facifer<\/h2>\n<p><script><\/script><br \/>\nA B\u00edblia Sagrada na vers\u00e3o latina, L\u00facifer aparece seis vezes, referido como: Estrela da manh\u00e3, <strong>estrela D&#8217;Alva<\/strong>, luz da manh\u00e3, aurora e at\u00e9 mesmo metaforicamente como &#8220;<strong>rei da Babil\u00f4nia<\/strong>&#8220;. Em um dos exemplos no livro de Apocalipse (22:16) se autodenomina &#8220;resplandescente estrela da manh\u00e3&#8221;. Ou tamb\u00e9m em Isa\u00edas (14:12) &#8220;Como ca\u00edste do c\u00e9u, \u00f3 L\u00facifer, tu que ao ponto do dia parecias t\u00e3o brilhante?&#8221;.<\/p>\n<h3>Catolicismo<\/h3>\n<p>L\u00facifer foi criado por Deus, todos se impressionavam com sua beleza e ast\u00facia. O pecado desse<strong> anjo<\/strong> foi se achar superior a Deus, e por isso convenceu cerca de um ter\u00e7o dos anjos para apoi\u00e1-lo e para ganhar essa batalha, L\u00facifer transformou-se em um drag\u00e3o descrito de 7 cabe\u00e7as e 10 chifres.<\/p>\n<p>Em nome de Deus,<a href=\"https:\/\/www.iquilibrio.com\/blog\/espiritualidade\/cristianismo\/sao-miguel-arcanjo\/\"><strong> o Arcanjo Miguel<\/strong><\/a> foi a luta com uma lan\u00e7a, espada ou escudo com uma frase estampada na lata &#8221; Quem \u00e9 como Deus?&#8221;. E mais tarde Miguel pergunte diretamente a L\u00facifer, &#8220;por que se acha igual ao Todo Poderoso?&#8221;.<\/p>\n<p>L\u00facifer e o ex\u00e9rcito que ele conquistara foi enviado para o<strong> inferno<\/strong>, e foi da\u00ed que surgiu o termo &#8221; <strong>anjo ca\u00eddo<\/strong>&#8220;. Foram postos para arder no fogo por toda a eternidade e L\u00facifer ainda teve um pre\u00e7o maior, foi transformado em um horr\u00edvel monstro, denominado <strong>Satan\u00e1s<\/strong>, <strong>diabo<\/strong>, capeta, etc. Decretado para ser odiado e temido por todos.<\/p>\n<p><strong>Sat\u00e3<\/strong> jurou vingan\u00e7a e prometeu mudar todo o aspecto da ra\u00e7a humana, e por isso se desfa\u00e7ou de serpente e se insinuou no Jardim do \u00c9den fazendo com que Eva comece a ma\u00e7\u00e3.<\/p>\n<h3>Umbanda<\/h3>\n<p>L\u00facifer, \u00e9 o Senhor do mais baixo umbral, respons\u00e1vel por recolher, doutrinar e purificar as almas que se desviam do caminho correto, isto \u00e9, junto dele atuam diversos Exus e <a href=\"https:\/\/www.iquilibrio.com\/blog\/espiritualidade\/umbanda-candomble\/tudo-sobre-pomba-gira\/\">Pombagiras<\/a> que servem como respons\u00e1veis para atormentar a vida das pessoas para que possam fortalecer e entender o melhor caminho.<\/p>\n<p>Todo indiv\u00edduo possui uma miss\u00e3o aqui na terra e pode desviar-se desse bom caminho, nada melhor do que um dos moradores mais antigos da terra e o conhecedores dos males testas as criaturas e seus anseios. A maior prova disso \u00e9 o <a href=\"https:\/\/www.iquilibrio.com\/blog\/espiritualidade\/cristianismo\/contagem-quaresma-dia-4\/\"><strong>Per\u00edodo da Quaresma<\/strong><\/a>, onde ele testa a tudo e a todos.<\/p>\n<p>Por isso, que nesta linha ele \u00e9 designado para trabalhar a coragem e principalmente para manter a ordem e o equil\u00edbrio.<\/p>\n<p>Dentro de diversos ensinamentos religiosos, ele faz parte de muitas hist\u00f3rias mitologias, sendo confundido com diversos Deuses, como Cronos, Loki, Seth, Prometeu, etc. Ele \u00e9, no geral representa\u00e7\u00e3o daquele que contestou os poderes de Deus.<\/p>\n<p style=\"text-align: center;\"><span style=\"color: #ffffff;\"><a style=\"color: #ffffff;\" href=\"https:\/\/www.iquilibrio.com\/esotericos\/\"><span class=\"td_btn td_btn_lg td_round_btn class-cta2\">Fale AGORA com um Esot\u00e9rico Online e Comece a Direcionar Melhor a sua Vida<\/span><\/a><\/span><\/p>\n\n\n<div class=\"kk-star-ratings kksr-auto kksr-align-left kksr-valign-bottom\"\n    data-payload='{&quot;align&quot;:&quot;left&quot;,&quot;id&quot;:&quot;15555&quot;,&quot;slug&quot;:&quot;default&quot;,&quot;valign&quot;:&quot;bottom&quot;,&quot;ignore&quot;:&quot;&quot;,&quot;reference&quot;:&quot;auto&quot;,&quot;class&quot;:&quot;&quot;,&quot;count&quot;:&quot;0&quot;,&quot;legendonly&quot;:&quot;&quot;,&quot;readonly&quot;:&quot;&quot;,&quot;score&quot;:&quot;0&quot;,&quot;starsonly&quot;:&quot;&quot;,&quot;best&quot;:&quot;5&quot;,&quot;gap&quot;:&quot;5&quot;,&quot;greet&quot;:&quot;Rate this post&quot;,&quot;legend&quot;:&quot;0\\\/5 - (0 voto)&quot;,&quot;size&quot;:&quot;24&quot;,&quot;title&quot;:&quot;Conhe\u00e7a mais sobre L\u00facifer - O morador mais antigo da Terra&quot;,&quot;width&quot;:&quot;0&quot;,&quot;_legend&quot;:&quot;{score}\\\/{best} - ({count} {votes})&quot;,&quot;font_factor&quot;:&quot;1.25&quot;}'>\n            \n<div class=\"kksr-stars\">\n    \n<div class=\"kksr-stars-inactive\">\n            <div class=\"kksr-star\" data-star=\"1\" style=\"padding-right: 5px\">\n            \n\n<div class=\"kksr-icon\" style=\"width: 24px; height: 24px;\"><\/div>\n        <\/div>\n            <div class=\"kksr-star\" data-star=\"2\" style=\"padding-right: 5px\">\n            \n\n<div class=\"kksr-icon\" style=\"width: 24px; height: 24px;\"><\/div>\n        <\/div>\n            <div class=\"kksr-star\" data-star=\"3\" style=\"padding-right: 5px\">\n            \n\n<div class=\"kksr-icon\" style=\"width: 24px; height: 24px;\"><\/div>\n        <\/div>\n            <div class=\"kksr-star\" data-star=\"4\" style=\"padding-right: 5px\">\n            \n\n<div class=\"kksr-icon\" style=\"width: 24px; height: 24px;\"><\/div>\n        <\/div>\n            <div class=\"kksr-star\" data-star=\"5\" style=\"padding-right: 5px\">\n            \n\n<div class=\"kksr-icon\" style=\"width: 24px; height: 24px;\"><\/div>\n        <\/div>\n    <\/div>\n    \n<div class=\"kksr-stars-active\" style=\"width: 0px;\">\n            <div class=\"kksr-star\" style=\"padding-right: 5px\">\n            \n\n<div class=\"kksr-icon\" style=\"width: 24px; height: 24px;\"><\/div>\n        <\/div>\n            <div class=\"kksr-star\" style=\"padding-right: 5px\">\n            \n\n<div class=\"kksr-icon\" style=\"width: 24px; height: 24px;\"><\/div>\n        <\/div>\n            <div class=\"kksr-star\" style=\"padding-right: 5px\">\n            \n\n<div class=\"kksr-icon\" style=\"width: 24px; height: 24px;\"><\/div>\n        <\/div>\n            <div class=\"kksr-star\" style=\"padding-right: 5px\">\n            \n\n<div class=\"kksr-icon\" style=\"width: 24px; height: 24px;\"><\/div>\n        <\/div>\n            <div class=\"kksr-star\" style=\"padding-right: 5px\">\n            \n\n<div class=\"kksr-icon\" style=\"width: 24px; height: 24px;\"><\/div>\n        <\/div>\n    <\/div>\n<\/div>\n                \n\n<div class=\"kksr-legend\" style=\"font-size: 19.2px;\">\n            <span class=\"kksr-muted\">Rate this post<\/span>\n    <\/div>\n    <\/div>\n","protected":false},"excerpt":{"rendered":"<p>L\u00facifer, por vezes temido, na tradi\u00e7\u00f5es de muitas pessoas visto como energia e algo ruim, mas para outras como forma de coragem e purifica\u00e7\u00e3o. Seu nome significa &#8221; o brilhante, estrela da manh\u00e3&#8220;. Segundo o cristianismo foi um anjo ca\u00eddo, segundo alguns historiadores era um querubim, aquele considerado o portador de toda luz. A Espiritualidade [&hellip;]<\/p>\n","protected":false},"author":20,"featured_media":20735,"comment_status":"open","ping_status":"open","sticky":false,"template":"","format":"standard","meta":{"footnotes":""},"categories":[506],"tags":[2789,3790,2790],"class_list":["post-15555","post","type-post","status-publish","format-standard","has-post-thumbnail","hentry","category-xamanismo","tag-lucifer","tag-o-anjo-caido","tag-satanas"],"yoast_head":"<!-- This site is optimized with the Yoast SEO plugin v27.4 - https:\/\/yoast.com\/product\/yoast-seo-wordpress\/ -->\n<title>L\u00facifer - O Anjo Ca\u00eddo, A Estrela Da Manh\u00e3 | iQuilibrio<\/title>\n<meta name=\"description\" content=\"L\u00facifer, nas tradi\u00e7\u00f5es de muitas pessoas \u00e9 visto como energia ruim, mas para outras como forma de coragem e purifica\u00e7\u00e3o. Saiba mais aqui!\" \/>\n<meta name=\"robots\" content=\"index, follow, max-snippet:-1, max-image-preview:large, max-video-preview:-1\" \/>\n<link rel=\"canonical\" href=\"https:\/\/www.iquilibrio.com\/blog\/espiritualidade\/xamanismo\/lucifer\/\" \/>\n<meta property=\"og:locale\" content=\"pt_BR\" \/>\n<meta property=\"og:type\" content=\"article\" \/>\n<meta property=\"og:title\" content=\"L\u00facifer - O Anjo Ca\u00eddo, A Estrela Da Manh\u00e3 | iQuilibrio\" \/>\n<meta property=\"og:description\" content=\"L\u00facifer, nas tradi\u00e7\u00f5es de muitas pessoas \u00e9 visto como energia ruim, mas para outras como forma de coragem e purifica\u00e7\u00e3o. Saiba mais aqui!\" \/>\n<meta property=\"og:url\" content=\"https:\/\/www.iquilibrio.com\/blog\/espiritualidade\/xamanismo\/lucifer\/\" \/>\n<meta property=\"og:site_name\" content=\"iQuilibrio\" \/>\n<meta property=\"article:publisher\" content=\"https:\/\/www.facebook.com\/iQuilibrio\/\" \/>\n<meta property=\"article:published_time\" content=\"2018-04-17T11:00:19+00:00\" \/>\n<meta property=\"article:modified_time\" content=\"2020-04-30T14:43:27+00:00\" \/>\n<meta property=\"og:image\" content=\"https:\/\/www.iquilibrio.com\/blog\/wp-content\/uploads\/2018\/03\/lucifer.jpg\" \/>\n\t<meta property=\"og:image:width\" content=\"900\" \/>\n\t<meta property=\"og:image:height\" content=\"560\" \/>\n\t<meta property=\"og:image:type\" content=\"image\/jpeg\" \/>\n<meta name=\"author\" content=\"Reda\u00e7\u00e3o iQuilibrio\" \/>\n<meta name=\"twitter:card\" content=\"summary_large_image\" \/>\n<meta name=\"twitter:creator\" content=\"@iquilibrio\" \/>\n<meta name=\"twitter:site\" content=\"@iquilibrio\" \/>\n<meta name=\"twitter:label1\" content=\"Escrito por\" \/>\n\t<meta name=\"twitter:data1\" content=\"Reda\u00e7\u00e3o iQuilibrio\" \/>\n\t<meta name=\"twitter:label2\" content=\"Est. tempo de leitura\" \/>\n\t<meta name=\"twitter:data2\" content=\"3 minutos\" \/>\n<script type=\"application\/ld+json\" class=\"yoast-schema-graph\">{\"@context\":\"https:\\\/\\\/schema.org\",\"@graph\":[{\"@type\":\"Article\",\"@id\":\"https:\\\/\\\/www.iquilibrio.com\\\/blog\\\/espiritualidade\\\/xamanismo\\\/lucifer\\\/#article\",\"isPartOf\":{\"@id\":\"https:\\\/\\\/www.iquilibrio.com\\\/blog\\\/espiritualidade\\\/xamanismo\\\/lucifer\\\/\"},\"author\":{\"name\":\"Reda\u00e7\u00e3o iQuilibrio\",\"@id\":\"https:\\\/\\\/www.iquilibrio.com\\\/blog\\\/#\\\/schema\\\/person\\\/199505a1f0db0d00f022188666c75dca\"},\"headline\":\"Conhe\u00e7a mais sobre L\u00facifer &#8211; O morador mais antigo da Terra\",\"datePublished\":\"2018-04-17T11:00:19+00:00\",\"dateModified\":\"2020-04-30T14:43:27+00:00\",\"mainEntityOfPage\":{\"@id\":\"https:\\\/\\\/www.iquilibrio.com\\\/blog\\\/espiritualidade\\\/xamanismo\\\/lucifer\\\/\"},\"wordCount\":605,\"commentCount\":0,\"publisher\":{\"@id\":\"https:\\\/\\\/www.iquilibrio.com\\\/blog\\\/#organization\"},\"image\":{\"@id\":\"https:\\\/\\\/www.iquilibrio.com\\\/blog\\\/espiritualidade\\\/xamanismo\\\/lucifer\\\/#primaryimage\"},\"thumbnailUrl\":\"https:\\\/\\\/www.iquilibrio.com\\\/blog\\\/wp-content\\\/uploads\\\/2018\\\/03\\\/lucifer.jpg\",\"keywords\":[\"L\u00facifer\",\"o anjo ca\u00eddo\",\"Satan\u00e1s\"],\"articleSection\":[\"Xamanismo\"],\"inLanguage\":\"pt-BR\"},{\"@type\":\"WebPage\",\"@id\":\"https:\\\/\\\/www.iquilibrio.com\\\/blog\\\/espiritualidade\\\/xamanismo\\\/lucifer\\\/\",\"url\":\"https:\\\/\\\/www.iquilibrio.com\\\/blog\\\/espiritualidade\\\/xamanismo\\\/lucifer\\\/\",\"name\":\"L\u00facifer - O Anjo Ca\u00eddo, A Estrela Da Manh\u00e3 | iQuilibrio\",\"isPartOf\":{\"@id\":\"https:\\\/\\\/www.iquilibrio.com\\\/blog\\\/#website\"},\"primaryImageOfPage\":{\"@id\":\"https:\\\/\\\/www.iquilibrio.com\\\/blog\\\/espiritualidade\\\/xamanismo\\\/lucifer\\\/#primaryimage\"},\"image\":{\"@id\":\"https:\\\/\\\/www.iquilibrio.com\\\/blog\\\/espiritualidade\\\/xamanismo\\\/lucifer\\\/#primaryimage\"},\"thumbnailUrl\":\"https:\\\/\\\/www.iquilibrio.com\\\/blog\\\/wp-content\\\/uploads\\\/2018\\\/03\\\/lucifer.jpg\",\"datePublished\":\"2018-04-17T11:00:19+00:00\",\"dateModified\":\"2020-04-30T14:43:27+00:00\",\"description\":\"L\u00facifer, nas tradi\u00e7\u00f5es de muitas pessoas \u00e9 visto como energia ruim, mas para outras como forma de coragem e purifica\u00e7\u00e3o. Saiba mais aqui!\",\"breadcrumb\":{\"@id\":\"https:\\\/\\\/www.iquilibrio.com\\\/blog\\\/espiritualidade\\\/xamanismo\\\/lucifer\\\/#breadcrumb\"},\"inLanguage\":\"pt-BR\",\"potentialAction\":[{\"@type\":\"ReadAction\",\"target\":[\"https:\\\/\\\/www.iquilibrio.com\\\/blog\\\/espiritualidade\\\/xamanismo\\\/lucifer\\\/\"]}]},{\"@type\":\"ImageObject\",\"inLanguage\":\"pt-BR\",\"@id\":\"https:\\\/\\\/www.iquilibrio.com\\\/blog\\\/espiritualidade\\\/xamanismo\\\/lucifer\\\/#primaryimage\",\"url\":\"https:\\\/\\\/www.iquilibrio.com\\\/blog\\\/wp-content\\\/uploads\\\/2018\\\/03\\\/lucifer.jpg\",\"contentUrl\":\"https:\\\/\\\/www.iquilibrio.com\\\/blog\\\/wp-content\\\/uploads\\\/2018\\\/03\\\/lucifer.jpg\",\"width\":900,\"height\":560,\"caption\":\"Satan\u00e1s\"},{\"@type\":\"BreadcrumbList\",\"@id\":\"https:\\\/\\\/www.iquilibrio.com\\\/blog\\\/espiritualidade\\\/xamanismo\\\/lucifer\\\/#breadcrumb\",\"itemListElement\":[{\"@type\":\"ListItem\",\"position\":1,\"name\":\"In\u00edcio\",\"item\":\"https:\\\/\\\/www.iquilibrio.com\\\/blog\\\/\"},{\"@type\":\"ListItem\",\"position\":2,\"name\":\"Conhe\u00e7a mais sobre L\u00facifer &#8211; O morador mais antigo da Terra\"}]},{\"@type\":\"WebSite\",\"@id\":\"https:\\\/\\\/www.iquilibrio.com\\\/blog\\\/#website\",\"url\":\"https:\\\/\\\/www.iquilibrio.com\\\/blog\\\/\",\"name\":\"iQuilibrio\",\"description\":\"Blog iQuilibrio\",\"publisher\":{\"@id\":\"https:\\\/\\\/www.iquilibrio.com\\\/blog\\\/#organization\"},\"potentialAction\":[{\"@type\":\"SearchAction\",\"target\":{\"@type\":\"EntryPoint\",\"urlTemplate\":\"https:\\\/\\\/www.iquilibrio.com\\\/blog\\\/?s={search_term_string}\"},\"query-input\":{\"@type\":\"PropertyValueSpecification\",\"valueRequired\":true,\"valueName\":\"search_term_string\"}}],\"inLanguage\":\"pt-BR\"},{\"@type\":\"Organization\",\"@id\":\"https:\\\/\\\/www.iquilibrio.com\\\/blog\\\/#organization\",\"name\":\"Esoterismo, Misticismo e Tarot Online - iQuilibrio\",\"url\":\"https:\\\/\\\/www.iquilibrio.com\\\/blog\\\/\",\"logo\":{\"@type\":\"ImageObject\",\"inLanguage\":\"pt-BR\",\"@id\":\"https:\\\/\\\/www.iquilibrio.com\\\/blog\\\/#\\\/schema\\\/logo\\\/image\\\/\",\"url\":\"https:\\\/\\\/www.iquilibrio.com\\\/blog\\\/wp-content\\\/uploads\\\/2018\\\/12\\\/iquilibrio_lovo_vetor_preto-retina.png\",\"contentUrl\":\"https:\\\/\\\/www.iquilibrio.com\\\/blog\\\/wp-content\\\/uploads\\\/2018\\\/12\\\/iquilibrio_lovo_vetor_preto-retina.png\",\"width\":972,\"height\":180,\"caption\":\"Esoterismo, Misticismo e Tarot Online - iQuilibrio\"},\"image\":{\"@id\":\"https:\\\/\\\/www.iquilibrio.com\\\/blog\\\/#\\\/schema\\\/logo\\\/image\\\/\"},\"sameAs\":[\"https:\\\/\\\/www.facebook.com\\\/iQuilibrio\\\/\",\"https:\\\/\\\/x.com\\\/iquilibrio\",\"https:\\\/\\\/www.instagram.com\\\/iquilibrio\\\/\",\"https:\\\/\\\/www.linkedin.com\\\/company\\\/iquilibrio\\\/\",\"https:\\\/\\\/br.pinterest.com\\\/iquilibrio1397\\\/\",\"https:\\\/\\\/www.youtube.com\\\/channel\\\/UC175qxd-4Zsi4wzawT5zF2g\"]},{\"@type\":\"Person\",\"@id\":\"https:\\\/\\\/www.iquilibrio.com\\\/blog\\\/#\\\/schema\\\/person\\\/199505a1f0db0d00f022188666c75dca\",\"name\":\"Reda\u00e7\u00e3o iQuilibrio\",\"image\":{\"@type\":\"ImageObject\",\"inLanguage\":\"pt-BR\",\"@id\":\"https:\\\/\\\/www.iquilibrio.com\\\/blog\\\/wp-content\\\/uploads\\\/2021\\\/12\\\/Consulta-por-email-3-150x150.png\",\"url\":\"https:\\\/\\\/www.iquilibrio.com\\\/blog\\\/wp-content\\\/uploads\\\/2021\\\/12\\\/Consulta-por-email-3-150x150.png\",\"contentUrl\":\"https:\\\/\\\/www.iquilibrio.com\\\/blog\\\/wp-content\\\/uploads\\\/2021\\\/12\\\/Consulta-por-email-3-150x150.png\",\"caption\":\"Reda\u00e7\u00e3o iQuilibrio\"},\"description\":\"A equipe de reda\u00e7\u00e3o da iQuilibrio \u00e9 composta pelos mais diversos especialistas e esot\u00e9ricos. Al\u00e9m de dominar a arte de traduzir as energias que o universo emana, nossos redatores sentem imenso prazer em trabalhar com palavras. Boa leitura e um \u00f3timo aprendizado!\",\"url\":\"https:\\\/\\\/www.iquilibrio.com\\\/blog\\\/author\\\/juliana\\\/\"}]}<\/script>\n<!-- \/ Yoast SEO plugin. -->","yoast_head_json":{"title":"L\u00facifer - O Anjo Ca\u00eddo, A Estrela Da Manh\u00e3 | iQuilibrio","description":"L\u00facifer, nas tradi\u00e7\u00f5es de muitas pessoas \u00e9 visto como energia ruim, mas para outras como forma de coragem e purifica\u00e7\u00e3o. Saiba mais aqui!","robots":{"index":"index","follow":"follow","max-snippet":"max-snippet:-1","max-image-preview":"max-image-preview:large","max-video-preview":"max-video-preview:-1"},"canonical":"https:\/\/www.iquilibrio.com\/blog\/espiritualidade\/xamanismo\/lucifer\/","og_locale":"pt_BR","og_type":"article","og_title":"L\u00facifer - O Anjo Ca\u00eddo, A Estrela Da Manh\u00e3 | iQuilibrio","og_description":"L\u00facifer, nas tradi\u00e7\u00f5es de muitas pessoas \u00e9 visto como energia ruim, mas para outras como forma de coragem e purifica\u00e7\u00e3o. Saiba mais aqui!","og_url":"https:\/\/www.iquilibrio.com\/blog\/espiritualidade\/xamanismo\/lucifer\/","og_site_name":"iQuilibrio","article_publisher":"https:\/\/www.facebook.com\/iQuilibrio\/","article_published_time":"2018-04-17T11:00:19+00:00","article_modified_time":"2020-04-30T14:43:27+00:00","og_image":[{"width":900,"height":560,"url":"https:\/\/www.iquilibrio.com\/blog\/wp-content\/uploads\/2018\/03\/lucifer.jpg","type":"image\/jpeg"}],"author":"Reda\u00e7\u00e3o iQuilibrio","twitter_card":"summary_large_image","twitter_creator":"@iquilibrio","twitter_site":"@iquilibrio","twitter_misc":{"Escrito por":"Reda\u00e7\u00e3o iQuilibrio","Est. tempo de leitura":"3 minutos"},"schema":{"@context":"https:\/\/schema.org","@graph":[{"@type":"Article","@id":"https:\/\/www.iquilibrio.com\/blog\/espiritualidade\/xamanismo\/lucifer\/#article","isPartOf":{"@id":"https:\/\/www.iquilibrio.com\/blog\/espiritualidade\/xamanismo\/lucifer\/"},"author":{"name":"Reda\u00e7\u00e3o iQuilibrio","@id":"https:\/\/www.iquilibrio.com\/blog\/#\/schema\/person\/199505a1f0db0d00f022188666c75dca"},"headline":"Conhe\u00e7a mais sobre L\u00facifer &#8211; O morador mais antigo da Terra","datePublished":"2018-04-17T11:00:19+00:00","dateModified":"2020-04-30T14:43:27+00:00","mainEntityOfPage":{"@id":"https:\/\/www.iquilibrio.com\/blog\/espiritualidade\/xamanismo\/lucifer\/"},"wordCount":605,"commentCount":0,"publisher":{"@id":"https:\/\/www.iquilibrio.com\/blog\/#organization"},"image":{"@id":"https:\/\/www.iquilibrio.com\/blog\/espiritualidade\/xamanismo\/lucifer\/#primaryimage"},"thumbnailUrl":"https:\/\/www.iquilibrio.com\/blog\/wp-content\/uploads\/2018\/03\/lucifer.jpg","keywords":["L\u00facifer","o anjo ca\u00eddo","Satan\u00e1s"],"articleSection":["Xamanismo"],"inLanguage":"pt-BR"},{"@type":"WebPage","@id":"https:\/\/www.iquilibrio.com\/blog\/espiritualidade\/xamanismo\/lucifer\/","url":"https:\/\/www.iquilibrio.com\/blog\/espiritualidade\/xamanismo\/lucifer\/","name":"L\u00facifer - O Anjo Ca\u00eddo, A Estrela Da Manh\u00e3 | iQuilibrio","isPartOf":{"@id":"https:\/\/www.iquilibrio.com\/blog\/#website"},"primaryImageOfPage":{"@id":"https:\/\/www.iquilibrio.com\/blog\/espiritualidade\/xamanismo\/lucifer\/#primaryimage"},"image":{"@id":"https:\/\/www.iquilibrio.com\/blog\/espiritualidade\/xamanismo\/lucifer\/#primaryimage"},"thumbnailUrl":"https:\/\/www.iquilibrio.com\/blog\/wp-content\/uploads\/2018\/03\/lucifer.jpg","datePublished":"2018-04-17T11:00:19+00:00","dateModified":"2020-04-30T14:43:27+00:00","description":"L\u00facifer, nas tradi\u00e7\u00f5es de muitas pessoas \u00e9 visto como energia ruim, mas para outras como forma de coragem e purifica\u00e7\u00e3o. Saiba mais aqui!","breadcrumb":{"@id":"https:\/\/www.iquilibrio.com\/blog\/espiritualidade\/xamanismo\/lucifer\/#breadcrumb"},"inLanguage":"pt-BR","potentialAction":[{"@type":"ReadAction","target":["https:\/\/www.iquilibrio.com\/blog\/espiritualidade\/xamanismo\/lucifer\/"]}]},{"@type":"ImageObject","inLanguage":"pt-BR","@id":"https:\/\/www.iquilibrio.com\/blog\/espiritualidade\/xamanismo\/lucifer\/#primaryimage","url":"https:\/\/www.iquilibrio.com\/blog\/wp-content\/uploads\/2018\/03\/lucifer.jpg","contentUrl":"https:\/\/www.iquilibrio.com\/blog\/wp-content\/uploads\/2018\/03\/lucifer.jpg","width":900,"height":560,"caption":"Satan\u00e1s"},{"@type":"BreadcrumbList","@id":"https:\/\/www.iquilibrio.com\/blog\/espiritualidade\/xamanismo\/lucifer\/#breadcrumb","itemListElement":[{"@type":"ListItem","position":1,"name":"In\u00edcio","item":"https:\/\/www.iquilibrio.com\/blog\/"},{"@type":"ListItem","position":2,"name":"Conhe\u00e7a mais sobre L\u00facifer &#8211; O morador mais antigo da Terra"}]},{"@type":"WebSite","@id":"https:\/\/www.iquilibrio.com\/blog\/#website","url":"https:\/\/www.iquilibrio.com\/blog\/","name":"iQuilibrio","description":"Blog iQuilibrio","publisher":{"@id":"https:\/\/www.iquilibrio.com\/blog\/#organization"},"potentialAction":[{"@type":"SearchAction","target":{"@type":"EntryPoint","urlTemplate":"https:\/\/www.iquilibrio.com\/blog\/?s={search_term_string}"},"query-input":{"@type":"PropertyValueSpecification","valueRequired":true,"valueName":"search_term_string"}}],"inLanguage":"pt-BR"},{"@type":"Organization","@id":"https:\/\/www.iquilibrio.com\/blog\/#organization","name":"Esoterismo, Misticismo e Tarot Online - iQuilibrio","url":"https:\/\/www.iquilibrio.com\/blog\/","logo":{"@type":"ImageObject","inLanguage":"pt-BR","@id":"https:\/\/www.iquilibrio.com\/blog\/#\/schema\/logo\/image\/","url":"https:\/\/www.iquilibrio.com\/blog\/wp-content\/uploads\/2018\/12\/iquilibrio_lovo_vetor_preto-retina.png","contentUrl":"https:\/\/www.iquilibrio.com\/blog\/wp-content\/uploads\/2018\/12\/iquilibrio_lovo_vetor_preto-retina.png","width":972,"height":180,"caption":"Esoterismo, Misticismo e Tarot Online - iQuilibrio"},"image":{"@id":"https:\/\/www.iquilibrio.com\/blog\/#\/schema\/logo\/image\/"},"sameAs":["https:\/\/www.facebook.com\/iQuilibrio\/","https:\/\/x.com\/iquilibrio","https:\/\/www.instagram.com\/iquilibrio\/","https:\/\/www.linkedin.com\/company\/iquilibrio\/","https:\/\/br.pinterest.com\/iquilibrio1397\/","https:\/\/www.youtube.com\/channel\/UC175qxd-4Zsi4wzawT5zF2g"]},{"@type":"Person","@id":"https:\/\/www.iquilibrio.com\/blog\/#\/schema\/person\/199505a1f0db0d00f022188666c75dca","name":"Reda\u00e7\u00e3o iQuilibrio","image":{"@type":"ImageObject","inLanguage":"pt-BR","@id":"https:\/\/www.iquilibrio.com\/blog\/wp-content\/uploads\/2021\/12\/Consulta-por-email-3-150x150.png","url":"https:\/\/www.iquilibrio.com\/blog\/wp-content\/uploads\/2021\/12\/Consulta-por-email-3-150x150.png","contentUrl":"https:\/\/www.iquilibrio.com\/blog\/wp-content\/uploads\/2021\/12\/Consulta-por-email-3-150x150.png","caption":"Reda\u00e7\u00e3o iQuilibrio"},"description":"A equipe de reda\u00e7\u00e3o da iQuilibrio \u00e9 composta pelos mais diversos especialistas e esot\u00e9ricos. Al\u00e9m de dominar a arte de traduzir as energias que o universo emana, nossos redatores sentem imenso prazer em trabalhar com palavras. Boa leitura e um \u00f3timo aprendizado!","url":"https:\/\/www.iquilibrio.com\/blog\/author\/juliana\/"}]}},"_links":{"self":[{"href":"https:\/\/www.iquilibrio.com\/blog\/wp-json\/wp\/v2\/posts\/15555","targetHints":{"allow":["GET"]}}],"collection":[{"href":"https:\/\/www.iquilibrio.com\/blog\/wp-json\/wp\/v2\/posts"}],"about":[{"href":"https:\/\/www.iquilibrio.com\/blog\/wp-json\/wp\/v2\/types\/post"}],"author":[{"embeddable":true,"href":"https:\/\/www.iquilibrio.com\/blog\/wp-json\/wp\/v2\/users\/20"}],"replies":[{"embeddable":true,"href":"https:\/\/www.iquilibrio.com\/blog\/wp-json\/wp\/v2\/comments?post=15555"}],"version-history":[{"count":11,"href":"https:\/\/www.iquilibrio.com\/blog\/wp-json\/wp\/v2\/posts\/15555\/revisions"}],"predecessor-version":[{"id":29888,"href":"https:\/\/www.iquilibrio.com\/blog\/wp-json\/wp\/v2\/posts\/15555\/revisions\/29888"}],"wp:featuredmedia":[{"embeddable":true,"href":"https:\/\/www.iquilibrio.com\/blog\/wp-json\/wp\/v2\/media\/20735"}],"wp:attachment":[{"href":"https:\/\/www.iquilibrio.com\/blog\/wp-json\/wp\/v2\/media?parent=15555"}],"wp:term":[{"taxonomy":"category","embeddable":true,"href":"https:\/\/www.iquilibrio.com\/blog\/wp-json\/wp\/v2\/categories?post=15555"},{"taxonomy":"post_tag","embeddable":true,"href":"https:\/\/www.iquilibrio.com\/blog\/wp-json\/wp\/v2\/tags?post=15555"}],"curies":[{"name":"wp","href":"https:\/\/api.w.org\/{rel}","templated":true}]}}