{"id":15474,"date":"2018-03-20T10:55:53","date_gmt":"2018-03-20T13:55:53","guid":{"rendered":"https:\/\/www.iquilibrio.com\/blog\/?p=15474"},"modified":"2021-10-28T19:13:49","modified_gmt":"2021-10-28T22:13:49","slug":"ano_novo_de_novo_evandro","status":"publish","type":"post","link":"https:\/\/www.iquilibrio.com\/blog\/astrologia\/ano_novo_de_novo_evandro\/","title":{"rendered":"21 de Mar\u00e7o &#8211; O Ano Novo na Astrologia em 2018: Pelo Consultor Evandro"},"content":{"rendered":"<h2><img loading=\"lazy\" decoding=\"async\" class=\"size-full wp-image-20339 alignleft\" src=\"https:\/\/www.iquilibrio.com\/blog\/wp-content\/uploads\/2017\/10\/Untitled-2.png\" alt=\"\" width=\"100\" height=\"100\" \/>Um pouco sobre o consultor Evandro<\/h2>\n<p>O <a href=\"https:\/\/www.iquilibrio.com\/\">consultor Evandro<\/a> \u00e9 Tar\u00f3logo e Terapeuta Hol\u00edstico oficialmente desde 2012, por\u00e9m dedica-se a estudar e praticar os or\u00e1culos desde 1999.<\/p>\n<p>Em seus atendimentos ele orienta os consulentes para melhores caminhos em suas vidas, repletos de Luz e felicidade. Esse direcionamento de energias acontece por meio da capta\u00e7\u00e3o da energia c\u00f3smica e seu redirecionamento para o fluxo do que beneficia o alcance do objetivo.<\/p>\n<p>Especialista em Tarot, Baralho Cigano e Mesa Radi\u00f4nica Qu\u00e2ntica, seus atendimentos s\u00e3o assertivos e acima de tudo esclarecedores.<\/p>\n<p style=\"text-align: center;\"><a href=\"https:\/\/www.iquilibrio.com\/\"><span class=\"td_btn td_btn_lg td_round_btn class-cta1\">D\u00favidas Sobre Sua Vida? Confie na Orienta\u00e7\u00e3o do Tar\u00f3logo Evandro FALE AGORA<\/span><\/a><\/p>\n<h2 class=\"Standard\"><span lang=\"PT-BR\">Ano Novo de Novo?<\/span><\/h2>\n<p class=\"Standard\"><span lang=\"PT-BR\">Como dizem: o ano come\u00e7a depois do carnaval, e n\u00e3o \u00e9 que \u00e9 verdade? At\u00e9 o ano 44 Antes de Cristo &#8211; ou Antes da Era Comum -, o ano come\u00e7ava <a href=\"https:\/\/www.iquilibrio.com\/blog\/astrologia\/signos\/aries\/tudo-sobre-aries\/\">em mar\u00e7o no signo de \u00c1ries<\/a>. Por\u00e9m o imperador romano J\u00falio C\u00e9sar realizou uma mudan\u00e7a no calend\u00e1rio e o ano passou a come\u00e7ar em Janeiro, por isso o nosso calend\u00e1rio chama-se Juliano. <\/span><\/p>\n<p class=\"Standard\"><span lang=\"PT-BR\">Os romanos basicamente mandavam no Oriente M\u00e9dio e Europa. Isto \u00e9 para se ter uma ideia de o quanto a astrologia \u00e9 antiga, todavia a astrologia mant\u00e9m at\u00e9 hoje o ano novo come\u00e7ando em 21 de mar\u00e7o, iniciando assim o primeiro dia do signo de \u00c1ries.<\/span><\/p>\n<p class=\"Standard\"><span lang=\"PT-BR\">Pela astrologia teremos no dia 21 de mar\u00e7o de 2018 o ano novo astrol\u00f3gico entrando no signo de \u00c1ries e sob a reg\u00eancia do Planeta J\u00fapiter,\u00a0<\/span><span lang=\"PT-BR\">trazendo um ano de crescimento, desenvolvimento e expans\u00e3o, tanto f\u00edsica quanto consensial e espiritual, e como sei que voc\u00eas adoram um ritual vou ensinar algo simples e muito \u00fatil para todos.<\/span><\/p>\n<h3>Ritual para Ano Novo Astrol\u00f3gico<\/h3>\n<p class=\"Standard\"><span lang=\"PT-BR\"><strong>Material:<\/strong> 1 prato novo de qualquer cor, 1 vela marrom, 1 cristal de Quartzo Branco, \u00e1gua mineral e 1 copo de vidro. <\/span><\/p>\n<p class=\"Standard\"><span lang=\"PT-BR\"><strong>Modo de realiza\u00e7\u00e3o:<\/strong> \u00c0<\/span><span lang=\"PT-BR\">s 6 horas da manh\u00e3 &#8211; hor\u00e1rio de Bras\u00edlia, DF -, coloque dentro do prato a vela marrom, o copo com \u00e1gua mineral e jogue o cristal dentro do copo com a \u00e1gua.<\/span><\/p>\n<p class=\"Standard\">Acenda a vela e repita por tr\u00eas vezes o seguinte encantamento:<\/p>\n<blockquote>\n<blockquote class=\"td_quote_box td_box_center\">\n<p class=\"Standard\">\u201c<a href=\"https:\/\/www.iquilibrio.com\/blog\/astrologia\/planetas\/influencia-de-jupiter\/\">Feliz Ano Novo J\u00fapiter<\/a>, seja bem vindo em minha vida, pe\u00e7o que com vossas energias planet\u00e1rias programe este cristal para trazer a minha vida expans\u00e3o, prote\u00e7\u00e3o e boa sorte, que assim seja, que assim se fa\u00e7a, muito obrigado, muito obrigado, muito obrigado, 12 12 12, Metraton Pilar de Luz, Kodoshi,Kodoshi,Kodoshi Adonai Tsebayoth.\u201d<\/p>\n<\/blockquote>\n<\/blockquote>\n<p class=\"Standard\"><span lang=\"PT-BR\"><strong>Tradu\u00e7\u00e3o:<\/strong> Kodoshi, Kodoshi, Kodoshi Adonai Tsebayoth &#8211; Santo, Santo, Santo, \u00e9 o Senhor Deus, Soberano do Universo.<\/span><\/p>\n<p class=\"Standard\"><span lang=\"PT-BR\">Ap\u00f3s a vela terminar de queimar jogue os restos no lixo, o copo e o prato pode usar em sua casa ou guardar para futuros rituais, e o cristal programado com as energias de J\u00fapiter deve lev\u00e1-lo sempre contigo, o que te ensino \u00e9 uma t\u00e9cnica que remonta os tempos da Atl\u00e2ntida e pode ser feita todos os anos conforme o planeta regente.<\/span><\/p>\n<p class=\"Standard\"><span lang=\"PT-BR\">\u00a0<\/span><span lang=\"PT-BR\">Consultor Evandro.<\/span><\/p>\n<p style=\"text-align: center;\"><span style=\"color: #ffffff;\"><a style=\"color: #ffffff;\" href=\"https:\/\/www.iquilibrio.com\/\"><span class=\"td_btn td_btn_lg td_round_btn class-cta2\">Confira Aqui os Produtos e Atendimentos Especializados do Consultor Evandro<\/span><\/a><\/span><\/p>\n\n\n<div class=\"kk-star-ratings kksr-auto kksr-align-left kksr-valign-bottom\"\n    data-payload='{&quot;align&quot;:&quot;left&quot;,&quot;id&quot;:&quot;15474&quot;,&quot;slug&quot;:&quot;default&quot;,&quot;valign&quot;:&quot;bottom&quot;,&quot;ignore&quot;:&quot;&quot;,&quot;reference&quot;:&quot;auto&quot;,&quot;class&quot;:&quot;&quot;,&quot;count&quot;:&quot;0&quot;,&quot;legendonly&quot;:&quot;&quot;,&quot;readonly&quot;:&quot;&quot;,&quot;score&quot;:&quot;0&quot;,&quot;starsonly&quot;:&quot;&quot;,&quot;best&quot;:&quot;5&quot;,&quot;gap&quot;:&quot;5&quot;,&quot;greet&quot;:&quot;Rate this post&quot;,&quot;legend&quot;:&quot;0\\\/5 - (0 voto)&quot;,&quot;size&quot;:&quot;24&quot;,&quot;title&quot;:&quot;21 de Mar\u00e7o - O Ano Novo na Astrologia em 2018: Pelo Consultor Evandro&quot;,&quot;width&quot;:&quot;0&quot;,&quot;_legend&quot;:&quot;{score}\\\/{best} - ({count} {votes})&quot;,&quot;font_factor&quot;:&quot;1.25&quot;}'>\n            \n<div class=\"kksr-stars\">\n    \n<div class=\"kksr-stars-inactive\">\n            <div class=\"kksr-star\" data-star=\"1\" style=\"padding-right: 5px\">\n            \n\n<div class=\"kksr-icon\" style=\"width: 24px; height: 24px;\"><\/div>\n        <\/div>\n            <div class=\"kksr-star\" data-star=\"2\" style=\"padding-right: 5px\">\n            \n\n<div class=\"kksr-icon\" style=\"width: 24px; height: 24px;\"><\/div>\n        <\/div>\n            <div class=\"kksr-star\" data-star=\"3\" style=\"padding-right: 5px\">\n            \n\n<div class=\"kksr-icon\" style=\"width: 24px; height: 24px;\"><\/div>\n        <\/div>\n            <div class=\"kksr-star\" data-star=\"4\" style=\"padding-right: 5px\">\n            \n\n<div class=\"kksr-icon\" style=\"width: 24px; height: 24px;\"><\/div>\n        <\/div>\n            <div class=\"kksr-star\" data-star=\"5\" style=\"padding-right: 5px\">\n            \n\n<div class=\"kksr-icon\" style=\"width: 24px; height: 24px;\"><\/div>\n        <\/div>\n    <\/div>\n    \n<div class=\"kksr-stars-active\" style=\"width: 0px;\">\n            <div class=\"kksr-star\" style=\"padding-right: 5px\">\n            \n\n<div class=\"kksr-icon\" style=\"width: 24px; height: 24px;\"><\/div>\n        <\/div>\n            <div class=\"kksr-star\" style=\"padding-right: 5px\">\n            \n\n<div class=\"kksr-icon\" style=\"width: 24px; height: 24px;\"><\/div>\n        <\/div>\n            <div class=\"kksr-star\" style=\"padding-right: 5px\">\n            \n\n<div class=\"kksr-icon\" style=\"width: 24px; height: 24px;\"><\/div>\n        <\/div>\n            <div class=\"kksr-star\" style=\"padding-right: 5px\">\n            \n\n<div class=\"kksr-icon\" style=\"width: 24px; height: 24px;\"><\/div>\n        <\/div>\n            <div class=\"kksr-star\" style=\"padding-right: 5px\">\n            \n\n<div class=\"kksr-icon\" style=\"width: 24px; height: 24px;\"><\/div>\n        <\/div>\n    <\/div>\n<\/div>\n                \n\n<div class=\"kksr-legend\" style=\"font-size: 19.2px;\">\n            <span class=\"kksr-muted\">Rate this post<\/span>\n    <\/div>\n    <\/div>\n","protected":false},"excerpt":{"rendered":"<p>Um pouco sobre o consultor Evandro O consultor Evandro \u00e9 Tar\u00f3logo e Terapeuta Hol\u00edstico oficialmente desde 2012, por\u00e9m dedica-se a estudar e praticar os or\u00e1culos desde 1999. Em seus atendimentos ele orienta os consulentes para melhores caminhos em suas vidas, repletos de Luz e felicidade. Esse direcionamento de energias acontece por meio da capta\u00e7\u00e3o da [&hellip;]<\/p>\n","protected":false},"author":20,"featured_media":15480,"comment_status":"open","ping_status":"open","sticky":false,"template":"","format":"standard","meta":{"footnotes":""},"categories":[517],"tags":[719,2769,2768],"class_list":["post-15474","post","type-post","status-publish","format-standard","has-post-thumbnail","hentry","category-astrologia","tag-ano-novo","tag-ano-novo-astrologico","tag-ano-novo-na-astrologia"],"yoast_head":"<!-- This site is optimized with the Yoast SEO plugin v27.4 - https:\/\/yoast.com\/product\/yoast-seo-wordpress\/ -->\n<title>Ano Novo De Novo - Nova Fase Da Astrologia | iQuilibrio<\/title>\n<meta name=\"description\" content=\"Descubra atrav\u00e9s das explica\u00e7\u00f5es do consultor Evandro, o porqu\u00ea em 21 de mar\u00e7o comemora-se novamente um ano novo, dessa vez pelo ponto de vista da Astrologia. Tenha mais autoconhecimento e prepare-se para essa nova fase astrol\u00f3gica que traz uma grande energia que proporcionar\u00e1 mudan\u00e7as necess\u00e1rias.\" \/>\n<meta name=\"robots\" content=\"index, follow, max-snippet:-1, max-image-preview:large, max-video-preview:-1\" \/>\n<link rel=\"canonical\" href=\"https:\/\/www.iquilibrio.com\/blog\/astrologia\/ano_novo_de_novo_evandro\/\" \/>\n<meta property=\"og:locale\" content=\"pt_BR\" \/>\n<meta property=\"og:type\" content=\"article\" \/>\n<meta property=\"og:title\" content=\"Ano Novo De Novo - Nova Fase Da Astrologia | iQuilibrio\" \/>\n<meta property=\"og:description\" content=\"Descubra atrav\u00e9s das explica\u00e7\u00f5es do consultor Evandro, o porqu\u00ea em 21 de mar\u00e7o comemora-se novamente um ano novo, dessa vez pelo ponto de vista da Astrologia. Tenha mais autoconhecimento e prepare-se para essa nova fase astrol\u00f3gica que traz uma grande energia que proporcionar\u00e1 mudan\u00e7as necess\u00e1rias.\" \/>\n<meta property=\"og:url\" content=\"https:\/\/www.iquilibrio.com\/blog\/astrologia\/ano_novo_de_novo_evandro\/\" \/>\n<meta property=\"og:site_name\" content=\"iQuilibrio\" \/>\n<meta property=\"article:publisher\" content=\"https:\/\/www.facebook.com\/iQuilibrio\/\" \/>\n<meta property=\"article:published_time\" content=\"2018-03-20T13:55:53+00:00\" \/>\n<meta property=\"article:modified_time\" content=\"2021-10-28T22:13:49+00:00\" \/>\n<meta property=\"og:image\" content=\"https:\/\/www.iquilibrio.com\/blog\/wp-content\/uploads\/2018\/03\/ano-novo-de-novo.jpg\" \/>\n\t<meta property=\"og:image:width\" content=\"900\" \/>\n\t<meta property=\"og:image:height\" content=\"560\" \/>\n\t<meta property=\"og:image:type\" content=\"image\/jpeg\" \/>\n<meta name=\"author\" content=\"Reda\u00e7\u00e3o iQuilibrio\" \/>\n<meta name=\"twitter:card\" content=\"summary_large_image\" \/>\n<meta name=\"twitter:creator\" content=\"@iquilibrio\" \/>\n<meta name=\"twitter:site\" content=\"@iquilibrio\" \/>\n<meta name=\"twitter:label1\" content=\"Escrito por\" \/>\n\t<meta name=\"twitter:data1\" content=\"Reda\u00e7\u00e3o iQuilibrio\" \/>\n\t<meta name=\"twitter:label2\" content=\"Est. tempo de leitura\" \/>\n\t<meta name=\"twitter:data2\" content=\"3 minutos\" \/>\n<script type=\"application\/ld+json\" class=\"yoast-schema-graph\">{\"@context\":\"https:\\\/\\\/schema.org\",\"@graph\":[{\"@type\":\"Article\",\"@id\":\"https:\\\/\\\/www.iquilibrio.com\\\/blog\\\/astrologia\\\/ano_novo_de_novo_evandro\\\/#article\",\"isPartOf\":{\"@id\":\"https:\\\/\\\/www.iquilibrio.com\\\/blog\\\/astrologia\\\/ano_novo_de_novo_evandro\\\/\"},\"author\":{\"name\":\"Reda\u00e7\u00e3o iQuilibrio\",\"@id\":\"https:\\\/\\\/www.iquilibrio.com\\\/blog\\\/#\\\/schema\\\/person\\\/199505a1f0db0d00f022188666c75dca\"},\"headline\":\"21 de Mar\u00e7o &#8211; O Ano Novo na Astrologia em 2018: Pelo Consultor Evandro\",\"datePublished\":\"2018-03-20T13:55:53+00:00\",\"dateModified\":\"2021-10-28T22:13:49+00:00\",\"mainEntityOfPage\":{\"@id\":\"https:\\\/\\\/www.iquilibrio.com\\\/blog\\\/astrologia\\\/ano_novo_de_novo_evandro\\\/\"},\"wordCount\":533,\"commentCount\":0,\"publisher\":{\"@id\":\"https:\\\/\\\/www.iquilibrio.com\\\/blog\\\/#organization\"},\"image\":{\"@id\":\"https:\\\/\\\/www.iquilibrio.com\\\/blog\\\/astrologia\\\/ano_novo_de_novo_evandro\\\/#primaryimage\"},\"thumbnailUrl\":\"https:\\\/\\\/www.iquilibrio.com\\\/blog\\\/wp-content\\\/uploads\\\/2018\\\/03\\\/ano-novo-de-novo.jpg\",\"keywords\":[\"ano novo\",\"ano novo astrol\u00f3gico\",\"ano novo na astrologia\"],\"articleSection\":[\"Astrologia\"],\"inLanguage\":\"pt-BR\"},{\"@type\":\"WebPage\",\"@id\":\"https:\\\/\\\/www.iquilibrio.com\\\/blog\\\/astrologia\\\/ano_novo_de_novo_evandro\\\/\",\"url\":\"https:\\\/\\\/www.iquilibrio.com\\\/blog\\\/astrologia\\\/ano_novo_de_novo_evandro\\\/\",\"name\":\"Ano Novo De Novo - Nova Fase Da Astrologia | iQuilibrio\",\"isPartOf\":{\"@id\":\"https:\\\/\\\/www.iquilibrio.com\\\/blog\\\/#website\"},\"primaryImageOfPage\":{\"@id\":\"https:\\\/\\\/www.iquilibrio.com\\\/blog\\\/astrologia\\\/ano_novo_de_novo_evandro\\\/#primaryimage\"},\"image\":{\"@id\":\"https:\\\/\\\/www.iquilibrio.com\\\/blog\\\/astrologia\\\/ano_novo_de_novo_evandro\\\/#primaryimage\"},\"thumbnailUrl\":\"https:\\\/\\\/www.iquilibrio.com\\\/blog\\\/wp-content\\\/uploads\\\/2018\\\/03\\\/ano-novo-de-novo.jpg\",\"datePublished\":\"2018-03-20T13:55:53+00:00\",\"dateModified\":\"2021-10-28T22:13:49+00:00\",\"description\":\"Descubra atrav\u00e9s das explica\u00e7\u00f5es do consultor Evandro, o porqu\u00ea em 21 de mar\u00e7o comemora-se novamente um ano novo, dessa vez pelo ponto de vista da Astrologia. Tenha mais autoconhecimento e prepare-se para essa nova fase astrol\u00f3gica que traz uma grande energia que proporcionar\u00e1 mudan\u00e7as necess\u00e1rias.\",\"breadcrumb\":{\"@id\":\"https:\\\/\\\/www.iquilibrio.com\\\/blog\\\/astrologia\\\/ano_novo_de_novo_evandro\\\/#breadcrumb\"},\"inLanguage\":\"pt-BR\",\"potentialAction\":[{\"@type\":\"ReadAction\",\"target\":[\"https:\\\/\\\/www.iquilibrio.com\\\/blog\\\/astrologia\\\/ano_novo_de_novo_evandro\\\/\"]}]},{\"@type\":\"ImageObject\",\"inLanguage\":\"pt-BR\",\"@id\":\"https:\\\/\\\/www.iquilibrio.com\\\/blog\\\/astrologia\\\/ano_novo_de_novo_evandro\\\/#primaryimage\",\"url\":\"https:\\\/\\\/www.iquilibrio.com\\\/blog\\\/wp-content\\\/uploads\\\/2018\\\/03\\\/ano-novo-de-novo.jpg\",\"contentUrl\":\"https:\\\/\\\/www.iquilibrio.com\\\/blog\\\/wp-content\\\/uploads\\\/2018\\\/03\\\/ano-novo-de-novo.jpg\",\"width\":900,\"height\":560,\"caption\":\"Ano Novo Astrol\u00f3gico\"},{\"@type\":\"BreadcrumbList\",\"@id\":\"https:\\\/\\\/www.iquilibrio.com\\\/blog\\\/astrologia\\\/ano_novo_de_novo_evandro\\\/#breadcrumb\",\"itemListElement\":[{\"@type\":\"ListItem\",\"position\":1,\"name\":\"In\u00edcio\",\"item\":\"https:\\\/\\\/www.iquilibrio.com\\\/blog\\\/\"},{\"@type\":\"ListItem\",\"position\":2,\"name\":\"21 de Mar\u00e7o &#8211; O Ano Novo na Astrologia em 2018: Pelo Consultor Evandro\"}]},{\"@type\":\"WebSite\",\"@id\":\"https:\\\/\\\/www.iquilibrio.com\\\/blog\\\/#website\",\"url\":\"https:\\\/\\\/www.iquilibrio.com\\\/blog\\\/\",\"name\":\"iQuilibrio\",\"description\":\"Blog iQuilibrio\",\"publisher\":{\"@id\":\"https:\\\/\\\/www.iquilibrio.com\\\/blog\\\/#organization\"},\"potentialAction\":[{\"@type\":\"SearchAction\",\"target\":{\"@type\":\"EntryPoint\",\"urlTemplate\":\"https:\\\/\\\/www.iquilibrio.com\\\/blog\\\/?s={search_term_string}\"},\"query-input\":{\"@type\":\"PropertyValueSpecification\",\"valueRequired\":true,\"valueName\":\"search_term_string\"}}],\"inLanguage\":\"pt-BR\"},{\"@type\":\"Organization\",\"@id\":\"https:\\\/\\\/www.iquilibrio.com\\\/blog\\\/#organization\",\"name\":\"Esoterismo, Misticismo e Tarot Online - iQuilibrio\",\"url\":\"https:\\\/\\\/www.iquilibrio.com\\\/blog\\\/\",\"logo\":{\"@type\":\"ImageObject\",\"inLanguage\":\"pt-BR\",\"@id\":\"https:\\\/\\\/www.iquilibrio.com\\\/blog\\\/#\\\/schema\\\/logo\\\/image\\\/\",\"url\":\"https:\\\/\\\/www.iquilibrio.com\\\/blog\\\/wp-content\\\/uploads\\\/2018\\\/12\\\/iquilibrio_lovo_vetor_preto-retina.png\",\"contentUrl\":\"https:\\\/\\\/www.iquilibrio.com\\\/blog\\\/wp-content\\\/uploads\\\/2018\\\/12\\\/iquilibrio_lovo_vetor_preto-retina.png\",\"width\":972,\"height\":180,\"caption\":\"Esoterismo, Misticismo e Tarot Online - iQuilibrio\"},\"image\":{\"@id\":\"https:\\\/\\\/www.iquilibrio.com\\\/blog\\\/#\\\/schema\\\/logo\\\/image\\\/\"},\"sameAs\":[\"https:\\\/\\\/www.facebook.com\\\/iQuilibrio\\\/\",\"https:\\\/\\\/x.com\\\/iquilibrio\",\"https:\\\/\\\/www.instagram.com\\\/iquilibrio\\\/\",\"https:\\\/\\\/www.linkedin.com\\\/company\\\/iquilibrio\\\/\",\"https:\\\/\\\/br.pinterest.com\\\/iquilibrio1397\\\/\",\"https:\\\/\\\/www.youtube.com\\\/channel\\\/UC175qxd-4Zsi4wzawT5zF2g\"]},{\"@type\":\"Person\",\"@id\":\"https:\\\/\\\/www.iquilibrio.com\\\/blog\\\/#\\\/schema\\\/person\\\/199505a1f0db0d00f022188666c75dca\",\"name\":\"Reda\u00e7\u00e3o iQuilibrio\",\"image\":{\"@type\":\"ImageObject\",\"inLanguage\":\"pt-BR\",\"@id\":\"https:\\\/\\\/www.iquilibrio.com\\\/blog\\\/wp-content\\\/uploads\\\/2021\\\/12\\\/Consulta-por-email-3-150x150.png\",\"url\":\"https:\\\/\\\/www.iquilibrio.com\\\/blog\\\/wp-content\\\/uploads\\\/2021\\\/12\\\/Consulta-por-email-3-150x150.png\",\"contentUrl\":\"https:\\\/\\\/www.iquilibrio.com\\\/blog\\\/wp-content\\\/uploads\\\/2021\\\/12\\\/Consulta-por-email-3-150x150.png\",\"caption\":\"Reda\u00e7\u00e3o iQuilibrio\"},\"description\":\"A equipe de reda\u00e7\u00e3o da iQuilibrio \u00e9 composta pelos mais diversos especialistas e esot\u00e9ricos. Al\u00e9m de dominar a arte de traduzir as energias que o universo emana, nossos redatores sentem imenso prazer em trabalhar com palavras. Boa leitura e um \u00f3timo aprendizado!\",\"url\":\"https:\\\/\\\/www.iquilibrio.com\\\/blog\\\/author\\\/juliana\\\/\"}]}<\/script>\n<!-- \/ Yoast SEO plugin. -->","yoast_head_json":{"title":"Ano Novo De Novo - Nova Fase Da Astrologia | iQuilibrio","description":"Descubra atrav\u00e9s das explica\u00e7\u00f5es do consultor Evandro, o porqu\u00ea em 21 de mar\u00e7o comemora-se novamente um ano novo, dessa vez pelo ponto de vista da Astrologia. Tenha mais autoconhecimento e prepare-se para essa nova fase astrol\u00f3gica que traz uma grande energia que proporcionar\u00e1 mudan\u00e7as necess\u00e1rias.","robots":{"index":"index","follow":"follow","max-snippet":"max-snippet:-1","max-image-preview":"max-image-preview:large","max-video-preview":"max-video-preview:-1"},"canonical":"https:\/\/www.iquilibrio.com\/blog\/astrologia\/ano_novo_de_novo_evandro\/","og_locale":"pt_BR","og_type":"article","og_title":"Ano Novo De Novo - Nova Fase Da Astrologia | iQuilibrio","og_description":"Descubra atrav\u00e9s das explica\u00e7\u00f5es do consultor Evandro, o porqu\u00ea em 21 de mar\u00e7o comemora-se novamente um ano novo, dessa vez pelo ponto de vista da Astrologia. Tenha mais autoconhecimento e prepare-se para essa nova fase astrol\u00f3gica que traz uma grande energia que proporcionar\u00e1 mudan\u00e7as necess\u00e1rias.","og_url":"https:\/\/www.iquilibrio.com\/blog\/astrologia\/ano_novo_de_novo_evandro\/","og_site_name":"iQuilibrio","article_publisher":"https:\/\/www.facebook.com\/iQuilibrio\/","article_published_time":"2018-03-20T13:55:53+00:00","article_modified_time":"2021-10-28T22:13:49+00:00","og_image":[{"width":900,"height":560,"url":"https:\/\/www.iquilibrio.com\/blog\/wp-content\/uploads\/2018\/03\/ano-novo-de-novo.jpg","type":"image\/jpeg"}],"author":"Reda\u00e7\u00e3o iQuilibrio","twitter_card":"summary_large_image","twitter_creator":"@iquilibrio","twitter_site":"@iquilibrio","twitter_misc":{"Escrito por":"Reda\u00e7\u00e3o iQuilibrio","Est. tempo de leitura":"3 minutos"},"schema":{"@context":"https:\/\/schema.org","@graph":[{"@type":"Article","@id":"https:\/\/www.iquilibrio.com\/blog\/astrologia\/ano_novo_de_novo_evandro\/#article","isPartOf":{"@id":"https:\/\/www.iquilibrio.com\/blog\/astrologia\/ano_novo_de_novo_evandro\/"},"author":{"name":"Reda\u00e7\u00e3o iQuilibrio","@id":"https:\/\/www.iquilibrio.com\/blog\/#\/schema\/person\/199505a1f0db0d00f022188666c75dca"},"headline":"21 de Mar\u00e7o &#8211; O Ano Novo na Astrologia em 2018: Pelo Consultor Evandro","datePublished":"2018-03-20T13:55:53+00:00","dateModified":"2021-10-28T22:13:49+00:00","mainEntityOfPage":{"@id":"https:\/\/www.iquilibrio.com\/blog\/astrologia\/ano_novo_de_novo_evandro\/"},"wordCount":533,"commentCount":0,"publisher":{"@id":"https:\/\/www.iquilibrio.com\/blog\/#organization"},"image":{"@id":"https:\/\/www.iquilibrio.com\/blog\/astrologia\/ano_novo_de_novo_evandro\/#primaryimage"},"thumbnailUrl":"https:\/\/www.iquilibrio.com\/blog\/wp-content\/uploads\/2018\/03\/ano-novo-de-novo.jpg","keywords":["ano novo","ano novo astrol\u00f3gico","ano novo na astrologia"],"articleSection":["Astrologia"],"inLanguage":"pt-BR"},{"@type":"WebPage","@id":"https:\/\/www.iquilibrio.com\/blog\/astrologia\/ano_novo_de_novo_evandro\/","url":"https:\/\/www.iquilibrio.com\/blog\/astrologia\/ano_novo_de_novo_evandro\/","name":"Ano Novo De Novo - Nova Fase Da Astrologia | iQuilibrio","isPartOf":{"@id":"https:\/\/www.iquilibrio.com\/blog\/#website"},"primaryImageOfPage":{"@id":"https:\/\/www.iquilibrio.com\/blog\/astrologia\/ano_novo_de_novo_evandro\/#primaryimage"},"image":{"@id":"https:\/\/www.iquilibrio.com\/blog\/astrologia\/ano_novo_de_novo_evandro\/#primaryimage"},"thumbnailUrl":"https:\/\/www.iquilibrio.com\/blog\/wp-content\/uploads\/2018\/03\/ano-novo-de-novo.jpg","datePublished":"2018-03-20T13:55:53+00:00","dateModified":"2021-10-28T22:13:49+00:00","description":"Descubra atrav\u00e9s das explica\u00e7\u00f5es do consultor Evandro, o porqu\u00ea em 21 de mar\u00e7o comemora-se novamente um ano novo, dessa vez pelo ponto de vista da Astrologia. Tenha mais autoconhecimento e prepare-se para essa nova fase astrol\u00f3gica que traz uma grande energia que proporcionar\u00e1 mudan\u00e7as necess\u00e1rias.","breadcrumb":{"@id":"https:\/\/www.iquilibrio.com\/blog\/astrologia\/ano_novo_de_novo_evandro\/#breadcrumb"},"inLanguage":"pt-BR","potentialAction":[{"@type":"ReadAction","target":["https:\/\/www.iquilibrio.com\/blog\/astrologia\/ano_novo_de_novo_evandro\/"]}]},{"@type":"ImageObject","inLanguage":"pt-BR","@id":"https:\/\/www.iquilibrio.com\/blog\/astrologia\/ano_novo_de_novo_evandro\/#primaryimage","url":"https:\/\/www.iquilibrio.com\/blog\/wp-content\/uploads\/2018\/03\/ano-novo-de-novo.jpg","contentUrl":"https:\/\/www.iquilibrio.com\/blog\/wp-content\/uploads\/2018\/03\/ano-novo-de-novo.jpg","width":900,"height":560,"caption":"Ano Novo Astrol\u00f3gico"},{"@type":"BreadcrumbList","@id":"https:\/\/www.iquilibrio.com\/blog\/astrologia\/ano_novo_de_novo_evandro\/#breadcrumb","itemListElement":[{"@type":"ListItem","position":1,"name":"In\u00edcio","item":"https:\/\/www.iquilibrio.com\/blog\/"},{"@type":"ListItem","position":2,"name":"21 de Mar\u00e7o &#8211; O Ano Novo na Astrologia em 2018: Pelo Consultor Evandro"}]},{"@type":"WebSite","@id":"https:\/\/www.iquilibrio.com\/blog\/#website","url":"https:\/\/www.iquilibrio.com\/blog\/","name":"iQuilibrio","description":"Blog iQuilibrio","publisher":{"@id":"https:\/\/www.iquilibrio.com\/blog\/#organization"},"potentialAction":[{"@type":"SearchAction","target":{"@type":"EntryPoint","urlTemplate":"https:\/\/www.iquilibrio.com\/blog\/?s={search_term_string}"},"query-input":{"@type":"PropertyValueSpecification","valueRequired":true,"valueName":"search_term_string"}}],"inLanguage":"pt-BR"},{"@type":"Organization","@id":"https:\/\/www.iquilibrio.com\/blog\/#organization","name":"Esoterismo, Misticismo e Tarot Online - iQuilibrio","url":"https:\/\/www.iquilibrio.com\/blog\/","logo":{"@type":"ImageObject","inLanguage":"pt-BR","@id":"https:\/\/www.iquilibrio.com\/blog\/#\/schema\/logo\/image\/","url":"https:\/\/www.iquilibrio.com\/blog\/wp-content\/uploads\/2018\/12\/iquilibrio_lovo_vetor_preto-retina.png","contentUrl":"https:\/\/www.iquilibrio.com\/blog\/wp-content\/uploads\/2018\/12\/iquilibrio_lovo_vetor_preto-retina.png","width":972,"height":180,"caption":"Esoterismo, Misticismo e Tarot Online - iQuilibrio"},"image":{"@id":"https:\/\/www.iquilibrio.com\/blog\/#\/schema\/logo\/image\/"},"sameAs":["https:\/\/www.facebook.com\/iQuilibrio\/","https:\/\/x.com\/iquilibrio","https:\/\/www.instagram.com\/iquilibrio\/","https:\/\/www.linkedin.com\/company\/iquilibrio\/","https:\/\/br.pinterest.com\/iquilibrio1397\/","https:\/\/www.youtube.com\/channel\/UC175qxd-4Zsi4wzawT5zF2g"]},{"@type":"Person","@id":"https:\/\/www.iquilibrio.com\/blog\/#\/schema\/person\/199505a1f0db0d00f022188666c75dca","name":"Reda\u00e7\u00e3o iQuilibrio","image":{"@type":"ImageObject","inLanguage":"pt-BR","@id":"https:\/\/www.iquilibrio.com\/blog\/wp-content\/uploads\/2021\/12\/Consulta-por-email-3-150x150.png","url":"https:\/\/www.iquilibrio.com\/blog\/wp-content\/uploads\/2021\/12\/Consulta-por-email-3-150x150.png","contentUrl":"https:\/\/www.iquilibrio.com\/blog\/wp-content\/uploads\/2021\/12\/Consulta-por-email-3-150x150.png","caption":"Reda\u00e7\u00e3o iQuilibrio"},"description":"A equipe de reda\u00e7\u00e3o da iQuilibrio \u00e9 composta pelos mais diversos especialistas e esot\u00e9ricos. Al\u00e9m de dominar a arte de traduzir as energias que o universo emana, nossos redatores sentem imenso prazer em trabalhar com palavras. Boa leitura e um \u00f3timo aprendizado!","url":"https:\/\/www.iquilibrio.com\/blog\/author\/juliana\/"}]}},"_links":{"self":[{"href":"https:\/\/www.iquilibrio.com\/blog\/wp-json\/wp\/v2\/posts\/15474","targetHints":{"allow":["GET"]}}],"collection":[{"href":"https:\/\/www.iquilibrio.com\/blog\/wp-json\/wp\/v2\/posts"}],"about":[{"href":"https:\/\/www.iquilibrio.com\/blog\/wp-json\/wp\/v2\/types\/post"}],"author":[{"embeddable":true,"href":"https:\/\/www.iquilibrio.com\/blog\/wp-json\/wp\/v2\/users\/20"}],"replies":[{"embeddable":true,"href":"https:\/\/www.iquilibrio.com\/blog\/wp-json\/wp\/v2\/comments?post=15474"}],"version-history":[{"count":11,"href":"https:\/\/www.iquilibrio.com\/blog\/wp-json\/wp\/v2\/posts\/15474\/revisions"}],"predecessor-version":[{"id":33238,"href":"https:\/\/www.iquilibrio.com\/blog\/wp-json\/wp\/v2\/posts\/15474\/revisions\/33238"}],"wp:featuredmedia":[{"embeddable":true,"href":"https:\/\/www.iquilibrio.com\/blog\/wp-json\/wp\/v2\/media\/15480"}],"wp:attachment":[{"href":"https:\/\/www.iquilibrio.com\/blog\/wp-json\/wp\/v2\/media?parent=15474"}],"wp:term":[{"taxonomy":"category","embeddable":true,"href":"https:\/\/www.iquilibrio.com\/blog\/wp-json\/wp\/v2\/categories?post=15474"},{"taxonomy":"post_tag","embeddable":true,"href":"https:\/\/www.iquilibrio.com\/blog\/wp-json\/wp\/v2\/tags?post=15474"}],"curies":[{"name":"wp","href":"https:\/\/api.w.org\/{rel}","templated":true}]}}