{"id":15083,"date":"2020-08-12T07:00:51","date_gmt":"2020-08-12T10:00:51","guid":{"rendered":"https:\/\/www.iquilibrio.com\/blog\/?p=15083"},"modified":"2020-08-10T11:08:04","modified_gmt":"2020-08-10T14:08:04","slug":"crianca-interior","status":"publish","type":"post","link":"https:\/\/www.iquilibrio.com\/blog\/espiritualidade\/crianca-interior\/","title":{"rendered":"Descubra dicas poderosas para cuidar da sua Crian\u00e7a Interior"},"content":{"rendered":"<p>Dentro de cada um de n\u00f3s existe uma<strong> crian\u00e7a interior<\/strong> que deve ser amada, para que a intui\u00e7\u00e3o, confian\u00e7a, criatividade, imagina\u00e7\u00e3o, curiosidade e paix\u00e3o possam florescer. Ela \u00e9 a nossa <a href=\"https:\/\/www.iquilibrio.com\/autoconhecimento\/\">maior fonte de autoconhecimento<\/a> e tem o poder de aumentar nossa autoestima, paz e alegria, e consequentemente teremos um verdadeiro encontro com n\u00f3s mesmos e aprenderemos a amar tanto as qualidades quanto defeitos, para assim obtermos <strong>prosperidade<\/strong>\u00a0em tudo na vida.<\/p>\n<p style=\"text-align: center;\"><a href=\"https:\/\/www.iquilibrio.com\/autoconhecimento\/\"><span class=\"td_btn td_btn_lg td_round_btn class-cta1\" style=\"color: #ffffff;\">Melhore Sua Energia de Vida Com a Ajuda de Especialistas em Bem-Estar. FALE AGORA<\/span><\/a><\/p>\n<p>Logicamente que temos nossos aspectos de personalidade adulta, temos nossas responsabilidades e rotinas, mas por que n\u00e3o resgatar o que era bom? Por que n\u00e3o aprender a equilibrar todas as emo\u00e7\u00f5es e despertar nossa crian\u00e7a interior? Aprenda a cuidar e principalmente o que falar para a sua crian\u00e7a interior, saiba que essa \u00e9 uma das <strong>terapias alternativas<\/strong> mais eficazes para quem quer encontrar paz interior e felicidade.<\/p>\n<p>Mas se voc\u00ea procura por consultas especializadas e respostas r\u00e1pidas para quest\u00f5es que est\u00e3o presentes em sua vida, poder\u00e1 escolher um dos nossos consultores e receber conselhos \u00fanicos.<a href=\"https:\/\/www.iquilibrio.com\/esotericos\/\"> Clique aqui!\u00a0<\/a><\/p>\n<h2>O que \u00e9 crian\u00e7a interior?<\/h2>\n<p><span style=\"font-weight: 400;\">Para entender melhor sobre o que \u00e9 a nossa crian\u00e7a interior, podemos resumir tudo em uma frase:<\/span><\/p>\n<blockquote><p><span style=\"font-weight: 400;\">&#8220;Em todo adulto espreita uma crian\u00e7a &#8211; uma crian\u00e7a eterna, algo que est\u00e1 sempre vindo a ser, que nunca est\u00e1 completo, e que solicita, aten\u00e7\u00e3o e educa\u00e7\u00e3o incessantes. Essa \u00e9 a parte da personalidade humana que quer desenvolver-se e tornar-se completa&#8221; &#8211;\u00a0<\/span><span style=\"font-weight: 400;\">Carl Gustav Jung psiquiatra su\u00ed\u00e7o (1875-1961)<\/span><\/p><\/blockquote>\n<p><span style=\"font-weight: 400;\">Por isso a presen\u00e7a da crian\u00e7a n\u00e3o \u00e9 aquela que veio com nossos filhos ou familiares, mas a que vive dentro de n\u00f3s e que precisa de uma maior compreens\u00e3o. Atrav\u00e9s disso e do reencontro \u00e9 poss\u00edvel entendermos o seu real significado e encontrarmos ent\u00e3o poss\u00edveis <a href=\"https:\/\/www.iquilibrio.com\/astrologia\/mapa-astral\/autoconhecimento\/\">evolu\u00e7\u00f5es pelo autoconhecimento. <\/a><\/span><\/p>\n<p><span style=\"font-weight: 400;\">Mas existe uma distor\u00e7\u00e3o no entendimento de quando falamos sobre cuidar ou conversar com a crian\u00e7a interior, n\u00e3o \u00e9 para sermos imaturos no comportamento, ou deixarmos as responsabilidades, mas para resgatar a verdadeira ess\u00eancia da sinceridade, pureza e alegria sincera. <\/span><\/p>\n<h2>O que voc\u00ea pode dizer para sua crian\u00e7a interior?<\/h2>\n<p><span style=\"font-weight: 400;\">Em primeiro lugar voc\u00ea precisa sentir realmente e falar com sinceridade para voc\u00ea mesmo! Comece reconhecendo o que te abala, isto \u00e9, se est\u00e1 enfrentando uma <strong>depress\u00e3o<\/strong>, se possui medo, se sente solit\u00e1rio, pequeno e at\u00e9 mesmo perdido em qualquer que seja o assunto pode come\u00e7ar falando para su<strong>a crian\u00e7a interior<\/strong>:<\/span><\/p>\n<ul>\n<li style=\"font-weight: 400;\"><span style=\"font-weight: 400;\">eu te amo, porque hoje e <a href=\"https:\/\/www.iquilibrio.com\/amor-relacionamentos\/\">sempre somos dignos de amor;<\/a><\/span><\/li>\n<li style=\"font-weight: 400;\"><span style=\"font-weight: 400;\">reconhecimento, dizendo: \u201c voc\u00ea fez o seu melhor!\u201d;<\/span><\/li>\n<li style=\"font-weight: 400;\"><span style=\"font-weight: 400;\"><strong>gratid\u00e3o<\/strong>, por nunca desistir e por chegar onde chegou mesmo com os momentos dif\u00edceis;<\/span><\/li>\n<li style=\"font-weight: 400;\"><span style=\"font-weight: 400;\">eu perdoo as falhas de minha crian\u00e7a interior, sem guardar culpas ou arrependimentos;<\/span><\/li>\n<li style=\"font-weight: 400;\"><span style=\"font-weight: 400;\">desculpe, minha crian\u00e7a n\u00e3o merece ser t\u00e3o cobrada, perturbada por uma vida de adulto que \u00e9 t\u00e3o agitada;<\/span><\/li>\n<li style=\"font-weight: 400;\"><span style=\"font-weight: 400;\">para <strong>cura da crian\u00e7a interior<\/strong>, \u00e9 preciso ouvi-la e respeit\u00e1-la sempre!<\/span><\/li>\n<\/ul>\n<h2>Como cuidar de sua crian\u00e7a interior<\/h2>\n<p>Lembre-se que sempre h\u00e1 um resgate a se fazer, sendo da espontaneidade de pensamentos, na criatividade, no modo em que se v\u00ea as coisas, nas formas originais de express\u00e3o ou na coragem, e o mais importante de tudo: quando deixar aflorar tudo isso, saber ponderar o equil\u00edbrio das coisas e administrar o emocional.<\/p>\n<p>Confira como voc\u00ea pode cuidar de sua <strong>crian\u00e7a<\/strong> com pequenas t\u00e9cnicas simples, <a href=\"https:\/\/www.iquilibrio.com\/previsoes-saude\/\">f\u00e1ceis e que ir\u00e3o modificar o seu jeito de pensar e agir<\/a>:<\/p>\n<ul>\n<li>primeiramente reconhe\u00e7a que existe uma crian\u00e7a dentro de voc\u00ea, aquela que viveu toda sua inf\u00e2ncia mas que permanece a\u00ed dentro. Algumas mais ativas e outras adormecidas;<\/li>\n<li>entre em contato sempre que puder com sua crian\u00e7a interior. Converse com ela e relembre diversos momentos bons;<\/li>\n<li>pegue uma foto sua de quando era crian\u00e7a e todos os dias olhe para ela com carinho, transmitindo-lhe amor e paz;<\/li>\n<li>uma t\u00e9cnica muito boa \u00e9 lembrar das <strong>brincadeiras de crian\u00e7a<\/strong>, ou as cores e texturas dos objetos que mais gostava;<\/li>\n<li>em um estado de <a href=\"https:\/\/www.iquilibrio.com\/meditacao\/sessao-guiada\/\">total relaxamento e<strong> medita\u00e7\u00e3o<\/strong><\/a>, imagine sua crian\u00e7a interna dormindo, aproxime-se dela passe a m\u00e3os em seus cabelos e acorde-a, olhe bem nos olhos dela e pergunte o que \u00e9 que ela mais precisa. Ou\u00e7a bem a resposta e a diga que a ama muito;<\/li>\n<li>quando estiver triste ou desesperado com qualquer situa\u00e7\u00e3o de seu dia ou rotina, se abrace como se estivesse envolvendo uma crian\u00e7a em seu colo, tente relaxar e dizer em voz alta palavras de conforto e sentimentos bons;<\/li>\n<li>permita-se sentir o <strong>amor de crian\u00e7a,<\/strong> deixe-se levar pelos novos momentos, leve sua crian\u00e7a para passear e esque\u00e7a toda a responsabilidade;<\/li>\n<li>n\u00e3o viva sendo a regra ou vontade dos outros, apenas respeite-as;<\/li>\n<li>tire um dia para voc\u00ea ir ao supermercado e comprar aquilo que mais gosta de comer, e n\u00e3o se culpe! Mas tamb\u00e9m pense bem para n\u00e3o ter exageros.<\/li>\n<\/ul>\n<h2>Aviso!<\/h2>\n<p>Talvez muitas pessoas te chamar\u00e3o de imaturo ou infantil por seguir alguns instintos de sua crian\u00e7a, mas antes mesmo de mudar suas atitudes ou se ofender com o que os outros dizem ou pensam, acredite! Na maioria das vezes estas pessoas possuem inveja de voc\u00ea e da maneira que age, possuem medo de mudarem a si pr\u00f3prio e por isso te criticam!<\/p>\n<p>Com essas dicas voc\u00ea desenvolver\u00e1 algumas conex\u00f5es com sua crian\u00e7a interior, lembre-se de ench\u00ea-la de sentimentos bons e de energias \u00fanicas. Portanto valorize quem voc\u00ea foi, porque voc\u00ea \u00e9 quem \u00e9 hoje, por causa de seus primeiros passos.<\/p>\n<p style=\"text-align: center;\"><span style=\"color: #ffffff;\"><a style=\"color: #ffffff;\" href=\"https:\/\/www.iquilibrio.com\/autoconhecimento\/\"><span class=\"td_btn td_btn_lg td_round_btn class-cta2\">Aumente Seu Autoconhecimento e Desfrute De Transforma\u00e7\u00f5es em Sua Vida. COMECE AGORA!<\/span><\/a><\/span><\/p>\n\n\n<div class=\"kk-star-ratings kksr-auto kksr-align-left kksr-valign-bottom\"\n    data-payload='{&quot;align&quot;:&quot;left&quot;,&quot;id&quot;:&quot;15083&quot;,&quot;slug&quot;:&quot;default&quot;,&quot;valign&quot;:&quot;bottom&quot;,&quot;ignore&quot;:&quot;&quot;,&quot;reference&quot;:&quot;auto&quot;,&quot;class&quot;:&quot;&quot;,&quot;count&quot;:&quot;1&quot;,&quot;legendonly&quot;:&quot;&quot;,&quot;readonly&quot;:&quot;&quot;,&quot;score&quot;:&quot;5&quot;,&quot;starsonly&quot;:&quot;&quot;,&quot;best&quot;:&quot;5&quot;,&quot;gap&quot;:&quot;5&quot;,&quot;greet&quot;:&quot;Rate this post&quot;,&quot;legend&quot;:&quot;5\\\/5 - (1 voto)&quot;,&quot;size&quot;:&quot;24&quot;,&quot;title&quot;:&quot;Descubra dicas poderosas para cuidar da sua Crian\u00e7a Interior&quot;,&quot;width&quot;:&quot;142.5&quot;,&quot;_legend&quot;:&quot;{score}\\\/{best} - ({count} {votes})&quot;,&quot;font_factor&quot;:&quot;1.25&quot;}'>\n            \n<div class=\"kksr-stars\">\n    \n<div class=\"kksr-stars-inactive\">\n            <div class=\"kksr-star\" data-star=\"1\" style=\"padding-right: 5px\">\n            \n\n<div class=\"kksr-icon\" style=\"width: 24px; height: 24px;\"><\/div>\n        <\/div>\n            <div class=\"kksr-star\" data-star=\"2\" style=\"padding-right: 5px\">\n            \n\n<div class=\"kksr-icon\" style=\"width: 24px; height: 24px;\"><\/div>\n        <\/div>\n            <div class=\"kksr-star\" data-star=\"3\" style=\"padding-right: 5px\">\n            \n\n<div class=\"kksr-icon\" style=\"width: 24px; height: 24px;\"><\/div>\n        <\/div>\n            <div class=\"kksr-star\" data-star=\"4\" style=\"padding-right: 5px\">\n            \n\n<div class=\"kksr-icon\" style=\"width: 24px; height: 24px;\"><\/div>\n        <\/div>\n            <div class=\"kksr-star\" data-star=\"5\" style=\"padding-right: 5px\">\n            \n\n<div class=\"kksr-icon\" style=\"width: 24px; height: 24px;\"><\/div>\n        <\/div>\n    <\/div>\n    \n<div class=\"kksr-stars-active\" style=\"width: 142.5px;\">\n            <div class=\"kksr-star\" style=\"padding-right: 5px\">\n            \n\n<div class=\"kksr-icon\" style=\"width: 24px; height: 24px;\"><\/div>\n        <\/div>\n            <div class=\"kksr-star\" style=\"padding-right: 5px\">\n            \n\n<div class=\"kksr-icon\" style=\"width: 24px; height: 24px;\"><\/div>\n        <\/div>\n            <div class=\"kksr-star\" style=\"padding-right: 5px\">\n            \n\n<div class=\"kksr-icon\" style=\"width: 24px; height: 24px;\"><\/div>\n        <\/div>\n            <div class=\"kksr-star\" style=\"padding-right: 5px\">\n            \n\n<div class=\"kksr-icon\" style=\"width: 24px; height: 24px;\"><\/div>\n        <\/div>\n            <div class=\"kksr-star\" style=\"padding-right: 5px\">\n            \n\n<div class=\"kksr-icon\" style=\"width: 24px; height: 24px;\"><\/div>\n        <\/div>\n    <\/div>\n<\/div>\n                \n\n<div class=\"kksr-legend\" style=\"font-size: 19.2px;\">\n            5\/5 - (1 voto)    <\/div>\n    <\/div>\n","protected":false},"excerpt":{"rendered":"<p>Dentro de cada um de n\u00f3s existe uma crian\u00e7a interior que deve ser amada, para que a intui\u00e7\u00e3o, confian\u00e7a, criatividade, imagina\u00e7\u00e3o, curiosidade e paix\u00e3o possam florescer. Ela \u00e9 a nossa maior fonte de autoconhecimento e tem o poder de aumentar nossa autoestima, paz e alegria, e consequentemente teremos um verdadeiro encontro com n\u00f3s mesmos e [&hellip;]<\/p>\n","protected":false},"author":20,"featured_media":15539,"comment_status":"open","ping_status":"open","sticky":false,"template":"","format":"standard","meta":{"footnotes":""},"categories":[502],"tags":[2743,2742,2741],"class_list":["post-15083","post","type-post","status-publish","format-standard","has-post-thumbnail","hentry","category-espiritualidade","tag-como-cuidar-da-crianca-interior","tag-crianca","tag-crianca-interior"],"yoast_head":"<!-- This site is optimized with the Yoast SEO plugin v27.4 - https:\/\/yoast.com\/product\/yoast-seo-wordpress\/ -->\n<title>Crian\u00e7a Interior - Dicas De Como Cuidar E Se Conectar \u00c0 Ela | iQuilibrio<\/title>\n<meta name=\"description\" content=\"Entenda mais sobre o que se trata a crian\u00e7a interior, e conhe\u00e7a a import\u00e2ncia dela ser amada e cuidada para seu pr\u00f3prio benef\u00edcio. Confira aqui!\" \/>\n<meta name=\"robots\" content=\"index, follow, max-snippet:-1, max-image-preview:large, max-video-preview:-1\" \/>\n<link rel=\"canonical\" href=\"https:\/\/www.iquilibrio.com\/blog\/espiritualidade\/crianca-interior\/\" \/>\n<meta property=\"og:locale\" content=\"pt_BR\" \/>\n<meta property=\"og:type\" content=\"article\" \/>\n<meta property=\"og:title\" content=\"Crian\u00e7a Interior - Dicas De Como Cuidar E Se Conectar \u00c0 Ela | iQuilibrio\" \/>\n<meta property=\"og:description\" content=\"Entenda mais sobre o que se trata a crian\u00e7a interior, e conhe\u00e7a a import\u00e2ncia dela ser amada e cuidada para seu pr\u00f3prio benef\u00edcio. Confira aqui!\" \/>\n<meta property=\"og:url\" content=\"https:\/\/www.iquilibrio.com\/blog\/espiritualidade\/crianca-interior\/\" \/>\n<meta property=\"og:site_name\" content=\"iQuilibrio\" \/>\n<meta property=\"article:publisher\" content=\"https:\/\/www.facebook.com\/iQuilibrio\/\" \/>\n<meta property=\"article:published_time\" content=\"2020-08-12T10:00:51+00:00\" \/>\n<meta property=\"og:image\" content=\"https:\/\/www.iquilibrio.com\/blog\/wp-content\/uploads\/2018\/03\/crianca-interior.jpg\" \/>\n\t<meta property=\"og:image:width\" content=\"900\" \/>\n\t<meta property=\"og:image:height\" content=\"560\" \/>\n\t<meta property=\"og:image:type\" content=\"image\/jpeg\" \/>\n<meta name=\"author\" content=\"Reda\u00e7\u00e3o iQuilibrio\" \/>\n<meta name=\"twitter:card\" content=\"summary_large_image\" \/>\n<meta name=\"twitter:creator\" content=\"@iquilibrio\" \/>\n<meta name=\"twitter:site\" content=\"@iquilibrio\" \/>\n<meta name=\"twitter:label1\" content=\"Escrito por\" \/>\n\t<meta name=\"twitter:data1\" content=\"Reda\u00e7\u00e3o iQuilibrio\" \/>\n\t<meta name=\"twitter:label2\" content=\"Est. tempo de leitura\" \/>\n\t<meta name=\"twitter:data2\" content=\"5 minutos\" \/>\n<script type=\"application\/ld+json\" class=\"yoast-schema-graph\">{\"@context\":\"https:\\\/\\\/schema.org\",\"@graph\":[{\"@type\":\"Article\",\"@id\":\"https:\\\/\\\/www.iquilibrio.com\\\/blog\\\/espiritualidade\\\/crianca-interior\\\/#article\",\"isPartOf\":{\"@id\":\"https:\\\/\\\/www.iquilibrio.com\\\/blog\\\/espiritualidade\\\/crianca-interior\\\/\"},\"author\":{\"name\":\"Reda\u00e7\u00e3o iQuilibrio\",\"@id\":\"https:\\\/\\\/www.iquilibrio.com\\\/blog\\\/#\\\/schema\\\/person\\\/199505a1f0db0d00f022188666c75dca\"},\"headline\":\"Descubra dicas poderosas para cuidar da sua Crian\u00e7a Interior\",\"datePublished\":\"2020-08-12T10:00:51+00:00\",\"mainEntityOfPage\":{\"@id\":\"https:\\\/\\\/www.iquilibrio.com\\\/blog\\\/espiritualidade\\\/crianca-interior\\\/\"},\"wordCount\":980,\"commentCount\":0,\"publisher\":{\"@id\":\"https:\\\/\\\/www.iquilibrio.com\\\/blog\\\/#organization\"},\"image\":{\"@id\":\"https:\\\/\\\/www.iquilibrio.com\\\/blog\\\/espiritualidade\\\/crianca-interior\\\/#primaryimage\"},\"thumbnailUrl\":\"https:\\\/\\\/www.iquilibrio.com\\\/blog\\\/wp-content\\\/uploads\\\/2018\\\/03\\\/crianca-interior.jpg\",\"keywords\":[\"como cuidar da crian\u00e7a interior\",\"crian\u00e7a\",\"crian\u00e7a interior\"],\"articleSection\":[\"Espiritualidade\"],\"inLanguage\":\"pt-BR\"},{\"@type\":\"WebPage\",\"@id\":\"https:\\\/\\\/www.iquilibrio.com\\\/blog\\\/espiritualidade\\\/crianca-interior\\\/\",\"url\":\"https:\\\/\\\/www.iquilibrio.com\\\/blog\\\/espiritualidade\\\/crianca-interior\\\/\",\"name\":\"Crian\u00e7a Interior - Dicas De Como Cuidar E Se Conectar \u00c0 Ela | iQuilibrio\",\"isPartOf\":{\"@id\":\"https:\\\/\\\/www.iquilibrio.com\\\/blog\\\/#website\"},\"primaryImageOfPage\":{\"@id\":\"https:\\\/\\\/www.iquilibrio.com\\\/blog\\\/espiritualidade\\\/crianca-interior\\\/#primaryimage\"},\"image\":{\"@id\":\"https:\\\/\\\/www.iquilibrio.com\\\/blog\\\/espiritualidade\\\/crianca-interior\\\/#primaryimage\"},\"thumbnailUrl\":\"https:\\\/\\\/www.iquilibrio.com\\\/blog\\\/wp-content\\\/uploads\\\/2018\\\/03\\\/crianca-interior.jpg\",\"datePublished\":\"2020-08-12T10:00:51+00:00\",\"description\":\"Entenda mais sobre o que se trata a crian\u00e7a interior, e conhe\u00e7a a import\u00e2ncia dela ser amada e cuidada para seu pr\u00f3prio benef\u00edcio. Confira aqui!\",\"breadcrumb\":{\"@id\":\"https:\\\/\\\/www.iquilibrio.com\\\/blog\\\/espiritualidade\\\/crianca-interior\\\/#breadcrumb\"},\"inLanguage\":\"pt-BR\",\"potentialAction\":[{\"@type\":\"ReadAction\",\"target\":[\"https:\\\/\\\/www.iquilibrio.com\\\/blog\\\/espiritualidade\\\/crianca-interior\\\/\"]}]},{\"@type\":\"ImageObject\",\"inLanguage\":\"pt-BR\",\"@id\":\"https:\\\/\\\/www.iquilibrio.com\\\/blog\\\/espiritualidade\\\/crianca-interior\\\/#primaryimage\",\"url\":\"https:\\\/\\\/www.iquilibrio.com\\\/blog\\\/wp-content\\\/uploads\\\/2018\\\/03\\\/crianca-interior.jpg\",\"contentUrl\":\"https:\\\/\\\/www.iquilibrio.com\\\/blog\\\/wp-content\\\/uploads\\\/2018\\\/03\\\/crianca-interior.jpg\",\"width\":900,\"height\":560,\"caption\":\"crian\u00e7a dentro de n\u00f3s\"},{\"@type\":\"BreadcrumbList\",\"@id\":\"https:\\\/\\\/www.iquilibrio.com\\\/blog\\\/espiritualidade\\\/crianca-interior\\\/#breadcrumb\",\"itemListElement\":[{\"@type\":\"ListItem\",\"position\":1,\"name\":\"In\u00edcio\",\"item\":\"https:\\\/\\\/www.iquilibrio.com\\\/blog\\\/\"},{\"@type\":\"ListItem\",\"position\":2,\"name\":\"Descubra dicas poderosas para cuidar da sua Crian\u00e7a Interior\"}]},{\"@type\":\"WebSite\",\"@id\":\"https:\\\/\\\/www.iquilibrio.com\\\/blog\\\/#website\",\"url\":\"https:\\\/\\\/www.iquilibrio.com\\\/blog\\\/\",\"name\":\"iQuilibrio\",\"description\":\"Blog iQuilibrio\",\"publisher\":{\"@id\":\"https:\\\/\\\/www.iquilibrio.com\\\/blog\\\/#organization\"},\"potentialAction\":[{\"@type\":\"SearchAction\",\"target\":{\"@type\":\"EntryPoint\",\"urlTemplate\":\"https:\\\/\\\/www.iquilibrio.com\\\/blog\\\/?s={search_term_string}\"},\"query-input\":{\"@type\":\"PropertyValueSpecification\",\"valueRequired\":true,\"valueName\":\"search_term_string\"}}],\"inLanguage\":\"pt-BR\"},{\"@type\":\"Organization\",\"@id\":\"https:\\\/\\\/www.iquilibrio.com\\\/blog\\\/#organization\",\"name\":\"Esoterismo, Misticismo e Tarot Online - iQuilibrio\",\"url\":\"https:\\\/\\\/www.iquilibrio.com\\\/blog\\\/\",\"logo\":{\"@type\":\"ImageObject\",\"inLanguage\":\"pt-BR\",\"@id\":\"https:\\\/\\\/www.iquilibrio.com\\\/blog\\\/#\\\/schema\\\/logo\\\/image\\\/\",\"url\":\"https:\\\/\\\/www.iquilibrio.com\\\/blog\\\/wp-content\\\/uploads\\\/2018\\\/12\\\/iquilibrio_lovo_vetor_preto-retina.png\",\"contentUrl\":\"https:\\\/\\\/www.iquilibrio.com\\\/blog\\\/wp-content\\\/uploads\\\/2018\\\/12\\\/iquilibrio_lovo_vetor_preto-retina.png\",\"width\":972,\"height\":180,\"caption\":\"Esoterismo, Misticismo e Tarot Online - iQuilibrio\"},\"image\":{\"@id\":\"https:\\\/\\\/www.iquilibrio.com\\\/blog\\\/#\\\/schema\\\/logo\\\/image\\\/\"},\"sameAs\":[\"https:\\\/\\\/www.facebook.com\\\/iQuilibrio\\\/\",\"https:\\\/\\\/x.com\\\/iquilibrio\",\"https:\\\/\\\/www.instagram.com\\\/iquilibrio\\\/\",\"https:\\\/\\\/www.linkedin.com\\\/company\\\/iquilibrio\\\/\",\"https:\\\/\\\/br.pinterest.com\\\/iquilibrio1397\\\/\",\"https:\\\/\\\/www.youtube.com\\\/channel\\\/UC175qxd-4Zsi4wzawT5zF2g\"]},{\"@type\":\"Person\",\"@id\":\"https:\\\/\\\/www.iquilibrio.com\\\/blog\\\/#\\\/schema\\\/person\\\/199505a1f0db0d00f022188666c75dca\",\"name\":\"Reda\u00e7\u00e3o iQuilibrio\",\"image\":{\"@type\":\"ImageObject\",\"inLanguage\":\"pt-BR\",\"@id\":\"https:\\\/\\\/www.iquilibrio.com\\\/blog\\\/wp-content\\\/uploads\\\/2021\\\/12\\\/Consulta-por-email-3-150x150.png\",\"url\":\"https:\\\/\\\/www.iquilibrio.com\\\/blog\\\/wp-content\\\/uploads\\\/2021\\\/12\\\/Consulta-por-email-3-150x150.png\",\"contentUrl\":\"https:\\\/\\\/www.iquilibrio.com\\\/blog\\\/wp-content\\\/uploads\\\/2021\\\/12\\\/Consulta-por-email-3-150x150.png\",\"caption\":\"Reda\u00e7\u00e3o iQuilibrio\"},\"description\":\"A equipe de reda\u00e7\u00e3o da iQuilibrio \u00e9 composta pelos mais diversos especialistas e esot\u00e9ricos. Al\u00e9m de dominar a arte de traduzir as energias que o universo emana, nossos redatores sentem imenso prazer em trabalhar com palavras. Boa leitura e um \u00f3timo aprendizado!\",\"url\":\"https:\\\/\\\/www.iquilibrio.com\\\/blog\\\/author\\\/juliana\\\/\"}]}<\/script>\n<!-- \/ Yoast SEO plugin. -->","yoast_head_json":{"title":"Crian\u00e7a Interior - Dicas De Como Cuidar E Se Conectar \u00c0 Ela | iQuilibrio","description":"Entenda mais sobre o que se trata a crian\u00e7a interior, e conhe\u00e7a a import\u00e2ncia dela ser amada e cuidada para seu pr\u00f3prio benef\u00edcio. Confira aqui!","robots":{"index":"index","follow":"follow","max-snippet":"max-snippet:-1","max-image-preview":"max-image-preview:large","max-video-preview":"max-video-preview:-1"},"canonical":"https:\/\/www.iquilibrio.com\/blog\/espiritualidade\/crianca-interior\/","og_locale":"pt_BR","og_type":"article","og_title":"Crian\u00e7a Interior - Dicas De Como Cuidar E Se Conectar \u00c0 Ela | iQuilibrio","og_description":"Entenda mais sobre o que se trata a crian\u00e7a interior, e conhe\u00e7a a import\u00e2ncia dela ser amada e cuidada para seu pr\u00f3prio benef\u00edcio. Confira aqui!","og_url":"https:\/\/www.iquilibrio.com\/blog\/espiritualidade\/crianca-interior\/","og_site_name":"iQuilibrio","article_publisher":"https:\/\/www.facebook.com\/iQuilibrio\/","article_published_time":"2020-08-12T10:00:51+00:00","og_image":[{"width":900,"height":560,"url":"https:\/\/www.iquilibrio.com\/blog\/wp-content\/uploads\/2018\/03\/crianca-interior.jpg","type":"image\/jpeg"}],"author":"Reda\u00e7\u00e3o iQuilibrio","twitter_card":"summary_large_image","twitter_creator":"@iquilibrio","twitter_site":"@iquilibrio","twitter_misc":{"Escrito por":"Reda\u00e7\u00e3o iQuilibrio","Est. tempo de leitura":"5 minutos"},"schema":{"@context":"https:\/\/schema.org","@graph":[{"@type":"Article","@id":"https:\/\/www.iquilibrio.com\/blog\/espiritualidade\/crianca-interior\/#article","isPartOf":{"@id":"https:\/\/www.iquilibrio.com\/blog\/espiritualidade\/crianca-interior\/"},"author":{"name":"Reda\u00e7\u00e3o iQuilibrio","@id":"https:\/\/www.iquilibrio.com\/blog\/#\/schema\/person\/199505a1f0db0d00f022188666c75dca"},"headline":"Descubra dicas poderosas para cuidar da sua Crian\u00e7a Interior","datePublished":"2020-08-12T10:00:51+00:00","mainEntityOfPage":{"@id":"https:\/\/www.iquilibrio.com\/blog\/espiritualidade\/crianca-interior\/"},"wordCount":980,"commentCount":0,"publisher":{"@id":"https:\/\/www.iquilibrio.com\/blog\/#organization"},"image":{"@id":"https:\/\/www.iquilibrio.com\/blog\/espiritualidade\/crianca-interior\/#primaryimage"},"thumbnailUrl":"https:\/\/www.iquilibrio.com\/blog\/wp-content\/uploads\/2018\/03\/crianca-interior.jpg","keywords":["como cuidar da crian\u00e7a interior","crian\u00e7a","crian\u00e7a interior"],"articleSection":["Espiritualidade"],"inLanguage":"pt-BR"},{"@type":"WebPage","@id":"https:\/\/www.iquilibrio.com\/blog\/espiritualidade\/crianca-interior\/","url":"https:\/\/www.iquilibrio.com\/blog\/espiritualidade\/crianca-interior\/","name":"Crian\u00e7a Interior - Dicas De Como Cuidar E Se Conectar \u00c0 Ela | iQuilibrio","isPartOf":{"@id":"https:\/\/www.iquilibrio.com\/blog\/#website"},"primaryImageOfPage":{"@id":"https:\/\/www.iquilibrio.com\/blog\/espiritualidade\/crianca-interior\/#primaryimage"},"image":{"@id":"https:\/\/www.iquilibrio.com\/blog\/espiritualidade\/crianca-interior\/#primaryimage"},"thumbnailUrl":"https:\/\/www.iquilibrio.com\/blog\/wp-content\/uploads\/2018\/03\/crianca-interior.jpg","datePublished":"2020-08-12T10:00:51+00:00","description":"Entenda mais sobre o que se trata a crian\u00e7a interior, e conhe\u00e7a a import\u00e2ncia dela ser amada e cuidada para seu pr\u00f3prio benef\u00edcio. Confira aqui!","breadcrumb":{"@id":"https:\/\/www.iquilibrio.com\/blog\/espiritualidade\/crianca-interior\/#breadcrumb"},"inLanguage":"pt-BR","potentialAction":[{"@type":"ReadAction","target":["https:\/\/www.iquilibrio.com\/blog\/espiritualidade\/crianca-interior\/"]}]},{"@type":"ImageObject","inLanguage":"pt-BR","@id":"https:\/\/www.iquilibrio.com\/blog\/espiritualidade\/crianca-interior\/#primaryimage","url":"https:\/\/www.iquilibrio.com\/blog\/wp-content\/uploads\/2018\/03\/crianca-interior.jpg","contentUrl":"https:\/\/www.iquilibrio.com\/blog\/wp-content\/uploads\/2018\/03\/crianca-interior.jpg","width":900,"height":560,"caption":"crian\u00e7a dentro de n\u00f3s"},{"@type":"BreadcrumbList","@id":"https:\/\/www.iquilibrio.com\/blog\/espiritualidade\/crianca-interior\/#breadcrumb","itemListElement":[{"@type":"ListItem","position":1,"name":"In\u00edcio","item":"https:\/\/www.iquilibrio.com\/blog\/"},{"@type":"ListItem","position":2,"name":"Descubra dicas poderosas para cuidar da sua Crian\u00e7a Interior"}]},{"@type":"WebSite","@id":"https:\/\/www.iquilibrio.com\/blog\/#website","url":"https:\/\/www.iquilibrio.com\/blog\/","name":"iQuilibrio","description":"Blog iQuilibrio","publisher":{"@id":"https:\/\/www.iquilibrio.com\/blog\/#organization"},"potentialAction":[{"@type":"SearchAction","target":{"@type":"EntryPoint","urlTemplate":"https:\/\/www.iquilibrio.com\/blog\/?s={search_term_string}"},"query-input":{"@type":"PropertyValueSpecification","valueRequired":true,"valueName":"search_term_string"}}],"inLanguage":"pt-BR"},{"@type":"Organization","@id":"https:\/\/www.iquilibrio.com\/blog\/#organization","name":"Esoterismo, Misticismo e Tarot Online - iQuilibrio","url":"https:\/\/www.iquilibrio.com\/blog\/","logo":{"@type":"ImageObject","inLanguage":"pt-BR","@id":"https:\/\/www.iquilibrio.com\/blog\/#\/schema\/logo\/image\/","url":"https:\/\/www.iquilibrio.com\/blog\/wp-content\/uploads\/2018\/12\/iquilibrio_lovo_vetor_preto-retina.png","contentUrl":"https:\/\/www.iquilibrio.com\/blog\/wp-content\/uploads\/2018\/12\/iquilibrio_lovo_vetor_preto-retina.png","width":972,"height":180,"caption":"Esoterismo, Misticismo e Tarot Online - iQuilibrio"},"image":{"@id":"https:\/\/www.iquilibrio.com\/blog\/#\/schema\/logo\/image\/"},"sameAs":["https:\/\/www.facebook.com\/iQuilibrio\/","https:\/\/x.com\/iquilibrio","https:\/\/www.instagram.com\/iquilibrio\/","https:\/\/www.linkedin.com\/company\/iquilibrio\/","https:\/\/br.pinterest.com\/iquilibrio1397\/","https:\/\/www.youtube.com\/channel\/UC175qxd-4Zsi4wzawT5zF2g"]},{"@type":"Person","@id":"https:\/\/www.iquilibrio.com\/blog\/#\/schema\/person\/199505a1f0db0d00f022188666c75dca","name":"Reda\u00e7\u00e3o iQuilibrio","image":{"@type":"ImageObject","inLanguage":"pt-BR","@id":"https:\/\/www.iquilibrio.com\/blog\/wp-content\/uploads\/2021\/12\/Consulta-por-email-3-150x150.png","url":"https:\/\/www.iquilibrio.com\/blog\/wp-content\/uploads\/2021\/12\/Consulta-por-email-3-150x150.png","contentUrl":"https:\/\/www.iquilibrio.com\/blog\/wp-content\/uploads\/2021\/12\/Consulta-por-email-3-150x150.png","caption":"Reda\u00e7\u00e3o iQuilibrio"},"description":"A equipe de reda\u00e7\u00e3o da iQuilibrio \u00e9 composta pelos mais diversos especialistas e esot\u00e9ricos. Al\u00e9m de dominar a arte de traduzir as energias que o universo emana, nossos redatores sentem imenso prazer em trabalhar com palavras. Boa leitura e um \u00f3timo aprendizado!","url":"https:\/\/www.iquilibrio.com\/blog\/author\/juliana\/"}]}},"_links":{"self":[{"href":"https:\/\/www.iquilibrio.com\/blog\/wp-json\/wp\/v2\/posts\/15083","targetHints":{"allow":["GET"]}}],"collection":[{"href":"https:\/\/www.iquilibrio.com\/blog\/wp-json\/wp\/v2\/posts"}],"about":[{"href":"https:\/\/www.iquilibrio.com\/blog\/wp-json\/wp\/v2\/types\/post"}],"author":[{"embeddable":true,"href":"https:\/\/www.iquilibrio.com\/blog\/wp-json\/wp\/v2\/users\/20"}],"replies":[{"embeddable":true,"href":"https:\/\/www.iquilibrio.com\/blog\/wp-json\/wp\/v2\/comments?post=15083"}],"version-history":[{"count":13,"href":"https:\/\/www.iquilibrio.com\/blog\/wp-json\/wp\/v2\/posts\/15083\/revisions"}],"predecessor-version":[{"id":26151,"href":"https:\/\/www.iquilibrio.com\/blog\/wp-json\/wp\/v2\/posts\/15083\/revisions\/26151"}],"wp:featuredmedia":[{"embeddable":true,"href":"https:\/\/www.iquilibrio.com\/blog\/wp-json\/wp\/v2\/media\/15539"}],"wp:attachment":[{"href":"https:\/\/www.iquilibrio.com\/blog\/wp-json\/wp\/v2\/media?parent=15083"}],"wp:term":[{"taxonomy":"category","embeddable":true,"href":"https:\/\/www.iquilibrio.com\/blog\/wp-json\/wp\/v2\/categories?post=15083"},{"taxonomy":"post_tag","embeddable":true,"href":"https:\/\/www.iquilibrio.com\/blog\/wp-json\/wp\/v2\/tags?post=15083"}],"curies":[{"name":"wp","href":"https:\/\/api.w.org\/{rel}","templated":true}]}}