{"id":15059,"date":"2018-03-12T08:18:11","date_gmt":"2018-03-12T11:18:11","guid":{"rendered":"https:\/\/www.iquilibrio.com\/blog\/?p=15059"},"modified":"2021-10-28T19:14:35","modified_gmt":"2021-10-28T22:14:35","slug":"polos-positivos-e-negativos-evandro","status":"publish","type":"post","link":"https:\/\/www.iquilibrio.com\/blog\/espiritualidade\/polos-positivos-e-negativos-evandro\/","title":{"rendered":"Os Polos Positivos e Negativos &#8211; Consultor Evandro"},"content":{"rendered":"<h2><img loading=\"lazy\" decoding=\"async\" class=\"size-full wp-image-20339 alignleft\" src=\"https:\/\/www.iquilibrio.com\/blog\/wp-content\/uploads\/2017\/10\/Untitled-2.png\" alt=\"\" width=\"100\" height=\"100\" \/>Saiba um pouco mais sobre o consultor Evandro<\/h2>\n<p>O <a href=\"https:\/\/www.iquilibrio.com\/\">consultor Evandro<\/a> \u00e9 Tar\u00f3logo e Terapeuta Hol\u00edstico oficialmente desde 2012, por\u00e9m dedica-se a estudar e praticar os or\u00e1culos desde 1999.<\/p>\n<p>Em seus atendimentos ele orienta os consulentes para melhores caminhos em suas vidas, repletos de Luz e felicidade. Esse direcionamento de energias acontece por meio da capta\u00e7\u00e3o da energia c\u00f3smica e seu redirecionamento para o fluxo do que beneficia o alcance do objetivo.<\/p>\n<p>Especialista em Tarot, Baralho Cigano e Mesa Radi\u00f4nica Qu\u00e2ntica, seus atendimentos s\u00e3o assertivos e acima de tudo esclarecedores.<\/p>\n<p style=\"text-align: center;\"><a href=\"https:\/\/www.iquilibrio.com\/\"><span class=\"td_btn td_btn_lg td_round_btn class-cta1\">D\u00favidas Sobre Sua Vida? Confie na Orienta\u00e7\u00e3o do Tar\u00f3logo Evandro FALE AGORA<\/span><\/a><\/p>\n<h2>Polos Positivos e Negativos &#8211; Um esclarecimento precioso<\/h2>\n<p>Lendo o livro \u201cDoutrina e Teologia de Umbanda Sagrada, Rubens Saceni\u201d, achei muito interessante a explica\u00e7\u00e3o sobre a problem\u00e1tica da harmoniza\u00e7\u00e3o das pessoas, em que o maior obst\u00e1culo est\u00e1 em n\u00f3s mesmos. Todos n\u00f3s podemos abrir portais para cima ou para baixo conforme estivermos, estes podem direcionar-se para o plano astral de luz (superior) ou para planos astrais trevosos (inferior), s\u00e3o eles chamados de Polos Positivos e Negativos.<\/p>\n<p>Se procurarmos ter sentimentos virtuosos conseguiremos abrir os canais divinos para o nosso equil\u00edbrio, as recomenda\u00e7\u00f5es alcan\u00e7ar esse objetivo s\u00e3o:<\/p>\n<ul>\n<li>Orar para o Deus ou Deusa de seu cora\u00e7\u00e3o diariamente, por\u00e9m a ora\u00e7\u00e3o deve ir al\u00e9m de uma que goste de fazer de forma decorada. Por exemplo: se rezou um \u201cPai Nosso\u201d ou \u201c<a href=\"https:\/\/www.iquilibrio.com\/blog\/espiritualidade\/cristianismo\/ave-maria-oracao\/\">Ave Maria<\/a>\u201d, logo depois fa\u00e7a a sua prece, que \u00e9 aquela conversa com seu Deus, Deusa, Orix\u00e1, mentor, etc., em que deve agradecer pelo que j\u00e1 tem, dizer que entende quais s\u00e3o seus pontos fracos e pedir sabedoria para fortalecer-se (se n\u00e3o sabe aproveite para fazer uma reflex\u00e3o), dizer o que voc\u00ea precisa para a sua vida material e espiritual para que encontre mais felicidade no seu viver &#8211; e passe a ter isto como objetivo de vida -, voc\u00ea deve aproveitar e enviar seus mais sinceros <a href=\"https:\/\/www.iquilibrio.com\/blog\/bem-estar\/autoconhecimento\/gratidao\/\">pensamentos e sentimentos de gratid\u00e3o<\/a> a tudo e a todos, pedir ajuda para outras pessoas necessitadas que voc\u00ea conhece ou tem conhecimento que precisam de ajuda.<\/li>\n<li>Trabalhar o perd\u00e3o di\u00e1rio, de si e de outras pessoas que te oferendarem ou magoaram, lembre-se que perdoar \u00e9 libertar um prisioneiro e descobrir que quem estava preso na verdade era voc\u00ea. <a href=\"https:\/\/www.iquilibrio.com\/blog\/espiritualidade\/cristianismo\/jesus-cristo\/\">Jesus no Novo Testamento<\/a> ensina para o ap\u00f3stolo Pedro que devemos perdoar 70 x 7 ao dia!<\/li>\n<li>Durante o dia vigiar os pensamentos, quando come\u00e7ar a pensar coisas ruins como \u00f3dio e raiva j\u00e1 repreenda-se mudando sua atitude mental, no livro \u201cDi\u00e1rio de Um Mago\u201d, onde Paulo Coelho faz sua caminhada pelo Caminho de S\u00e3o Thiago de Compostela, Espanha, o seu mestre ensina que ele ande com uma agulha de ouro no bolso, e toda vez que tiver pensamentos ruins que se espete com a agulha como forma de condicionar-se a n\u00e3o pensar aquilo. N\u00e3o precisa chegar a este extremo na vida real, mas procure algo simples como um belisc\u00e3o em si como forma de se chamar a aten\u00e7\u00e3o para o pr\u00f3prio erro mental, a mudan\u00e7a n\u00e3o \u00e9 f\u00e1cil, \u00e9 demorada, por\u00e9m se n\u00e3o trabalhar isso jamais mudar\u00e1.<\/li>\n<\/ul>\n<p>Eu particularmente tenho 3 momentos no meu dia: pela manh\u00e3 <a href=\"https:\/\/www.iquilibrio.com\/blog\/espiritualidade\/anjos\/4-oracoes-anjo-guarda\/\">fa\u00e7o minhas preces<\/a>, agradecimentos e pedidos, isso leva em m\u00e9dia uns 30 minutos. Depois que acabo de almo\u00e7ar eu deito-me por uns 20 minutos onde mentalizo coisas boas para o meu dia e <a href=\"https:\/\/www.iquilibrio.com\/blog\/espiritualidade\/oracoes-salmos\/oracao-da-noite\/\">a noite ao deitar para dormir fa\u00e7o um \u00faltimo momento de prece e agradecimentos<\/a> pelo dia, realizo uma reflex\u00e3o de coisas que errei e acertei como forma de avaliar a produtividade do dia como ser humano e ser espiritual, assim consigo ir me mantendo equilibrado para o meu dia a dia.<\/p>\n<p>Agora al\u00e9m do que foi dito acima, h\u00e1 momentos em que buscar auxilio \u00e9 importante: como um passe magn\u00e9tico, reiki, mesa radi\u00f4nica, jhorey, benzimentos, etc., por\u00e9m fa\u00e7a voc\u00ea tamb\u00e9m a sua parte, pois ao outro que te trata como alguma terapia hol\u00edstica vai at\u00e9 um certo limite, o restante \u00e9 por sua conta como descrito acima.<\/p>\n<p>Buscar um consultor para te orientar por um or\u00e1culo (tar\u00f4, runas, baralho cigano, b\u00fazios, etc) \u00e9 importante neste processo para voc\u00ea obter informa\u00e7\u00f5es do astral superior em que voc\u00ea est\u00e1 errando e no que est\u00e1 acertando, os conselhos e previs\u00f5es podem ajudar muito a direcionar a sua pr\u00e1tica di\u00e1ria de ora\u00e7\u00e3o e medita\u00e7\u00e3o. Lembre-se que quem sabe onde vai, sabe onde ir\u00e1 chegar!<\/p>\n<p>Espero que este texto possa te ajudar a direcionar melhor a sua vida e que voc\u00ea consiga ter mais equil\u00edbrio e prosperidade. Agora sabendo disso eu te pergunto: voc\u00ea tem aberto portais para cima em contato com o divino ou tem aberto portais para baixo fazendo-se cair em trevas profundas?<\/p>\n<p>Consultor Evandro<\/p>\n<p style=\"text-align: center;\"><span style=\"color: #ffffff;\"><a style=\"color: #ffffff;\" href=\"https:\/\/www.iquilibrio.com\/\"><span class=\"td_btn td_btn_lg td_round_btn class-cta2\">Confira Aqui os Produtos e Atendimentos Especializados do Consultor Evandro<\/span><\/a><\/span><\/p>\n\n\n<div class=\"kk-star-ratings kksr-auto kksr-align-left kksr-valign-bottom\"\n    data-payload='{&quot;align&quot;:&quot;left&quot;,&quot;id&quot;:&quot;15059&quot;,&quot;slug&quot;:&quot;default&quot;,&quot;valign&quot;:&quot;bottom&quot;,&quot;ignore&quot;:&quot;&quot;,&quot;reference&quot;:&quot;auto&quot;,&quot;class&quot;:&quot;&quot;,&quot;count&quot;:&quot;0&quot;,&quot;legendonly&quot;:&quot;&quot;,&quot;readonly&quot;:&quot;&quot;,&quot;score&quot;:&quot;0&quot;,&quot;starsonly&quot;:&quot;&quot;,&quot;best&quot;:&quot;5&quot;,&quot;gap&quot;:&quot;5&quot;,&quot;greet&quot;:&quot;Rate this post&quot;,&quot;legend&quot;:&quot;0\\\/5 - (0 voto)&quot;,&quot;size&quot;:&quot;24&quot;,&quot;title&quot;:&quot;Os Polos Positivos e Negativos - Consultor Evandro&quot;,&quot;width&quot;:&quot;0&quot;,&quot;_legend&quot;:&quot;{score}\\\/{best} - ({count} {votes})&quot;,&quot;font_factor&quot;:&quot;1.25&quot;}'>\n            \n<div class=\"kksr-stars\">\n    \n<div class=\"kksr-stars-inactive\">\n            <div class=\"kksr-star\" data-star=\"1\" style=\"padding-right: 5px\">\n            \n\n<div class=\"kksr-icon\" style=\"width: 24px; height: 24px;\"><\/div>\n        <\/div>\n            <div class=\"kksr-star\" data-star=\"2\" style=\"padding-right: 5px\">\n            \n\n<div class=\"kksr-icon\" style=\"width: 24px; height: 24px;\"><\/div>\n        <\/div>\n            <div class=\"kksr-star\" data-star=\"3\" style=\"padding-right: 5px\">\n            \n\n<div class=\"kksr-icon\" style=\"width: 24px; height: 24px;\"><\/div>\n        <\/div>\n            <div class=\"kksr-star\" data-star=\"4\" style=\"padding-right: 5px\">\n            \n\n<div class=\"kksr-icon\" style=\"width: 24px; height: 24px;\"><\/div>\n        <\/div>\n            <div class=\"kksr-star\" data-star=\"5\" style=\"padding-right: 5px\">\n            \n\n<div class=\"kksr-icon\" style=\"width: 24px; height: 24px;\"><\/div>\n        <\/div>\n    <\/div>\n    \n<div class=\"kksr-stars-active\" style=\"width: 0px;\">\n            <div class=\"kksr-star\" style=\"padding-right: 5px\">\n            \n\n<div class=\"kksr-icon\" style=\"width: 24px; height: 24px;\"><\/div>\n        <\/div>\n            <div class=\"kksr-star\" style=\"padding-right: 5px\">\n            \n\n<div class=\"kksr-icon\" style=\"width: 24px; height: 24px;\"><\/div>\n        <\/div>\n            <div class=\"kksr-star\" style=\"padding-right: 5px\">\n            \n\n<div class=\"kksr-icon\" style=\"width: 24px; height: 24px;\"><\/div>\n        <\/div>\n            <div class=\"kksr-star\" style=\"padding-right: 5px\">\n            \n\n<div class=\"kksr-icon\" style=\"width: 24px; height: 24px;\"><\/div>\n        <\/div>\n            <div class=\"kksr-star\" style=\"padding-right: 5px\">\n            \n\n<div class=\"kksr-icon\" style=\"width: 24px; height: 24px;\"><\/div>\n        <\/div>\n    <\/div>\n<\/div>\n                \n\n<div class=\"kksr-legend\" style=\"font-size: 19.2px;\">\n            <span class=\"kksr-muted\">Rate this post<\/span>\n    <\/div>\n    <\/div>\n","protected":false},"excerpt":{"rendered":"<p>Saiba um pouco mais sobre o consultor Evandro O consultor Evandro \u00e9 Tar\u00f3logo e Terapeuta Hol\u00edstico oficialmente desde 2012, por\u00e9m dedica-se a estudar e praticar os or\u00e1culos desde 1999. Em seus atendimentos ele orienta os consulentes para melhores caminhos em suas vidas, repletos de Luz e felicidade. Esse direcionamento de energias acontece por meio da [&hellip;]<\/p>\n","protected":false},"author":20,"featured_media":15077,"comment_status":"open","ping_status":"open","sticky":false,"template":"","format":"standard","meta":{"footnotes":""},"categories":[502],"tags":[2735,2733,2732,2734],"class_list":["post-15059","post","type-post","status-publish","format-standard","has-post-thumbnail","hentry","category-espiritualidade","tag-negativo","tag-polos-negativos","tag-polos-positivos","tag-positivo"],"yoast_head":"<!-- This site is optimized with the Yoast SEO plugin v27.4 - https:\/\/yoast.com\/product\/yoast-seo-wordpress\/ -->\n<title>Polos Positivos E Negativos - Orienta\u00e7\u00e3o Do Consultor Evandro | iQuilibrio<\/title>\n<meta name=\"description\" content=\"Os Polos Positivos e Negativos s\u00e3o portais que a pr\u00f3pria pessoa abre em si mesma, assim direcionando sua energia para algo espec\u00edfico. Aprenda a harmoniz\u00e1-los.\" \/>\n<meta name=\"robots\" content=\"index, follow, max-snippet:-1, max-image-preview:large, max-video-preview:-1\" \/>\n<link rel=\"canonical\" href=\"https:\/\/www.iquilibrio.com\/blog\/espiritualidade\/polos-positivos-e-negativos-evandro\/\" \/>\n<meta property=\"og:locale\" content=\"pt_BR\" \/>\n<meta property=\"og:type\" content=\"article\" \/>\n<meta property=\"og:title\" content=\"Polos Positivos E Negativos - Orienta\u00e7\u00e3o Do Consultor Evandro | iQuilibrio\" \/>\n<meta property=\"og:description\" content=\"Os Polos Positivos e Negativos s\u00e3o portais que a pr\u00f3pria pessoa abre em si mesma, assim direcionando sua energia para algo espec\u00edfico. Aprenda a harmoniz\u00e1-los.\" \/>\n<meta property=\"og:url\" content=\"https:\/\/www.iquilibrio.com\/blog\/espiritualidade\/polos-positivos-e-negativos-evandro\/\" \/>\n<meta property=\"og:site_name\" content=\"iQuilibrio\" \/>\n<meta property=\"article:publisher\" content=\"https:\/\/www.facebook.com\/iQuilibrio\/\" \/>\n<meta property=\"article:published_time\" content=\"2018-03-12T11:18:11+00:00\" \/>\n<meta property=\"article:modified_time\" content=\"2021-10-28T22:14:35+00:00\" \/>\n<meta property=\"og:image\" content=\"https:\/\/www.iquilibrio.com\/blog\/wp-content\/uploads\/2018\/03\/polos.jpg\" \/>\n\t<meta property=\"og:image:width\" content=\"900\" \/>\n\t<meta property=\"og:image:height\" content=\"560\" \/>\n\t<meta property=\"og:image:type\" content=\"image\/jpeg\" \/>\n<meta name=\"author\" content=\"Reda\u00e7\u00e3o iQuilibrio\" \/>\n<meta name=\"twitter:card\" content=\"summary_large_image\" \/>\n<meta name=\"twitter:creator\" content=\"@iquilibrio\" \/>\n<meta name=\"twitter:site\" content=\"@iquilibrio\" \/>\n<meta name=\"twitter:label1\" content=\"Escrito por\" \/>\n\t<meta name=\"twitter:data1\" content=\"Reda\u00e7\u00e3o iQuilibrio\" \/>\n\t<meta name=\"twitter:label2\" content=\"Est. tempo de leitura\" \/>\n\t<meta name=\"twitter:data2\" content=\"4 minutos\" \/>\n<script type=\"application\/ld+json\" class=\"yoast-schema-graph\">{\"@context\":\"https:\\\/\\\/schema.org\",\"@graph\":[{\"@type\":\"Article\",\"@id\":\"https:\\\/\\\/www.iquilibrio.com\\\/blog\\\/espiritualidade\\\/polos-positivos-e-negativos-evandro\\\/#article\",\"isPartOf\":{\"@id\":\"https:\\\/\\\/www.iquilibrio.com\\\/blog\\\/espiritualidade\\\/polos-positivos-e-negativos-evandro\\\/\"},\"author\":{\"name\":\"Reda\u00e7\u00e3o iQuilibrio\",\"@id\":\"https:\\\/\\\/www.iquilibrio.com\\\/blog\\\/#\\\/schema\\\/person\\\/199505a1f0db0d00f022188666c75dca\"},\"headline\":\"Os Polos Positivos e Negativos &#8211; Consultor Evandro\",\"datePublished\":\"2018-03-12T11:18:11+00:00\",\"dateModified\":\"2021-10-28T22:14:35+00:00\",\"mainEntityOfPage\":{\"@id\":\"https:\\\/\\\/www.iquilibrio.com\\\/blog\\\/espiritualidade\\\/polos-positivos-e-negativos-evandro\\\/\"},\"wordCount\":851,\"commentCount\":0,\"publisher\":{\"@id\":\"https:\\\/\\\/www.iquilibrio.com\\\/blog\\\/#organization\"},\"image\":{\"@id\":\"https:\\\/\\\/www.iquilibrio.com\\\/blog\\\/espiritualidade\\\/polos-positivos-e-negativos-evandro\\\/#primaryimage\"},\"thumbnailUrl\":\"https:\\\/\\\/www.iquilibrio.com\\\/blog\\\/wp-content\\\/uploads\\\/2018\\\/03\\\/polos.jpg\",\"keywords\":[\"negativo\",\"polos negativos\",\"polos positivos\",\"positivo\"],\"articleSection\":[\"Espiritualidade\"],\"inLanguage\":\"pt-BR\"},{\"@type\":\"WebPage\",\"@id\":\"https:\\\/\\\/www.iquilibrio.com\\\/blog\\\/espiritualidade\\\/polos-positivos-e-negativos-evandro\\\/\",\"url\":\"https:\\\/\\\/www.iquilibrio.com\\\/blog\\\/espiritualidade\\\/polos-positivos-e-negativos-evandro\\\/\",\"name\":\"Polos Positivos E Negativos - Orienta\u00e7\u00e3o Do Consultor Evandro | iQuilibrio\",\"isPartOf\":{\"@id\":\"https:\\\/\\\/www.iquilibrio.com\\\/blog\\\/#website\"},\"primaryImageOfPage\":{\"@id\":\"https:\\\/\\\/www.iquilibrio.com\\\/blog\\\/espiritualidade\\\/polos-positivos-e-negativos-evandro\\\/#primaryimage\"},\"image\":{\"@id\":\"https:\\\/\\\/www.iquilibrio.com\\\/blog\\\/espiritualidade\\\/polos-positivos-e-negativos-evandro\\\/#primaryimage\"},\"thumbnailUrl\":\"https:\\\/\\\/www.iquilibrio.com\\\/blog\\\/wp-content\\\/uploads\\\/2018\\\/03\\\/polos.jpg\",\"datePublished\":\"2018-03-12T11:18:11+00:00\",\"dateModified\":\"2021-10-28T22:14:35+00:00\",\"description\":\"Os Polos Positivos e Negativos s\u00e3o portais que a pr\u00f3pria pessoa abre em si mesma, assim direcionando sua energia para algo espec\u00edfico. Aprenda a harmoniz\u00e1-los.\",\"breadcrumb\":{\"@id\":\"https:\\\/\\\/www.iquilibrio.com\\\/blog\\\/espiritualidade\\\/polos-positivos-e-negativos-evandro\\\/#breadcrumb\"},\"inLanguage\":\"pt-BR\",\"potentialAction\":[{\"@type\":\"ReadAction\",\"target\":[\"https:\\\/\\\/www.iquilibrio.com\\\/blog\\\/espiritualidade\\\/polos-positivos-e-negativos-evandro\\\/\"]}]},{\"@type\":\"ImageObject\",\"inLanguage\":\"pt-BR\",\"@id\":\"https:\\\/\\\/www.iquilibrio.com\\\/blog\\\/espiritualidade\\\/polos-positivos-e-negativos-evandro\\\/#primaryimage\",\"url\":\"https:\\\/\\\/www.iquilibrio.com\\\/blog\\\/wp-content\\\/uploads\\\/2018\\\/03\\\/polos.jpg\",\"contentUrl\":\"https:\\\/\\\/www.iquilibrio.com\\\/blog\\\/wp-content\\\/uploads\\\/2018\\\/03\\\/polos.jpg\",\"width\":900,\"height\":560,\"caption\":\"positivo e negativo\"},{\"@type\":\"BreadcrumbList\",\"@id\":\"https:\\\/\\\/www.iquilibrio.com\\\/blog\\\/espiritualidade\\\/polos-positivos-e-negativos-evandro\\\/#breadcrumb\",\"itemListElement\":[{\"@type\":\"ListItem\",\"position\":1,\"name\":\"In\u00edcio\",\"item\":\"https:\\\/\\\/www.iquilibrio.com\\\/blog\\\/\"},{\"@type\":\"ListItem\",\"position\":2,\"name\":\"Os Polos Positivos e Negativos &#8211; Consultor Evandro\"}]},{\"@type\":\"WebSite\",\"@id\":\"https:\\\/\\\/www.iquilibrio.com\\\/blog\\\/#website\",\"url\":\"https:\\\/\\\/www.iquilibrio.com\\\/blog\\\/\",\"name\":\"iQuilibrio\",\"description\":\"Blog iQuilibrio\",\"publisher\":{\"@id\":\"https:\\\/\\\/www.iquilibrio.com\\\/blog\\\/#organization\"},\"potentialAction\":[{\"@type\":\"SearchAction\",\"target\":{\"@type\":\"EntryPoint\",\"urlTemplate\":\"https:\\\/\\\/www.iquilibrio.com\\\/blog\\\/?s={search_term_string}\"},\"query-input\":{\"@type\":\"PropertyValueSpecification\",\"valueRequired\":true,\"valueName\":\"search_term_string\"}}],\"inLanguage\":\"pt-BR\"},{\"@type\":\"Organization\",\"@id\":\"https:\\\/\\\/www.iquilibrio.com\\\/blog\\\/#organization\",\"name\":\"Esoterismo, Misticismo e Tarot Online - iQuilibrio\",\"url\":\"https:\\\/\\\/www.iquilibrio.com\\\/blog\\\/\",\"logo\":{\"@type\":\"ImageObject\",\"inLanguage\":\"pt-BR\",\"@id\":\"https:\\\/\\\/www.iquilibrio.com\\\/blog\\\/#\\\/schema\\\/logo\\\/image\\\/\",\"url\":\"https:\\\/\\\/www.iquilibrio.com\\\/blog\\\/wp-content\\\/uploads\\\/2018\\\/12\\\/iquilibrio_lovo_vetor_preto-retina.png\",\"contentUrl\":\"https:\\\/\\\/www.iquilibrio.com\\\/blog\\\/wp-content\\\/uploads\\\/2018\\\/12\\\/iquilibrio_lovo_vetor_preto-retina.png\",\"width\":972,\"height\":180,\"caption\":\"Esoterismo, Misticismo e Tarot Online - iQuilibrio\"},\"image\":{\"@id\":\"https:\\\/\\\/www.iquilibrio.com\\\/blog\\\/#\\\/schema\\\/logo\\\/image\\\/\"},\"sameAs\":[\"https:\\\/\\\/www.facebook.com\\\/iQuilibrio\\\/\",\"https:\\\/\\\/x.com\\\/iquilibrio\",\"https:\\\/\\\/www.instagram.com\\\/iquilibrio\\\/\",\"https:\\\/\\\/www.linkedin.com\\\/company\\\/iquilibrio\\\/\",\"https:\\\/\\\/br.pinterest.com\\\/iquilibrio1397\\\/\",\"https:\\\/\\\/www.youtube.com\\\/channel\\\/UC175qxd-4Zsi4wzawT5zF2g\"]},{\"@type\":\"Person\",\"@id\":\"https:\\\/\\\/www.iquilibrio.com\\\/blog\\\/#\\\/schema\\\/person\\\/199505a1f0db0d00f022188666c75dca\",\"name\":\"Reda\u00e7\u00e3o iQuilibrio\",\"image\":{\"@type\":\"ImageObject\",\"inLanguage\":\"pt-BR\",\"@id\":\"https:\\\/\\\/www.iquilibrio.com\\\/blog\\\/wp-content\\\/uploads\\\/2021\\\/12\\\/Consulta-por-email-3-150x150.png\",\"url\":\"https:\\\/\\\/www.iquilibrio.com\\\/blog\\\/wp-content\\\/uploads\\\/2021\\\/12\\\/Consulta-por-email-3-150x150.png\",\"contentUrl\":\"https:\\\/\\\/www.iquilibrio.com\\\/blog\\\/wp-content\\\/uploads\\\/2021\\\/12\\\/Consulta-por-email-3-150x150.png\",\"caption\":\"Reda\u00e7\u00e3o iQuilibrio\"},\"description\":\"A equipe de reda\u00e7\u00e3o da iQuilibrio \u00e9 composta pelos mais diversos especialistas e esot\u00e9ricos. Al\u00e9m de dominar a arte de traduzir as energias que o universo emana, nossos redatores sentem imenso prazer em trabalhar com palavras. Boa leitura e um \u00f3timo aprendizado!\",\"url\":\"https:\\\/\\\/www.iquilibrio.com\\\/blog\\\/author\\\/juliana\\\/\"}]}<\/script>\n<!-- \/ Yoast SEO plugin. -->","yoast_head_json":{"title":"Polos Positivos E Negativos - Orienta\u00e7\u00e3o Do Consultor Evandro | iQuilibrio","description":"Os Polos Positivos e Negativos s\u00e3o portais que a pr\u00f3pria pessoa abre em si mesma, assim direcionando sua energia para algo espec\u00edfico. Aprenda a harmoniz\u00e1-los.","robots":{"index":"index","follow":"follow","max-snippet":"max-snippet:-1","max-image-preview":"max-image-preview:large","max-video-preview":"max-video-preview:-1"},"canonical":"https:\/\/www.iquilibrio.com\/blog\/espiritualidade\/polos-positivos-e-negativos-evandro\/","og_locale":"pt_BR","og_type":"article","og_title":"Polos Positivos E Negativos - Orienta\u00e7\u00e3o Do Consultor Evandro | iQuilibrio","og_description":"Os Polos Positivos e Negativos s\u00e3o portais que a pr\u00f3pria pessoa abre em si mesma, assim direcionando sua energia para algo espec\u00edfico. Aprenda a harmoniz\u00e1-los.","og_url":"https:\/\/www.iquilibrio.com\/blog\/espiritualidade\/polos-positivos-e-negativos-evandro\/","og_site_name":"iQuilibrio","article_publisher":"https:\/\/www.facebook.com\/iQuilibrio\/","article_published_time":"2018-03-12T11:18:11+00:00","article_modified_time":"2021-10-28T22:14:35+00:00","og_image":[{"width":900,"height":560,"url":"https:\/\/www.iquilibrio.com\/blog\/wp-content\/uploads\/2018\/03\/polos.jpg","type":"image\/jpeg"}],"author":"Reda\u00e7\u00e3o iQuilibrio","twitter_card":"summary_large_image","twitter_creator":"@iquilibrio","twitter_site":"@iquilibrio","twitter_misc":{"Escrito por":"Reda\u00e7\u00e3o iQuilibrio","Est. tempo de leitura":"4 minutos"},"schema":{"@context":"https:\/\/schema.org","@graph":[{"@type":"Article","@id":"https:\/\/www.iquilibrio.com\/blog\/espiritualidade\/polos-positivos-e-negativos-evandro\/#article","isPartOf":{"@id":"https:\/\/www.iquilibrio.com\/blog\/espiritualidade\/polos-positivos-e-negativos-evandro\/"},"author":{"name":"Reda\u00e7\u00e3o iQuilibrio","@id":"https:\/\/www.iquilibrio.com\/blog\/#\/schema\/person\/199505a1f0db0d00f022188666c75dca"},"headline":"Os Polos Positivos e Negativos &#8211; Consultor Evandro","datePublished":"2018-03-12T11:18:11+00:00","dateModified":"2021-10-28T22:14:35+00:00","mainEntityOfPage":{"@id":"https:\/\/www.iquilibrio.com\/blog\/espiritualidade\/polos-positivos-e-negativos-evandro\/"},"wordCount":851,"commentCount":0,"publisher":{"@id":"https:\/\/www.iquilibrio.com\/blog\/#organization"},"image":{"@id":"https:\/\/www.iquilibrio.com\/blog\/espiritualidade\/polos-positivos-e-negativos-evandro\/#primaryimage"},"thumbnailUrl":"https:\/\/www.iquilibrio.com\/blog\/wp-content\/uploads\/2018\/03\/polos.jpg","keywords":["negativo","polos negativos","polos positivos","positivo"],"articleSection":["Espiritualidade"],"inLanguage":"pt-BR"},{"@type":"WebPage","@id":"https:\/\/www.iquilibrio.com\/blog\/espiritualidade\/polos-positivos-e-negativos-evandro\/","url":"https:\/\/www.iquilibrio.com\/blog\/espiritualidade\/polos-positivos-e-negativos-evandro\/","name":"Polos Positivos E Negativos - Orienta\u00e7\u00e3o Do Consultor Evandro | iQuilibrio","isPartOf":{"@id":"https:\/\/www.iquilibrio.com\/blog\/#website"},"primaryImageOfPage":{"@id":"https:\/\/www.iquilibrio.com\/blog\/espiritualidade\/polos-positivos-e-negativos-evandro\/#primaryimage"},"image":{"@id":"https:\/\/www.iquilibrio.com\/blog\/espiritualidade\/polos-positivos-e-negativos-evandro\/#primaryimage"},"thumbnailUrl":"https:\/\/www.iquilibrio.com\/blog\/wp-content\/uploads\/2018\/03\/polos.jpg","datePublished":"2018-03-12T11:18:11+00:00","dateModified":"2021-10-28T22:14:35+00:00","description":"Os Polos Positivos e Negativos s\u00e3o portais que a pr\u00f3pria pessoa abre em si mesma, assim direcionando sua energia para algo espec\u00edfico. Aprenda a harmoniz\u00e1-los.","breadcrumb":{"@id":"https:\/\/www.iquilibrio.com\/blog\/espiritualidade\/polos-positivos-e-negativos-evandro\/#breadcrumb"},"inLanguage":"pt-BR","potentialAction":[{"@type":"ReadAction","target":["https:\/\/www.iquilibrio.com\/blog\/espiritualidade\/polos-positivos-e-negativos-evandro\/"]}]},{"@type":"ImageObject","inLanguage":"pt-BR","@id":"https:\/\/www.iquilibrio.com\/blog\/espiritualidade\/polos-positivos-e-negativos-evandro\/#primaryimage","url":"https:\/\/www.iquilibrio.com\/blog\/wp-content\/uploads\/2018\/03\/polos.jpg","contentUrl":"https:\/\/www.iquilibrio.com\/blog\/wp-content\/uploads\/2018\/03\/polos.jpg","width":900,"height":560,"caption":"positivo e negativo"},{"@type":"BreadcrumbList","@id":"https:\/\/www.iquilibrio.com\/blog\/espiritualidade\/polos-positivos-e-negativos-evandro\/#breadcrumb","itemListElement":[{"@type":"ListItem","position":1,"name":"In\u00edcio","item":"https:\/\/www.iquilibrio.com\/blog\/"},{"@type":"ListItem","position":2,"name":"Os Polos Positivos e Negativos &#8211; Consultor Evandro"}]},{"@type":"WebSite","@id":"https:\/\/www.iquilibrio.com\/blog\/#website","url":"https:\/\/www.iquilibrio.com\/blog\/","name":"iQuilibrio","description":"Blog iQuilibrio","publisher":{"@id":"https:\/\/www.iquilibrio.com\/blog\/#organization"},"potentialAction":[{"@type":"SearchAction","target":{"@type":"EntryPoint","urlTemplate":"https:\/\/www.iquilibrio.com\/blog\/?s={search_term_string}"},"query-input":{"@type":"PropertyValueSpecification","valueRequired":true,"valueName":"search_term_string"}}],"inLanguage":"pt-BR"},{"@type":"Organization","@id":"https:\/\/www.iquilibrio.com\/blog\/#organization","name":"Esoterismo, Misticismo e Tarot Online - iQuilibrio","url":"https:\/\/www.iquilibrio.com\/blog\/","logo":{"@type":"ImageObject","inLanguage":"pt-BR","@id":"https:\/\/www.iquilibrio.com\/blog\/#\/schema\/logo\/image\/","url":"https:\/\/www.iquilibrio.com\/blog\/wp-content\/uploads\/2018\/12\/iquilibrio_lovo_vetor_preto-retina.png","contentUrl":"https:\/\/www.iquilibrio.com\/blog\/wp-content\/uploads\/2018\/12\/iquilibrio_lovo_vetor_preto-retina.png","width":972,"height":180,"caption":"Esoterismo, Misticismo e Tarot Online - iQuilibrio"},"image":{"@id":"https:\/\/www.iquilibrio.com\/blog\/#\/schema\/logo\/image\/"},"sameAs":["https:\/\/www.facebook.com\/iQuilibrio\/","https:\/\/x.com\/iquilibrio","https:\/\/www.instagram.com\/iquilibrio\/","https:\/\/www.linkedin.com\/company\/iquilibrio\/","https:\/\/br.pinterest.com\/iquilibrio1397\/","https:\/\/www.youtube.com\/channel\/UC175qxd-4Zsi4wzawT5zF2g"]},{"@type":"Person","@id":"https:\/\/www.iquilibrio.com\/blog\/#\/schema\/person\/199505a1f0db0d00f022188666c75dca","name":"Reda\u00e7\u00e3o iQuilibrio","image":{"@type":"ImageObject","inLanguage":"pt-BR","@id":"https:\/\/www.iquilibrio.com\/blog\/wp-content\/uploads\/2021\/12\/Consulta-por-email-3-150x150.png","url":"https:\/\/www.iquilibrio.com\/blog\/wp-content\/uploads\/2021\/12\/Consulta-por-email-3-150x150.png","contentUrl":"https:\/\/www.iquilibrio.com\/blog\/wp-content\/uploads\/2021\/12\/Consulta-por-email-3-150x150.png","caption":"Reda\u00e7\u00e3o iQuilibrio"},"description":"A equipe de reda\u00e7\u00e3o da iQuilibrio \u00e9 composta pelos mais diversos especialistas e esot\u00e9ricos. Al\u00e9m de dominar a arte de traduzir as energias que o universo emana, nossos redatores sentem imenso prazer em trabalhar com palavras. Boa leitura e um \u00f3timo aprendizado!","url":"https:\/\/www.iquilibrio.com\/blog\/author\/juliana\/"}]}},"_links":{"self":[{"href":"https:\/\/www.iquilibrio.com\/blog\/wp-json\/wp\/v2\/posts\/15059","targetHints":{"allow":["GET"]}}],"collection":[{"href":"https:\/\/www.iquilibrio.com\/blog\/wp-json\/wp\/v2\/posts"}],"about":[{"href":"https:\/\/www.iquilibrio.com\/blog\/wp-json\/wp\/v2\/types\/post"}],"author":[{"embeddable":true,"href":"https:\/\/www.iquilibrio.com\/blog\/wp-json\/wp\/v2\/users\/20"}],"replies":[{"embeddable":true,"href":"https:\/\/www.iquilibrio.com\/blog\/wp-json\/wp\/v2\/comments?post=15059"}],"version-history":[{"count":16,"href":"https:\/\/www.iquilibrio.com\/blog\/wp-json\/wp\/v2\/posts\/15059\/revisions"}],"predecessor-version":[{"id":33239,"href":"https:\/\/www.iquilibrio.com\/blog\/wp-json\/wp\/v2\/posts\/15059\/revisions\/33239"}],"wp:featuredmedia":[{"embeddable":true,"href":"https:\/\/www.iquilibrio.com\/blog\/wp-json\/wp\/v2\/media\/15077"}],"wp:attachment":[{"href":"https:\/\/www.iquilibrio.com\/blog\/wp-json\/wp\/v2\/media?parent=15059"}],"wp:term":[{"taxonomy":"category","embeddable":true,"href":"https:\/\/www.iquilibrio.com\/blog\/wp-json\/wp\/v2\/categories?post=15059"},{"taxonomy":"post_tag","embeddable":true,"href":"https:\/\/www.iquilibrio.com\/blog\/wp-json\/wp\/v2\/tags?post=15059"}],"curies":[{"name":"wp","href":"https:\/\/api.w.org\/{rel}","templated":true}]}}