{"id":14455,"date":"2018-03-05T09:50:36","date_gmt":"2018-03-05T12:50:36","guid":{"rendered":"https:\/\/www.iquilibrio.com\/blog\/?p=14455"},"modified":"2019-03-22T16:03:18","modified_gmt":"2019-03-22T18:03:18","slug":"terco","status":"publish","type":"post","link":"https:\/\/www.iquilibrio.com\/blog\/espiritualidade\/cristianismo\/terco\/","title":{"rendered":"Saiba mais sobre o Ter\u00e7o e o seu poder de conex\u00e3o com o Divino"},"content":{"rendered":"<p>O nome <strong>Ter\u00e7o<\/strong> nada mais \u00e9 do que a defini\u00e7\u00e3o da representa\u00e7\u00e3o da ter\u00e7a parte do <strong>Ros\u00e1rio<\/strong> ( 15 dezenas). Ele \u00e9 um dos instrumentos de f\u00e9 mais conhecidos no <strong>cristianismo<\/strong> e sua origem at\u00e9 hoje \u00e9 incerta,<a href=\"https:\/\/www.iquilibrio.com\/salmos\"><span class=\"class-texto-consultas\"> porque assim como as <strong>Escrituras Sagradas &#8211;<\/strong><\/span><\/a>\u00a0que demoraram s\u00e9culos at\u00e9 serem constitu\u00eddas -, o Ter\u00e7o precisou de um per\u00edodo extenso para ser estudado e chegar ent\u00e3o a sua forma eficaz. Ou seja, foram diversos momentos na <strong>hist\u00f3ria da Igreja<\/strong> que se passaram at\u00e9 que chegassem em uma composi\u00e7\u00e3o assertiva sobre a disposi\u00e7\u00e3o das Ora\u00e7\u00f5es que o constituem..<\/p>\n<p style=\"text-align: center;\"><a href=\"https:\/\/www.iquilibrio.com\/salmos\/\"><span class=\"td_btn td_btn_lg td_round_btn class-cta1\" style=\"color: #ffffff;\">Abra seus Caminhos AQUI com a Orienta\u00e7\u00e3o dos Melhores Especialistas em Salmos<\/span><\/a><\/p>\n<p>&nbsp;<\/p>\n<p>Por isso, \u00e9 certo dizer que ele \u00e9 um dos v\u00ednculos mais lindos e puros entre a humanidade e <strong>Deus,<\/strong>\u00a0pois atrav\u00e9s do desenvolvimento da humanidade, ele\u00a0foi sendo modificado com base em um profundo estudo com o <a href=\"https:\/\/www.iquilibrio.com\/tarot\/anjos\/\"><span class=\"class-texto-produtos\">intuito de atingir a salva\u00e7\u00e3o dos homens<\/span><\/a>.<\/p>\n<h2>Ora\u00e7\u00f5es importantes e como foram constitu\u00eddas<\/h2>\n<p>O Ter\u00e7o \u00e9 constitu\u00eddo de Ora\u00e7\u00f5es Sagradas que emanam energias fortes e que colocam as pessoas em contato com o seu &#8220;eu puro&#8221; e assim atingem facilmente de maneira mais respeitosa a dire\u00e7\u00e3o correta para fazerem seus pedidos e agradecimentos.<\/p>\n<p>As Ora\u00e7\u00f5es que comp\u00f5em o Ter\u00e7o s\u00e3o:<\/p>\n<h3>Ave-Maria<\/h3>\n<p>Tudo come\u00e7ou com a sauda\u00e7\u00e3o do Arcanjo S\u00e3o Gabriel \u00e0 Virgem de Nazar\u00e9, que dizia:<\/p>\n<blockquote><p>&#8220;Ave, cheia de gra\u00e7a, o Senhor \u00e9 contigo&#8221; &#8211; Lc 1,28<\/p><\/blockquote>\n<p>Depois, a continuidade se deu nas palavras do Esp\u00edrito Santo:<\/p>\n<blockquote><p>&#8220;Bendita \u00e9s tu entre as mulheres e bendito \u00e9 o fruto do teu ventre&#8221; &#8211; Lc 1,42<\/p><\/blockquote>\n<p>O restante da Ora\u00e7\u00e3o foi elaborada pelo Papa S\u00e3o Celestino, no Conc\u00edlio de \u00c9feso que definiu que a Virgem Sant\u00edssima \u00e9 a verdadeira m\u00e3e de Jesus Cristo e por isso, constituiu:<\/p>\n<p>&#8220;Santa Maria, M\u00e3e de Deus, rogai por n\u00f3s pecadores, agora e na hora de nossa morte&#8221;<\/p>\n<p><strong>Ora\u00e7\u00e3o<\/strong><\/p>\n<blockquote><p>&#8220;Ave Maria cheia de gra\u00e7a<br \/>\nO Senhor \u00e9 convosco,<sup id=\"cite_ref-1\" class=\"reference\"><\/sup><br \/>\nBendita sois V\u00f3s entre as mulheres,<br \/>\nE bendito \u00e9 o fruto do vosso ventre, Jesus.<sup id=\"cite_ref-2\" class=\"reference\"><\/sup><\/p>\n<p>Santa Maria, M\u00e3e de Deus,<br \/>\nRogai por n\u00f3s pecadores,<br \/>\nAgora e na hora da nossa morte.<\/p>\n<p>Am\u00e9m!&#8221;<\/p><\/blockquote>\n<h3>Pai-Nosso<\/h3>\n<p>Tamb\u00e9m com <a href=\"https:\/\/www.iquilibrio.com\/blog\/salmo-do-dia\/\">suas origens nas Escrituras<\/a>, foi Jesus Cristo quem ensinou a Ora\u00e7\u00e3o do Pai:<\/p>\n<blockquote><p>&#8220;Eis como deveis rezar: Pai nosso, que estais no c\u00e9u, santificado seja o vosso nome; venha a n\u00f3s o vosso Reino; seja feita a Vossa vontade, assim na terra como no c\u00e9u. O p\u00e3o nosso de cada dia nos dai hoje; perdoai-nos as nossas ofensas, assim como n\u00f3s perdoamos aos que nos ofenderam; e n\u00e3o nos deixeis cair em tenta\u00e7\u00e3o, mas livrai-nos do mal!&#8221;(Mt 6, 9-13; cf. Lc 11, 2-4).<\/p><\/blockquote>\n<h3>Creio ou Credo<\/h3>\n<p>Conhecido como &#8220;S\u00edmbolo dos Ap\u00f3stolos&#8221;, esse nome vem justamente porque sua origem \u00e9 nos Ap\u00f3stolos, como no come\u00e7o dos tempos a propaga\u00e7\u00e3o da f\u00e9 era muito dif\u00edcil, pois n\u00e3o havia muitos escritos, os fi\u00e9is eram chamados a fazer ora\u00e7\u00e3o para comprovar e entonar sua f\u00e9.<\/p>\n<p>Diversos Santos, como Santo Agostinho diziam:<\/p>\n<blockquote><p>\u201cTodo crist\u00e3o \u00e9 obrigado a saber o s\u00edmbolo dos Ap\u00f3stolos de cor.\u201d<\/p>\n<p>\u201cQuem n\u00e3o se empenha em aprend\u00ea-lo, torna-se gravemente culpado.\u201d<\/p>\n<p>\u201cO s\u00edmbolo \u00e9 a renova\u00e7\u00e3o do pacto conclu\u00eddo com Deus no Batismo.\u201d<\/p><\/blockquote>\n<p><strong>Ora\u00e7\u00e3o<\/strong><\/p>\n<blockquote><p>&#8220;Creio em Deus Pai Todo-Poderoso, criador do c\u00e9u e da terra. E em Jesus Cristo, seu \u00fanico Filho Nosso Senhor, que foi concebido pelo poder do Esp\u00edrito Santo, nasceu da Virgem Maria , padeceu sob P\u00f4ncio Pilatos, foi crucificado, morto e sepultado, desceu a mans\u00e3o dos mortos, ressuscitou ao terceiro dia, subiu aos C\u00e9us, est\u00e1 sentado \u00e0 direita de Deus Pai todo-poderoso, donde h\u00e1 de vir a julgar os vivos e mortos. Creio no Esp\u00edrito Santo. Na Santa Igreja Cat\u00f3lica, na comunh\u00e3o dos santos, na remiss\u00e3o dos pecados, na ressurrei\u00e7\u00e3o da carne, na vida eterna. Am\u00e9m.&#8221;<\/p><\/blockquote>\n<h2>Como rezar o Ter\u00e7o<\/h2>\n<p>Para inci\u00e1-lo antes de come\u00e7ar o Ter\u00e7o, fa\u00e7a o sinal da Cruz, e em seguida ofere\u00e7a o Ter\u00e7o:<\/p>\n<blockquote><p>\u201cDivino Jesus, n\u00f3s vos oferecemos este ter\u00e7o que vamos rezar, contemplando os mist\u00e9rios da nossa Reden\u00e7\u00e3o. Concedei-nos pela intercess\u00e3o de Maria, vossa M\u00e3e Sant\u00edssima, a quem nos dirigimos, as virtudes para bem rez\u00e1-lo e a gra\u00e7a de ganharmos as indulg\u00eancias desta santa devo\u00e7\u00e3o. Oferecemos particularmente (diga o que deseja).\u201d<\/p><\/blockquote>\n<p>Ent\u00e3o, come\u00e7a-se o Ter\u00e7 oda seguinte maneira:<\/p>\n<ol>\n<li>Rezar o Credo na pequena Cruz;<\/li>\n<li>em todas as bolas maiores reza-se o Pai-Nosso;<\/li>\n<li>em todas as bolas menores reza-se a Ave-Maria (as dezenas);<\/li>\n<li>ao final de cada dezena, reza 1 Gl\u00f3ria ao Pai: &#8220;Gl\u00f3ria ao Pai, ao Filho e ao Esp\u00edrito Santo. Como era no princ\u00edpio, agora e sempre. Am\u00e9m!&#8221;;<\/li>\n<li>recite a jaculat\u00f3ria ap\u00f3s cada Gl\u00f3ria ao Pai: &#8220;\u00d3 meu Jesus, perdoai-nos, livrai-nos do fogo do inferno, levai as almas todas para o c\u00e9u e socorrei principalmente as que mais precisarem&#8221;.<\/li>\n<li>\n<p class=\"style83\" align=\"justify\"><span class=\"Monotipe-Azul-24\">Infinitas gra\u00e7as vos damos, Soberana Rainha, pelos benef\u00edcios que todos os dias recebemos de vossas m\u00e3os liberais. Dignai-vos, agora e para sempre tomar-nos debaixo do vosso poderoso amparo e para mais vos agradecer, vos saudamos com uma Salve Rainha:<\/span><\/p>\n<p class=\"style83\" align=\"justify\"><span class=\"Monotipe-Azul-24\">\u201cSalve Rainha, M\u00e3e de miseric\u00f3rdia, vida e do\u00e7ura, esperan\u00e7a nossa Salve! A v\u00f3s bradamos, os degredados filhos de Eva; a v\u00f3s suspiramos gemendo e chorando neste vale de l\u00e1grimas. Eia, pois, advogada nossa esses vossos olhos misericordiosos a n\u00f3s volvei, e depois deste desterro nos mostrai-nos a Jesus, bendito fruto do vosso ventre, \u00f3 Clemente, \u00f3 Piedosa, \u00f3 Doce, sempre Virgem Maria. Rogai por n\u00f3s, Santa M\u00e3e de Deus, para que sejamos dignos das promessas de Cristo. Am\u00e9m\u201d.<\/span><\/p>\n<\/li>\n<\/ol>\n<p>Para uma Ora\u00e7\u00e3o do Ter\u00e7o mais completa, \u00e9 necess\u00e1rio conhecer as medita\u00e7\u00f5es do Santo Ros\u00e1rio, que s\u00e3o atribu\u00eddas de acordo com os dias da semana para quem reza o Ter\u00e7o todos os dias, ficando caracterizados como:<\/p>\n<ul>\n<li>Segunda e Quinta: Mist\u00e9rios Gozosos;<\/li>\n<li>Ter\u00e7a e Sexta: Mist\u00e9rios Dolorosos;<\/li>\n<li>Quarta, S\u00e1bado e Domingo: Mist\u00e9rios Gloriosos;<\/li>\n<li>Quinta: Mist\u00e9rios Luminosos.<\/li>\n<\/ul>\n<p>Essas medita\u00e7\u00f5es s\u00e3o pausas de reflex\u00f5es que a pessoa deve ter sobre cada momento de demonstra\u00e7\u00e3o de f\u00e9 e amor que Deus, Nossa Senhora e Jesus Cristo tiveram com todos, portanto eles s\u00e3o compostos com os seguintes temas em cada Mist\u00e9rio:<\/p>\n<h3>Os Mist\u00e9rios Gozosos<\/h3>\n<p>I &#8211; Anuncia\u00e7\u00e3o: contempla-se a Anuncia\u00e7\u00e3o do Anjo, sobre a vinda do filho do Senhor e o ato que \u00e9 a Encarna\u00e7\u00e3o do Verbo;<\/p>\n<p>II &#8211; Visita\u00e7\u00e3o: corresponde a visita\u00e7\u00e3o de Maria \u00e0 usa prima Santa Isabel que a reconhece como a &#8220;Bendita entre todas as mulheres&#8221;;<\/p>\n<p>III &#8211; Nascimento de Jesus:<\/p>\n<p>IV &#8211;\u00a0Apresenta\u00e7\u00e3o de Jesus no Templo e Purifica\u00e7\u00e3o de Nossa Senhora: Maria coloca o Menino Jesus nos bra\u00e7os do anci\u00e3o Sime\u00e3o &#8211; respons\u00e1vel pelo Templo -, que reconhece o filho da Santa: &#8220;Ele \u00e9 a salva\u00e7\u00e3o\u00a0preparada para todos os povos, luz que deve iluminar os pag\u00e3os e gloria do povo de Israel.<i>&#8220;;<\/i><\/p>\n<p>V &#8211;\u00a0Encontro de Jesus no Templo e vida oculta em Nazar\u00e9: reflex\u00e3o sobre como deve-se manter a f\u00e9 e o amor por aquilo que se acredita, sem se desviar do caminho, pois a paci\u00eancia trar\u00e1 os melhores frutos.<\/p>\n<h3>Os Mist\u00e9rios Dolorosos<\/h3>\n<p>I &#8211;\u00a0Agonia no Horto das Oliveiras: reconhecimento da dor que Jesus passou no Horto das Oliveiras por todos os homens;<\/p>\n<p>II &#8211;\u00a0Flagela\u00e7\u00e3o: aceita\u00e7\u00e3o da miss\u00e3o maior destinada pelo Pai, e reconhecimento da preciosidade de Sua vontade;<\/p>\n<p>III &#8211;\u00a0Coroa\u00e7\u00e3o de Espinhos: entendimento de que a humilha\u00e7\u00e3o estabelecida pelos homens mostra como o amor de Deus \u00e9 maior pelo seu Filho, que o ama de cora\u00e7\u00e3o sincero, e que todos os homens possam aprender atrav\u00e9s de seus erros que o verdadeiro caminho est\u00e1 nas m\u00e3os do Senhor e no amor de Cristo por todos;<\/p>\n<p>IV &#8211;\u00a0A Cruz nos ombros: demonstra\u00e7\u00e3o de confian\u00e7a e gratid\u00e3o pela paix\u00e3o de Cristo ao se entregar a tamanha prova\u00e7\u00e3o por considera\u00e7\u00e3o a todos, pois para ele, todos os homens s\u00e3o seus irm\u00e3os;<\/p>\n<p>V &#8211;\u00a0Morte na cruz: concretiza-se assim o que o Pai havia determinado, que sua miseric\u00f3rdia pelos homens seja sempre lembrada e que o amor Divino de Jesus seja espalhado a todos os cantos.<\/p>\n<h3>Os Mist\u00e9rios Gloriosos<\/h3>\n<p>I &#8211;\u00a0Ressurrei\u00e7\u00e3o: como dito nas Escrituras, o Messias ressuscita ao terceiro dia, pois assim o Pai determinou;<\/p>\n<p>II &#8211;\u00a0Ascens\u00e3o: Jesus volta ao lado do Pai, e est\u00e1 sentado a sua direita, que todos consigam encontrar em sua compaix\u00e3o pela humanidade a for\u00e7a para realizar seus sonhos;<\/p>\n<p>III &#8211;\u00a0Pentecostes: \u00e9 a Santidade do Messias dentro da Igreja para sempre, representado pelo Esp\u00edrito Santo agindo sobre os Ap\u00f3stolos e Nossa Senhora;<\/p>\n<p>IV &#8211;\u00a0Assun\u00e7\u00e3o: \u00e9 a afirma\u00e7\u00e3o sobre o amor de M\u00e3e Divina de Nossa Senhora, e o seu poder de interceder por todos os seus filhos de f\u00e9;<\/p>\n<p>V &#8211; Coroa\u00e7\u00e3o no c\u00e9u: Maria \u00e9 efetivamente decretada como a Rainha do C\u00e9u e da Terra.<\/p>\n<h3>Os Mist\u00e9rios Luminosos<\/h3>\n<p>I &#8211; O Batismo: contempla-se a vinda do Esp\u00edrito Santo e o batismo de Jesus Cristo nas \u00e1guas do Jord\u00e3o;<\/p>\n<p>II &#8211; Autorevela\u00e7\u00e3o: \u00e9 o reconhecimento das Bodas de Can\u00e1 &#8211; primeiro milagre de Cristo expresso na B\u00edblia, onde ele transforma \u00e1gua em vinho- com a intercess\u00e3o de Maria;<\/p>\n<p>III &#8211;\u00a0An\u00fancio do Reino de Deus: este \u00e9 um convite para acreditar em Deus e no amor de Cristo por todos;<\/p>\n<p>IV &#8211;\u00a0Transfigura\u00e7\u00e3o de Jesus: epis\u00f3dio do Novo Testamento onde Cristo se torna como uma luz no alto de uma montanha. Nessa passagem, Jesus \u00e9 reconhecido por 3 de seus Ap\u00f3stolos como o verdadeiro Filho de Deus;<\/p>\n<p>V &#8211; Institui\u00e7\u00e3o da Eucaristia: simboliza a comunh\u00e3o, que pode ser representada por exemplo na Santa Ceia.<\/p>\n<p>O Ter\u00e7o \u00e9 uma fra\u00e7\u00e3o do Ros\u00e1rio que permite que todos os homens possam se conectar com o Divino, e assim buscarem pelo o que desejam por meio da miseric\u00f3rdia do Senhor, encontrando em sua Luz o mais puro e profundo amor pelos bra\u00e7os de Cristo e Maria.<\/p>\n<p>&nbsp;<\/p>\n<p style=\"text-align: center;\"><span style=\"color: #ffffff;\"><a style=\"color: #ffffff;\" href=\"https:\/\/www.iquilibrio.com\/esotericos\/\"><span class=\"td_btn td_btn_lg td_round_btn class-cta2\">Ven\u00e7a Seus Desafios de Vida Com a Ajuda de Esot\u00e9ricos Experientes<\/span><\/a><\/span><\/p>\n\n\n<div class=\"kk-star-ratings kksr-auto kksr-align-left kksr-valign-bottom\"\n    data-payload='{&quot;align&quot;:&quot;left&quot;,&quot;id&quot;:&quot;14455&quot;,&quot;slug&quot;:&quot;default&quot;,&quot;valign&quot;:&quot;bottom&quot;,&quot;ignore&quot;:&quot;&quot;,&quot;reference&quot;:&quot;auto&quot;,&quot;class&quot;:&quot;&quot;,&quot;count&quot;:&quot;0&quot;,&quot;legendonly&quot;:&quot;&quot;,&quot;readonly&quot;:&quot;&quot;,&quot;score&quot;:&quot;0&quot;,&quot;starsonly&quot;:&quot;&quot;,&quot;best&quot;:&quot;5&quot;,&quot;gap&quot;:&quot;5&quot;,&quot;greet&quot;:&quot;Rate this post&quot;,&quot;legend&quot;:&quot;0\\\/5 - (0 voto)&quot;,&quot;size&quot;:&quot;24&quot;,&quot;title&quot;:&quot;Saiba mais sobre o Ter\u00e7o e o seu poder de conex\u00e3o com o Divino&quot;,&quot;width&quot;:&quot;0&quot;,&quot;_legend&quot;:&quot;{score}\\\/{best} - ({count} {votes})&quot;,&quot;font_factor&quot;:&quot;1.25&quot;}'>\n            \n<div class=\"kksr-stars\">\n    \n<div class=\"kksr-stars-inactive\">\n            <div class=\"kksr-star\" data-star=\"1\" style=\"padding-right: 5px\">\n            \n\n<div class=\"kksr-icon\" style=\"width: 24px; height: 24px;\"><\/div>\n        <\/div>\n            <div class=\"kksr-star\" data-star=\"2\" style=\"padding-right: 5px\">\n            \n\n<div class=\"kksr-icon\" style=\"width: 24px; height: 24px;\"><\/div>\n        <\/div>\n            <div class=\"kksr-star\" data-star=\"3\" style=\"padding-right: 5px\">\n            \n\n<div class=\"kksr-icon\" style=\"width: 24px; height: 24px;\"><\/div>\n        <\/div>\n            <div class=\"kksr-star\" data-star=\"4\" style=\"padding-right: 5px\">\n            \n\n<div class=\"kksr-icon\" style=\"width: 24px; height: 24px;\"><\/div>\n        <\/div>\n            <div class=\"kksr-star\" data-star=\"5\" style=\"padding-right: 5px\">\n            \n\n<div class=\"kksr-icon\" style=\"width: 24px; height: 24px;\"><\/div>\n        <\/div>\n    <\/div>\n    \n<div class=\"kksr-stars-active\" style=\"width: 0px;\">\n            <div class=\"kksr-star\" style=\"padding-right: 5px\">\n            \n\n<div class=\"kksr-icon\" style=\"width: 24px; height: 24px;\"><\/div>\n        <\/div>\n            <div class=\"kksr-star\" style=\"padding-right: 5px\">\n            \n\n<div class=\"kksr-icon\" style=\"width: 24px; height: 24px;\"><\/div>\n        <\/div>\n            <div class=\"kksr-star\" style=\"padding-right: 5px\">\n            \n\n<div class=\"kksr-icon\" style=\"width: 24px; height: 24px;\"><\/div>\n        <\/div>\n            <div class=\"kksr-star\" style=\"padding-right: 5px\">\n            \n\n<div class=\"kksr-icon\" style=\"width: 24px; height: 24px;\"><\/div>\n        <\/div>\n            <div class=\"kksr-star\" style=\"padding-right: 5px\">\n            \n\n<div class=\"kksr-icon\" style=\"width: 24px; height: 24px;\"><\/div>\n        <\/div>\n    <\/div>\n<\/div>\n                \n\n<div class=\"kksr-legend\" style=\"font-size: 19.2px;\">\n            <span class=\"kksr-muted\">Rate this post<\/span>\n    <\/div>\n    <\/div>\n","protected":false},"excerpt":{"rendered":"<p>O nome Ter\u00e7o nada mais \u00e9 do que a defini\u00e7\u00e3o da representa\u00e7\u00e3o da ter\u00e7a parte do Ros\u00e1rio ( 15 dezenas). Ele \u00e9 um dos instrumentos de f\u00e9 mais conhecidos no cristianismo e sua origem at\u00e9 hoje \u00e9 incerta, porque assim como as Escrituras Sagradas &#8211;\u00a0que demoraram s\u00e9culos at\u00e9 serem constitu\u00eddas -, o Ter\u00e7o precisou de [&hellip;]<\/p>\n","protected":false},"author":20,"featured_media":14959,"comment_status":"open","ping_status":"open","sticky":false,"template":"","format":"standard","meta":{"footnotes":""},"categories":[504],"tags":[2672,2671],"class_list":["post-14455","post","type-post","status-publish","format-standard","has-post-thumbnail","hentry","category-cristianismo","tag-rosario","tag-terco"],"yoast_head":"<!-- This site is optimized with the Yoast SEO plugin v27.4 - https:\/\/yoast.com\/product\/yoast-seo-wordpress\/ -->\n<title>Ter\u00e7o - O V\u00ednculo Do Homem Com O Divino - iQuilibrio<\/title>\n<meta name=\"description\" content=\"Conhe\u00e7a mais sobre a hist\u00f3ria do Ter\u00e7o, o que ele representa e qual o seu poder ao se tornar um instrumento de liga\u00e7\u00e3o com o Divino.\" \/>\n<meta name=\"robots\" content=\"index, follow, max-snippet:-1, max-image-preview:large, max-video-preview:-1\" \/>\n<link rel=\"canonical\" href=\"https:\/\/www.iquilibrio.com\/blog\/espiritualidade\/cristianismo\/terco\/\" \/>\n<meta property=\"og:locale\" content=\"pt_BR\" \/>\n<meta property=\"og:type\" content=\"article\" \/>\n<meta property=\"og:title\" content=\"Ter\u00e7o - O V\u00ednculo Do Homem Com O Divino - iQuilibrio\" \/>\n<meta property=\"og:description\" content=\"Conhe\u00e7a mais sobre a hist\u00f3ria do Ter\u00e7o, o que ele representa e qual o seu poder ao se tornar um instrumento de liga\u00e7\u00e3o com o Divino.\" \/>\n<meta property=\"og:url\" content=\"https:\/\/www.iquilibrio.com\/blog\/espiritualidade\/cristianismo\/terco\/\" \/>\n<meta property=\"og:site_name\" content=\"iQuilibrio\" \/>\n<meta property=\"article:publisher\" content=\"https:\/\/www.facebook.com\/iQuilibrio\/\" \/>\n<meta property=\"article:published_time\" content=\"2018-03-05T12:50:36+00:00\" \/>\n<meta property=\"article:modified_time\" content=\"2019-03-22T18:03:18+00:00\" \/>\n<meta property=\"og:image\" content=\"https:\/\/www.iquilibrio.com\/blog\/wp-content\/uploads\/2018\/03\/terco.jpg\" \/>\n\t<meta property=\"og:image:width\" content=\"900\" \/>\n\t<meta property=\"og:image:height\" content=\"560\" \/>\n\t<meta property=\"og:image:type\" content=\"image\/jpeg\" \/>\n<meta name=\"author\" content=\"Reda\u00e7\u00e3o iQuilibrio\" \/>\n<meta name=\"twitter:card\" content=\"summary_large_image\" \/>\n<meta name=\"twitter:creator\" content=\"@iquilibrio\" \/>\n<meta name=\"twitter:site\" content=\"@iquilibrio\" \/>\n<meta name=\"twitter:label1\" content=\"Escrito por\" \/>\n\t<meta name=\"twitter:data1\" content=\"Reda\u00e7\u00e3o iQuilibrio\" \/>\n\t<meta name=\"twitter:label2\" content=\"Est. tempo de leitura\" \/>\n\t<meta name=\"twitter:data2\" content=\"9 minutos\" \/>\n<script type=\"application\/ld+json\" class=\"yoast-schema-graph\">{\"@context\":\"https:\\\/\\\/schema.org\",\"@graph\":[{\"@type\":\"Article\",\"@id\":\"https:\\\/\\\/www.iquilibrio.com\\\/blog\\\/espiritualidade\\\/cristianismo\\\/terco\\\/#article\",\"isPartOf\":{\"@id\":\"https:\\\/\\\/www.iquilibrio.com\\\/blog\\\/espiritualidade\\\/cristianismo\\\/terco\\\/\"},\"author\":{\"name\":\"Reda\u00e7\u00e3o iQuilibrio\",\"@id\":\"https:\\\/\\\/www.iquilibrio.com\\\/blog\\\/#\\\/schema\\\/person\\\/199505a1f0db0d00f022188666c75dca\"},\"headline\":\"Saiba mais sobre o Ter\u00e7o e o seu poder de conex\u00e3o com o Divino\",\"datePublished\":\"2018-03-05T12:50:36+00:00\",\"dateModified\":\"2019-03-22T18:03:18+00:00\",\"mainEntityOfPage\":{\"@id\":\"https:\\\/\\\/www.iquilibrio.com\\\/blog\\\/espiritualidade\\\/cristianismo\\\/terco\\\/\"},\"wordCount\":1804,\"commentCount\":0,\"publisher\":{\"@id\":\"https:\\\/\\\/www.iquilibrio.com\\\/blog\\\/#organization\"},\"image\":{\"@id\":\"https:\\\/\\\/www.iquilibrio.com\\\/blog\\\/espiritualidade\\\/cristianismo\\\/terco\\\/#primaryimage\"},\"thumbnailUrl\":\"https:\\\/\\\/www.iquilibrio.com\\\/blog\\\/wp-content\\\/uploads\\\/2018\\\/03\\\/terco.jpg\",\"keywords\":[\"ros\u00e1rio\",\"ter\u00e7o\"],\"articleSection\":[\"Cristianismo\"],\"inLanguage\":\"pt-BR\"},{\"@type\":\"WebPage\",\"@id\":\"https:\\\/\\\/www.iquilibrio.com\\\/blog\\\/espiritualidade\\\/cristianismo\\\/terco\\\/\",\"url\":\"https:\\\/\\\/www.iquilibrio.com\\\/blog\\\/espiritualidade\\\/cristianismo\\\/terco\\\/\",\"name\":\"Ter\u00e7o - O V\u00ednculo Do Homem Com O Divino - iQuilibrio\",\"isPartOf\":{\"@id\":\"https:\\\/\\\/www.iquilibrio.com\\\/blog\\\/#website\"},\"primaryImageOfPage\":{\"@id\":\"https:\\\/\\\/www.iquilibrio.com\\\/blog\\\/espiritualidade\\\/cristianismo\\\/terco\\\/#primaryimage\"},\"image\":{\"@id\":\"https:\\\/\\\/www.iquilibrio.com\\\/blog\\\/espiritualidade\\\/cristianismo\\\/terco\\\/#primaryimage\"},\"thumbnailUrl\":\"https:\\\/\\\/www.iquilibrio.com\\\/blog\\\/wp-content\\\/uploads\\\/2018\\\/03\\\/terco.jpg\",\"datePublished\":\"2018-03-05T12:50:36+00:00\",\"dateModified\":\"2019-03-22T18:03:18+00:00\",\"description\":\"Conhe\u00e7a mais sobre a hist\u00f3ria do Ter\u00e7o, o que ele representa e qual o seu poder ao se tornar um instrumento de liga\u00e7\u00e3o com o Divino.\",\"breadcrumb\":{\"@id\":\"https:\\\/\\\/www.iquilibrio.com\\\/blog\\\/espiritualidade\\\/cristianismo\\\/terco\\\/#breadcrumb\"},\"inLanguage\":\"pt-BR\",\"potentialAction\":[{\"@type\":\"ReadAction\",\"target\":[\"https:\\\/\\\/www.iquilibrio.com\\\/blog\\\/espiritualidade\\\/cristianismo\\\/terco\\\/\"]}]},{\"@type\":\"ImageObject\",\"inLanguage\":\"pt-BR\",\"@id\":\"https:\\\/\\\/www.iquilibrio.com\\\/blog\\\/espiritualidade\\\/cristianismo\\\/terco\\\/#primaryimage\",\"url\":\"https:\\\/\\\/www.iquilibrio.com\\\/blog\\\/wp-content\\\/uploads\\\/2018\\\/03\\\/terco.jpg\",\"contentUrl\":\"https:\\\/\\\/www.iquilibrio.com\\\/blog\\\/wp-content\\\/uploads\\\/2018\\\/03\\\/terco.jpg\",\"width\":900,\"height\":560,\"caption\":\"ros\u00e1rio\"},{\"@type\":\"BreadcrumbList\",\"@id\":\"https:\\\/\\\/www.iquilibrio.com\\\/blog\\\/espiritualidade\\\/cristianismo\\\/terco\\\/#breadcrumb\",\"itemListElement\":[{\"@type\":\"ListItem\",\"position\":1,\"name\":\"In\u00edcio\",\"item\":\"https:\\\/\\\/www.iquilibrio.com\\\/blog\\\/\"},{\"@type\":\"ListItem\",\"position\":2,\"name\":\"Saiba mais sobre o Ter\u00e7o e o seu poder de conex\u00e3o com o Divino\"}]},{\"@type\":\"WebSite\",\"@id\":\"https:\\\/\\\/www.iquilibrio.com\\\/blog\\\/#website\",\"url\":\"https:\\\/\\\/www.iquilibrio.com\\\/blog\\\/\",\"name\":\"iQuilibrio\",\"description\":\"Blog iQuilibrio\",\"publisher\":{\"@id\":\"https:\\\/\\\/www.iquilibrio.com\\\/blog\\\/#organization\"},\"potentialAction\":[{\"@type\":\"SearchAction\",\"target\":{\"@type\":\"EntryPoint\",\"urlTemplate\":\"https:\\\/\\\/www.iquilibrio.com\\\/blog\\\/?s={search_term_string}\"},\"query-input\":{\"@type\":\"PropertyValueSpecification\",\"valueRequired\":true,\"valueName\":\"search_term_string\"}}],\"inLanguage\":\"pt-BR\"},{\"@type\":\"Organization\",\"@id\":\"https:\\\/\\\/www.iquilibrio.com\\\/blog\\\/#organization\",\"name\":\"Esoterismo, Misticismo e Tarot Online - iQuilibrio\",\"url\":\"https:\\\/\\\/www.iquilibrio.com\\\/blog\\\/\",\"logo\":{\"@type\":\"ImageObject\",\"inLanguage\":\"pt-BR\",\"@id\":\"https:\\\/\\\/www.iquilibrio.com\\\/blog\\\/#\\\/schema\\\/logo\\\/image\\\/\",\"url\":\"https:\\\/\\\/www.iquilibrio.com\\\/blog\\\/wp-content\\\/uploads\\\/2018\\\/12\\\/iquilibrio_lovo_vetor_preto-retina.png\",\"contentUrl\":\"https:\\\/\\\/www.iquilibrio.com\\\/blog\\\/wp-content\\\/uploads\\\/2018\\\/12\\\/iquilibrio_lovo_vetor_preto-retina.png\",\"width\":972,\"height\":180,\"caption\":\"Esoterismo, Misticismo e Tarot Online - iQuilibrio\"},\"image\":{\"@id\":\"https:\\\/\\\/www.iquilibrio.com\\\/blog\\\/#\\\/schema\\\/logo\\\/image\\\/\"},\"sameAs\":[\"https:\\\/\\\/www.facebook.com\\\/iQuilibrio\\\/\",\"https:\\\/\\\/x.com\\\/iquilibrio\",\"https:\\\/\\\/www.instagram.com\\\/iquilibrio\\\/\",\"https:\\\/\\\/www.linkedin.com\\\/company\\\/iquilibrio\\\/\",\"https:\\\/\\\/br.pinterest.com\\\/iquilibrio1397\\\/\",\"https:\\\/\\\/www.youtube.com\\\/channel\\\/UC175qxd-4Zsi4wzawT5zF2g\"]},{\"@type\":\"Person\",\"@id\":\"https:\\\/\\\/www.iquilibrio.com\\\/blog\\\/#\\\/schema\\\/person\\\/199505a1f0db0d00f022188666c75dca\",\"name\":\"Reda\u00e7\u00e3o iQuilibrio\",\"image\":{\"@type\":\"ImageObject\",\"inLanguage\":\"pt-BR\",\"@id\":\"https:\\\/\\\/www.iquilibrio.com\\\/blog\\\/wp-content\\\/uploads\\\/2021\\\/12\\\/Consulta-por-email-3-150x150.png\",\"url\":\"https:\\\/\\\/www.iquilibrio.com\\\/blog\\\/wp-content\\\/uploads\\\/2021\\\/12\\\/Consulta-por-email-3-150x150.png\",\"contentUrl\":\"https:\\\/\\\/www.iquilibrio.com\\\/blog\\\/wp-content\\\/uploads\\\/2021\\\/12\\\/Consulta-por-email-3-150x150.png\",\"caption\":\"Reda\u00e7\u00e3o iQuilibrio\"},\"description\":\"A equipe de reda\u00e7\u00e3o da iQuilibrio \u00e9 composta pelos mais diversos especialistas e esot\u00e9ricos. Al\u00e9m de dominar a arte de traduzir as energias que o universo emana, nossos redatores sentem imenso prazer em trabalhar com palavras. Boa leitura e um \u00f3timo aprendizado!\",\"url\":\"https:\\\/\\\/www.iquilibrio.com\\\/blog\\\/author\\\/juliana\\\/\"}]}<\/script>\n<!-- \/ Yoast SEO plugin. -->","yoast_head_json":{"title":"Ter\u00e7o - O V\u00ednculo Do Homem Com O Divino - iQuilibrio","description":"Conhe\u00e7a mais sobre a hist\u00f3ria do Ter\u00e7o, o que ele representa e qual o seu poder ao se tornar um instrumento de liga\u00e7\u00e3o com o Divino.","robots":{"index":"index","follow":"follow","max-snippet":"max-snippet:-1","max-image-preview":"max-image-preview:large","max-video-preview":"max-video-preview:-1"},"canonical":"https:\/\/www.iquilibrio.com\/blog\/espiritualidade\/cristianismo\/terco\/","og_locale":"pt_BR","og_type":"article","og_title":"Ter\u00e7o - O V\u00ednculo Do Homem Com O Divino - iQuilibrio","og_description":"Conhe\u00e7a mais sobre a hist\u00f3ria do Ter\u00e7o, o que ele representa e qual o seu poder ao se tornar um instrumento de liga\u00e7\u00e3o com o Divino.","og_url":"https:\/\/www.iquilibrio.com\/blog\/espiritualidade\/cristianismo\/terco\/","og_site_name":"iQuilibrio","article_publisher":"https:\/\/www.facebook.com\/iQuilibrio\/","article_published_time":"2018-03-05T12:50:36+00:00","article_modified_time":"2019-03-22T18:03:18+00:00","og_image":[{"width":900,"height":560,"url":"https:\/\/www.iquilibrio.com\/blog\/wp-content\/uploads\/2018\/03\/terco.jpg","type":"image\/jpeg"}],"author":"Reda\u00e7\u00e3o iQuilibrio","twitter_card":"summary_large_image","twitter_creator":"@iquilibrio","twitter_site":"@iquilibrio","twitter_misc":{"Escrito por":"Reda\u00e7\u00e3o iQuilibrio","Est. tempo de leitura":"9 minutos"},"schema":{"@context":"https:\/\/schema.org","@graph":[{"@type":"Article","@id":"https:\/\/www.iquilibrio.com\/blog\/espiritualidade\/cristianismo\/terco\/#article","isPartOf":{"@id":"https:\/\/www.iquilibrio.com\/blog\/espiritualidade\/cristianismo\/terco\/"},"author":{"name":"Reda\u00e7\u00e3o iQuilibrio","@id":"https:\/\/www.iquilibrio.com\/blog\/#\/schema\/person\/199505a1f0db0d00f022188666c75dca"},"headline":"Saiba mais sobre o Ter\u00e7o e o seu poder de conex\u00e3o com o Divino","datePublished":"2018-03-05T12:50:36+00:00","dateModified":"2019-03-22T18:03:18+00:00","mainEntityOfPage":{"@id":"https:\/\/www.iquilibrio.com\/blog\/espiritualidade\/cristianismo\/terco\/"},"wordCount":1804,"commentCount":0,"publisher":{"@id":"https:\/\/www.iquilibrio.com\/blog\/#organization"},"image":{"@id":"https:\/\/www.iquilibrio.com\/blog\/espiritualidade\/cristianismo\/terco\/#primaryimage"},"thumbnailUrl":"https:\/\/www.iquilibrio.com\/blog\/wp-content\/uploads\/2018\/03\/terco.jpg","keywords":["ros\u00e1rio","ter\u00e7o"],"articleSection":["Cristianismo"],"inLanguage":"pt-BR"},{"@type":"WebPage","@id":"https:\/\/www.iquilibrio.com\/blog\/espiritualidade\/cristianismo\/terco\/","url":"https:\/\/www.iquilibrio.com\/blog\/espiritualidade\/cristianismo\/terco\/","name":"Ter\u00e7o - O V\u00ednculo Do Homem Com O Divino - iQuilibrio","isPartOf":{"@id":"https:\/\/www.iquilibrio.com\/blog\/#website"},"primaryImageOfPage":{"@id":"https:\/\/www.iquilibrio.com\/blog\/espiritualidade\/cristianismo\/terco\/#primaryimage"},"image":{"@id":"https:\/\/www.iquilibrio.com\/blog\/espiritualidade\/cristianismo\/terco\/#primaryimage"},"thumbnailUrl":"https:\/\/www.iquilibrio.com\/blog\/wp-content\/uploads\/2018\/03\/terco.jpg","datePublished":"2018-03-05T12:50:36+00:00","dateModified":"2019-03-22T18:03:18+00:00","description":"Conhe\u00e7a mais sobre a hist\u00f3ria do Ter\u00e7o, o que ele representa e qual o seu poder ao se tornar um instrumento de liga\u00e7\u00e3o com o Divino.","breadcrumb":{"@id":"https:\/\/www.iquilibrio.com\/blog\/espiritualidade\/cristianismo\/terco\/#breadcrumb"},"inLanguage":"pt-BR","potentialAction":[{"@type":"ReadAction","target":["https:\/\/www.iquilibrio.com\/blog\/espiritualidade\/cristianismo\/terco\/"]}]},{"@type":"ImageObject","inLanguage":"pt-BR","@id":"https:\/\/www.iquilibrio.com\/blog\/espiritualidade\/cristianismo\/terco\/#primaryimage","url":"https:\/\/www.iquilibrio.com\/blog\/wp-content\/uploads\/2018\/03\/terco.jpg","contentUrl":"https:\/\/www.iquilibrio.com\/blog\/wp-content\/uploads\/2018\/03\/terco.jpg","width":900,"height":560,"caption":"ros\u00e1rio"},{"@type":"BreadcrumbList","@id":"https:\/\/www.iquilibrio.com\/blog\/espiritualidade\/cristianismo\/terco\/#breadcrumb","itemListElement":[{"@type":"ListItem","position":1,"name":"In\u00edcio","item":"https:\/\/www.iquilibrio.com\/blog\/"},{"@type":"ListItem","position":2,"name":"Saiba mais sobre o Ter\u00e7o e o seu poder de conex\u00e3o com o Divino"}]},{"@type":"WebSite","@id":"https:\/\/www.iquilibrio.com\/blog\/#website","url":"https:\/\/www.iquilibrio.com\/blog\/","name":"iQuilibrio","description":"Blog iQuilibrio","publisher":{"@id":"https:\/\/www.iquilibrio.com\/blog\/#organization"},"potentialAction":[{"@type":"SearchAction","target":{"@type":"EntryPoint","urlTemplate":"https:\/\/www.iquilibrio.com\/blog\/?s={search_term_string}"},"query-input":{"@type":"PropertyValueSpecification","valueRequired":true,"valueName":"search_term_string"}}],"inLanguage":"pt-BR"},{"@type":"Organization","@id":"https:\/\/www.iquilibrio.com\/blog\/#organization","name":"Esoterismo, Misticismo e Tarot Online - iQuilibrio","url":"https:\/\/www.iquilibrio.com\/blog\/","logo":{"@type":"ImageObject","inLanguage":"pt-BR","@id":"https:\/\/www.iquilibrio.com\/blog\/#\/schema\/logo\/image\/","url":"https:\/\/www.iquilibrio.com\/blog\/wp-content\/uploads\/2018\/12\/iquilibrio_lovo_vetor_preto-retina.png","contentUrl":"https:\/\/www.iquilibrio.com\/blog\/wp-content\/uploads\/2018\/12\/iquilibrio_lovo_vetor_preto-retina.png","width":972,"height":180,"caption":"Esoterismo, Misticismo e Tarot Online - iQuilibrio"},"image":{"@id":"https:\/\/www.iquilibrio.com\/blog\/#\/schema\/logo\/image\/"},"sameAs":["https:\/\/www.facebook.com\/iQuilibrio\/","https:\/\/x.com\/iquilibrio","https:\/\/www.instagram.com\/iquilibrio\/","https:\/\/www.linkedin.com\/company\/iquilibrio\/","https:\/\/br.pinterest.com\/iquilibrio1397\/","https:\/\/www.youtube.com\/channel\/UC175qxd-4Zsi4wzawT5zF2g"]},{"@type":"Person","@id":"https:\/\/www.iquilibrio.com\/blog\/#\/schema\/person\/199505a1f0db0d00f022188666c75dca","name":"Reda\u00e7\u00e3o iQuilibrio","image":{"@type":"ImageObject","inLanguage":"pt-BR","@id":"https:\/\/www.iquilibrio.com\/blog\/wp-content\/uploads\/2021\/12\/Consulta-por-email-3-150x150.png","url":"https:\/\/www.iquilibrio.com\/blog\/wp-content\/uploads\/2021\/12\/Consulta-por-email-3-150x150.png","contentUrl":"https:\/\/www.iquilibrio.com\/blog\/wp-content\/uploads\/2021\/12\/Consulta-por-email-3-150x150.png","caption":"Reda\u00e7\u00e3o iQuilibrio"},"description":"A equipe de reda\u00e7\u00e3o da iQuilibrio \u00e9 composta pelos mais diversos especialistas e esot\u00e9ricos. Al\u00e9m de dominar a arte de traduzir as energias que o universo emana, nossos redatores sentem imenso prazer em trabalhar com palavras. Boa leitura e um \u00f3timo aprendizado!","url":"https:\/\/www.iquilibrio.com\/blog\/author\/juliana\/"}]}},"_links":{"self":[{"href":"https:\/\/www.iquilibrio.com\/blog\/wp-json\/wp\/v2\/posts\/14455","targetHints":{"allow":["GET"]}}],"collection":[{"href":"https:\/\/www.iquilibrio.com\/blog\/wp-json\/wp\/v2\/posts"}],"about":[{"href":"https:\/\/www.iquilibrio.com\/blog\/wp-json\/wp\/v2\/types\/post"}],"author":[{"embeddable":true,"href":"https:\/\/www.iquilibrio.com\/blog\/wp-json\/wp\/v2\/users\/20"}],"replies":[{"embeddable":true,"href":"https:\/\/www.iquilibrio.com\/blog\/wp-json\/wp\/v2\/comments?post=14455"}],"version-history":[{"count":11,"href":"https:\/\/www.iquilibrio.com\/blog\/wp-json\/wp\/v2\/posts\/14455\/revisions"}],"predecessor-version":[{"id":24415,"href":"https:\/\/www.iquilibrio.com\/blog\/wp-json\/wp\/v2\/posts\/14455\/revisions\/24415"}],"wp:featuredmedia":[{"embeddable":true,"href":"https:\/\/www.iquilibrio.com\/blog\/wp-json\/wp\/v2\/media\/14959"}],"wp:attachment":[{"href":"https:\/\/www.iquilibrio.com\/blog\/wp-json\/wp\/v2\/media?parent=14455"}],"wp:term":[{"taxonomy":"category","embeddable":true,"href":"https:\/\/www.iquilibrio.com\/blog\/wp-json\/wp\/v2\/categories?post=14455"},{"taxonomy":"post_tag","embeddable":true,"href":"https:\/\/www.iquilibrio.com\/blog\/wp-json\/wp\/v2\/tags?post=14455"}],"curies":[{"name":"wp","href":"https:\/\/api.w.org\/{rel}","templated":true}]}}