{"id":14091,"date":"2020-02-14T08:00:08","date_gmt":"2020-02-14T11:00:08","guid":{"rendered":"https:\/\/www.iquilibrio.com\/blog\/?p=14091"},"modified":"2020-02-14T10:26:24","modified_gmt":"2020-02-14T13:26:24","slug":"sao-valentim","status":"publish","type":"post","link":"https:\/\/www.iquilibrio.com\/blog\/espiritualidade\/cristianismo\/sao-valentim\/","title":{"rendered":"S\u00e3o Valentim &#8211; A f\u00e9 por meio do completo amor"},"content":{"rendered":"<p>Celebra-se em <strong>14 de Fevereiro<\/strong> o dia de dois<strong> Santos<\/strong> chamados de <strong>S\u00e3o Valentim<\/strong> e o outro de S\u00e3o <strong>Valentim<\/strong> de Terni. Eles foram padres e viveram no mesmo s\u00e9culo, dedicaram a vida na luta pela <a href=\"https:\/\/www.iquilibrio.com\/amor-relacionamentos\/\"><span class=\"class-texto-consultas\">liberdade dos namorados atrav\u00e9s da devo\u00e7\u00e3o e amor por Jesus Cristo<\/span><\/a>, por isso sempre ensinavam sobre o matrim\u00f4nio e sobre toda gra\u00e7a que \u00e9 a uni\u00e3o de dois corpos.<\/p>\n<p style=\"text-align: center;\"><a href=\"https:\/\/www.iquilibrio.com\/salmos\/\"><span class=\"td_btn td_btn_lg td_round_btn class-cta1\" style=\"color: #ffffff;\">Abra seus Caminhos AQUI com a Orienta\u00e7\u00e3o dos Melhores Especialistas em Salmos<\/span><\/a><\/p>\n<p>Vale lembrar\u00a0que \u00e9 por causa desses padres e de suas maneiras de enxergarem o amor, que existe o\u00a0<strong>dia dos namorados <\/strong>em 14 de fevereiro, comemorado em diversas partes do mundo e tamb\u00e9m chamado de Dia dos Valentins (<strong>Valentin&#8217;s day<\/strong>).<\/p>\n<h2>Hist\u00f3ria de S\u00e3o Valentim<\/h2>\n<p>S\u00e3o Valentim viveu em Roma no tempo de um governador chamado Claudio, mas na \u00e9poca o seu Imp\u00e9rio enfrentava v\u00e1rios problemas, por causa das in\u00fameras batalhas perdidas.<\/p>\n<p>Em muitas an\u00e1lises Claudio chegou a uma conclus\u00e3o: atribuiu a culpa das derrotas nos soldados que eram casados, achava que aqueles que iam para a guerra solteiros se arriscavam muito mais do que estavam unidos. E ainda completava o racioc\u00ednio se defendendo no ponto de que aqueles que estavam solteiros e se feriam, iam para casa mas quando voltavam casados, n\u00e3o lutavam do mesmo jeito. Por isso Claudio proibiu todos soldados de se casarem.<\/p>\n<p><strong>Padre Valentim<\/strong> ao saber de tudo isso n\u00e3o concordou e o julgou como um ato injusto. Por isso continuava a celebrar os casamentos secretamente. Quando Claudio soube de sua ousadia, interrogou-o diante a todos em um julgamento, e Valentim na sua defesa dizia sobre o matrim\u00f4nio como uma uni\u00e3o Sagrada e querida por Deus e que o Imperador n\u00e3o tinha o direito de proibir isso. Fato que deixou Claudio mais revoltado ainda, e por isso mandou com que prendessem o Santo e o enviasse a uma pris\u00e3o domiciliar na casa do prefeito de Roma, cuja fam\u00edlia inteira era de pag\u00e3.<\/p>\n<h3>O milagre de S\u00e3o Valetim<\/h3>\n<p>Enquanto vivia na casa do prefeito, o mesmo contou para Valentim sobre o sofrimento que passava com uma das suas filhas que era cega, consequentemente S\u00e3o Valentim prometeu que pediria a Jesus Cristo para que curasse a jovem.<\/p>\n<p><a href=\"https:\/\/www.iquilibrio.com\/salmos\/\"><span class=\"class-texto-consultas\">Alguns dias depois, atrav\u00e9s de diversas ora\u00e7\u00f5es<\/span><\/a> a jovem estava curada e neste momento a fam\u00edlia inteira do prefeito tinha se convertido a f\u00e9 crist\u00e3.<\/p>\n<h3>Morte de S\u00e3o Valentim<\/h3>\n<p>No dia 14 de fevereiro do ano de 268 d.C que S\u00e3o Valentim foi condenado \u00e0 morte pelo prefeito de Roma, onde recebeu pauladas e posteriormente foi decaptado decapitado.<\/p>\n<h2>Hist\u00f3ria de S\u00e3o Valentim de Terni<\/h2>\n<p>Valentim foi o sagrado bispo de Terni, tamb\u00e9m considerado o fundador desta cidade italiana. Bem ao lado da igreja, ele construiu sua casa com um enorme campo de rosas, no tempo vago que n\u00e3o estava se dedicando a igreja, o bispo gostava de cuidar de suas roseiras e abrir seu jardim para jovens e crian\u00e7as visitarem.<\/p>\n<p>Em todo p\u00f4r do sol ele aben\u00e7oava cada crian\u00e7a e lhes davam uma flor para que fossem levadas \u00e0s m\u00e3es, ele queria que o amor se espalhasse e que todas as elas sentissem o respeito e confian\u00e7a pelos pais.<\/p>\n<h3>Famosos conselhos<\/h3>\n<p>Tenri ficou muito conhecido pelas conversas e o modo como se expressava sobre o amor, ele conseguiu reconciliar in\u00fameros casais de namorados. Certo dia em seu jardim haviam dois jovens<strong> namorados<\/strong> que estavam discutindo, Valentim pegou uma rosa e foi at\u00e9 eles, e com um sorriso lhes deram uma das maiores li\u00e7\u00f5es:<\/p>\n<blockquote>\n<blockquote class=\"td_quote_box td_box_center\"><p>\u201cAs rosas s\u00e3o lindas, perfumadas, delicadas, mas tem espinhos. E elas n\u00e3o vivem sem espinhos. Assim tamb\u00e9m s\u00e3o as diferen\u00e7as entre o casal. \u00c9 preciso conhece-las, respeita-las e trata-las com delicadeza para que nenhum dos c\u00f4njuges seja ferido. Agindo assim, ser\u00e3o felizes e as brigas desaparecer\u00e3o.\u201d<\/p><\/blockquote>\n<\/blockquote>\n<p>Depois de alguns meses, S\u00e3o Valentim estava celebrando o casamento dos jovens, fazendo com que sua fama de casamenteiro se espalhasse.<\/p>\n<h3>O dom da cura<\/h3>\n<p>Quando Valentim estava em Roma, ele converteu um dos mais famosos fil\u00f3sofos da \u00e9poca, chamado de Crato, al\u00e9m de cur\u00e1-lo. Isso o levou a ser denunciado, preso e julgado. E mesmo com o povo tentando ajud\u00e1-lo e defend\u00ea-lo, n\u00e3o teve jeito, e S\u00e3o Valentim de Tenri foi decapitado em 14 de Fevereiro de 273.<\/p>\n<p>Crato ao ver tudo, resgatou o corpo de Valentim e o transportou para a cidade de Terni, onde fez quest\u00e3o de fazer um sepultamento digno.<\/p>\n<p>Portanto, S\u00e3o Valentim de Terni foi inclu\u00eddo no calend\u00e1rio como protetor dos namorados e dos jovens, conhecido tamb\u00e9m como patrono do amor.<\/p>\n<hr \/>\n<p style=\"text-align: center;\">Para voc\u00ea que procura entrar em conex\u00e3o com os Anjos e os Arcanjos, criar equil\u00edbrio e harmonia em sua vida, n\u00e3o deixe de conferir nosso atendimento especializado com o <strong>tarot dos anjos.<\/strong><\/p>\n<p style=\"text-align: center;\"><a href=\"https:\/\/www.iquilibrio.com\/tarot\/anjos\/\"><strong>Clique Aqui<\/strong><\/a> &#x2705;<\/p>\n<hr \/>\n<h2>Ora\u00e7\u00e3o de S\u00e3o Valentim<\/h2>\n<h3>Ora\u00e7\u00e3o 1<\/h3>\n<blockquote>\n<blockquote class=\"td_quote_box td_box_center\"><p>&#8220;Meu querido S\u00e3o Valentim,<br \/>\nTu que proteges o amor<br \/>\nE favoreces a fertilidade,<br \/>\nD\u00e1-me a sabedoria e a sensibilidade necess\u00e1rias<br \/>\nPara saber reconhecer o verdadeiro amor<br \/>\nQuando o encontrar,<br \/>\nE conserva junto de mim<br \/>\na minha alma-g\u00e9mea.&#8221;<\/p><\/blockquote>\n<\/blockquote>\n<h3>Ora\u00e7\u00e3o 2<\/h3>\n<blockquote>\n<blockquote class=\"td_quote_box td_box_center\"><p>&#8220;S\u00e3o Valentim, patrono do amor, lance seus olhos bondosos sobre mim. Impe\u00e7a que maldi\u00e7\u00f5es e heran\u00e7as emocionais de meus ascendentes e erros que tenha cometido no passado perturbem minha vida afetiva. Desejo ser feliz e fazer as pessoas felizes. Ajude-me a entrar em sintonia com minha alma g\u00eamea, para que possamos desfrutar o amor, aben\u00e7oados pela provid\u00eancia divina. Pe\u00e7o a tua intercess\u00e3o poderosa, junto a Deus e Nosso Senhor Jesus Cristo. Am\u00e9m&#8221;<\/p><\/blockquote>\n<\/blockquote>\n<h2>Novena de S\u00e3o Valentim<\/h2>\n<p>Reze a ora\u00e7\u00e3o abaixo durante os 9 dias, e finalize com um Pai-Nosso, uma Ave-Maria e um Credo.<\/p>\n<h3>Ora\u00e7\u00e3o<\/h3>\n<blockquote>\n<blockquote class=\"td_quote_box td_box_center\"><p>&#8220;\u00d3 Jesus Cristo, Salvador nosso, que viestes ao mundo para o bem das almas dos homens, mas que fizestes tantos milagres para dar sa\u00fade ao corpo, que curastes cegos, surdos, mudos e paral\u00edticos; que curastes o menino que sofria de ataques e ca\u00eda na \u00e1gua e no fogo; que libertastes aquele que se escondia entre os t\u00famulos do cemit\u00e9rio; que expulsastes os maus esp\u00edritos dos possessos que espumavam; pe\u00e7o-vos, por interm\u00e9dio de S\u00e3o Valentim, a quem destes o poder de curar os que sofrem de desmaios e ataques, livrai-nos da epilepsia.<br \/>\nS\u00e3o Valentim, pe\u00e7o-vos especialmente que restituais a sa\u00fade a (nome do doente). Fortalecei-lhe a f\u00e9 e a confian\u00e7a. Dai-lhe coragem, \u00e2nimo e alegria nesta vida, para que possa render-vos gra\u00e7as a v\u00f3s, S\u00e3o Valentim e adorar a Cristo, o divino m\u00e9dico do corpo e da alma.<br \/>\nS\u00e3o Valentim, rogai por n\u00f3s.&#8221;<\/p><\/blockquote>\n<\/blockquote>\n<p>Que no <strong>dia de S\u00e3o Valentim<\/strong>, possamos encher nossos cora\u00e7\u00f5es de amor, paz e harmonia. Assim como os dois dedicaram suas vidas n\u00e3o s\u00f3 pela f\u00e9, mas para explicar a import\u00e2ncia do matrim\u00f4nio, que entendamos tamb\u00e9m a import\u00e2ncia do amor em nossas vidas.<\/p>\n<p style=\"text-align: center;\"><span style=\"color: #ffffff;\"><a style=\"color: #ffffff;\" href=\"https:\/\/www.iquilibrio.com\/esotericos\/\"><span class=\"td_btn td_btn_lg td_round_btn class-cta2\">Ven\u00e7a Seus Desafios de Vida Com a Ajuda de Esot\u00e9ricos Experientes<\/span><\/a><\/span><\/p>\n\n\n<div class=\"kk-star-ratings kksr-auto kksr-align-left kksr-valign-bottom\"\n    data-payload='{&quot;align&quot;:&quot;left&quot;,&quot;id&quot;:&quot;14091&quot;,&quot;slug&quot;:&quot;default&quot;,&quot;valign&quot;:&quot;bottom&quot;,&quot;ignore&quot;:&quot;&quot;,&quot;reference&quot;:&quot;auto&quot;,&quot;class&quot;:&quot;&quot;,&quot;count&quot;:&quot;0&quot;,&quot;legendonly&quot;:&quot;&quot;,&quot;readonly&quot;:&quot;&quot;,&quot;score&quot;:&quot;0&quot;,&quot;starsonly&quot;:&quot;&quot;,&quot;best&quot;:&quot;5&quot;,&quot;gap&quot;:&quot;5&quot;,&quot;greet&quot;:&quot;Rate this post&quot;,&quot;legend&quot;:&quot;0\\\/5 - (0 voto)&quot;,&quot;size&quot;:&quot;24&quot;,&quot;title&quot;:&quot;S\u00e3o Valentim - A f\u00e9 por meio do completo amor&quot;,&quot;width&quot;:&quot;0&quot;,&quot;_legend&quot;:&quot;{score}\\\/{best} - ({count} {votes})&quot;,&quot;font_factor&quot;:&quot;1.25&quot;}'>\n            \n<div class=\"kksr-stars\">\n    \n<div class=\"kksr-stars-inactive\">\n            <div class=\"kksr-star\" data-star=\"1\" style=\"padding-right: 5px\">\n            \n\n<div class=\"kksr-icon\" style=\"width: 24px; height: 24px;\"><\/div>\n        <\/div>\n            <div class=\"kksr-star\" data-star=\"2\" style=\"padding-right: 5px\">\n            \n\n<div class=\"kksr-icon\" style=\"width: 24px; height: 24px;\"><\/div>\n        <\/div>\n            <div class=\"kksr-star\" data-star=\"3\" style=\"padding-right: 5px\">\n            \n\n<div class=\"kksr-icon\" style=\"width: 24px; height: 24px;\"><\/div>\n        <\/div>\n            <div class=\"kksr-star\" data-star=\"4\" style=\"padding-right: 5px\">\n            \n\n<div class=\"kksr-icon\" style=\"width: 24px; height: 24px;\"><\/div>\n        <\/div>\n            <div class=\"kksr-star\" data-star=\"5\" style=\"padding-right: 5px\">\n            \n\n<div class=\"kksr-icon\" style=\"width: 24px; height: 24px;\"><\/div>\n        <\/div>\n    <\/div>\n    \n<div class=\"kksr-stars-active\" style=\"width: 0px;\">\n            <div class=\"kksr-star\" style=\"padding-right: 5px\">\n            \n\n<div class=\"kksr-icon\" style=\"width: 24px; height: 24px;\"><\/div>\n        <\/div>\n            <div class=\"kksr-star\" style=\"padding-right: 5px\">\n            \n\n<div class=\"kksr-icon\" style=\"width: 24px; height: 24px;\"><\/div>\n        <\/div>\n            <div class=\"kksr-star\" style=\"padding-right: 5px\">\n            \n\n<div class=\"kksr-icon\" style=\"width: 24px; height: 24px;\"><\/div>\n        <\/div>\n            <div class=\"kksr-star\" style=\"padding-right: 5px\">\n            \n\n<div class=\"kksr-icon\" style=\"width: 24px; height: 24px;\"><\/div>\n        <\/div>\n            <div class=\"kksr-star\" style=\"padding-right: 5px\">\n            \n\n<div class=\"kksr-icon\" style=\"width: 24px; height: 24px;\"><\/div>\n        <\/div>\n    <\/div>\n<\/div>\n                \n\n<div class=\"kksr-legend\" style=\"font-size: 19.2px;\">\n            <span class=\"kksr-muted\">Rate this post<\/span>\n    <\/div>\n    <\/div>\n","protected":false},"excerpt":{"rendered":"<p>Celebra-se em 14 de Fevereiro o dia de dois Santos chamados de S\u00e3o Valentim e o outro de S\u00e3o Valentim de Terni. Eles foram padres e viveram no mesmo s\u00e9culo, dedicaram a vida na luta pela liberdade dos namorados atrav\u00e9s da devo\u00e7\u00e3o e amor por Jesus Cristo, por isso sempre ensinavam sobre o matrim\u00f4nio e [&hellip;]<\/p>\n","protected":false},"author":20,"featured_media":14382,"comment_status":"open","ping_status":"open","sticky":false,"template":"","format":"standard","meta":{"footnotes":""},"categories":[504],"tags":[2575,2572,2573,2574],"class_list":["post-14091","post","type-post","status-publish","format-standard","has-post-thumbnail","hentry","category-cristianismo","tag-santo-valentin","tag-sao-valentim","tag-valentim","tag-valentim-de-terni"],"yoast_head":"<!-- This site is optimized with the Yoast SEO plugin v27.4 - https:\/\/yoast.com\/product\/yoast-seo-wordpress\/ -->\n<title>S\u00e3o Valentim - Veja a Hist\u00f3ria De Quem Tem F\u00e9 No Amor - iQuilibrio<\/title>\n<meta name=\"description\" content=\"Conhe\u00e7a a hist\u00f3ria dos dois Santos S\u00e3o Valentim e entenda porque ficaram t\u00e3o famosos se quando o assunto \u00e9 amor. Clique e confira!\" \/>\n<meta name=\"robots\" content=\"index, follow, max-snippet:-1, max-image-preview:large, max-video-preview:-1\" \/>\n<link rel=\"canonical\" href=\"https:\/\/www.iquilibrio.com\/blog\/espiritualidade\/cristianismo\/sao-valentim\/\" \/>\n<meta property=\"og:locale\" content=\"pt_BR\" \/>\n<meta property=\"og:type\" content=\"article\" \/>\n<meta property=\"og:title\" content=\"S\u00e3o Valentim - Veja a Hist\u00f3ria De Quem Tem F\u00e9 No Amor - iQuilibrio\" \/>\n<meta property=\"og:description\" content=\"Conhe\u00e7a a hist\u00f3ria dos dois Santos S\u00e3o Valentim e entenda porque ficaram t\u00e3o famosos se quando o assunto \u00e9 amor. Clique e confira!\" \/>\n<meta property=\"og:url\" content=\"https:\/\/www.iquilibrio.com\/blog\/espiritualidade\/cristianismo\/sao-valentim\/\" \/>\n<meta property=\"og:site_name\" content=\"iQuilibrio\" \/>\n<meta property=\"article:publisher\" content=\"https:\/\/www.facebook.com\/iQuilibrio\/\" \/>\n<meta property=\"article:published_time\" content=\"2020-02-14T11:00:08+00:00\" \/>\n<meta property=\"article:modified_time\" content=\"2020-02-14T13:26:24+00:00\" \/>\n<meta property=\"og:image\" content=\"https:\/\/www.iquilibrio.com\/blog\/wp-content\/uploads\/2018\/02\/sao_valentim_blog.jpg\" \/>\n\t<meta property=\"og:image:width\" content=\"900\" \/>\n\t<meta property=\"og:image:height\" content=\"560\" \/>\n\t<meta property=\"og:image:type\" content=\"image\/jpeg\" \/>\n<meta name=\"author\" content=\"Reda\u00e7\u00e3o iQuilibrio\" \/>\n<meta name=\"twitter:card\" content=\"summary_large_image\" \/>\n<meta name=\"twitter:creator\" content=\"@iquilibrio\" \/>\n<meta name=\"twitter:site\" content=\"@iquilibrio\" \/>\n<meta name=\"twitter:label1\" content=\"Escrito por\" \/>\n\t<meta name=\"twitter:data1\" content=\"Reda\u00e7\u00e3o iQuilibrio\" \/>\n\t<meta name=\"twitter:label2\" content=\"Est. tempo de leitura\" \/>\n\t<meta name=\"twitter:data2\" content=\"6 minutos\" \/>\n<script type=\"application\/ld+json\" class=\"yoast-schema-graph\">{\"@context\":\"https:\\\/\\\/schema.org\",\"@graph\":[{\"@type\":\"Article\",\"@id\":\"https:\\\/\\\/www.iquilibrio.com\\\/blog\\\/espiritualidade\\\/cristianismo\\\/sao-valentim\\\/#article\",\"isPartOf\":{\"@id\":\"https:\\\/\\\/www.iquilibrio.com\\\/blog\\\/espiritualidade\\\/cristianismo\\\/sao-valentim\\\/\"},\"author\":{\"name\":\"Reda\u00e7\u00e3o iQuilibrio\",\"@id\":\"https:\\\/\\\/www.iquilibrio.com\\\/blog\\\/#\\\/schema\\\/person\\\/199505a1f0db0d00f022188666c75dca\"},\"headline\":\"S\u00e3o Valentim &#8211; A f\u00e9 por meio do completo amor\",\"datePublished\":\"2020-02-14T11:00:08+00:00\",\"dateModified\":\"2020-02-14T13:26:24+00:00\",\"mainEntityOfPage\":{\"@id\":\"https:\\\/\\\/www.iquilibrio.com\\\/blog\\\/espiritualidade\\\/cristianismo\\\/sao-valentim\\\/\"},\"wordCount\":1239,\"commentCount\":0,\"publisher\":{\"@id\":\"https:\\\/\\\/www.iquilibrio.com\\\/blog\\\/#organization\"},\"image\":{\"@id\":\"https:\\\/\\\/www.iquilibrio.com\\\/blog\\\/espiritualidade\\\/cristianismo\\\/sao-valentim\\\/#primaryimage\"},\"thumbnailUrl\":\"https:\\\/\\\/www.iquilibrio.com\\\/blog\\\/wp-content\\\/uploads\\\/2018\\\/02\\\/sao_valentim_blog.jpg\",\"keywords\":[\"Santo Valentin\",\"S\u00e3o Valentim\",\"Valentim\",\"Valentim de terni\"],\"articleSection\":[\"Cristianismo\"],\"inLanguage\":\"pt-BR\"},{\"@type\":\"WebPage\",\"@id\":\"https:\\\/\\\/www.iquilibrio.com\\\/blog\\\/espiritualidade\\\/cristianismo\\\/sao-valentim\\\/\",\"url\":\"https:\\\/\\\/www.iquilibrio.com\\\/blog\\\/espiritualidade\\\/cristianismo\\\/sao-valentim\\\/\",\"name\":\"S\u00e3o Valentim - Veja a Hist\u00f3ria De Quem Tem F\u00e9 No Amor - iQuilibrio\",\"isPartOf\":{\"@id\":\"https:\\\/\\\/www.iquilibrio.com\\\/blog\\\/#website\"},\"primaryImageOfPage\":{\"@id\":\"https:\\\/\\\/www.iquilibrio.com\\\/blog\\\/espiritualidade\\\/cristianismo\\\/sao-valentim\\\/#primaryimage\"},\"image\":{\"@id\":\"https:\\\/\\\/www.iquilibrio.com\\\/blog\\\/espiritualidade\\\/cristianismo\\\/sao-valentim\\\/#primaryimage\"},\"thumbnailUrl\":\"https:\\\/\\\/www.iquilibrio.com\\\/blog\\\/wp-content\\\/uploads\\\/2018\\\/02\\\/sao_valentim_blog.jpg\",\"datePublished\":\"2020-02-14T11:00:08+00:00\",\"dateModified\":\"2020-02-14T13:26:24+00:00\",\"description\":\"Conhe\u00e7a a hist\u00f3ria dos dois Santos S\u00e3o Valentim e entenda porque ficaram t\u00e3o famosos se quando o assunto \u00e9 amor. Clique e confira!\",\"breadcrumb\":{\"@id\":\"https:\\\/\\\/www.iquilibrio.com\\\/blog\\\/espiritualidade\\\/cristianismo\\\/sao-valentim\\\/#breadcrumb\"},\"inLanguage\":\"pt-BR\",\"potentialAction\":[{\"@type\":\"ReadAction\",\"target\":[\"https:\\\/\\\/www.iquilibrio.com\\\/blog\\\/espiritualidade\\\/cristianismo\\\/sao-valentim\\\/\"]}]},{\"@type\":\"ImageObject\",\"inLanguage\":\"pt-BR\",\"@id\":\"https:\\\/\\\/www.iquilibrio.com\\\/blog\\\/espiritualidade\\\/cristianismo\\\/sao-valentim\\\/#primaryimage\",\"url\":\"https:\\\/\\\/www.iquilibrio.com\\\/blog\\\/wp-content\\\/uploads\\\/2018\\\/02\\\/sao_valentim_blog.jpg\",\"contentUrl\":\"https:\\\/\\\/www.iquilibrio.com\\\/blog\\\/wp-content\\\/uploads\\\/2018\\\/02\\\/sao_valentim_blog.jpg\",\"width\":900,\"height\":560,\"caption\":\"Santo Valentim\"},{\"@type\":\"BreadcrumbList\",\"@id\":\"https:\\\/\\\/www.iquilibrio.com\\\/blog\\\/espiritualidade\\\/cristianismo\\\/sao-valentim\\\/#breadcrumb\",\"itemListElement\":[{\"@type\":\"ListItem\",\"position\":1,\"name\":\"In\u00edcio\",\"item\":\"https:\\\/\\\/www.iquilibrio.com\\\/blog\\\/\"},{\"@type\":\"ListItem\",\"position\":2,\"name\":\"S\u00e3o Valentim &#8211; A f\u00e9 por meio do completo amor\"}]},{\"@type\":\"WebSite\",\"@id\":\"https:\\\/\\\/www.iquilibrio.com\\\/blog\\\/#website\",\"url\":\"https:\\\/\\\/www.iquilibrio.com\\\/blog\\\/\",\"name\":\"iQuilibrio\",\"description\":\"Blog iQuilibrio\",\"publisher\":{\"@id\":\"https:\\\/\\\/www.iquilibrio.com\\\/blog\\\/#organization\"},\"potentialAction\":[{\"@type\":\"SearchAction\",\"target\":{\"@type\":\"EntryPoint\",\"urlTemplate\":\"https:\\\/\\\/www.iquilibrio.com\\\/blog\\\/?s={search_term_string}\"},\"query-input\":{\"@type\":\"PropertyValueSpecification\",\"valueRequired\":true,\"valueName\":\"search_term_string\"}}],\"inLanguage\":\"pt-BR\"},{\"@type\":\"Organization\",\"@id\":\"https:\\\/\\\/www.iquilibrio.com\\\/blog\\\/#organization\",\"name\":\"Esoterismo, Misticismo e Tarot Online - iQuilibrio\",\"url\":\"https:\\\/\\\/www.iquilibrio.com\\\/blog\\\/\",\"logo\":{\"@type\":\"ImageObject\",\"inLanguage\":\"pt-BR\",\"@id\":\"https:\\\/\\\/www.iquilibrio.com\\\/blog\\\/#\\\/schema\\\/logo\\\/image\\\/\",\"url\":\"https:\\\/\\\/www.iquilibrio.com\\\/blog\\\/wp-content\\\/uploads\\\/2018\\\/12\\\/iquilibrio_lovo_vetor_preto-retina.png\",\"contentUrl\":\"https:\\\/\\\/www.iquilibrio.com\\\/blog\\\/wp-content\\\/uploads\\\/2018\\\/12\\\/iquilibrio_lovo_vetor_preto-retina.png\",\"width\":972,\"height\":180,\"caption\":\"Esoterismo, Misticismo e Tarot Online - iQuilibrio\"},\"image\":{\"@id\":\"https:\\\/\\\/www.iquilibrio.com\\\/blog\\\/#\\\/schema\\\/logo\\\/image\\\/\"},\"sameAs\":[\"https:\\\/\\\/www.facebook.com\\\/iQuilibrio\\\/\",\"https:\\\/\\\/x.com\\\/iquilibrio\",\"https:\\\/\\\/www.instagram.com\\\/iquilibrio\\\/\",\"https:\\\/\\\/www.linkedin.com\\\/company\\\/iquilibrio\\\/\",\"https:\\\/\\\/br.pinterest.com\\\/iquilibrio1397\\\/\",\"https:\\\/\\\/www.youtube.com\\\/channel\\\/UC175qxd-4Zsi4wzawT5zF2g\"]},{\"@type\":\"Person\",\"@id\":\"https:\\\/\\\/www.iquilibrio.com\\\/blog\\\/#\\\/schema\\\/person\\\/199505a1f0db0d00f022188666c75dca\",\"name\":\"Reda\u00e7\u00e3o iQuilibrio\",\"image\":{\"@type\":\"ImageObject\",\"inLanguage\":\"pt-BR\",\"@id\":\"https:\\\/\\\/www.iquilibrio.com\\\/blog\\\/wp-content\\\/uploads\\\/2021\\\/12\\\/Consulta-por-email-3-150x150.png\",\"url\":\"https:\\\/\\\/www.iquilibrio.com\\\/blog\\\/wp-content\\\/uploads\\\/2021\\\/12\\\/Consulta-por-email-3-150x150.png\",\"contentUrl\":\"https:\\\/\\\/www.iquilibrio.com\\\/blog\\\/wp-content\\\/uploads\\\/2021\\\/12\\\/Consulta-por-email-3-150x150.png\",\"caption\":\"Reda\u00e7\u00e3o iQuilibrio\"},\"description\":\"A equipe de reda\u00e7\u00e3o da iQuilibrio \u00e9 composta pelos mais diversos especialistas e esot\u00e9ricos. Al\u00e9m de dominar a arte de traduzir as energias que o universo emana, nossos redatores sentem imenso prazer em trabalhar com palavras. Boa leitura e um \u00f3timo aprendizado!\",\"url\":\"https:\\\/\\\/www.iquilibrio.com\\\/blog\\\/author\\\/juliana\\\/\"}]}<\/script>\n<!-- \/ Yoast SEO plugin. -->","yoast_head_json":{"title":"S\u00e3o Valentim - Veja a Hist\u00f3ria De Quem Tem F\u00e9 No Amor - iQuilibrio","description":"Conhe\u00e7a a hist\u00f3ria dos dois Santos S\u00e3o Valentim e entenda porque ficaram t\u00e3o famosos se quando o assunto \u00e9 amor. Clique e confira!","robots":{"index":"index","follow":"follow","max-snippet":"max-snippet:-1","max-image-preview":"max-image-preview:large","max-video-preview":"max-video-preview:-1"},"canonical":"https:\/\/www.iquilibrio.com\/blog\/espiritualidade\/cristianismo\/sao-valentim\/","og_locale":"pt_BR","og_type":"article","og_title":"S\u00e3o Valentim - Veja a Hist\u00f3ria De Quem Tem F\u00e9 No Amor - iQuilibrio","og_description":"Conhe\u00e7a a hist\u00f3ria dos dois Santos S\u00e3o Valentim e entenda porque ficaram t\u00e3o famosos se quando o assunto \u00e9 amor. Clique e confira!","og_url":"https:\/\/www.iquilibrio.com\/blog\/espiritualidade\/cristianismo\/sao-valentim\/","og_site_name":"iQuilibrio","article_publisher":"https:\/\/www.facebook.com\/iQuilibrio\/","article_published_time":"2020-02-14T11:00:08+00:00","article_modified_time":"2020-02-14T13:26:24+00:00","og_image":[{"width":900,"height":560,"url":"https:\/\/www.iquilibrio.com\/blog\/wp-content\/uploads\/2018\/02\/sao_valentim_blog.jpg","type":"image\/jpeg"}],"author":"Reda\u00e7\u00e3o iQuilibrio","twitter_card":"summary_large_image","twitter_creator":"@iquilibrio","twitter_site":"@iquilibrio","twitter_misc":{"Escrito por":"Reda\u00e7\u00e3o iQuilibrio","Est. tempo de leitura":"6 minutos"},"schema":{"@context":"https:\/\/schema.org","@graph":[{"@type":"Article","@id":"https:\/\/www.iquilibrio.com\/blog\/espiritualidade\/cristianismo\/sao-valentim\/#article","isPartOf":{"@id":"https:\/\/www.iquilibrio.com\/blog\/espiritualidade\/cristianismo\/sao-valentim\/"},"author":{"name":"Reda\u00e7\u00e3o iQuilibrio","@id":"https:\/\/www.iquilibrio.com\/blog\/#\/schema\/person\/199505a1f0db0d00f022188666c75dca"},"headline":"S\u00e3o Valentim &#8211; A f\u00e9 por meio do completo amor","datePublished":"2020-02-14T11:00:08+00:00","dateModified":"2020-02-14T13:26:24+00:00","mainEntityOfPage":{"@id":"https:\/\/www.iquilibrio.com\/blog\/espiritualidade\/cristianismo\/sao-valentim\/"},"wordCount":1239,"commentCount":0,"publisher":{"@id":"https:\/\/www.iquilibrio.com\/blog\/#organization"},"image":{"@id":"https:\/\/www.iquilibrio.com\/blog\/espiritualidade\/cristianismo\/sao-valentim\/#primaryimage"},"thumbnailUrl":"https:\/\/www.iquilibrio.com\/blog\/wp-content\/uploads\/2018\/02\/sao_valentim_blog.jpg","keywords":["Santo Valentin","S\u00e3o Valentim","Valentim","Valentim de terni"],"articleSection":["Cristianismo"],"inLanguage":"pt-BR"},{"@type":"WebPage","@id":"https:\/\/www.iquilibrio.com\/blog\/espiritualidade\/cristianismo\/sao-valentim\/","url":"https:\/\/www.iquilibrio.com\/blog\/espiritualidade\/cristianismo\/sao-valentim\/","name":"S\u00e3o Valentim - Veja a Hist\u00f3ria De Quem Tem F\u00e9 No Amor - iQuilibrio","isPartOf":{"@id":"https:\/\/www.iquilibrio.com\/blog\/#website"},"primaryImageOfPage":{"@id":"https:\/\/www.iquilibrio.com\/blog\/espiritualidade\/cristianismo\/sao-valentim\/#primaryimage"},"image":{"@id":"https:\/\/www.iquilibrio.com\/blog\/espiritualidade\/cristianismo\/sao-valentim\/#primaryimage"},"thumbnailUrl":"https:\/\/www.iquilibrio.com\/blog\/wp-content\/uploads\/2018\/02\/sao_valentim_blog.jpg","datePublished":"2020-02-14T11:00:08+00:00","dateModified":"2020-02-14T13:26:24+00:00","description":"Conhe\u00e7a a hist\u00f3ria dos dois Santos S\u00e3o Valentim e entenda porque ficaram t\u00e3o famosos se quando o assunto \u00e9 amor. Clique e confira!","breadcrumb":{"@id":"https:\/\/www.iquilibrio.com\/blog\/espiritualidade\/cristianismo\/sao-valentim\/#breadcrumb"},"inLanguage":"pt-BR","potentialAction":[{"@type":"ReadAction","target":["https:\/\/www.iquilibrio.com\/blog\/espiritualidade\/cristianismo\/sao-valentim\/"]}]},{"@type":"ImageObject","inLanguage":"pt-BR","@id":"https:\/\/www.iquilibrio.com\/blog\/espiritualidade\/cristianismo\/sao-valentim\/#primaryimage","url":"https:\/\/www.iquilibrio.com\/blog\/wp-content\/uploads\/2018\/02\/sao_valentim_blog.jpg","contentUrl":"https:\/\/www.iquilibrio.com\/blog\/wp-content\/uploads\/2018\/02\/sao_valentim_blog.jpg","width":900,"height":560,"caption":"Santo Valentim"},{"@type":"BreadcrumbList","@id":"https:\/\/www.iquilibrio.com\/blog\/espiritualidade\/cristianismo\/sao-valentim\/#breadcrumb","itemListElement":[{"@type":"ListItem","position":1,"name":"In\u00edcio","item":"https:\/\/www.iquilibrio.com\/blog\/"},{"@type":"ListItem","position":2,"name":"S\u00e3o Valentim &#8211; A f\u00e9 por meio do completo amor"}]},{"@type":"WebSite","@id":"https:\/\/www.iquilibrio.com\/blog\/#website","url":"https:\/\/www.iquilibrio.com\/blog\/","name":"iQuilibrio","description":"Blog iQuilibrio","publisher":{"@id":"https:\/\/www.iquilibrio.com\/blog\/#organization"},"potentialAction":[{"@type":"SearchAction","target":{"@type":"EntryPoint","urlTemplate":"https:\/\/www.iquilibrio.com\/blog\/?s={search_term_string}"},"query-input":{"@type":"PropertyValueSpecification","valueRequired":true,"valueName":"search_term_string"}}],"inLanguage":"pt-BR"},{"@type":"Organization","@id":"https:\/\/www.iquilibrio.com\/blog\/#organization","name":"Esoterismo, Misticismo e Tarot Online - iQuilibrio","url":"https:\/\/www.iquilibrio.com\/blog\/","logo":{"@type":"ImageObject","inLanguage":"pt-BR","@id":"https:\/\/www.iquilibrio.com\/blog\/#\/schema\/logo\/image\/","url":"https:\/\/www.iquilibrio.com\/blog\/wp-content\/uploads\/2018\/12\/iquilibrio_lovo_vetor_preto-retina.png","contentUrl":"https:\/\/www.iquilibrio.com\/blog\/wp-content\/uploads\/2018\/12\/iquilibrio_lovo_vetor_preto-retina.png","width":972,"height":180,"caption":"Esoterismo, Misticismo e Tarot Online - iQuilibrio"},"image":{"@id":"https:\/\/www.iquilibrio.com\/blog\/#\/schema\/logo\/image\/"},"sameAs":["https:\/\/www.facebook.com\/iQuilibrio\/","https:\/\/x.com\/iquilibrio","https:\/\/www.instagram.com\/iquilibrio\/","https:\/\/www.linkedin.com\/company\/iquilibrio\/","https:\/\/br.pinterest.com\/iquilibrio1397\/","https:\/\/www.youtube.com\/channel\/UC175qxd-4Zsi4wzawT5zF2g"]},{"@type":"Person","@id":"https:\/\/www.iquilibrio.com\/blog\/#\/schema\/person\/199505a1f0db0d00f022188666c75dca","name":"Reda\u00e7\u00e3o iQuilibrio","image":{"@type":"ImageObject","inLanguage":"pt-BR","@id":"https:\/\/www.iquilibrio.com\/blog\/wp-content\/uploads\/2021\/12\/Consulta-por-email-3-150x150.png","url":"https:\/\/www.iquilibrio.com\/blog\/wp-content\/uploads\/2021\/12\/Consulta-por-email-3-150x150.png","contentUrl":"https:\/\/www.iquilibrio.com\/blog\/wp-content\/uploads\/2021\/12\/Consulta-por-email-3-150x150.png","caption":"Reda\u00e7\u00e3o iQuilibrio"},"description":"A equipe de reda\u00e7\u00e3o da iQuilibrio \u00e9 composta pelos mais diversos especialistas e esot\u00e9ricos. Al\u00e9m de dominar a arte de traduzir as energias que o universo emana, nossos redatores sentem imenso prazer em trabalhar com palavras. Boa leitura e um \u00f3timo aprendizado!","url":"https:\/\/www.iquilibrio.com\/blog\/author\/juliana\/"}]}},"_links":{"self":[{"href":"https:\/\/www.iquilibrio.com\/blog\/wp-json\/wp\/v2\/posts\/14091","targetHints":{"allow":["GET"]}}],"collection":[{"href":"https:\/\/www.iquilibrio.com\/blog\/wp-json\/wp\/v2\/posts"}],"about":[{"href":"https:\/\/www.iquilibrio.com\/blog\/wp-json\/wp\/v2\/types\/post"}],"author":[{"embeddable":true,"href":"https:\/\/www.iquilibrio.com\/blog\/wp-json\/wp\/v2\/users\/20"}],"replies":[{"embeddable":true,"href":"https:\/\/www.iquilibrio.com\/blog\/wp-json\/wp\/v2\/comments?post=14091"}],"version-history":[{"count":10,"href":"https:\/\/www.iquilibrio.com\/blog\/wp-json\/wp\/v2\/posts\/14091\/revisions"}],"predecessor-version":[{"id":22773,"href":"https:\/\/www.iquilibrio.com\/blog\/wp-json\/wp\/v2\/posts\/14091\/revisions\/22773"}],"wp:featuredmedia":[{"embeddable":true,"href":"https:\/\/www.iquilibrio.com\/blog\/wp-json\/wp\/v2\/media\/14382"}],"wp:attachment":[{"href":"https:\/\/www.iquilibrio.com\/blog\/wp-json\/wp\/v2\/media?parent=14091"}],"wp:term":[{"taxonomy":"category","embeddable":true,"href":"https:\/\/www.iquilibrio.com\/blog\/wp-json\/wp\/v2\/categories?post=14091"},{"taxonomy":"post_tag","embeddable":true,"href":"https:\/\/www.iquilibrio.com\/blog\/wp-json\/wp\/v2\/tags?post=14091"}],"curies":[{"name":"wp","href":"https:\/\/api.w.org\/{rel}","templated":true}]}}