{"id":13216,"date":"2023-01-12T07:00:31","date_gmt":"2023-01-12T10:00:31","guid":{"rendered":"https:\/\/www.iquilibrio.com\/blog\/?p=13216"},"modified":"2023-01-12T10:59:27","modified_gmt":"2023-01-12T13:59:27","slug":"senhor-do-bonfim","status":"publish","type":"post","link":"https:\/\/www.iquilibrio.com\/blog\/espiritualidade\/cristianismo\/senhor-do-bonfim\/","title":{"rendered":"Nosso Senhor do Bonfim e a lavagem da escadaria"},"content":{"rendered":"<p>Em janeiro \u00e9 celebrado o<strong> Senhor do Bonfim<\/strong>, por isso na segunda quinta-feira do m\u00eas, acontece a famosa<strong> lavagem do Bonfim<\/strong> na escadaria da Igreja dedicada a Ele. E, ap\u00f3s dois anos sem festejos, devido \u00e0 pandemia, em 2023 a <a href=\"https:\/\/g1.globo.com\/ba\/bahia\/verao\/noticia\/2023\/01\/12\/fotos-confira-imagens-da-lavagem-do-bonfim-em-salvador.ghtml\" target=\"_blank\" rel=\"noopener\">cidade de Salvador<\/a> volta com essa linda tradi\u00e7\u00e3o.<\/p>\n<p>Senhor do Bonfim trata-se de um t\u00edtulo dedicado a\u00a0 <strong>Jesus Cristo<\/strong>\u00a0 na Bahia, mas que tornou-se uma data conhecida por todos os brasileiros devotos do cristianismo, mais especificamente da igreja cat\u00f3lica.<\/p>\n<p style=\"text-align: center;\"><span class=\"td_btn td_btn_md td_round_btn\" style=\"background-color: #ff6600; color: #ffffff;\"><a style=\"background-color: #ff6600; color: #ffffff;\" href=\"https:\/\/www.iquilibrio.com\/buzios\/?utm_campaign=blog_conversao&amp;utm_medium=texto_cta&amp;utm_source=blog&amp;utm_content=2023_cat_cristianismo_art_senhor_do_bonfim\" target=\"_blank\" rel=\"noopener\">Deixe os Orix\u00e1s mostrarem o seu caminho pelos B\u00fazios. Clique aqui!<\/a><\/span><\/p>\n<h2>Hist\u00f3ria do Senhor do Bonfim<\/h2>\n<p>Embora n\u00e3o seja considerado\u00a0padroeiro da Bahia, seu t\u00edtulo \u00e9 origin\u00e1rio de l\u00e1, <a href=\"https:\/\/www.iquilibrio.com\/blog\/espiritualidade\/cristianismo\/jesus-cristo\/\">o qual representa Jesus Cristo na vis\u00e3o de sua ascens\u00e3o<\/a>, isto \u00e9, no momento em que ele deixa a vida na terra para viver em segundo plano, no c\u00e9u junto ao Pai.<\/p>\n<p>A cultura do <strong>Senhor<\/strong> do Bonfim foi espalhada por todo o pa\u00eds, mas principalmente est\u00e1 difundida na Cidade de Salvador, onde encontra-se a Igreja do Senhor do Bonfim. Que depois da chegada da imagem do Messias, tornou-se um dos monumentos arquitet\u00f4nicos mais importantes de Salvador.<\/p>\n<p>O Senhor do <strong>Bonfim\u00a0<\/strong>\u00e9 padroeiro da cidade do Cidade do Bonfim\u00a0localizada na Bahia, da cidade mineira de Bocaiuva e Vi\u00e7osa.<\/p>\n<h3>Igreja Nosso Senhor do Bonfim<\/h3>\n<p>\u00c9 uma igreja cat\u00f3lica onde s\u00e3o distribu\u00eddas as famosas fitinhas do Bonfim. Para os baianos \u00e9 a maior representa\u00e7\u00e3o de f\u00e9 do lugar e a localiza\u00e7\u00e3o na qual ela se encontra, simboliza o ponto mais especial para a liga\u00e7\u00e3o dos c\u00e9us com a terra.<\/p>\n<p>A<strong> imagem do Senhor do Bonfim<\/strong> foi trazida para cumprir uma promessa feita pelo capit\u00e3o Theod\u00f3zio Rodrigues de Faria, que diante as s\u00faplicas durante uma tempestade, prometeu que se ele sobrevivesse traria a famosa imagem para o Brasil, onde todos pudessem saber de sua devo\u00e7\u00e3o e gratid\u00e3o. E assim o fez, seu pedido foi atendido e no dia 18 de abril de 1745 uma r\u00e9plica da representa\u00e7\u00e3o do Santo foi colocada na Igreja da Penha, para ficar guardada at\u00e9 o final da constru\u00e7\u00e3o da <strong>Igreja do Bonfim<\/strong>.<\/p>\n<p>Em 1754 em uma linda prociss\u00e3o, ela foi transferida para a Igreja do Bonfim que j\u00e1 estava finalizada.<\/p>\n<h3>A festa do Senhor do Bonfim e a lavagem da escadaria<\/h3>\n<p>A festa corresponde <a href=\"https:\/\/www.iquilibrio.com\/salmos\/\"><span class=\"class-texto-consultas\">a exposi\u00e7\u00e3o do Sant\u00edssimo Sacramento<\/span><\/a> pela igreja cat\u00f3lica, por isso n\u00e3o deve ser confundida com a lavagem que mistura a tradi\u00e7\u00e3o crist\u00e3 com a religi\u00e3o afro.<\/p>\n<p>Em 1773, escravos foram obrigados a lavar a igreja para a prepara\u00e7\u00e3o da festa do Senhor do Bonfim, o que passaram a fazer com honra pois <a href=\"https:\/\/www.iquilibrio.com\/blog\/espiritualidade\/umbanda-candomble\/tudo-sobre-oxala\/\">homenageavam tamb\u00e9m Oxal\u00e1<\/a>. Ao longo do tempo isso virou uma tradi\u00e7\u00e3o e a Arquidiocese de Salvador proibiu a lavagem na parte interna da igreja e por isso o ritual foi transferido para as escadarias.<\/p>\n<p>Desde ent\u00e3o as baianas despejam \u00e1gua de cheiro nos degraus e no adro ao som e toques de batidas afro. Portanto esse ato tornou-se\u00a0uma gigante celebra\u00e7\u00e3o ecum\u00eanica.<\/p>\n<p>Para quem desconhece, nas religi\u00f5es afro Oxal\u00e1 possui seu sincretismo com Jesus, o que torna ambas as express\u00f5es religiosas um ato de grande f\u00e9, amor e homenagem \u00e0 essa energia essencial para todas as culturas.<\/p>\n<h3>Fita do Senhor do Bonfim<\/h3>\n<p>Utilizadas por muitos brasileiros e conhecida por todos, essas fitinhas s\u00e3o como amuletos para atrair sentimentos e momentos bons, al\u00e9m de realizar os sonhos e pedidos.<\/p>\n<p>Foram criadas no ano de 1809 na medida 47 cent\u00edmetros de comprimento, &#8211; isto porque \u00e9 a medida do bra\u00e7o de Jesus Cristo na est\u00e1tua do Senhor do Bonfim.<\/p>\n<p>A tradi\u00e7\u00e3o popular dizia que era preciso enrolar as<strong> fitas do Bonfim<\/strong> duas vezes no pulso e amarrar com tr\u00eas n\u00f3s sendo que cada um deveria ter um pedido, os quais precisavam ser guardados at\u00e9 que elas se rompessem naturalmente.<\/p>\n<p>N\u00e3o se sabe ao certo quando foi que a fita atual come\u00e7ou a ser comercializada, (pois antes elas eram todas na cor branca) mas em meados de 1960 j\u00e1 eram confeccionadas e vendidas por ambulantes em torno da igreja.<\/p>\n<h3>Hino do Senhor do Bonfim<\/h3>\n<p>Em 1923 que o hino foi criado, atrav\u00e9s da autoria de Arthur de Salles e Jo\u00e3o Ant\u00f4nio Wanderley, onde se inspiraram na arquitetura da igreja, com o estilo neocl\u00e1ssico e a fachada em rococ\u00f3, &#8211; extremamente linda e chamativa &#8211; a constru\u00e7\u00e3o \u00e9 inteiramente de torres sineiras e chama aten\u00e7\u00e3o por sua dimens\u00e3o.<\/p>\n<p>Outra fonte de inspira\u00e7\u00e3o foi a independ\u00eancia da Bahia, de onde a letra relembra os feitos heroicos desse acontecimento. Confira:<\/p>\n<blockquote>\n<blockquote class=\"td_quote_box td_box_center\">\n<blockquote class=\"td_pull_quote td_pull_center\"><p>&#8220;Gl\u00f3ria a ti neste dia de gl\u00f3ria<br \/>\nGl\u00f3ria a ti, redentor, que h\u00e1 cem anos<br \/>\nNossos pais conduziste \u00e0 vit\u00f3ria<br \/>\nPelos mares e campos baianos<\/p>\n<p>Desta sagrada colina<br \/>\nMans\u00e3o da miseric\u00f3rdia<br \/>\nDai-nos a gra\u00e7a divina<br \/>\nDa justi\u00e7a e da conc\u00f3rdia<\/p>\n<p>Gl\u00f3ria a ti nessa altura sagrada<br \/>\n\u00c9s o eterno farol, \u00e9s o guia<br \/>\n\u00c9s, senhor, sentinela avan\u00e7ada<br \/>\n\u00c9s a guarda imortal da Bahia<\/p>\n<p>Desta sagrada colina<br \/>\nMans\u00e3o da miseric\u00f3rdia<br \/>\nDai-nos a gra\u00e7a divina<br \/>\nDa justi\u00e7a e da conc\u00f3rdia<\/p>\n<p>Aos teus p\u00e9s que nos deste o direito<br \/>\nAos teus p\u00e9s que nos deste a verdade<br \/>\nCanta e exulta num f\u00e9rvido preito<br \/>\nA alma em festa da tua cidade<\/p>\n<p>Desta sagrada colina<br \/>\nMans\u00e3o da miseric\u00f3rdia<br \/>\nDai-nos a gra\u00e7a divina<br \/>\nDa justi\u00e7a e da conc\u00f3rdia&#8221;<\/p><\/blockquote>\n<\/blockquote>\n<\/blockquote>\n<h2>Ora\u00e7\u00e3o do Senhor do Bonfim<\/h2>\n<h3>Ora\u00e7\u00e3o 1<\/h3>\n<blockquote>\n<blockquote class=\"td_quote_box td_box_center\">\n<blockquote class=\"td_pull_quote td_pull_center\"><p>&#8220;Meu Senhor do Bonfim que sobre as \u00e1guas andastes, hoje estais entre o c\u00e1lice e a h\u00f3stia consagrada.<br \/>\nTreme a terra mas n\u00e3o treme o cora\u00e7\u00e3o do nosso Senhor Jesus Cristo no altar &#8211; treme o cora\u00e7\u00e3o dos meus inimigos.<br \/>\nQuando para mim olharem eu os benzo em cruz e eles n\u00e3o benzem a mim.<br \/>\nEntre o Sol e a Lua e as estrelas e as pessoas da Sant\u00edssima Trindade, Pai, Filho e Esp\u00edrito Santo.<br \/>\nNa travessia avisto os meu inimigos, meu Deus o que eu fa\u00e7o com eles?<br \/>\nCom o manto da virgem Maria Sant\u00edssima sou coberto, com o sangue do nosso Senhor Jesus Cristo sou valido.<br \/>\nSe quiserem me atirar, \u00e1gua pelo cano da arma h\u00e1 de correr, assim como correu o leite do peito de Maria Sant\u00edssima para a boca do seu adorado filho<br \/>\nE outras armas que para mim levantarem ficar\u00e3o suspensas no ar e n\u00e3o mim atingir\u00e3o<br \/>\nAssim como ficou Maria Sant\u00edssima no p\u00e9 da cruz esperando seu bendito filho.<br \/>\nCorda que em mim botar nos p\u00e9s h\u00e1 de cair, porta que me trancar h\u00e1 de se abrir<br \/>\nAssim como se abriu o sepulcro do Nosso Senhor Jesus Cristo para ele subir aos c\u00e9us.<\/p>\n<p>Salvo fui, salvo sou e salvo serei, com a chave do Sant\u00edssimo Sacr\u00e1rio me fecharei. (3x).<br \/>\nAm\u00e9m.&#8221;<\/p><\/blockquote>\n<\/blockquote>\n<\/blockquote>\n<h2>Novena do Senhor do Bonfim<\/h2>\n<p>Rezar a ora\u00e7\u00e3o abaixo durante os nove dias e finalizar com 3 Ave-Marias e 3 Pai-Nossos:<\/p>\n<blockquote>\n<blockquote class=\"td_quote_box td_box_center\">\n<blockquote class=\"td_pull_quote td_pull_center\"><p>&#8220;Sant\u00edssimo Salvador, Jesus, Senhor do Bonfim, que terr\u00edveis dores que sofrestes, na cruz, na Vossa Cabe\u00e7a ferida da coroa de espinhos, em Vossos P\u00e9s e em Vossas M\u00e3os, trespassados de cravos, pelo Vosso Suor de sangue, concedei-me a gra\u00e7a de (pe\u00e7a a gra\u00e7a que deseja alcan\u00e7ar).<\/p>\n<p>Bem sei que os meus pecados pesam muito, que pouco mere\u00e7o o Vosso perd\u00e3o, mas sei tamb\u00e9m, Senhor, que o Vosso infinito amor \u00e0 humanidade \u00e9 infinitamente maior.<\/p>\n<p>Apesar de pecador, eu creio em V\u00f3s, Senhor meu Deus. Creio na Vossa Justi\u00e7a, na Vossa Bondade, na Vossa Miseric\u00f3rdia.<\/p>\n<p>enhor do Bonfim, sede prop\u00edcio \u00e0 minha prece.<\/p>\n<p>Am\u00e9m!&#8221;<\/p><\/blockquote>\n<\/blockquote>\n<\/blockquote>\n<p>Que <strong>Nosso Senhor do Bonfim<\/strong> possa aben\u00e7oar a vida de todos que o procura, acendendo sempre a chama do Esp\u00edrito Santo nos cora\u00e7\u00f5es dos seus fi\u00e9is.<\/p>\n<p style=\"text-align: center;\"><span class=\"td_btn td_btn_sm td_round_btn\" style=\"color: #ffffff; background-color: #ff6600;\"><a style=\"color: #ffffff; background-color: #ff6600;\" href=\"https:\/\/www.iquilibrio.com\/numerologia\/cabala-odus\/?utm_campaign=blog_conversao&amp;utm_medium=texto_cta&amp;utm_source=blog&amp;utm_content=2023_cat_cristianismo_art_senhor_do_bonfim\" target=\"_blank\" rel=\"noopener\"><span class=\"td_btn_lg class-cta2\">Ven\u00e7a seus desafios de vida com a ajuda dos Orix\u00e1s e a Cabala dos Od\u00fas<\/span><\/a><\/span><\/p>\n\n\n<div class=\"kk-star-ratings kksr-auto kksr-align-left kksr-valign-bottom\"\n    data-payload='{&quot;align&quot;:&quot;left&quot;,&quot;id&quot;:&quot;13216&quot;,&quot;slug&quot;:&quot;default&quot;,&quot;valign&quot;:&quot;bottom&quot;,&quot;ignore&quot;:&quot;&quot;,&quot;reference&quot;:&quot;auto&quot;,&quot;class&quot;:&quot;&quot;,&quot;count&quot;:&quot;1&quot;,&quot;legendonly&quot;:&quot;&quot;,&quot;readonly&quot;:&quot;&quot;,&quot;score&quot;:&quot;5&quot;,&quot;starsonly&quot;:&quot;&quot;,&quot;best&quot;:&quot;5&quot;,&quot;gap&quot;:&quot;5&quot;,&quot;greet&quot;:&quot;Rate this post&quot;,&quot;legend&quot;:&quot;5\\\/5 - (1 voto)&quot;,&quot;size&quot;:&quot;24&quot;,&quot;title&quot;:&quot;Nosso Senhor do Bonfim e a lavagem da escadaria&quot;,&quot;width&quot;:&quot;142.5&quot;,&quot;_legend&quot;:&quot;{score}\\\/{best} - ({count} {votes})&quot;,&quot;font_factor&quot;:&quot;1.25&quot;}'>\n            \n<div class=\"kksr-stars\">\n    \n<div class=\"kksr-stars-inactive\">\n            <div class=\"kksr-star\" data-star=\"1\" style=\"padding-right: 5px\">\n            \n\n<div class=\"kksr-icon\" style=\"width: 24px; height: 24px;\"><\/div>\n        <\/div>\n            <div class=\"kksr-star\" data-star=\"2\" style=\"padding-right: 5px\">\n            \n\n<div class=\"kksr-icon\" style=\"width: 24px; height: 24px;\"><\/div>\n        <\/div>\n            <div class=\"kksr-star\" data-star=\"3\" style=\"padding-right: 5px\">\n            \n\n<div class=\"kksr-icon\" style=\"width: 24px; height: 24px;\"><\/div>\n        <\/div>\n            <div class=\"kksr-star\" data-star=\"4\" style=\"padding-right: 5px\">\n            \n\n<div class=\"kksr-icon\" style=\"width: 24px; height: 24px;\"><\/div>\n        <\/div>\n            <div class=\"kksr-star\" data-star=\"5\" style=\"padding-right: 5px\">\n            \n\n<div class=\"kksr-icon\" style=\"width: 24px; height: 24px;\"><\/div>\n        <\/div>\n    <\/div>\n    \n<div class=\"kksr-stars-active\" style=\"width: 142.5px;\">\n            <div class=\"kksr-star\" style=\"padding-right: 5px\">\n            \n\n<div class=\"kksr-icon\" style=\"width: 24px; height: 24px;\"><\/div>\n        <\/div>\n            <div class=\"kksr-star\" style=\"padding-right: 5px\">\n            \n\n<div class=\"kksr-icon\" style=\"width: 24px; height: 24px;\"><\/div>\n        <\/div>\n            <div class=\"kksr-star\" style=\"padding-right: 5px\">\n            \n\n<div class=\"kksr-icon\" style=\"width: 24px; height: 24px;\"><\/div>\n        <\/div>\n            <div class=\"kksr-star\" style=\"padding-right: 5px\">\n            \n\n<div class=\"kksr-icon\" style=\"width: 24px; height: 24px;\"><\/div>\n        <\/div>\n            <div class=\"kksr-star\" style=\"padding-right: 5px\">\n            \n\n<div class=\"kksr-icon\" style=\"width: 24px; height: 24px;\"><\/div>\n        <\/div>\n    <\/div>\n<\/div>\n                \n\n<div class=\"kksr-legend\" style=\"font-size: 19.2px;\">\n            5\/5 - (1 voto)    <\/div>\n    <\/div>\n","protected":false},"excerpt":{"rendered":"<p>Em janeiro \u00e9 celebrado o Senhor do Bonfim, por isso na segunda quinta-feira do m\u00eas, acontece a famosa lavagem do Bonfim na escadaria da Igreja dedicada a Ele. E, ap\u00f3s dois anos sem festejos, devido \u00e0 pandemia, em 2023 a cidade de Salvador volta com essa linda tradi\u00e7\u00e3o. Senhor do Bonfim trata-se de um t\u00edtulo [&hellip;]<\/p>\n","protected":false},"author":156,"featured_media":13375,"comment_status":"closed","ping_status":"closed","sticky":false,"template":"","format":"standard","meta":{"footnotes":""},"categories":[504,503],"tags":[2367,2368],"class_list":["post-13216","post","type-post","status-publish","format-standard","has-post-thumbnail","hentry","category-cristianismo","category-umbanda-candomble","tag-nosso-senhor-do-bonfim","tag-senhor-do-bonfim"],"yoast_head":"<!-- This site is optimized with the Yoast SEO plugin v27.4 - https:\/\/yoast.com\/product\/yoast-seo-wordpress\/ -->\n<title>Senhor do Bonfim - Lavagem da Escadaria, Ora\u00e7\u00e3o e Novena | iQuilibrio<\/title>\n<meta name=\"description\" content=\"Saiba mais sobre o Nosso Senhor do Bonfim, sua igreja, imagem, costumes, ora\u00e7\u00f5es e novena! Clique e esclare\u00e7a todas suas d\u00favidas!\" \/>\n<meta name=\"robots\" content=\"index, follow, max-snippet:-1, max-image-preview:large, max-video-preview:-1\" \/>\n<link rel=\"canonical\" href=\"https:\/\/www.iquilibrio.com\/blog\/espiritualidade\/cristianismo\/senhor-do-bonfim\/\" \/>\n<meta property=\"og:locale\" content=\"pt_BR\" \/>\n<meta property=\"og:type\" content=\"article\" \/>\n<meta property=\"og:title\" content=\"Senhor do Bonfim - Lavagem da Escadaria, Ora\u00e7\u00e3o e Novena | iQuilibrio\" \/>\n<meta property=\"og:description\" content=\"Saiba mais sobre o Nosso Senhor do Bonfim, sua igreja, imagem, costumes, ora\u00e7\u00f5es e novena! Clique e esclare\u00e7a todas suas d\u00favidas!\" \/>\n<meta property=\"og:url\" content=\"https:\/\/www.iquilibrio.com\/blog\/espiritualidade\/cristianismo\/senhor-do-bonfim\/\" \/>\n<meta property=\"og:site_name\" content=\"iQuilibrio\" \/>\n<meta property=\"article:publisher\" content=\"https:\/\/www.facebook.com\/iQuilibrio\/\" \/>\n<meta property=\"article:published_time\" content=\"2023-01-12T10:00:31+00:00\" \/>\n<meta property=\"article:modified_time\" content=\"2023-01-12T13:59:27+00:00\" \/>\n<meta property=\"og:image\" content=\"https:\/\/www.iquilibrio.com\/blog\/wp-content\/uploads\/2018\/01\/bonfim.jpg\" \/>\n\t<meta property=\"og:image:width\" content=\"900\" \/>\n\t<meta property=\"og:image:height\" content=\"560\" \/>\n\t<meta property=\"og:image:type\" content=\"image\/jpeg\" \/>\n<meta name=\"author\" content=\"iQuilibrio\" \/>\n<meta name=\"twitter:card\" content=\"summary_large_image\" \/>\n<meta name=\"twitter:creator\" content=\"@iquilibrio\" \/>\n<meta name=\"twitter:site\" content=\"@iquilibrio\" \/>\n<meta name=\"twitter:label1\" content=\"Escrito por\" \/>\n\t<meta name=\"twitter:data1\" content=\"iQuilibrio\" \/>\n\t<meta name=\"twitter:label2\" content=\"Est. tempo de leitura\" \/>\n\t<meta name=\"twitter:data2\" content=\"7 minutos\" \/>\n<script type=\"application\/ld+json\" class=\"yoast-schema-graph\">{\"@context\":\"https:\\\/\\\/schema.org\",\"@graph\":[{\"@type\":\"Article\",\"@id\":\"https:\\\/\\\/www.iquilibrio.com\\\/blog\\\/espiritualidade\\\/cristianismo\\\/senhor-do-bonfim\\\/#article\",\"isPartOf\":{\"@id\":\"https:\\\/\\\/www.iquilibrio.com\\\/blog\\\/espiritualidade\\\/cristianismo\\\/senhor-do-bonfim\\\/\"},\"author\":{\"name\":\"iQuilibrio\",\"@id\":\"https:\\\/\\\/www.iquilibrio.com\\\/blog\\\/#\\\/schema\\\/person\\\/2acb51f4069f3a1354edeaff3dee22f4\"},\"headline\":\"Nosso Senhor do Bonfim e a lavagem da escadaria\",\"datePublished\":\"2023-01-12T10:00:31+00:00\",\"dateModified\":\"2023-01-12T13:59:27+00:00\",\"mainEntityOfPage\":{\"@id\":\"https:\\\/\\\/www.iquilibrio.com\\\/blog\\\/espiritualidade\\\/cristianismo\\\/senhor-do-bonfim\\\/\"},\"wordCount\":1371,\"publisher\":{\"@id\":\"https:\\\/\\\/www.iquilibrio.com\\\/blog\\\/#organization\"},\"image\":{\"@id\":\"https:\\\/\\\/www.iquilibrio.com\\\/blog\\\/espiritualidade\\\/cristianismo\\\/senhor-do-bonfim\\\/#primaryimage\"},\"thumbnailUrl\":\"https:\\\/\\\/www.iquilibrio.com\\\/blog\\\/wp-content\\\/uploads\\\/2018\\\/01\\\/bonfim.jpg\",\"keywords\":[\"Nosso Senhor do Bonfim\",\"Senhor do Bonfim\"],\"articleSection\":[\"Cristianismo\",\"Umbanda e Candombl\u00e9\"],\"inLanguage\":\"pt-BR\"},{\"@type\":\"WebPage\",\"@id\":\"https:\\\/\\\/www.iquilibrio.com\\\/blog\\\/espiritualidade\\\/cristianismo\\\/senhor-do-bonfim\\\/\",\"url\":\"https:\\\/\\\/www.iquilibrio.com\\\/blog\\\/espiritualidade\\\/cristianismo\\\/senhor-do-bonfim\\\/\",\"name\":\"Senhor do Bonfim - Lavagem da Escadaria, Ora\u00e7\u00e3o e Novena | iQuilibrio\",\"isPartOf\":{\"@id\":\"https:\\\/\\\/www.iquilibrio.com\\\/blog\\\/#website\"},\"primaryImageOfPage\":{\"@id\":\"https:\\\/\\\/www.iquilibrio.com\\\/blog\\\/espiritualidade\\\/cristianismo\\\/senhor-do-bonfim\\\/#primaryimage\"},\"image\":{\"@id\":\"https:\\\/\\\/www.iquilibrio.com\\\/blog\\\/espiritualidade\\\/cristianismo\\\/senhor-do-bonfim\\\/#primaryimage\"},\"thumbnailUrl\":\"https:\\\/\\\/www.iquilibrio.com\\\/blog\\\/wp-content\\\/uploads\\\/2018\\\/01\\\/bonfim.jpg\",\"datePublished\":\"2023-01-12T10:00:31+00:00\",\"dateModified\":\"2023-01-12T13:59:27+00:00\",\"description\":\"Saiba mais sobre o Nosso Senhor do Bonfim, sua igreja, imagem, costumes, ora\u00e7\u00f5es e novena! Clique e esclare\u00e7a todas suas d\u00favidas!\",\"breadcrumb\":{\"@id\":\"https:\\\/\\\/www.iquilibrio.com\\\/blog\\\/espiritualidade\\\/cristianismo\\\/senhor-do-bonfim\\\/#breadcrumb\"},\"inLanguage\":\"pt-BR\",\"potentialAction\":[{\"@type\":\"ReadAction\",\"target\":[\"https:\\\/\\\/www.iquilibrio.com\\\/blog\\\/espiritualidade\\\/cristianismo\\\/senhor-do-bonfim\\\/\"]}]},{\"@type\":\"ImageObject\",\"inLanguage\":\"pt-BR\",\"@id\":\"https:\\\/\\\/www.iquilibrio.com\\\/blog\\\/espiritualidade\\\/cristianismo\\\/senhor-do-bonfim\\\/#primaryimage\",\"url\":\"https:\\\/\\\/www.iquilibrio.com\\\/blog\\\/wp-content\\\/uploads\\\/2018\\\/01\\\/bonfim.jpg\",\"contentUrl\":\"https:\\\/\\\/www.iquilibrio.com\\\/blog\\\/wp-content\\\/uploads\\\/2018\\\/01\\\/bonfim.jpg\",\"width\":900,\"height\":560,\"caption\":\"Lavagem da escadaria do Senhor do Bonfim\"},{\"@type\":\"BreadcrumbList\",\"@id\":\"https:\\\/\\\/www.iquilibrio.com\\\/blog\\\/espiritualidade\\\/cristianismo\\\/senhor-do-bonfim\\\/#breadcrumb\",\"itemListElement\":[{\"@type\":\"ListItem\",\"position\":1,\"name\":\"In\u00edcio\",\"item\":\"https:\\\/\\\/www.iquilibrio.com\\\/blog\\\/\"},{\"@type\":\"ListItem\",\"position\":2,\"name\":\"Nosso Senhor do Bonfim e a lavagem da escadaria\"}]},{\"@type\":\"WebSite\",\"@id\":\"https:\\\/\\\/www.iquilibrio.com\\\/blog\\\/#website\",\"url\":\"https:\\\/\\\/www.iquilibrio.com\\\/blog\\\/\",\"name\":\"iQuilibrio\",\"description\":\"Blog iQuilibrio\",\"publisher\":{\"@id\":\"https:\\\/\\\/www.iquilibrio.com\\\/blog\\\/#organization\"},\"potentialAction\":[{\"@type\":\"SearchAction\",\"target\":{\"@type\":\"EntryPoint\",\"urlTemplate\":\"https:\\\/\\\/www.iquilibrio.com\\\/blog\\\/?s={search_term_string}\"},\"query-input\":{\"@type\":\"PropertyValueSpecification\",\"valueRequired\":true,\"valueName\":\"search_term_string\"}}],\"inLanguage\":\"pt-BR\"},{\"@type\":\"Organization\",\"@id\":\"https:\\\/\\\/www.iquilibrio.com\\\/blog\\\/#organization\",\"name\":\"Esoterismo, Misticismo e Tarot Online - iQuilibrio\",\"url\":\"https:\\\/\\\/www.iquilibrio.com\\\/blog\\\/\",\"logo\":{\"@type\":\"ImageObject\",\"inLanguage\":\"pt-BR\",\"@id\":\"https:\\\/\\\/www.iquilibrio.com\\\/blog\\\/#\\\/schema\\\/logo\\\/image\\\/\",\"url\":\"https:\\\/\\\/www.iquilibrio.com\\\/blog\\\/wp-content\\\/uploads\\\/2018\\\/12\\\/iquilibrio_lovo_vetor_preto-retina.png\",\"contentUrl\":\"https:\\\/\\\/www.iquilibrio.com\\\/blog\\\/wp-content\\\/uploads\\\/2018\\\/12\\\/iquilibrio_lovo_vetor_preto-retina.png\",\"width\":972,\"height\":180,\"caption\":\"Esoterismo, Misticismo e Tarot Online - iQuilibrio\"},\"image\":{\"@id\":\"https:\\\/\\\/www.iquilibrio.com\\\/blog\\\/#\\\/schema\\\/logo\\\/image\\\/\"},\"sameAs\":[\"https:\\\/\\\/www.facebook.com\\\/iQuilibrio\\\/\",\"https:\\\/\\\/x.com\\\/iquilibrio\",\"https:\\\/\\\/www.instagram.com\\\/iquilibrio\\\/\",\"https:\\\/\\\/www.linkedin.com\\\/company\\\/iquilibrio\\\/\",\"https:\\\/\\\/br.pinterest.com\\\/iquilibrio1397\\\/\",\"https:\\\/\\\/www.youtube.com\\\/channel\\\/UC175qxd-4Zsi4wzawT5zF2g\"]},{\"@type\":\"Person\",\"@id\":\"https:\\\/\\\/www.iquilibrio.com\\\/blog\\\/#\\\/schema\\\/person\\\/2acb51f4069f3a1354edeaff3dee22f4\",\"name\":\"iQuilibrio\",\"image\":{\"@type\":\"ImageObject\",\"inLanguage\":\"pt-BR\",\"@id\":\"https:\\\/\\\/www.iquilibrio.com\\\/blog\\\/wp-content\\\/uploads\\\/2021\\\/12\\\/Consulta-por-email-3-150x150.png\",\"url\":\"https:\\\/\\\/www.iquilibrio.com\\\/blog\\\/wp-content\\\/uploads\\\/2021\\\/12\\\/Consulta-por-email-3-150x150.png\",\"contentUrl\":\"https:\\\/\\\/www.iquilibrio.com\\\/blog\\\/wp-content\\\/uploads\\\/2021\\\/12\\\/Consulta-por-email-3-150x150.png\",\"caption\":\"iQuilibrio\"},\"description\":\"A equipe de reda\u00e7\u00e3o da iQuilibrio \u00e9 composta pelos mais diversos especialistas e esot\u00e9ricos. Al\u00e9m de dominar a arte de traduzir as energias que o universo emana, nossos redatores sentem imenso prazer em trabalhar com palavras. Boa leitura e um \u00f3timo aprendizado!\",\"url\":\"https:\\\/\\\/www.iquilibrio.com\\\/blog\\\/author\\\/iquilibrio\\\/\"}]}<\/script>\n<!-- \/ Yoast SEO plugin. -->","yoast_head_json":{"title":"Senhor do Bonfim - Lavagem da Escadaria, Ora\u00e7\u00e3o e Novena | iQuilibrio","description":"Saiba mais sobre o Nosso Senhor do Bonfim, sua igreja, imagem, costumes, ora\u00e7\u00f5es e novena! Clique e esclare\u00e7a todas suas d\u00favidas!","robots":{"index":"index","follow":"follow","max-snippet":"max-snippet:-1","max-image-preview":"max-image-preview:large","max-video-preview":"max-video-preview:-1"},"canonical":"https:\/\/www.iquilibrio.com\/blog\/espiritualidade\/cristianismo\/senhor-do-bonfim\/","og_locale":"pt_BR","og_type":"article","og_title":"Senhor do Bonfim - Lavagem da Escadaria, Ora\u00e7\u00e3o e Novena | iQuilibrio","og_description":"Saiba mais sobre o Nosso Senhor do Bonfim, sua igreja, imagem, costumes, ora\u00e7\u00f5es e novena! Clique e esclare\u00e7a todas suas d\u00favidas!","og_url":"https:\/\/www.iquilibrio.com\/blog\/espiritualidade\/cristianismo\/senhor-do-bonfim\/","og_site_name":"iQuilibrio","article_publisher":"https:\/\/www.facebook.com\/iQuilibrio\/","article_published_time":"2023-01-12T10:00:31+00:00","article_modified_time":"2023-01-12T13:59:27+00:00","og_image":[{"width":900,"height":560,"url":"https:\/\/www.iquilibrio.com\/blog\/wp-content\/uploads\/2018\/01\/bonfim.jpg","type":"image\/jpeg"}],"author":"iQuilibrio","twitter_card":"summary_large_image","twitter_creator":"@iquilibrio","twitter_site":"@iquilibrio","twitter_misc":{"Escrito por":"iQuilibrio","Est. tempo de leitura":"7 minutos"},"schema":{"@context":"https:\/\/schema.org","@graph":[{"@type":"Article","@id":"https:\/\/www.iquilibrio.com\/blog\/espiritualidade\/cristianismo\/senhor-do-bonfim\/#article","isPartOf":{"@id":"https:\/\/www.iquilibrio.com\/blog\/espiritualidade\/cristianismo\/senhor-do-bonfim\/"},"author":{"name":"iQuilibrio","@id":"https:\/\/www.iquilibrio.com\/blog\/#\/schema\/person\/2acb51f4069f3a1354edeaff3dee22f4"},"headline":"Nosso Senhor do Bonfim e a lavagem da escadaria","datePublished":"2023-01-12T10:00:31+00:00","dateModified":"2023-01-12T13:59:27+00:00","mainEntityOfPage":{"@id":"https:\/\/www.iquilibrio.com\/blog\/espiritualidade\/cristianismo\/senhor-do-bonfim\/"},"wordCount":1371,"publisher":{"@id":"https:\/\/www.iquilibrio.com\/blog\/#organization"},"image":{"@id":"https:\/\/www.iquilibrio.com\/blog\/espiritualidade\/cristianismo\/senhor-do-bonfim\/#primaryimage"},"thumbnailUrl":"https:\/\/www.iquilibrio.com\/blog\/wp-content\/uploads\/2018\/01\/bonfim.jpg","keywords":["Nosso Senhor do Bonfim","Senhor do Bonfim"],"articleSection":["Cristianismo","Umbanda e Candombl\u00e9"],"inLanguage":"pt-BR"},{"@type":"WebPage","@id":"https:\/\/www.iquilibrio.com\/blog\/espiritualidade\/cristianismo\/senhor-do-bonfim\/","url":"https:\/\/www.iquilibrio.com\/blog\/espiritualidade\/cristianismo\/senhor-do-bonfim\/","name":"Senhor do Bonfim - Lavagem da Escadaria, Ora\u00e7\u00e3o e Novena | iQuilibrio","isPartOf":{"@id":"https:\/\/www.iquilibrio.com\/blog\/#website"},"primaryImageOfPage":{"@id":"https:\/\/www.iquilibrio.com\/blog\/espiritualidade\/cristianismo\/senhor-do-bonfim\/#primaryimage"},"image":{"@id":"https:\/\/www.iquilibrio.com\/blog\/espiritualidade\/cristianismo\/senhor-do-bonfim\/#primaryimage"},"thumbnailUrl":"https:\/\/www.iquilibrio.com\/blog\/wp-content\/uploads\/2018\/01\/bonfim.jpg","datePublished":"2023-01-12T10:00:31+00:00","dateModified":"2023-01-12T13:59:27+00:00","description":"Saiba mais sobre o Nosso Senhor do Bonfim, sua igreja, imagem, costumes, ora\u00e7\u00f5es e novena! Clique e esclare\u00e7a todas suas d\u00favidas!","breadcrumb":{"@id":"https:\/\/www.iquilibrio.com\/blog\/espiritualidade\/cristianismo\/senhor-do-bonfim\/#breadcrumb"},"inLanguage":"pt-BR","potentialAction":[{"@type":"ReadAction","target":["https:\/\/www.iquilibrio.com\/blog\/espiritualidade\/cristianismo\/senhor-do-bonfim\/"]}]},{"@type":"ImageObject","inLanguage":"pt-BR","@id":"https:\/\/www.iquilibrio.com\/blog\/espiritualidade\/cristianismo\/senhor-do-bonfim\/#primaryimage","url":"https:\/\/www.iquilibrio.com\/blog\/wp-content\/uploads\/2018\/01\/bonfim.jpg","contentUrl":"https:\/\/www.iquilibrio.com\/blog\/wp-content\/uploads\/2018\/01\/bonfim.jpg","width":900,"height":560,"caption":"Lavagem da escadaria do Senhor do Bonfim"},{"@type":"BreadcrumbList","@id":"https:\/\/www.iquilibrio.com\/blog\/espiritualidade\/cristianismo\/senhor-do-bonfim\/#breadcrumb","itemListElement":[{"@type":"ListItem","position":1,"name":"In\u00edcio","item":"https:\/\/www.iquilibrio.com\/blog\/"},{"@type":"ListItem","position":2,"name":"Nosso Senhor do Bonfim e a lavagem da escadaria"}]},{"@type":"WebSite","@id":"https:\/\/www.iquilibrio.com\/blog\/#website","url":"https:\/\/www.iquilibrio.com\/blog\/","name":"iQuilibrio","description":"Blog iQuilibrio","publisher":{"@id":"https:\/\/www.iquilibrio.com\/blog\/#organization"},"potentialAction":[{"@type":"SearchAction","target":{"@type":"EntryPoint","urlTemplate":"https:\/\/www.iquilibrio.com\/blog\/?s={search_term_string}"},"query-input":{"@type":"PropertyValueSpecification","valueRequired":true,"valueName":"search_term_string"}}],"inLanguage":"pt-BR"},{"@type":"Organization","@id":"https:\/\/www.iquilibrio.com\/blog\/#organization","name":"Esoterismo, Misticismo e Tarot Online - iQuilibrio","url":"https:\/\/www.iquilibrio.com\/blog\/","logo":{"@type":"ImageObject","inLanguage":"pt-BR","@id":"https:\/\/www.iquilibrio.com\/blog\/#\/schema\/logo\/image\/","url":"https:\/\/www.iquilibrio.com\/blog\/wp-content\/uploads\/2018\/12\/iquilibrio_lovo_vetor_preto-retina.png","contentUrl":"https:\/\/www.iquilibrio.com\/blog\/wp-content\/uploads\/2018\/12\/iquilibrio_lovo_vetor_preto-retina.png","width":972,"height":180,"caption":"Esoterismo, Misticismo e Tarot Online - iQuilibrio"},"image":{"@id":"https:\/\/www.iquilibrio.com\/blog\/#\/schema\/logo\/image\/"},"sameAs":["https:\/\/www.facebook.com\/iQuilibrio\/","https:\/\/x.com\/iquilibrio","https:\/\/www.instagram.com\/iquilibrio\/","https:\/\/www.linkedin.com\/company\/iquilibrio\/","https:\/\/br.pinterest.com\/iquilibrio1397\/","https:\/\/www.youtube.com\/channel\/UC175qxd-4Zsi4wzawT5zF2g"]},{"@type":"Person","@id":"https:\/\/www.iquilibrio.com\/blog\/#\/schema\/person\/2acb51f4069f3a1354edeaff3dee22f4","name":"iQuilibrio","image":{"@type":"ImageObject","inLanguage":"pt-BR","@id":"https:\/\/www.iquilibrio.com\/blog\/wp-content\/uploads\/2021\/12\/Consulta-por-email-3-150x150.png","url":"https:\/\/www.iquilibrio.com\/blog\/wp-content\/uploads\/2021\/12\/Consulta-por-email-3-150x150.png","contentUrl":"https:\/\/www.iquilibrio.com\/blog\/wp-content\/uploads\/2021\/12\/Consulta-por-email-3-150x150.png","caption":"iQuilibrio"},"description":"A equipe de reda\u00e7\u00e3o da iQuilibrio \u00e9 composta pelos mais diversos especialistas e esot\u00e9ricos. Al\u00e9m de dominar a arte de traduzir as energias que o universo emana, nossos redatores sentem imenso prazer em trabalhar com palavras. Boa leitura e um \u00f3timo aprendizado!","url":"https:\/\/www.iquilibrio.com\/blog\/author\/iquilibrio\/"}]}},"_links":{"self":[{"href":"https:\/\/www.iquilibrio.com\/blog\/wp-json\/wp\/v2\/posts\/13216","targetHints":{"allow":["GET"]}}],"collection":[{"href":"https:\/\/www.iquilibrio.com\/blog\/wp-json\/wp\/v2\/posts"}],"about":[{"href":"https:\/\/www.iquilibrio.com\/blog\/wp-json\/wp\/v2\/types\/post"}],"author":[{"embeddable":true,"href":"https:\/\/www.iquilibrio.com\/blog\/wp-json\/wp\/v2\/users\/156"}],"replies":[{"embeddable":true,"href":"https:\/\/www.iquilibrio.com\/blog\/wp-json\/wp\/v2\/comments?post=13216"}],"version-history":[{"count":5,"href":"https:\/\/www.iquilibrio.com\/blog\/wp-json\/wp\/v2\/posts\/13216\/revisions"}],"predecessor-version":[{"id":38247,"href":"https:\/\/www.iquilibrio.com\/blog\/wp-json\/wp\/v2\/posts\/13216\/revisions\/38247"}],"wp:featuredmedia":[{"embeddable":true,"href":"https:\/\/www.iquilibrio.com\/blog\/wp-json\/wp\/v2\/media\/13375"}],"wp:attachment":[{"href":"https:\/\/www.iquilibrio.com\/blog\/wp-json\/wp\/v2\/media?parent=13216"}],"wp:term":[{"taxonomy":"category","embeddable":true,"href":"https:\/\/www.iquilibrio.com\/blog\/wp-json\/wp\/v2\/categories?post=13216"},{"taxonomy":"post_tag","embeddable":true,"href":"https:\/\/www.iquilibrio.com\/blog\/wp-json\/wp\/v2\/tags?post=13216"}],"curies":[{"name":"wp","href":"https:\/\/api.w.org\/{rel}","templated":true}]}}