{"id":12304,"date":"2017-12-20T07:00:52","date_gmt":"2017-12-20T09:00:52","guid":{"rendered":"https:\/\/www.iquilibrio.com\/blog\/?p=12304"},"modified":"2019-03-21T15:50:08","modified_gmt":"2019-03-21T17:50:08","slug":"sagrada-familia","status":"publish","type":"post","link":"https:\/\/www.iquilibrio.com\/blog\/espiritualidade\/cristianismo\/sagrada-familia\/","title":{"rendered":"Conhe\u00e7a mais sobre a Sagrada Fam\u00edlia &#8211; A caridade e f\u00e9"},"content":{"rendered":"<p>Celebra-se no primeiro domingo ap\u00f3s o Natal, <strong>o dia da<\/strong>\u00a0<strong>Sagrada Fam\u00edlia<\/strong>, formada por\u00a0<a href=\"https:\/\/www.iquilibrio.com\/blog\/espiritualidade\/cristianismo\/nossa-senhora-aparecida\/\"><strong>Maria<\/strong><\/a>, <strong>Jos\u00e9<\/strong> e <strong>Jesus Cristo<\/strong>. Tudo come\u00e7ou com o papa Le\u00e3o XIII que instituiu como uma data sagrada, e logo ap\u00f3s foi estendida pelo papa Bento XV.<\/p>\n<p style=\"text-align: center;\"><a href=\"https:\/\/www.iquilibrio.com\/salmos\/\"><span class=\"td_btn td_btn_lg td_round_btn class-cta1\" style=\"color: #ffffff;\">Abra seus Caminhos AQUI com a Orienta\u00e7\u00e3o dos Melhores Especialistas em Salmos<\/span><\/a><\/p>\n<p>Esse dia representa toda a vida de<strong> Jesus<\/strong> em rela\u00e7\u00e3o a sua fam\u00edlia e mostra como ele foi criado por pessoas simples, mas que possu\u00edam total f\u00e9 em Deus. Representados diversas vezes nas <a href=\"https:\/\/www.iquilibrio.com\/salmos\/\"><span class=\"class-texto-consultas\">passagens b\u00edblicas<\/span><\/a>, servem como exemplo de gratid\u00e3o e amor.<\/p>\n<h2>A hist\u00f3ria da Sagrada Fam\u00edlia<\/h2>\n<p>A repercuss\u00e3o da<a href=\"https:\/\/www.iquilibrio.com\/futuro-familiar\/\"> <strong><span class=\"class-texto-consultas\">sagrada fam\u00edlia<\/span><\/strong><\/a> come\u00e7ou a se popularizar em meados do s\u00e9culo XVII, quando os crist\u00e3os come\u00e7aram a dar uma maior aten\u00e7\u00e3o para algumas caracter\u00edstica de <strong>Jesus<\/strong>. Ele nasceu em uma fam\u00edlia comum, como todas as outras de diversas crian\u00e7as, um exemplo disso \u00e9 <a href=\"https:\/\/www.iquilibrio.com\/blog\/espiritualidade\/oracoes-salmos\/maria-passa-na-frente\/\">Maria<\/a> e <a href=\"https:\/\/www.iquilibrio.com\/blog\/espiritualidade\/cristianismo\/sao-jose-o-padroeiro-dos-trabalhadores-e-das-familias\/\">Jos\u00e9<\/a>, ela como dona de casa e ele que exercia a fun\u00e7\u00e3o de carpinteiro, e assim ao decorrer de suas hist\u00f3rias juntos <a href=\"https:\/\/www.iquilibrio.com\/blog\/espiritualidade\/cristianismo\/jesus-cristo\/\">receberam de cora\u00e7\u00e3o aberto uma crian\u00e7a aben\u00e7oada<\/a>.<\/p>\n<p>Portanto, diante disso todos s\u00e3o chamados para ter como exemplo as virtudes dessa <strong>Sagrada Fam\u00edlia<\/strong>, isto \u00e9, <a href=\"https:\/\/www.iquilibrio.com\/blog\/salmo-do-dia\/\">viver em devo\u00e7\u00e3o e amor por Deus<\/a>.<\/p>\n<h2>A fam\u00edlia aben\u00e7oada<\/h2>\n<p><strong><a href=\"https:\/\/www.iquilibrio.com\/blog\/espiritualidade\/cristianismo\/imaculada-conceicao\/\">Maria Sant\u00edssima:<\/a>\u00a0<\/strong>aquela que sempre seguiu os planos de Deus e nunca sucumbiu \u00e0s tenta\u00e7\u00f5es no caminho, acompanhou seu filho amado<strong> Jesus<\/strong> por toda sua hist\u00f3ria. Aceitou a dor da perda e confiou que Deus possu\u00eda intens\u00f5es muito maiores do que ela poderia sonhar algum dia.<\/p>\n<p>Maria \u00e9 a perfeita m\u00e3e, aquela que se dedica e principalmente que est\u00e1 presente na vida de seu filho. Um exemplo disso \u00e9 quando ela acompanhou todo o primeiro milagre das Bodas de Can\u00e1, dizendo a todos para que ouvissem seu filho, porque Ele sabia o que estava fazendo.<\/p>\n<p>Ela tamb\u00e9m acompanhou o in\u00edcio da Igreja, levando para todos o <strong>Sagrado Cora\u00e7\u00e3o de Jesus<\/strong>, por isso crescia em gra\u00e7a diante de Deus, e principalmente dos homens.<\/p>\n<p><strong>S\u00e3o Jos\u00e9: <\/strong>um pai fiei e justo, trabalhador e que tinha toda sua f\u00e9 em Deus.<\/p>\n<p><a href=\"https:\/\/www.iquilibrio.com\/tarot\/anjos\/\"><span class=\"class-texto-produtos\">Um anjo<\/span><\/a> apareceu para Jos\u00e9 enquanto ele estava noivo de Maria, dizendo para ele n\u00e3o temer e nem duvidar dela, porque tudo que aconteceria na vida dele, seria obra do Senhor. Ele foi sempre guiado pelos anjos do Pai, uma das passagens citadas na B\u00edblia foi quando recebeu a ordem de fugir para o Egito e como um homem banhado de f\u00e9 obedeceu e cumpriu o que foi pedido.<\/p>\n<p>Sempre defendeu sua esposa e seu filho, mesmo nos momentos mais dif\u00edceis e al\u00e9m disso sustentava a<strong> Sagrada Fam\u00edlia<\/strong>. Foi escolhido para ser Santo, e tinha a pureza de uma vida dedicada a Deus.<\/p>\n<p><strong>Jesus Cristo:\u00a0<\/strong>aquele que profetizou o amor no cora\u00e7\u00e3o de todos da humanidade, que entregou sua carne e sangue pelo bem de todos sem pensar duas vezes. Ele \u00e9 a prova viva do amor de Deus por n\u00f3s, aniquilou-se e entregou-se, assumiu toda sua condi\u00e7\u00e3o humana para se manifestar na terra. Cristo viveu como filho humano, para escreverem sua hist\u00f3ria com ternura e f\u00e9 pela eternidade.<\/p>\n<h3>Representa\u00e7\u00f5es da Sagrada Fam\u00edlia<\/h3>\n<p><strong>A postura que se encontram<\/strong><\/p>\n<p>\u00c9 a representa\u00e7\u00e3o de pessoas que amam, respeitam e veneram.<\/p>\n<p><strong>O manto de Maria<\/strong><\/p>\n<p>O c\u00e9u, tranquilidade, prote\u00e7\u00e3o celestial, poder, prote\u00e7\u00e3o maternal e f\u00e9.<\/p>\n<p><strong>O v\u00e9u branco de Maria<\/strong><\/p>\n<p>Pureza e santidade.<\/p>\n<p><strong>A T\u00fanica de Maria<\/strong><\/p>\n<p>Fogo do esp\u00edrito Santo e indica que era m\u00e3e, com o v\u00e9u branco indica que era uma &#8221;virgem m\u00e3e&#8221;.<\/p>\n<p><strong>A roupa de Jos\u00e9<\/strong><\/p>\n<p>Humildade, for\u00e7a, f\u00e9, simplicidade, trabalhador e valoriza aspectos de f\u00e9 e firmeza.<\/p>\n<h2>Ora\u00e7\u00e3o da Fam\u00edlia Sagrada<\/h2>\n<h3>Ora\u00e7\u00e3o 1<\/h3>\n<blockquote><p>\u201c<strong>Jesus<\/strong>, <strong>Maria<\/strong>, <strong>Jos\u00e9<\/strong>, <strong>sagrada<\/strong> entre as <strong>sagradas fam\u00edlias<\/strong> de toda a humanidade, rogai por n\u00f3s. O amor do Filho, o amor da M\u00e3e, o amor do Pai, \u00e9 o caminho da verdade e da vida que nos leva para os p\u00e1ramos celestes, ensinando-nos o meio de nos redimirmos de todos os nossos desacertos ante o vosso sagrado exemplo.<strong> Jesus<\/strong>, <strong>Maria<\/strong>, <strong>Jos\u00e9<\/strong>, que semearam a bondade entre os seres mais mesquinhos que j\u00e1 pisaram os mesmos caminhos que pisamos, fazei nascer em nossos cora\u00e7\u00f5es a esperan\u00e7a, a f\u00e9 e a caridade, para que possamos atingir um patamar mais elevado e que permita maior proximidade com o Reino dos C\u00e9us. \u00d3 <strong>Nossa\u00a0Sagrada Fam\u00edlia<\/strong>, que viveu em tempos de escurid\u00e3o e n\u00e3o se abateu, que deram seguidas mostras de como proceder em tempos dif\u00edceis, fazei de n\u00f3s merecedores de vosso afeto e que um dia estejamos juntos na casa do Sant\u00edssimo. Rogai pela nossa fam\u00edlia por todos os s\u00e9culos. Am\u00e9m.\u201d<\/p><\/blockquote>\n<h3>Ora\u00e7\u00e3o 2<\/h3>\n<blockquote><p>&#8220;<strong>Jesus<\/strong>, <strong>Maria<\/strong> e<strong> Jos\u00e9<\/strong>, em V\u00f3s contemplamos o esplendor do verdadeiro amor e, confiantes, a V\u00f3s nos consagramos.<\/p>\n<p><strong>Sagrada Fam\u00edlia de Nazar\u00e9<\/strong>, tornai tamb\u00e9m as nossas fam\u00edlias lugares de comunh\u00e3o e cen\u00e1culos de ora\u00e7\u00e3o, aut\u00eanticas escolas do Evangelho e pequenas igrejas dom\u00e9sticas.<\/p>\n<p><strong>Sagrada Fam\u00edlia de Nazar\u00e9<\/strong>, que nunca mais haja nas fam\u00edlias epis\u00f3dios de viol\u00eancia, de fechamento e divis\u00e3o; e quem tiver sido ferido ou escandalizado, seja rapidamente consolado e curado.<\/p>\n<p><strong>Sagrada Fam\u00edlia de Nazar\u00e9<\/strong>, fazei que todos nos tornemos conscientes do car\u00e1cter sagrado e inviol\u00e1vel da fam\u00edlia e da sua beleza no projeto de Deus.<\/p>\n<p><strong>Jesus<\/strong>,<a href=\"https:\/\/www.iquilibrio.com\/blog\/espiritualidade\/cristianismo\/nossa-senhora-das-dores\/\"> <strong>Maria<\/strong><\/a> e <strong>Jos\u00e9,<\/strong> ouvi-nos e acolhei a nossa s\u00faplica. Am\u00e9m.&#8221;<\/p><\/blockquote>\n<h3>Ora\u00e7\u00e3o 3<\/h3>\n<blockquote><p>\u201cMais amado Jesus, que, por tua inef\u00e1vel virtude e pelo exemplo de tua vida dom\u00e9stica, consagrou a fam\u00edlia que escolheste sobre a Terra. Na tua clem\u00eancia, olhe por essa fam\u00edlia humildemente prostrada perante ti, implorando tua miseric\u00f3rdia. Lembre-se de que esta fam\u00edlia pertence a ti e temos a uma maneira especial de nos dedicarmos e consagrarmos. Olha-nos em tua bondade amorosa, preserve-nos de todo perigo, dai-nos ajuda na hora da necessidade e concede-nos a gra\u00e7a de perseverar ao final, na imita\u00e7\u00e3o da tua <strong>Sagrada Fam\u00edlia<\/strong>, que reverenciou a ti e te amou fielmente sobre a Terra. N\u00f3s poderemos aben\u00e7oar-te e louvar-te eternamente no C\u00e9u. \u00d3 Maria, mais doce M\u00e3e, para a tua intercess\u00e3o, buscamos recurso, sabendo que teu divino Filho vai ouvir tuas ora\u00e7\u00f5es. E tu, \u00f3 glorioso patriarca S\u00e3o Jos\u00e9, assista-nos por tua poderosa media\u00e7\u00e3o e ofere\u00e7a pelas m\u00e3os de Maria as nossas preces a Jesus. Am\u00e9m.\u201d<\/p><\/blockquote>\n<h2>Novena para Sagrada Fam\u00edlia<\/h2>\n<p>Rezar durante os nove dias a Ora\u00e7\u00e3o Inicial, depois a Ora\u00e7\u00e3o do respectivo dia de Novena e por fim a Ora\u00e7\u00e3o Final:<\/p>\n<h3>Ora\u00e7\u00e3o inicial<\/h3>\n<blockquote><p>&#8220;\u00d3 Deus, Pai e Criador de todas as coisas, que preparastes para vosso Filho e Senhor nosso uma fam\u00edlia que lhe fosse digna, concedei-nos, pelos m\u00e9ritos desta novena que vamos rezar, os dons necess\u00e1rios para minha fam\u00edlia e eu vivermos na paz e no amor. Jesus Cristo, ensinai-me a, como v\u00f3s, construir uma fam\u00edlia feliz. Esp\u00edrito Santo par\u00e1clito, infundi em mim o dom da compreens\u00e3o, para conviver em uni\u00e3o com os que me destes. V\u00f3s que sois um s\u00f3 Deus, eterno e santo. Am\u00e9m!&#8221;<\/p><\/blockquote>\n<h3>Ora\u00e7\u00e3o Final<\/h3>\n<blockquote><p>&#8220;<strong>Sagrada Fam\u00edlia<\/strong>, exemplo de f\u00e9, ensinai-me a viver a experi\u00eancia da f\u00e9 verdadeira e confiante, que abre a minha vida \u00e0 a\u00e7\u00e3o de Deus. Am\u00e9m.<\/p>\n<p>Pai-Nosso, Ave Maria, Gl\u00f3ria-ao-Pai<br \/>\nJesus, Maria e Jos\u00e9, aumentai a nossa f\u00e9.<br \/>\n<strong>Sagrada Fam\u00edlia<\/strong>, Rogai por n\u00f3s!&#8221;<\/p><\/blockquote>\n<h3>Primeiro Dia<\/h3>\n<blockquote><p>&#8220;Ao entrarmos na casa de Nazar\u00e9, encontramos uma fam\u00edlia muito unida. Jesus, Maria e Jos\u00e9 sabiam que o amor que os unia vinha de Deus. Jos\u00e9, na carpintaria, deixava transparecer toda a dedica\u00e7\u00e3o \u00e0 sua fam\u00edlia no trabalho que desempenhava, construindo objetos primorosos. Maria solidificava um lar feliz, sabendo que a harmonia da fam\u00edlia passava por suas m\u00e3os no p\u00e3o que preparava e no carinho que dedicava a Jesus e Jos\u00e9. O menino Jesus, entre a carpintaria e a sua casa, aprendia amar com a dedica\u00e7\u00e3o de sues pais. Esse amor foi formado nas dificuldades e na confian\u00e7a em Deus. Quantos obst\u00e1culos foram ultrapassados, quantas situa\u00e7\u00f5es foram vencidas, porque entre os tr\u00eas reinava o pleno amor divino, pois Deus fazia parte dessa fam\u00edlia.&#8221;<\/p><\/blockquote>\n<h3>Segundo Dia<\/h3>\n<blockquote><p>&#8220;Maria teve f\u00e9 no <a href=\"https:\/\/www.iquilibrio.com\/blog\/espiritualidade\/cristianismo\/dia-dos-arcanjos\/\">anjo Gabriel<\/a>, que lhe trouxera a Palavra de Deus, comunicando-lhe que seria a m\u00e3e do Salvador. Jos\u00e9 viveu uma experi\u00eancia de f\u00e9 ao ouvir de um anjo, em sonho, o que devia fazer. Ambos foram com o Menino Jesus ao Templo e ouviram as promessas que Deus anunciara a Sime\u00e3o e a Ana. Esta fam\u00edlia viveu uma f\u00e9 sincera e confiante em Deus, em todos os momentos e em todas as circunst\u00e2ncias. Am\u00e9m.&#8221;<\/p><\/blockquote>\n<h3>Terceiro Dia<\/h3>\n<blockquote><p>&#8220;Confiando em Deus, Maria disse sim ao Senhor e Jos\u00e9 a aceitou como esposa. Confiando em Deus, ambos forma de Nazar\u00e9 a Bel\u00e9m, acolheram com alegria Jesus na manjedoura, fugiram para o Egito e retornaram a Nazar\u00e9. Confiando em Deus, Jesus, Maria e Jos\u00e9 seguiram para Jerusal\u00e9m, perderam-se e reencontraram-se.<br \/>\nConfiar em Deus n\u00e3o \u00e9 apenas acreditar, mas agir e caminhar na for\u00e7a dessa f\u00e9.&#8221;<\/p><\/blockquote>\n<h3>Quarto Dia<\/h3>\n<blockquote><p>&#8220;O rei dos reis e Senhor dos Senhores nasceu na simplicidade. Modestos tamb\u00e9m eram a vida e os h\u00e1bitos da <strong>Sagrada Fam\u00edlia<\/strong>. Podemos dizer que Jos\u00e9, Maria e Jesus viviam, trabalhavam, oravam e eram muito felizes em sua simplicidade. Tiveram a alegria de n\u00e3o conhecer as complica\u00e7\u00f5es da vida moderna e, na humilde casa de Nazar\u00e9, Jos\u00e9 e Maria formaram o Salvador da humanidade.&#8221;<\/p><\/blockquote>\n<h3>Quinto Dia<\/h3>\n<blockquote><p>&#8220;Maria de Nazar\u00e9 era a Virgem, Jos\u00e9, o carpinteiro, era o Justo. Jesus, nesta fam\u00edlia, crescia em sabedoria, estatura e gra\u00e7a diante de Deus e dos homens (cf. Lc 2,52). Por isso, podemos hoje olhar essa fam\u00edlia e cham\u00e1-la de <strong>Sagrada<\/strong> ou Santa. Que alegria sentiam Jesus, Maria e Jos\u00e9 ao olharem sua fam\u00edlia, que trilhava no caminho da santidade.&#8221;<\/p><\/blockquote>\n<h3>Sexto Dia<\/h3>\n<blockquote><p>&#8220;Com que tranq\u00fcilidade o bom Deus p\u00f4de confiar miss\u00e3o t\u00e3o importante \u00e0 fam\u00edlia de Nazar\u00e9! Com o sim de Maria e a obedi\u00eancia de Jos\u00e9, Jesus teve um lar em que a disponibilidade ao servi\u00e7o do Senhor e dos irm\u00e3os era a regra. Jesus realizou sua primeira miss\u00e3o no ventre de sua m\u00e3e, quando Nossa senhora, momentos ap\u00f3s o <a href=\"https:\/\/www.iquilibrio.com\/blog\/espiritualidade\/cristianismo\/dia-do-anjo-da-guarda\/\">an\u00fancio do anjo<\/a>, foi servir Isabel.&#8221;<\/p><\/blockquote>\n<h3>S\u00e9timo Dia<\/h3>\n<blockquote><p>&#8220;A <a href=\"https:\/\/www.iquilibrio.com\/blog\/espiritualidade\/cristianismo\/dia-de-todos-os-santos\/\">alegria forma os santos<\/a>. S\u00f3 podemos imaginar o lar de Nazar\u00e9 como um lar alegre e feliz. Vivendo na simplicidade e tendo como \u00fanica meta ser fiel a Deus, que outro sentimento poderia imperar em tal fam\u00edlia? Confiando plenamente em Deus, Jesus, Maria e Jos\u00e9 estavam distantes da ang\u00fastia causadas pelas incertezas. Sentindo-se uma comunidade reunida em torno do amor, podiam alegrar-se em sua confian\u00e7a em Deus.&#8221;<\/p><\/blockquote>\n<h3>Oitavo Dia<\/h3>\n<blockquote><p>&#8220;Onde, sen\u00e3o a <strong>Sagrada fam\u00edlia<\/strong>, Jesus aprendeu a orar tanto e t\u00e3o bem? Vemos Jesus, em muitos momentos de sus vida p\u00fablica, dedicar-se \u00e0 ora\u00e7\u00e3o, mesmo sozinho ou em comunidade. Aprendera doa pais da Terra a estar com o Pai do c\u00e9u. Podemos at\u00e9 imaginar Maria dizendo: \u201cDeus \u00e9 teu Pai, fala com ele, Filho!\u201d<\/p><\/blockquote>\n<h3>Nono Dia<\/h3>\n<blockquote><p>\u201cFilho, teu pai e eu est\u00e1vamos, angustiados a tua procura!\u201d, diz a Virgem M\u00e3e ao encontrar Jesus no Templo de Jerusal\u00e9m (cf. Lc 2,18). Estas palavras resumem bem o esp\u00edrito de uni\u00e3o que reinava na <strong>Sagrada Fam\u00edlia de Nazar\u00e9<\/strong>. Para onde iam, iam juntos, desde o ex\u00edlio no Egito at\u00e9 a P\u00e1scoa em Jerusal\u00e9m. Unidos pelos la\u00e7os de amor, de f\u00e9 e de esperan\u00e7a em Deus.&#8221;<\/p><\/blockquote>\n<p>Que no primeiro domingo ap\u00f3s o Natal, seja poss\u00edvel a b\u00ean\u00e7\u00e3o recebida na\u00a0<strong>missa da Sagrada Fam\u00edlia<\/strong>\u00a0e assim, solicitar para que entre em sua vida as gra\u00e7as desses Santos iluminados e o livre de todo o mal, para que sempre siga o caminho da luz e salva\u00e7\u00e3o!<\/p>\n<p style=\"text-align: center;\"><span style=\"color: #ffffff;\"><a style=\"color: #ffffff;\" href=\"https:\/\/www.iquilibrio.com\/esotericos\/\"><span class=\"td_btn td_btn_lg td_round_btn class-cta2\">Ven\u00e7a Seus Desafios de Vida Com a Ajuda de Esot\u00e9ricos Experientes<\/span><\/a><\/span><\/p>\n\n\n<div class=\"kk-star-ratings kksr-auto kksr-align-left kksr-valign-bottom\"\n    data-payload='{&quot;align&quot;:&quot;left&quot;,&quot;id&quot;:&quot;12304&quot;,&quot;slug&quot;:&quot;default&quot;,&quot;valign&quot;:&quot;bottom&quot;,&quot;ignore&quot;:&quot;&quot;,&quot;reference&quot;:&quot;auto&quot;,&quot;class&quot;:&quot;&quot;,&quot;count&quot;:&quot;0&quot;,&quot;legendonly&quot;:&quot;&quot;,&quot;readonly&quot;:&quot;&quot;,&quot;score&quot;:&quot;0&quot;,&quot;starsonly&quot;:&quot;&quot;,&quot;best&quot;:&quot;5&quot;,&quot;gap&quot;:&quot;5&quot;,&quot;greet&quot;:&quot;Rate this post&quot;,&quot;legend&quot;:&quot;0\\\/5 - (0 voto)&quot;,&quot;size&quot;:&quot;24&quot;,&quot;title&quot;:&quot;Conhe\u00e7a mais sobre a Sagrada Fam\u00edlia - A caridade e f\u00e9&quot;,&quot;width&quot;:&quot;0&quot;,&quot;_legend&quot;:&quot;{score}\\\/{best} - ({count} {votes})&quot;,&quot;font_factor&quot;:&quot;1.25&quot;}'>\n            \n<div class=\"kksr-stars\">\n    \n<div class=\"kksr-stars-inactive\">\n            <div class=\"kksr-star\" data-star=\"1\" style=\"padding-right: 5px\">\n            \n\n<div class=\"kksr-icon\" style=\"width: 24px; height: 24px;\"><\/div>\n        <\/div>\n            <div class=\"kksr-star\" data-star=\"2\" style=\"padding-right: 5px\">\n            \n\n<div class=\"kksr-icon\" style=\"width: 24px; height: 24px;\"><\/div>\n        <\/div>\n            <div class=\"kksr-star\" data-star=\"3\" style=\"padding-right: 5px\">\n            \n\n<div class=\"kksr-icon\" style=\"width: 24px; height: 24px;\"><\/div>\n        <\/div>\n            <div class=\"kksr-star\" data-star=\"4\" style=\"padding-right: 5px\">\n            \n\n<div class=\"kksr-icon\" style=\"width: 24px; height: 24px;\"><\/div>\n        <\/div>\n            <div class=\"kksr-star\" data-star=\"5\" style=\"padding-right: 5px\">\n            \n\n<div class=\"kksr-icon\" style=\"width: 24px; height: 24px;\"><\/div>\n        <\/div>\n    <\/div>\n    \n<div class=\"kksr-stars-active\" style=\"width: 0px;\">\n            <div class=\"kksr-star\" style=\"padding-right: 5px\">\n            \n\n<div class=\"kksr-icon\" style=\"width: 24px; height: 24px;\"><\/div>\n        <\/div>\n            <div class=\"kksr-star\" style=\"padding-right: 5px\">\n            \n\n<div class=\"kksr-icon\" style=\"width: 24px; height: 24px;\"><\/div>\n        <\/div>\n            <div class=\"kksr-star\" style=\"padding-right: 5px\">\n            \n\n<div class=\"kksr-icon\" style=\"width: 24px; height: 24px;\"><\/div>\n        <\/div>\n            <div class=\"kksr-star\" style=\"padding-right: 5px\">\n            \n\n<div class=\"kksr-icon\" style=\"width: 24px; height: 24px;\"><\/div>\n        <\/div>\n            <div class=\"kksr-star\" style=\"padding-right: 5px\">\n            \n\n<div class=\"kksr-icon\" style=\"width: 24px; height: 24px;\"><\/div>\n        <\/div>\n    <\/div>\n<\/div>\n                \n\n<div class=\"kksr-legend\" style=\"font-size: 19.2px;\">\n            <span class=\"kksr-muted\">Rate this post<\/span>\n    <\/div>\n    <\/div>\n","protected":false},"excerpt":{"rendered":"<p>Celebra-se no primeiro domingo ap\u00f3s o Natal, o dia da\u00a0Sagrada Fam\u00edlia, formada por\u00a0Maria, Jos\u00e9 e Jesus Cristo. Tudo come\u00e7ou com o papa Le\u00e3o XIII que instituiu como uma data sagrada, e logo ap\u00f3s foi estendida pelo papa Bento XV. Abra seus Caminhos AQUI com a Orienta\u00e7\u00e3o dos Melhores Especialistas em Salmos Esse dia representa toda [&hellip;]<\/p>\n","protected":false},"author":20,"featured_media":12788,"comment_status":"open","ping_status":"open","sticky":false,"template":"","format":"standard","meta":{"footnotes":""},"categories":[504],"tags":[2243,2245,2244,2242],"class_list":["post-12304","post","type-post","status-publish","format-standard","has-post-thumbnail","hentry","category-cristianismo","tag-familia-de-jesus","tag-familia-sagrada","tag-jesus-e-sua-familia","tag-sagrada-familia"],"yoast_head":"<!-- This site is optimized with the Yoast SEO plugin v27.4 - https:\/\/yoast.com\/product\/yoast-seo-wordpress\/ -->\n<title>Sagrada Fam\u00edlia - Conhe\u00e7a a Hist\u00f3ria, Ora\u00e7\u00f5es e Novena | iQuilibrio<\/title>\n<meta name=\"description\" content=\"Saiba mais sobre a hist\u00f3ria da Sagrada Fam\u00edlia e entenda porque \u00e9 comemorada como s\u00edmbolo de exemplo e santidade! Clique e confira!\" \/>\n<meta name=\"robots\" content=\"index, follow, max-snippet:-1, max-image-preview:large, max-video-preview:-1\" \/>\n<link rel=\"canonical\" href=\"https:\/\/www.iquilibrio.com\/blog\/espiritualidade\/cristianismo\/sagrada-familia\/\" \/>\n<meta property=\"og:locale\" content=\"pt_BR\" \/>\n<meta property=\"og:type\" content=\"article\" \/>\n<meta property=\"og:title\" content=\"Sagrada Fam\u00edlia - Conhe\u00e7a a Hist\u00f3ria, Ora\u00e7\u00f5es e Novena | iQuilibrio\" \/>\n<meta property=\"og:description\" content=\"Saiba mais sobre a hist\u00f3ria da Sagrada Fam\u00edlia e entenda porque \u00e9 comemorada como s\u00edmbolo de exemplo e santidade! Clique e confira!\" \/>\n<meta property=\"og:url\" content=\"https:\/\/www.iquilibrio.com\/blog\/espiritualidade\/cristianismo\/sagrada-familia\/\" \/>\n<meta property=\"og:site_name\" content=\"iQuilibrio\" \/>\n<meta property=\"article:publisher\" content=\"https:\/\/www.facebook.com\/iQuilibrio\/\" \/>\n<meta property=\"article:published_time\" content=\"2017-12-20T09:00:52+00:00\" \/>\n<meta property=\"article:modified_time\" content=\"2019-03-21T17:50:08+00:00\" \/>\n<meta property=\"og:image\" content=\"https:\/\/www.iquilibrio.com\/blog\/wp-content\/uploads\/2017\/12\/a_sagrada_familia_blog.jpg\" \/>\n\t<meta property=\"og:image:width\" content=\"900\" \/>\n\t<meta property=\"og:image:height\" content=\"560\" \/>\n\t<meta property=\"og:image:type\" content=\"image\/jpeg\" \/>\n<meta name=\"author\" content=\"Reda\u00e7\u00e3o iQuilibrio\" \/>\n<meta name=\"twitter:card\" content=\"summary_large_image\" \/>\n<meta name=\"twitter:creator\" content=\"@iquilibrio\" \/>\n<meta name=\"twitter:site\" content=\"@iquilibrio\" \/>\n<meta name=\"twitter:label1\" content=\"Escrito por\" \/>\n\t<meta name=\"twitter:data1\" content=\"Reda\u00e7\u00e3o iQuilibrio\" \/>\n\t<meta name=\"twitter:label2\" content=\"Est. tempo de leitura\" \/>\n\t<meta name=\"twitter:data2\" content=\"10 minutos\" \/>\n<script type=\"application\/ld+json\" class=\"yoast-schema-graph\">{\"@context\":\"https:\\\/\\\/schema.org\",\"@graph\":[{\"@type\":\"Article\",\"@id\":\"https:\\\/\\\/www.iquilibrio.com\\\/blog\\\/espiritualidade\\\/cristianismo\\\/sagrada-familia\\\/#article\",\"isPartOf\":{\"@id\":\"https:\\\/\\\/www.iquilibrio.com\\\/blog\\\/espiritualidade\\\/cristianismo\\\/sagrada-familia\\\/\"},\"author\":{\"name\":\"Reda\u00e7\u00e3o iQuilibrio\",\"@id\":\"https:\\\/\\\/www.iquilibrio.com\\\/blog\\\/#\\\/schema\\\/person\\\/199505a1f0db0d00f022188666c75dca\"},\"headline\":\"Conhe\u00e7a mais sobre a Sagrada Fam\u00edlia &#8211; A caridade e f\u00e9\",\"datePublished\":\"2017-12-20T09:00:52+00:00\",\"dateModified\":\"2019-03-21T17:50:08+00:00\",\"mainEntityOfPage\":{\"@id\":\"https:\\\/\\\/www.iquilibrio.com\\\/blog\\\/espiritualidade\\\/cristianismo\\\/sagrada-familia\\\/\"},\"wordCount\":2108,\"commentCount\":0,\"publisher\":{\"@id\":\"https:\\\/\\\/www.iquilibrio.com\\\/blog\\\/#organization\"},\"image\":{\"@id\":\"https:\\\/\\\/www.iquilibrio.com\\\/blog\\\/espiritualidade\\\/cristianismo\\\/sagrada-familia\\\/#primaryimage\"},\"thumbnailUrl\":\"https:\\\/\\\/www.iquilibrio.com\\\/blog\\\/wp-content\\\/uploads\\\/2017\\\/12\\\/a_sagrada_familia_blog.jpg\",\"keywords\":[\"fam\u00edlia de Jesus\",\"Fam\u00edlia Sagrada\",\"Jesus e sua fam\u00edlia\",\"Sagrada Fam\u00edlia\"],\"articleSection\":[\"Cristianismo\"],\"inLanguage\":\"pt-BR\"},{\"@type\":\"WebPage\",\"@id\":\"https:\\\/\\\/www.iquilibrio.com\\\/blog\\\/espiritualidade\\\/cristianismo\\\/sagrada-familia\\\/\",\"url\":\"https:\\\/\\\/www.iquilibrio.com\\\/blog\\\/espiritualidade\\\/cristianismo\\\/sagrada-familia\\\/\",\"name\":\"Sagrada Fam\u00edlia - Conhe\u00e7a a Hist\u00f3ria, Ora\u00e7\u00f5es e Novena | iQuilibrio\",\"isPartOf\":{\"@id\":\"https:\\\/\\\/www.iquilibrio.com\\\/blog\\\/#website\"},\"primaryImageOfPage\":{\"@id\":\"https:\\\/\\\/www.iquilibrio.com\\\/blog\\\/espiritualidade\\\/cristianismo\\\/sagrada-familia\\\/#primaryimage\"},\"image\":{\"@id\":\"https:\\\/\\\/www.iquilibrio.com\\\/blog\\\/espiritualidade\\\/cristianismo\\\/sagrada-familia\\\/#primaryimage\"},\"thumbnailUrl\":\"https:\\\/\\\/www.iquilibrio.com\\\/blog\\\/wp-content\\\/uploads\\\/2017\\\/12\\\/a_sagrada_familia_blog.jpg\",\"datePublished\":\"2017-12-20T09:00:52+00:00\",\"dateModified\":\"2019-03-21T17:50:08+00:00\",\"description\":\"Saiba mais sobre a hist\u00f3ria da Sagrada Fam\u00edlia e entenda porque \u00e9 comemorada como s\u00edmbolo de exemplo e santidade! Clique e confira!\",\"breadcrumb\":{\"@id\":\"https:\\\/\\\/www.iquilibrio.com\\\/blog\\\/espiritualidade\\\/cristianismo\\\/sagrada-familia\\\/#breadcrumb\"},\"inLanguage\":\"pt-BR\",\"potentialAction\":[{\"@type\":\"ReadAction\",\"target\":[\"https:\\\/\\\/www.iquilibrio.com\\\/blog\\\/espiritualidade\\\/cristianismo\\\/sagrada-familia\\\/\"]}]},{\"@type\":\"ImageObject\",\"inLanguage\":\"pt-BR\",\"@id\":\"https:\\\/\\\/www.iquilibrio.com\\\/blog\\\/espiritualidade\\\/cristianismo\\\/sagrada-familia\\\/#primaryimage\",\"url\":\"https:\\\/\\\/www.iquilibrio.com\\\/blog\\\/wp-content\\\/uploads\\\/2017\\\/12\\\/a_sagrada_familia_blog.jpg\",\"contentUrl\":\"https:\\\/\\\/www.iquilibrio.com\\\/blog\\\/wp-content\\\/uploads\\\/2017\\\/12\\\/a_sagrada_familia_blog.jpg\",\"width\":900,\"height\":560,\"caption\":\"Sagrada Fam\u00edlia\"},{\"@type\":\"BreadcrumbList\",\"@id\":\"https:\\\/\\\/www.iquilibrio.com\\\/blog\\\/espiritualidade\\\/cristianismo\\\/sagrada-familia\\\/#breadcrumb\",\"itemListElement\":[{\"@type\":\"ListItem\",\"position\":1,\"name\":\"In\u00edcio\",\"item\":\"https:\\\/\\\/www.iquilibrio.com\\\/blog\\\/\"},{\"@type\":\"ListItem\",\"position\":2,\"name\":\"Conhe\u00e7a mais sobre a Sagrada Fam\u00edlia &#8211; A caridade e f\u00e9\"}]},{\"@type\":\"WebSite\",\"@id\":\"https:\\\/\\\/www.iquilibrio.com\\\/blog\\\/#website\",\"url\":\"https:\\\/\\\/www.iquilibrio.com\\\/blog\\\/\",\"name\":\"iQuilibrio\",\"description\":\"Blog iQuilibrio\",\"publisher\":{\"@id\":\"https:\\\/\\\/www.iquilibrio.com\\\/blog\\\/#organization\"},\"potentialAction\":[{\"@type\":\"SearchAction\",\"target\":{\"@type\":\"EntryPoint\",\"urlTemplate\":\"https:\\\/\\\/www.iquilibrio.com\\\/blog\\\/?s={search_term_string}\"},\"query-input\":{\"@type\":\"PropertyValueSpecification\",\"valueRequired\":true,\"valueName\":\"search_term_string\"}}],\"inLanguage\":\"pt-BR\"},{\"@type\":\"Organization\",\"@id\":\"https:\\\/\\\/www.iquilibrio.com\\\/blog\\\/#organization\",\"name\":\"Esoterismo, Misticismo e Tarot Online - iQuilibrio\",\"url\":\"https:\\\/\\\/www.iquilibrio.com\\\/blog\\\/\",\"logo\":{\"@type\":\"ImageObject\",\"inLanguage\":\"pt-BR\",\"@id\":\"https:\\\/\\\/www.iquilibrio.com\\\/blog\\\/#\\\/schema\\\/logo\\\/image\\\/\",\"url\":\"https:\\\/\\\/www.iquilibrio.com\\\/blog\\\/wp-content\\\/uploads\\\/2018\\\/12\\\/iquilibrio_lovo_vetor_preto-retina.png\",\"contentUrl\":\"https:\\\/\\\/www.iquilibrio.com\\\/blog\\\/wp-content\\\/uploads\\\/2018\\\/12\\\/iquilibrio_lovo_vetor_preto-retina.png\",\"width\":972,\"height\":180,\"caption\":\"Esoterismo, Misticismo e Tarot Online - iQuilibrio\"},\"image\":{\"@id\":\"https:\\\/\\\/www.iquilibrio.com\\\/blog\\\/#\\\/schema\\\/logo\\\/image\\\/\"},\"sameAs\":[\"https:\\\/\\\/www.facebook.com\\\/iQuilibrio\\\/\",\"https:\\\/\\\/x.com\\\/iquilibrio\",\"https:\\\/\\\/www.instagram.com\\\/iquilibrio\\\/\",\"https:\\\/\\\/www.linkedin.com\\\/company\\\/iquilibrio\\\/\",\"https:\\\/\\\/br.pinterest.com\\\/iquilibrio1397\\\/\",\"https:\\\/\\\/www.youtube.com\\\/channel\\\/UC175qxd-4Zsi4wzawT5zF2g\"]},{\"@type\":\"Person\",\"@id\":\"https:\\\/\\\/www.iquilibrio.com\\\/blog\\\/#\\\/schema\\\/person\\\/199505a1f0db0d00f022188666c75dca\",\"name\":\"Reda\u00e7\u00e3o iQuilibrio\",\"image\":{\"@type\":\"ImageObject\",\"inLanguage\":\"pt-BR\",\"@id\":\"https:\\\/\\\/www.iquilibrio.com\\\/blog\\\/wp-content\\\/uploads\\\/2021\\\/12\\\/Consulta-por-email-3-150x150.png\",\"url\":\"https:\\\/\\\/www.iquilibrio.com\\\/blog\\\/wp-content\\\/uploads\\\/2021\\\/12\\\/Consulta-por-email-3-150x150.png\",\"contentUrl\":\"https:\\\/\\\/www.iquilibrio.com\\\/blog\\\/wp-content\\\/uploads\\\/2021\\\/12\\\/Consulta-por-email-3-150x150.png\",\"caption\":\"Reda\u00e7\u00e3o iQuilibrio\"},\"description\":\"A equipe de reda\u00e7\u00e3o da iQuilibrio \u00e9 composta pelos mais diversos especialistas e esot\u00e9ricos. Al\u00e9m de dominar a arte de traduzir as energias que o universo emana, nossos redatores sentem imenso prazer em trabalhar com palavras. Boa leitura e um \u00f3timo aprendizado!\",\"url\":\"https:\\\/\\\/www.iquilibrio.com\\\/blog\\\/author\\\/juliana\\\/\"}]}<\/script>\n<!-- \/ Yoast SEO plugin. -->","yoast_head_json":{"title":"Sagrada Fam\u00edlia - Conhe\u00e7a a Hist\u00f3ria, Ora\u00e7\u00f5es e Novena | iQuilibrio","description":"Saiba mais sobre a hist\u00f3ria da Sagrada Fam\u00edlia e entenda porque \u00e9 comemorada como s\u00edmbolo de exemplo e santidade! Clique e confira!","robots":{"index":"index","follow":"follow","max-snippet":"max-snippet:-1","max-image-preview":"max-image-preview:large","max-video-preview":"max-video-preview:-1"},"canonical":"https:\/\/www.iquilibrio.com\/blog\/espiritualidade\/cristianismo\/sagrada-familia\/","og_locale":"pt_BR","og_type":"article","og_title":"Sagrada Fam\u00edlia - Conhe\u00e7a a Hist\u00f3ria, Ora\u00e7\u00f5es e Novena | iQuilibrio","og_description":"Saiba mais sobre a hist\u00f3ria da Sagrada Fam\u00edlia e entenda porque \u00e9 comemorada como s\u00edmbolo de exemplo e santidade! Clique e confira!","og_url":"https:\/\/www.iquilibrio.com\/blog\/espiritualidade\/cristianismo\/sagrada-familia\/","og_site_name":"iQuilibrio","article_publisher":"https:\/\/www.facebook.com\/iQuilibrio\/","article_published_time":"2017-12-20T09:00:52+00:00","article_modified_time":"2019-03-21T17:50:08+00:00","og_image":[{"width":900,"height":560,"url":"https:\/\/www.iquilibrio.com\/blog\/wp-content\/uploads\/2017\/12\/a_sagrada_familia_blog.jpg","type":"image\/jpeg"}],"author":"Reda\u00e7\u00e3o iQuilibrio","twitter_card":"summary_large_image","twitter_creator":"@iquilibrio","twitter_site":"@iquilibrio","twitter_misc":{"Escrito por":"Reda\u00e7\u00e3o iQuilibrio","Est. tempo de leitura":"10 minutos"},"schema":{"@context":"https:\/\/schema.org","@graph":[{"@type":"Article","@id":"https:\/\/www.iquilibrio.com\/blog\/espiritualidade\/cristianismo\/sagrada-familia\/#article","isPartOf":{"@id":"https:\/\/www.iquilibrio.com\/blog\/espiritualidade\/cristianismo\/sagrada-familia\/"},"author":{"name":"Reda\u00e7\u00e3o iQuilibrio","@id":"https:\/\/www.iquilibrio.com\/blog\/#\/schema\/person\/199505a1f0db0d00f022188666c75dca"},"headline":"Conhe\u00e7a mais sobre a Sagrada Fam\u00edlia &#8211; A caridade e f\u00e9","datePublished":"2017-12-20T09:00:52+00:00","dateModified":"2019-03-21T17:50:08+00:00","mainEntityOfPage":{"@id":"https:\/\/www.iquilibrio.com\/blog\/espiritualidade\/cristianismo\/sagrada-familia\/"},"wordCount":2108,"commentCount":0,"publisher":{"@id":"https:\/\/www.iquilibrio.com\/blog\/#organization"},"image":{"@id":"https:\/\/www.iquilibrio.com\/blog\/espiritualidade\/cristianismo\/sagrada-familia\/#primaryimage"},"thumbnailUrl":"https:\/\/www.iquilibrio.com\/blog\/wp-content\/uploads\/2017\/12\/a_sagrada_familia_blog.jpg","keywords":["fam\u00edlia de Jesus","Fam\u00edlia Sagrada","Jesus e sua fam\u00edlia","Sagrada Fam\u00edlia"],"articleSection":["Cristianismo"],"inLanguage":"pt-BR"},{"@type":"WebPage","@id":"https:\/\/www.iquilibrio.com\/blog\/espiritualidade\/cristianismo\/sagrada-familia\/","url":"https:\/\/www.iquilibrio.com\/blog\/espiritualidade\/cristianismo\/sagrada-familia\/","name":"Sagrada Fam\u00edlia - Conhe\u00e7a a Hist\u00f3ria, Ora\u00e7\u00f5es e Novena | iQuilibrio","isPartOf":{"@id":"https:\/\/www.iquilibrio.com\/blog\/#website"},"primaryImageOfPage":{"@id":"https:\/\/www.iquilibrio.com\/blog\/espiritualidade\/cristianismo\/sagrada-familia\/#primaryimage"},"image":{"@id":"https:\/\/www.iquilibrio.com\/blog\/espiritualidade\/cristianismo\/sagrada-familia\/#primaryimage"},"thumbnailUrl":"https:\/\/www.iquilibrio.com\/blog\/wp-content\/uploads\/2017\/12\/a_sagrada_familia_blog.jpg","datePublished":"2017-12-20T09:00:52+00:00","dateModified":"2019-03-21T17:50:08+00:00","description":"Saiba mais sobre a hist\u00f3ria da Sagrada Fam\u00edlia e entenda porque \u00e9 comemorada como s\u00edmbolo de exemplo e santidade! Clique e confira!","breadcrumb":{"@id":"https:\/\/www.iquilibrio.com\/blog\/espiritualidade\/cristianismo\/sagrada-familia\/#breadcrumb"},"inLanguage":"pt-BR","potentialAction":[{"@type":"ReadAction","target":["https:\/\/www.iquilibrio.com\/blog\/espiritualidade\/cristianismo\/sagrada-familia\/"]}]},{"@type":"ImageObject","inLanguage":"pt-BR","@id":"https:\/\/www.iquilibrio.com\/blog\/espiritualidade\/cristianismo\/sagrada-familia\/#primaryimage","url":"https:\/\/www.iquilibrio.com\/blog\/wp-content\/uploads\/2017\/12\/a_sagrada_familia_blog.jpg","contentUrl":"https:\/\/www.iquilibrio.com\/blog\/wp-content\/uploads\/2017\/12\/a_sagrada_familia_blog.jpg","width":900,"height":560,"caption":"Sagrada Fam\u00edlia"},{"@type":"BreadcrumbList","@id":"https:\/\/www.iquilibrio.com\/blog\/espiritualidade\/cristianismo\/sagrada-familia\/#breadcrumb","itemListElement":[{"@type":"ListItem","position":1,"name":"In\u00edcio","item":"https:\/\/www.iquilibrio.com\/blog\/"},{"@type":"ListItem","position":2,"name":"Conhe\u00e7a mais sobre a Sagrada Fam\u00edlia &#8211; A caridade e f\u00e9"}]},{"@type":"WebSite","@id":"https:\/\/www.iquilibrio.com\/blog\/#website","url":"https:\/\/www.iquilibrio.com\/blog\/","name":"iQuilibrio","description":"Blog iQuilibrio","publisher":{"@id":"https:\/\/www.iquilibrio.com\/blog\/#organization"},"potentialAction":[{"@type":"SearchAction","target":{"@type":"EntryPoint","urlTemplate":"https:\/\/www.iquilibrio.com\/blog\/?s={search_term_string}"},"query-input":{"@type":"PropertyValueSpecification","valueRequired":true,"valueName":"search_term_string"}}],"inLanguage":"pt-BR"},{"@type":"Organization","@id":"https:\/\/www.iquilibrio.com\/blog\/#organization","name":"Esoterismo, Misticismo e Tarot Online - iQuilibrio","url":"https:\/\/www.iquilibrio.com\/blog\/","logo":{"@type":"ImageObject","inLanguage":"pt-BR","@id":"https:\/\/www.iquilibrio.com\/blog\/#\/schema\/logo\/image\/","url":"https:\/\/www.iquilibrio.com\/blog\/wp-content\/uploads\/2018\/12\/iquilibrio_lovo_vetor_preto-retina.png","contentUrl":"https:\/\/www.iquilibrio.com\/blog\/wp-content\/uploads\/2018\/12\/iquilibrio_lovo_vetor_preto-retina.png","width":972,"height":180,"caption":"Esoterismo, Misticismo e Tarot Online - iQuilibrio"},"image":{"@id":"https:\/\/www.iquilibrio.com\/blog\/#\/schema\/logo\/image\/"},"sameAs":["https:\/\/www.facebook.com\/iQuilibrio\/","https:\/\/x.com\/iquilibrio","https:\/\/www.instagram.com\/iquilibrio\/","https:\/\/www.linkedin.com\/company\/iquilibrio\/","https:\/\/br.pinterest.com\/iquilibrio1397\/","https:\/\/www.youtube.com\/channel\/UC175qxd-4Zsi4wzawT5zF2g"]},{"@type":"Person","@id":"https:\/\/www.iquilibrio.com\/blog\/#\/schema\/person\/199505a1f0db0d00f022188666c75dca","name":"Reda\u00e7\u00e3o iQuilibrio","image":{"@type":"ImageObject","inLanguage":"pt-BR","@id":"https:\/\/www.iquilibrio.com\/blog\/wp-content\/uploads\/2021\/12\/Consulta-por-email-3-150x150.png","url":"https:\/\/www.iquilibrio.com\/blog\/wp-content\/uploads\/2021\/12\/Consulta-por-email-3-150x150.png","contentUrl":"https:\/\/www.iquilibrio.com\/blog\/wp-content\/uploads\/2021\/12\/Consulta-por-email-3-150x150.png","caption":"Reda\u00e7\u00e3o iQuilibrio"},"description":"A equipe de reda\u00e7\u00e3o da iQuilibrio \u00e9 composta pelos mais diversos especialistas e esot\u00e9ricos. Al\u00e9m de dominar a arte de traduzir as energias que o universo emana, nossos redatores sentem imenso prazer em trabalhar com palavras. Boa leitura e um \u00f3timo aprendizado!","url":"https:\/\/www.iquilibrio.com\/blog\/author\/juliana\/"}]}},"_links":{"self":[{"href":"https:\/\/www.iquilibrio.com\/blog\/wp-json\/wp\/v2\/posts\/12304","targetHints":{"allow":["GET"]}}],"collection":[{"href":"https:\/\/www.iquilibrio.com\/blog\/wp-json\/wp\/v2\/posts"}],"about":[{"href":"https:\/\/www.iquilibrio.com\/blog\/wp-json\/wp\/v2\/types\/post"}],"author":[{"embeddable":true,"href":"https:\/\/www.iquilibrio.com\/blog\/wp-json\/wp\/v2\/users\/20"}],"replies":[{"embeddable":true,"href":"https:\/\/www.iquilibrio.com\/blog\/wp-json\/wp\/v2\/comments?post=12304"}],"version-history":[{"count":4,"href":"https:\/\/www.iquilibrio.com\/blog\/wp-json\/wp\/v2\/posts\/12304\/revisions"}],"predecessor-version":[{"id":24192,"href":"https:\/\/www.iquilibrio.com\/blog\/wp-json\/wp\/v2\/posts\/12304\/revisions\/24192"}],"wp:featuredmedia":[{"embeddable":true,"href":"https:\/\/www.iquilibrio.com\/blog\/wp-json\/wp\/v2\/media\/12788"}],"wp:attachment":[{"href":"https:\/\/www.iquilibrio.com\/blog\/wp-json\/wp\/v2\/media?parent=12304"}],"wp:term":[{"taxonomy":"category","embeddable":true,"href":"https:\/\/www.iquilibrio.com\/blog\/wp-json\/wp\/v2\/categories?post=12304"},{"taxonomy":"post_tag","embeddable":true,"href":"https:\/\/www.iquilibrio.com\/blog\/wp-json\/wp\/v2\/tags?post=12304"}],"curies":[{"name":"wp","href":"https:\/\/api.w.org\/{rel}","templated":true}]}}