{"id":11456,"date":"2017-11-26T08:00:06","date_gmt":"2017-11-26T10:00:06","guid":{"rendered":"https:\/\/www.iquilibrio.com\/blog\/?p=11456"},"modified":"2019-03-21T15:04:37","modified_gmt":"2019-03-21T17:04:37","slug":"salmo-139","status":"publish","type":"post","link":"https:\/\/www.iquilibrio.com\/blog\/espiritualidade\/oracoes-salmos\/salmo-139\/","title":{"rendered":"Momento de reflex\u00e3o: um estudo do Salmo 139"},"content":{"rendered":"<p>A cada <strong>Salmo<\/strong> conseguimos perceber quanto \u00e9 precioso o caminho daqueles que possuem<a href=\"https:\/\/www.iquilibrio.com\/salmos\/\"><strong> f\u00e9<\/strong><span class=\"class-texto-consultas\"> e devo\u00e7\u00e3o no Senhor<\/span><\/a>. Por isso, quando analisamos e refletimos os<strong> Salmos<\/strong> fortalecemos nosso lado emocional, e por consequ\u00eancia as rela\u00e7\u00f5es em geral. E \u00e9 a partir das <strong>palavras de Deus<\/strong> que conseguimos receber a motiva\u00e7\u00e3o necess\u00e1ria para evoluirmos em qualquer situa\u00e7\u00e3o ou \u00e1rea de nossa vida.<\/p>\n<p style=\"text-align: center;\"><a href=\"https:\/\/www.iquilibrio.com\/salmos\/\"><span class=\"td_btn td_btn_lg td_round_btn class-cta1\" style=\"color: #ffffff;\">Os Salmos e Ora\u00e7\u00f5es Podem te Ajudar a Vencer Desafios. Saiba Como Elevar sua F\u00e9 com Aux\u00edlio de Especialistas AQUI!<\/span><\/a><\/p>\n<p>&nbsp;<\/p>\n<p>Esse <a href=\"https:\/\/www.iquilibrio.com\/blog\/salmo-do-dia\/\"><strong>Salmo da B\u00edblia<\/strong><\/a>\u00a0trata sobre uma prece de Davi, com a demonstra\u00e7\u00e3o da sua entrega e esfor\u00e7o para que o Criador o ajude a caminhar sempre em boas estradas, <a href=\"https:\/\/www.iquilibrio.com\/tarot\/anjos\/\"><span class=\"class-texto-produtos\">colhendo tamb\u00e9m bons frutos que renovar\u00e3o a <strong>f\u00e9<\/strong><\/span><\/a>.<\/p>\n<h2 style=\"text-align: center;\">Salmo 139 da B\u00edblia<\/h2>\n<blockquote><p>1.SENHOR, tu me sondaste, e me conheces.<br \/>\n2.Tu sabes o meu assentar e o meu levantar; de longe entendes o meu pensamento.<br \/>\n3.Cercas o meu andar, e o meu deitar; e conheces todos os meus caminhos.<br \/>\n4.N\u00e3o havendo ainda palavra alguma na minha l\u00edngua, eis que logo, \u00f3 Senhor, tudo conheces.<br \/>\n5.Tu me cercaste por detr\u00e1s e por diante, e puseste sobre mim a tua m\u00e3o.<br \/>\n6.Tal ci\u00eancia \u00e9 para mim maravilhos\u00edssima; t\u00e3o alta que n\u00e3o a posso atingir.<br \/>\n7.Para onde me irei do teu esp\u00edrito, ou para onde fugirei da tua face?<br \/>\n8.Se subir ao c\u00e9u, l\u00e1 tu est\u00e1s; se fizer no inferno a minha cama, eis que tu ali est\u00e1s tamb\u00e9m.<br \/>\n9.Se tomar as asas da alva, se habitar nas extremidades do mar,<br \/>\n10.At\u00e9 ali a tua m\u00e3o me guiar\u00e1 e a tua destra me suster\u00e1.<br \/>\n11.Se disser: Decerto que as trevas me encobrir\u00e3o; ent\u00e3o a noite ser\u00e1 luz \u00e0 roda de mim.<br \/>\n12.Nem ainda as trevas me encobrem de ti; mas a noite resplandece como o dia; as trevas e a luz s\u00e3o para ti a mesma coisa;<br \/>\n13.Pois possu\u00edste os meus rins; cobriste-me no ventre de minha m\u00e3e.<br \/>\n14.Eu te louvarei, porque de um modo assombroso, e t\u00e3o maravilhoso fui feito; maravilhosas s\u00e3o as tuas obras, e a minha alma o sabe muito bem.<br \/>\n15.Os meus ossos n\u00e3o te foram encobertos, quando no oculto fui feito, e entretecido nas profundezas da terra.<br \/>\n16.Os teus olhos viram o meu corpo ainda informe; e no teu livro todas estas coisas foram escritas; as quais em continua\u00e7\u00e3o foram formadas, quando nem ainda uma delas havia.<br \/>\n17.E qu\u00e3o preciosos me s\u00e3o, \u00f3<strong> Deus,<\/strong> os teus pensamentos! Qu\u00e3o grandes s\u00e3o as somas deles!<br \/>\n18.Se as contasse, seriam em maior n\u00famero do que a areia; quando acordo ainda estou contigo.<br \/>\n19.\u00d3 <strong>Deus<\/strong>, tu matar\u00e1s decerto o \u00edmpio; apartai-vos portanto de mim, homens de sangue.<br \/>\n20.Pois falam malvadamente contra ti; e os teus inimigos tomam o teu nome em v\u00e3o.<br \/>\n21.N\u00e3o odeio eu, \u00f3 Senhor, aqueles que te odeiam, e n\u00e3o me aflijo por causa dos que se levantam contra ti?<br \/>\n22.Odeio-os com \u00f3dio perfeito; tenho-os por inimigos.<br \/>\n23.Sonda-me, \u00f3 <strong>Deus<\/strong>, e conhece o meu cora\u00e7\u00e3o; prova-me, e conhece os meus pensamentos.<br \/>\n24.E v\u00ea se h\u00e1 em mim algum caminho mau, e guia-me pelo caminho eterno.<\/p><\/blockquote>\n<h2>An\u00e1lise do Salmo<\/h2>\n<p>O <strong>Salmo 139 em estudo<\/strong>\u00a0nos traz a mensagem da sabedoria do Senhor, tendo em vista como Ele se relaciona com seus fi\u00e9is, por isso relata muito as atitudes de um servo fiel e principalmente como deve ser as intens\u00f5es daqueles que colocam a <strong>Deus<\/strong> sobre todas as coisas.<\/p>\n<p>Dos <strong>vers\u00edculos<\/strong> de 1 \u00e0 5 relata a confian\u00e7a de <strong>Deus<\/strong> com seus servos e de como Ele conhece todos os pensamentos e desejos de todos no seu mais profundo. Por isso, \u00e9 citado a palavra intimidade. Mas logo no vers\u00edculo 5 explica que esse conhecimento de <strong>Deus<\/strong>, n\u00e3o serve para condenar aqueles que abrem os cora\u00e7\u00f5es para a <strong>f\u00e9<\/strong>, mas Ele\u00a0ajuda aqueles que querem encontrar o caminho certo sempre.<\/p>\n<p>No <strong>vers\u00edculo<\/strong> 6 quando ele cita &#8220;tal ci\u00eancia&#8221; para indicar o relacionamento \u00edntimo e piedoso de <strong>Deus<\/strong> com seus filhos. O Senhor entende os pensamentos de todos, e tem piedade e miseric\u00f3rdia com aqueles que erram, por isso o amor de Deus passa da compreens\u00e3o humana.<\/p>\n<p>J\u00e1 no 7, a pergunta que aparece simboliza o desafio de Davi de fugir da presen\u00e7a de <strong>Deus<\/strong>. Mas, em nenhum momento ele consegue passar despercebido pelo Senhor. Por isso, a fuga se torna como uma celebra\u00e7\u00e3o da gra\u00e7a de <strong>Deus<\/strong> e de como Ele defende e acompanha seus filhos.<\/p>\n<p>Nos vers\u00edculos 8 e 9 aliviam-se os fi\u00e9is mostrando que n\u00e3o existe lugar que deixe um filho longe de <strong>Deus,<\/strong> assim n\u00e3o importa onde estiver nunca se sentir\u00e1 abandonado ou distante Dele.<\/p>\n<p>Nos vers\u00edculos 10 ao 12 onde aponta-se a prote\u00e7\u00e3o de <strong>Deus<\/strong>, &#8211; diz que Ele tem o poder de transformar qualquer treva em luz &#8211; porque para aqueles que acreditam na <strong>f\u00e9<\/strong> resplandecem em <strong>Deus.<\/strong><\/p>\n<p>Dos <strong>vers\u00edculos<\/strong> 13 ao 16 h\u00e1 a gratid\u00e3o pela vida, e principalmente por uma das obras mais lindas de <strong>Deus:<\/strong>\u00a0o ser-humano e o seu poder de ter descend\u00eancia. Por isso, esses vers\u00edculos mostram a forma\u00e7\u00e3o de uma vida no ventre de uma m\u00e3e, sendo algo maravilhoso e de grande mist\u00e9rio.<\/p>\n<p><a href=\"https:\/\/www.iquilibrio.com\/blog\/bem-estar\/autoconhecimento\/gratidao\/\">Continuando a gratid\u00e3o<\/a> e o esplendor descritos nos vers\u00edculos acima, no 17 e 18 falam-se tamb\u00e9m sobre os pensamentos, os quais precisam ser objeto constante de admira\u00e7\u00e3o e devo\u00e7\u00e3o, porque a vida \u00e9 inteiramente inexplic\u00e1vel mas todos somos capazes de sentirmos o amor de <strong>Deus<\/strong>\u00a0e nos encontrarmos atrav\u00e9s dEle.<\/p>\n<p>Do 19 ao 21 \u00e9 desejado um mundo onde as pessoas sejam generosas e que n\u00e3o fa\u00e7am somente o mal ou a destrui\u00e7\u00e3o, pois isso afastam os homens de <strong>Deus<\/strong>.<\/p>\n<p>Assim o <strong>vers\u00edculo<\/strong> 22 continua com palavras de carga muito forte, mas se olharmos para o ponto de vista de um <strong>salmista\u00a0<\/strong>(de Davi), vemos a a\u00e7\u00e3o de um inimigo de <strong>Deus<\/strong>\u00a0que \u00e9 visto por ele<strong>\u00a0<\/strong>com muita indigna\u00e7\u00e3o e abomina\u00e7\u00e3o.<\/p>\n<p>E para finalizar nossa an\u00e1lise deparamos com os \u00faltimos <strong>vers\u00edculos<\/strong>\u00a023 e 24 onde \u00e9 pedido para que<strong> Deus<\/strong> sempre o guie e possa limpar todos os sentimentos ruins que o rodeia para que sempre reine a vida eterna em seu cora\u00e7\u00e3o.<\/p>\n<p>Lembrando que quem escreveu o <strong>Salmo 139<\/strong> foi <strong>Davi<\/strong>, e ele traz em suas palavras grandes reflex\u00f5es do ponto de vista de um fiel e principalmente daquele que coloca todos os seus sonhos apoiados no amor de <strong>Deus<\/strong>. Percebe-se assim nesses <strong>vers\u00edculos<\/strong> que a <strong>f\u00e9<\/strong> \u00e9 o melhor caminho que se pode escolher, pois o Pai estar\u00e1 com todos sempre que for necess\u00e1rio.<\/p>\n<p style=\"text-align: center;\"><span style=\"color: #ffffff;\"><a style=\"color: #ffffff;\" href=\"https:\/\/www.iquilibrio.com\/tarot\/anjos\/\"><span class=\"td_btn td_btn_lg td_round_btn class-cta2\">Saiba o que os Anjos Querem te Revelar para Melhorar sua Vida. CLIQUE AQUI<\/span><\/a><\/span><\/p>\n\n\n<div class=\"kk-star-ratings kksr-auto kksr-align-left kksr-valign-bottom\"\n    data-payload='{&quot;align&quot;:&quot;left&quot;,&quot;id&quot;:&quot;11456&quot;,&quot;slug&quot;:&quot;default&quot;,&quot;valign&quot;:&quot;bottom&quot;,&quot;ignore&quot;:&quot;&quot;,&quot;reference&quot;:&quot;auto&quot;,&quot;class&quot;:&quot;&quot;,&quot;count&quot;:&quot;4&quot;,&quot;legendonly&quot;:&quot;&quot;,&quot;readonly&quot;:&quot;&quot;,&quot;score&quot;:&quot;4.8&quot;,&quot;starsonly&quot;:&quot;&quot;,&quot;best&quot;:&quot;5&quot;,&quot;gap&quot;:&quot;5&quot;,&quot;greet&quot;:&quot;Rate this post&quot;,&quot;legend&quot;:&quot;4.8\\\/5 - (4 votos)&quot;,&quot;size&quot;:&quot;24&quot;,&quot;title&quot;:&quot;Momento de reflex\u00e3o: um estudo do Salmo 139&quot;,&quot;width&quot;:&quot;136.7&quot;,&quot;_legend&quot;:&quot;{score}\\\/{best} - ({count} {votes})&quot;,&quot;font_factor&quot;:&quot;1.25&quot;}'>\n            \n<div class=\"kksr-stars\">\n    \n<div class=\"kksr-stars-inactive\">\n            <div class=\"kksr-star\" data-star=\"1\" style=\"padding-right: 5px\">\n            \n\n<div class=\"kksr-icon\" style=\"width: 24px; height: 24px;\"><\/div>\n        <\/div>\n            <div class=\"kksr-star\" data-star=\"2\" style=\"padding-right: 5px\">\n            \n\n<div class=\"kksr-icon\" style=\"width: 24px; height: 24px;\"><\/div>\n        <\/div>\n            <div class=\"kksr-star\" data-star=\"3\" style=\"padding-right: 5px\">\n            \n\n<div class=\"kksr-icon\" style=\"width: 24px; height: 24px;\"><\/div>\n        <\/div>\n            <div class=\"kksr-star\" data-star=\"4\" style=\"padding-right: 5px\">\n            \n\n<div class=\"kksr-icon\" style=\"width: 24px; height: 24px;\"><\/div>\n        <\/div>\n            <div class=\"kksr-star\" data-star=\"5\" style=\"padding-right: 5px\">\n            \n\n<div class=\"kksr-icon\" style=\"width: 24px; height: 24px;\"><\/div>\n        <\/div>\n    <\/div>\n    \n<div class=\"kksr-stars-active\" style=\"width: 136.7px;\">\n            <div class=\"kksr-star\" style=\"padding-right: 5px\">\n            \n\n<div class=\"kksr-icon\" style=\"width: 24px; height: 24px;\"><\/div>\n        <\/div>\n            <div class=\"kksr-star\" style=\"padding-right: 5px\">\n            \n\n<div class=\"kksr-icon\" style=\"width: 24px; height: 24px;\"><\/div>\n        <\/div>\n            <div class=\"kksr-star\" style=\"padding-right: 5px\">\n            \n\n<div class=\"kksr-icon\" style=\"width: 24px; height: 24px;\"><\/div>\n        <\/div>\n            <div class=\"kksr-star\" style=\"padding-right: 5px\">\n            \n\n<div class=\"kksr-icon\" style=\"width: 24px; height: 24px;\"><\/div>\n        <\/div>\n            <div class=\"kksr-star\" style=\"padding-right: 5px\">\n            \n\n<div class=\"kksr-icon\" style=\"width: 24px; height: 24px;\"><\/div>\n        <\/div>\n    <\/div>\n<\/div>\n                \n\n<div class=\"kksr-legend\" style=\"font-size: 19.2px;\">\n            4.8\/5 - (4 votos)    <\/div>\n    <\/div>\n","protected":false},"excerpt":{"rendered":"<p>A cada Salmo conseguimos perceber quanto \u00e9 precioso o caminho daqueles que possuem f\u00e9 e devo\u00e7\u00e3o no Senhor. Por isso, quando analisamos e refletimos os Salmos fortalecemos nosso lado emocional, e por consequ\u00eancia as rela\u00e7\u00f5es em geral. E \u00e9 a partir das palavras de Deus que conseguimos receber a motiva\u00e7\u00e3o necess\u00e1ria para evoluirmos em qualquer [&hellip;]<\/p>\n","protected":false},"author":20,"featured_media":11678,"comment_status":"open","ping_status":"open","sticky":false,"template":"","format":"standard","meta":{"footnotes":""},"categories":[509],"tags":[2136,2101],"class_list":["post-11456","post","type-post","status-publish","format-standard","has-post-thumbnail","hentry","category-oracoes-salmos","tag-139-salmo","tag-salmo-139"],"yoast_head":"<!-- This site is optimized with the Yoast SEO plugin v27.4 - https:\/\/yoast.com\/product\/yoast-seo-wordpress\/ -->\n<title>Salmo 139 - Momento de Reflex\u00f5es E An\u00e1lises | iQuilibrio<\/title>\n<meta name=\"description\" content=\"Confira aqui o estudo do Salmo 139 e saiba identificar o melhor momento para utiliz\u00e1-lo, assim como o seu poder em nossas vidas.\" \/>\n<meta name=\"robots\" content=\"index, follow, max-snippet:-1, max-image-preview:large, max-video-preview:-1\" \/>\n<link rel=\"canonical\" href=\"https:\/\/www.iquilibrio.com\/blog\/espiritualidade\/oracoes-salmos\/salmo-139\/\" \/>\n<meta property=\"og:locale\" content=\"pt_BR\" \/>\n<meta property=\"og:type\" content=\"article\" \/>\n<meta property=\"og:title\" content=\"Salmo 139 - Momento de Reflex\u00f5es E An\u00e1lises | iQuilibrio\" \/>\n<meta property=\"og:description\" content=\"Confira aqui o estudo do Salmo 139 e saiba identificar o melhor momento para utiliz\u00e1-lo, assim como o seu poder em nossas vidas.\" \/>\n<meta property=\"og:url\" content=\"https:\/\/www.iquilibrio.com\/blog\/espiritualidade\/oracoes-salmos\/salmo-139\/\" \/>\n<meta property=\"og:site_name\" content=\"iQuilibrio\" \/>\n<meta property=\"article:publisher\" content=\"https:\/\/www.facebook.com\/iQuilibrio\/\" \/>\n<meta property=\"article:published_time\" content=\"2017-11-26T10:00:06+00:00\" \/>\n<meta property=\"article:modified_time\" content=\"2019-03-21T17:04:37+00:00\" \/>\n<meta property=\"og:image\" content=\"https:\/\/www.iquilibrio.com\/blog\/wp-content\/uploads\/2017\/11\/salmo-139.jpg\" \/>\n\t<meta property=\"og:image:width\" content=\"900\" \/>\n\t<meta property=\"og:image:height\" content=\"560\" \/>\n\t<meta property=\"og:image:type\" content=\"image\/jpeg\" \/>\n<meta name=\"author\" content=\"Reda\u00e7\u00e3o iQuilibrio\" \/>\n<meta name=\"twitter:card\" content=\"summary_large_image\" \/>\n<meta name=\"twitter:creator\" content=\"@iquilibrio\" \/>\n<meta name=\"twitter:site\" content=\"@iquilibrio\" \/>\n<meta name=\"twitter:label1\" content=\"Escrito por\" \/>\n\t<meta name=\"twitter:data1\" content=\"Reda\u00e7\u00e3o iQuilibrio\" \/>\n\t<meta name=\"twitter:label2\" content=\"Est. tempo de leitura\" \/>\n\t<meta name=\"twitter:data2\" content=\"6 minutos\" \/>\n<script type=\"application\/ld+json\" class=\"yoast-schema-graph\">{\"@context\":\"https:\\\/\\\/schema.org\",\"@graph\":[{\"@type\":\"Article\",\"@id\":\"https:\\\/\\\/www.iquilibrio.com\\\/blog\\\/espiritualidade\\\/oracoes-salmos\\\/salmo-139\\\/#article\",\"isPartOf\":{\"@id\":\"https:\\\/\\\/www.iquilibrio.com\\\/blog\\\/espiritualidade\\\/oracoes-salmos\\\/salmo-139\\\/\"},\"author\":{\"name\":\"Reda\u00e7\u00e3o iQuilibrio\",\"@id\":\"https:\\\/\\\/www.iquilibrio.com\\\/blog\\\/#\\\/schema\\\/person\\\/199505a1f0db0d00f022188666c75dca\"},\"headline\":\"Momento de reflex\u00e3o: um estudo do Salmo 139\",\"datePublished\":\"2017-11-26T10:00:06+00:00\",\"dateModified\":\"2019-03-21T17:04:37+00:00\",\"mainEntityOfPage\":{\"@id\":\"https:\\\/\\\/www.iquilibrio.com\\\/blog\\\/espiritualidade\\\/oracoes-salmos\\\/salmo-139\\\/\"},\"wordCount\":1151,\"commentCount\":0,\"publisher\":{\"@id\":\"https:\\\/\\\/www.iquilibrio.com\\\/blog\\\/#organization\"},\"image\":{\"@id\":\"https:\\\/\\\/www.iquilibrio.com\\\/blog\\\/espiritualidade\\\/oracoes-salmos\\\/salmo-139\\\/#primaryimage\"},\"thumbnailUrl\":\"https:\\\/\\\/www.iquilibrio.com\\\/blog\\\/wp-content\\\/uploads\\\/2017\\\/11\\\/salmo-139.jpg\",\"keywords\":[\"139 salmo\",\"salmo 139\"],\"articleSection\":[\"Ora\u00e7\u00f5es e Salmos\"],\"inLanguage\":\"pt-BR\"},{\"@type\":\"WebPage\",\"@id\":\"https:\\\/\\\/www.iquilibrio.com\\\/blog\\\/espiritualidade\\\/oracoes-salmos\\\/salmo-139\\\/\",\"url\":\"https:\\\/\\\/www.iquilibrio.com\\\/blog\\\/espiritualidade\\\/oracoes-salmos\\\/salmo-139\\\/\",\"name\":\"Salmo 139 - Momento de Reflex\u00f5es E An\u00e1lises | iQuilibrio\",\"isPartOf\":{\"@id\":\"https:\\\/\\\/www.iquilibrio.com\\\/blog\\\/#website\"},\"primaryImageOfPage\":{\"@id\":\"https:\\\/\\\/www.iquilibrio.com\\\/blog\\\/espiritualidade\\\/oracoes-salmos\\\/salmo-139\\\/#primaryimage\"},\"image\":{\"@id\":\"https:\\\/\\\/www.iquilibrio.com\\\/blog\\\/espiritualidade\\\/oracoes-salmos\\\/salmo-139\\\/#primaryimage\"},\"thumbnailUrl\":\"https:\\\/\\\/www.iquilibrio.com\\\/blog\\\/wp-content\\\/uploads\\\/2017\\\/11\\\/salmo-139.jpg\",\"datePublished\":\"2017-11-26T10:00:06+00:00\",\"dateModified\":\"2019-03-21T17:04:37+00:00\",\"description\":\"Confira aqui o estudo do Salmo 139 e saiba identificar o melhor momento para utiliz\u00e1-lo, assim como o seu poder em nossas vidas.\",\"breadcrumb\":{\"@id\":\"https:\\\/\\\/www.iquilibrio.com\\\/blog\\\/espiritualidade\\\/oracoes-salmos\\\/salmo-139\\\/#breadcrumb\"},\"inLanguage\":\"pt-BR\",\"potentialAction\":[{\"@type\":\"ReadAction\",\"target\":[\"https:\\\/\\\/www.iquilibrio.com\\\/blog\\\/espiritualidade\\\/oracoes-salmos\\\/salmo-139\\\/\"]}]},{\"@type\":\"ImageObject\",\"inLanguage\":\"pt-BR\",\"@id\":\"https:\\\/\\\/www.iquilibrio.com\\\/blog\\\/espiritualidade\\\/oracoes-salmos\\\/salmo-139\\\/#primaryimage\",\"url\":\"https:\\\/\\\/www.iquilibrio.com\\\/blog\\\/wp-content\\\/uploads\\\/2017\\\/11\\\/salmo-139.jpg\",\"contentUrl\":\"https:\\\/\\\/www.iquilibrio.com\\\/blog\\\/wp-content\\\/uploads\\\/2017\\\/11\\\/salmo-139.jpg\",\"width\":900,\"height\":560,\"caption\":\"139 salmo\"},{\"@type\":\"BreadcrumbList\",\"@id\":\"https:\\\/\\\/www.iquilibrio.com\\\/blog\\\/espiritualidade\\\/oracoes-salmos\\\/salmo-139\\\/#breadcrumb\",\"itemListElement\":[{\"@type\":\"ListItem\",\"position\":1,\"name\":\"In\u00edcio\",\"item\":\"https:\\\/\\\/www.iquilibrio.com\\\/blog\\\/\"},{\"@type\":\"ListItem\",\"position\":2,\"name\":\"Momento de reflex\u00e3o: um estudo do Salmo 139\"}]},{\"@type\":\"WebSite\",\"@id\":\"https:\\\/\\\/www.iquilibrio.com\\\/blog\\\/#website\",\"url\":\"https:\\\/\\\/www.iquilibrio.com\\\/blog\\\/\",\"name\":\"iQuilibrio\",\"description\":\"Blog iQuilibrio\",\"publisher\":{\"@id\":\"https:\\\/\\\/www.iquilibrio.com\\\/blog\\\/#organization\"},\"potentialAction\":[{\"@type\":\"SearchAction\",\"target\":{\"@type\":\"EntryPoint\",\"urlTemplate\":\"https:\\\/\\\/www.iquilibrio.com\\\/blog\\\/?s={search_term_string}\"},\"query-input\":{\"@type\":\"PropertyValueSpecification\",\"valueRequired\":true,\"valueName\":\"search_term_string\"}}],\"inLanguage\":\"pt-BR\"},{\"@type\":\"Organization\",\"@id\":\"https:\\\/\\\/www.iquilibrio.com\\\/blog\\\/#organization\",\"name\":\"Esoterismo, Misticismo e Tarot Online - iQuilibrio\",\"url\":\"https:\\\/\\\/www.iquilibrio.com\\\/blog\\\/\",\"logo\":{\"@type\":\"ImageObject\",\"inLanguage\":\"pt-BR\",\"@id\":\"https:\\\/\\\/www.iquilibrio.com\\\/blog\\\/#\\\/schema\\\/logo\\\/image\\\/\",\"url\":\"https:\\\/\\\/www.iquilibrio.com\\\/blog\\\/wp-content\\\/uploads\\\/2018\\\/12\\\/iquilibrio_lovo_vetor_preto-retina.png\",\"contentUrl\":\"https:\\\/\\\/www.iquilibrio.com\\\/blog\\\/wp-content\\\/uploads\\\/2018\\\/12\\\/iquilibrio_lovo_vetor_preto-retina.png\",\"width\":972,\"height\":180,\"caption\":\"Esoterismo, Misticismo e Tarot Online - iQuilibrio\"},\"image\":{\"@id\":\"https:\\\/\\\/www.iquilibrio.com\\\/blog\\\/#\\\/schema\\\/logo\\\/image\\\/\"},\"sameAs\":[\"https:\\\/\\\/www.facebook.com\\\/iQuilibrio\\\/\",\"https:\\\/\\\/x.com\\\/iquilibrio\",\"https:\\\/\\\/www.instagram.com\\\/iquilibrio\\\/\",\"https:\\\/\\\/www.linkedin.com\\\/company\\\/iquilibrio\\\/\",\"https:\\\/\\\/br.pinterest.com\\\/iquilibrio1397\\\/\",\"https:\\\/\\\/www.youtube.com\\\/channel\\\/UC175qxd-4Zsi4wzawT5zF2g\"]},{\"@type\":\"Person\",\"@id\":\"https:\\\/\\\/www.iquilibrio.com\\\/blog\\\/#\\\/schema\\\/person\\\/199505a1f0db0d00f022188666c75dca\",\"name\":\"Reda\u00e7\u00e3o iQuilibrio\",\"image\":{\"@type\":\"ImageObject\",\"inLanguage\":\"pt-BR\",\"@id\":\"https:\\\/\\\/www.iquilibrio.com\\\/blog\\\/wp-content\\\/uploads\\\/2021\\\/12\\\/Consulta-por-email-3-150x150.png\",\"url\":\"https:\\\/\\\/www.iquilibrio.com\\\/blog\\\/wp-content\\\/uploads\\\/2021\\\/12\\\/Consulta-por-email-3-150x150.png\",\"contentUrl\":\"https:\\\/\\\/www.iquilibrio.com\\\/blog\\\/wp-content\\\/uploads\\\/2021\\\/12\\\/Consulta-por-email-3-150x150.png\",\"caption\":\"Reda\u00e7\u00e3o iQuilibrio\"},\"description\":\"A equipe de reda\u00e7\u00e3o da iQuilibrio \u00e9 composta pelos mais diversos especialistas e esot\u00e9ricos. Al\u00e9m de dominar a arte de traduzir as energias que o universo emana, nossos redatores sentem imenso prazer em trabalhar com palavras. Boa leitura e um \u00f3timo aprendizado!\",\"url\":\"https:\\\/\\\/www.iquilibrio.com\\\/blog\\\/author\\\/juliana\\\/\"}]}<\/script>\n<!-- \/ Yoast SEO plugin. -->","yoast_head_json":{"title":"Salmo 139 - Momento de Reflex\u00f5es E An\u00e1lises | iQuilibrio","description":"Confira aqui o estudo do Salmo 139 e saiba identificar o melhor momento para utiliz\u00e1-lo, assim como o seu poder em nossas vidas.","robots":{"index":"index","follow":"follow","max-snippet":"max-snippet:-1","max-image-preview":"max-image-preview:large","max-video-preview":"max-video-preview:-1"},"canonical":"https:\/\/www.iquilibrio.com\/blog\/espiritualidade\/oracoes-salmos\/salmo-139\/","og_locale":"pt_BR","og_type":"article","og_title":"Salmo 139 - Momento de Reflex\u00f5es E An\u00e1lises | iQuilibrio","og_description":"Confira aqui o estudo do Salmo 139 e saiba identificar o melhor momento para utiliz\u00e1-lo, assim como o seu poder em nossas vidas.","og_url":"https:\/\/www.iquilibrio.com\/blog\/espiritualidade\/oracoes-salmos\/salmo-139\/","og_site_name":"iQuilibrio","article_publisher":"https:\/\/www.facebook.com\/iQuilibrio\/","article_published_time":"2017-11-26T10:00:06+00:00","article_modified_time":"2019-03-21T17:04:37+00:00","og_image":[{"width":900,"height":560,"url":"https:\/\/www.iquilibrio.com\/blog\/wp-content\/uploads\/2017\/11\/salmo-139.jpg","type":"image\/jpeg"}],"author":"Reda\u00e7\u00e3o iQuilibrio","twitter_card":"summary_large_image","twitter_creator":"@iquilibrio","twitter_site":"@iquilibrio","twitter_misc":{"Escrito por":"Reda\u00e7\u00e3o iQuilibrio","Est. tempo de leitura":"6 minutos"},"schema":{"@context":"https:\/\/schema.org","@graph":[{"@type":"Article","@id":"https:\/\/www.iquilibrio.com\/blog\/espiritualidade\/oracoes-salmos\/salmo-139\/#article","isPartOf":{"@id":"https:\/\/www.iquilibrio.com\/blog\/espiritualidade\/oracoes-salmos\/salmo-139\/"},"author":{"name":"Reda\u00e7\u00e3o iQuilibrio","@id":"https:\/\/www.iquilibrio.com\/blog\/#\/schema\/person\/199505a1f0db0d00f022188666c75dca"},"headline":"Momento de reflex\u00e3o: um estudo do Salmo 139","datePublished":"2017-11-26T10:00:06+00:00","dateModified":"2019-03-21T17:04:37+00:00","mainEntityOfPage":{"@id":"https:\/\/www.iquilibrio.com\/blog\/espiritualidade\/oracoes-salmos\/salmo-139\/"},"wordCount":1151,"commentCount":0,"publisher":{"@id":"https:\/\/www.iquilibrio.com\/blog\/#organization"},"image":{"@id":"https:\/\/www.iquilibrio.com\/blog\/espiritualidade\/oracoes-salmos\/salmo-139\/#primaryimage"},"thumbnailUrl":"https:\/\/www.iquilibrio.com\/blog\/wp-content\/uploads\/2017\/11\/salmo-139.jpg","keywords":["139 salmo","salmo 139"],"articleSection":["Ora\u00e7\u00f5es e Salmos"],"inLanguage":"pt-BR"},{"@type":"WebPage","@id":"https:\/\/www.iquilibrio.com\/blog\/espiritualidade\/oracoes-salmos\/salmo-139\/","url":"https:\/\/www.iquilibrio.com\/blog\/espiritualidade\/oracoes-salmos\/salmo-139\/","name":"Salmo 139 - Momento de Reflex\u00f5es E An\u00e1lises | iQuilibrio","isPartOf":{"@id":"https:\/\/www.iquilibrio.com\/blog\/#website"},"primaryImageOfPage":{"@id":"https:\/\/www.iquilibrio.com\/blog\/espiritualidade\/oracoes-salmos\/salmo-139\/#primaryimage"},"image":{"@id":"https:\/\/www.iquilibrio.com\/blog\/espiritualidade\/oracoes-salmos\/salmo-139\/#primaryimage"},"thumbnailUrl":"https:\/\/www.iquilibrio.com\/blog\/wp-content\/uploads\/2017\/11\/salmo-139.jpg","datePublished":"2017-11-26T10:00:06+00:00","dateModified":"2019-03-21T17:04:37+00:00","description":"Confira aqui o estudo do Salmo 139 e saiba identificar o melhor momento para utiliz\u00e1-lo, assim como o seu poder em nossas vidas.","breadcrumb":{"@id":"https:\/\/www.iquilibrio.com\/blog\/espiritualidade\/oracoes-salmos\/salmo-139\/#breadcrumb"},"inLanguage":"pt-BR","potentialAction":[{"@type":"ReadAction","target":["https:\/\/www.iquilibrio.com\/blog\/espiritualidade\/oracoes-salmos\/salmo-139\/"]}]},{"@type":"ImageObject","inLanguage":"pt-BR","@id":"https:\/\/www.iquilibrio.com\/blog\/espiritualidade\/oracoes-salmos\/salmo-139\/#primaryimage","url":"https:\/\/www.iquilibrio.com\/blog\/wp-content\/uploads\/2017\/11\/salmo-139.jpg","contentUrl":"https:\/\/www.iquilibrio.com\/blog\/wp-content\/uploads\/2017\/11\/salmo-139.jpg","width":900,"height":560,"caption":"139 salmo"},{"@type":"BreadcrumbList","@id":"https:\/\/www.iquilibrio.com\/blog\/espiritualidade\/oracoes-salmos\/salmo-139\/#breadcrumb","itemListElement":[{"@type":"ListItem","position":1,"name":"In\u00edcio","item":"https:\/\/www.iquilibrio.com\/blog\/"},{"@type":"ListItem","position":2,"name":"Momento de reflex\u00e3o: um estudo do Salmo 139"}]},{"@type":"WebSite","@id":"https:\/\/www.iquilibrio.com\/blog\/#website","url":"https:\/\/www.iquilibrio.com\/blog\/","name":"iQuilibrio","description":"Blog iQuilibrio","publisher":{"@id":"https:\/\/www.iquilibrio.com\/blog\/#organization"},"potentialAction":[{"@type":"SearchAction","target":{"@type":"EntryPoint","urlTemplate":"https:\/\/www.iquilibrio.com\/blog\/?s={search_term_string}"},"query-input":{"@type":"PropertyValueSpecification","valueRequired":true,"valueName":"search_term_string"}}],"inLanguage":"pt-BR"},{"@type":"Organization","@id":"https:\/\/www.iquilibrio.com\/blog\/#organization","name":"Esoterismo, Misticismo e Tarot Online - iQuilibrio","url":"https:\/\/www.iquilibrio.com\/blog\/","logo":{"@type":"ImageObject","inLanguage":"pt-BR","@id":"https:\/\/www.iquilibrio.com\/blog\/#\/schema\/logo\/image\/","url":"https:\/\/www.iquilibrio.com\/blog\/wp-content\/uploads\/2018\/12\/iquilibrio_lovo_vetor_preto-retina.png","contentUrl":"https:\/\/www.iquilibrio.com\/blog\/wp-content\/uploads\/2018\/12\/iquilibrio_lovo_vetor_preto-retina.png","width":972,"height":180,"caption":"Esoterismo, Misticismo e Tarot Online - iQuilibrio"},"image":{"@id":"https:\/\/www.iquilibrio.com\/blog\/#\/schema\/logo\/image\/"},"sameAs":["https:\/\/www.facebook.com\/iQuilibrio\/","https:\/\/x.com\/iquilibrio","https:\/\/www.instagram.com\/iquilibrio\/","https:\/\/www.linkedin.com\/company\/iquilibrio\/","https:\/\/br.pinterest.com\/iquilibrio1397\/","https:\/\/www.youtube.com\/channel\/UC175qxd-4Zsi4wzawT5zF2g"]},{"@type":"Person","@id":"https:\/\/www.iquilibrio.com\/blog\/#\/schema\/person\/199505a1f0db0d00f022188666c75dca","name":"Reda\u00e7\u00e3o iQuilibrio","image":{"@type":"ImageObject","inLanguage":"pt-BR","@id":"https:\/\/www.iquilibrio.com\/blog\/wp-content\/uploads\/2021\/12\/Consulta-por-email-3-150x150.png","url":"https:\/\/www.iquilibrio.com\/blog\/wp-content\/uploads\/2021\/12\/Consulta-por-email-3-150x150.png","contentUrl":"https:\/\/www.iquilibrio.com\/blog\/wp-content\/uploads\/2021\/12\/Consulta-por-email-3-150x150.png","caption":"Reda\u00e7\u00e3o iQuilibrio"},"description":"A equipe de reda\u00e7\u00e3o da iQuilibrio \u00e9 composta pelos mais diversos especialistas e esot\u00e9ricos. Al\u00e9m de dominar a arte de traduzir as energias que o universo emana, nossos redatores sentem imenso prazer em trabalhar com palavras. Boa leitura e um \u00f3timo aprendizado!","url":"https:\/\/www.iquilibrio.com\/blog\/author\/juliana\/"}]}},"_links":{"self":[{"href":"https:\/\/www.iquilibrio.com\/blog\/wp-json\/wp\/v2\/posts\/11456","targetHints":{"allow":["GET"]}}],"collection":[{"href":"https:\/\/www.iquilibrio.com\/blog\/wp-json\/wp\/v2\/posts"}],"about":[{"href":"https:\/\/www.iquilibrio.com\/blog\/wp-json\/wp\/v2\/types\/post"}],"author":[{"embeddable":true,"href":"https:\/\/www.iquilibrio.com\/blog\/wp-json\/wp\/v2\/users\/20"}],"replies":[{"embeddable":true,"href":"https:\/\/www.iquilibrio.com\/blog\/wp-json\/wp\/v2\/comments?post=11456"}],"version-history":[{"count":4,"href":"https:\/\/www.iquilibrio.com\/blog\/wp-json\/wp\/v2\/posts\/11456\/revisions"}],"predecessor-version":[{"id":24145,"href":"https:\/\/www.iquilibrio.com\/blog\/wp-json\/wp\/v2\/posts\/11456\/revisions\/24145"}],"wp:featuredmedia":[{"embeddable":true,"href":"https:\/\/www.iquilibrio.com\/blog\/wp-json\/wp\/v2\/media\/11678"}],"wp:attachment":[{"href":"https:\/\/www.iquilibrio.com\/blog\/wp-json\/wp\/v2\/media?parent=11456"}],"wp:term":[{"taxonomy":"category","embeddable":true,"href":"https:\/\/www.iquilibrio.com\/blog\/wp-json\/wp\/v2\/categories?post=11456"},{"taxonomy":"post_tag","embeddable":true,"href":"https:\/\/www.iquilibrio.com\/blog\/wp-json\/wp\/v2\/tags?post=11456"}],"curies":[{"name":"wp","href":"https:\/\/api.w.org\/{rel}","templated":true}]}}