{"id":11299,"date":"2018-10-31T09:00:19","date_gmt":"2018-10-31T12:00:19","guid":{"rendered":"https:\/\/www.iquilibrio.com\/blog\/?p=11299"},"modified":"2019-03-20T11:21:22","modified_gmt":"2019-03-20T13:21:22","slug":"sabbat-beltane","status":"publish","type":"post","link":"https:\/\/www.iquilibrio.com\/blog\/espiritualidade\/wicca\/sabbat-beltane\/","title":{"rendered":"Sabbat Beltane \u2013 A fertilidade do Fogo Sol"},"content":{"rendered":"<p>No dia do <strong>Sabbat Beltane<\/strong> o tempo frio do <strong>inverno<\/strong>, do acolhimento e da reclus\u00e3o nas nossas casas s\u00e3o definitivamente deixados para tr\u00e1s, e substitu\u00eddos pelo <strong>fogo<\/strong> e pela gratid\u00e3o por estarmos vivos e sermos cria\u00e7\u00e3o e perfei\u00e7\u00e3o da Deusa e do Deus. Por isso, \u00e9 uma \u00e9poca t\u00e3o importante tanto para percebemos os momentos importantes de nossa vida como tamb\u00e9m para renovar as vibra\u00e7\u00f5es energ\u00e9ticas.<\/p>\n<p style=\"text-align: center;\"><a href=\"https:\/\/www.iquilibrio.com\/esotericos\/\"><span class=\"td_btn td_btn_lg td_round_btn class-cta1\" style=\"color: #ffffff;\">A Espiritualidade te Ajudar\u00e1 a Superar Desafios e Alcan\u00e7ar seus Objetivos. Clique Aqui e Comece Agora seu Atendimento<\/span><\/a><\/p>\n<p>&nbsp;<\/p>\n<p>Aproveite para conhecer seu Deus e sua Deusa atrav\u00e9s de um ritual exclusiva,<a href=\"https:\/\/www.iquilibrio.com\/blog\/espiritualidade\/wicca\/ritual-para-descobrir-deus-pai-e-deusa-mae-wicca\/\"><strong> aproveite para ver em nosso blog<\/strong>!<\/a><\/p>\n<h2>O que \u00e9 Sabbat Beltane?<\/h2>\n<p>Enquanto o <a href=\"https:\/\/www.iquilibrio.com\/blog\/espiritualidade\/wicca\/ritual-de-samrain-wicca\/\"><strong>hemisf\u00e9rio norte<\/strong> celebra o Samhain<\/a>, ou a morte do Deus, o hemisf\u00e9rio Sul celebra o Sabbat Beltane que marca o ponto alto da primavera, e o simbolismo da festividade se d\u00e1 com a uni\u00e3o da Deusa e do Deus.<\/p>\n<p>A partir dessa energia a uni\u00e3o sagrada, ou casamento sagrado, permite com que todas as coisas do mundo sejam geradas. A fertilidade dos animais e da natureza, que se encontra repleta de flores, traz a m\u00e1xima express\u00e3o da renova\u00e7\u00e3o da vida e da energia sexual.<\/p>\n<h3>Fogueira de Beltane<\/h3>\n<p>Na antiga <strong>mitologia celta<\/strong> a palavra <strong>Beltane<\/strong> nos remete \u00e0 simbologia do Deus Belenus ou Bel reconhecido na natureza como o Deus Sol ou o Deus Brilhante. Por conta da for\u00e7a do fogo do Sol o ritual de Beltane \u00e9 conhecido tamb\u00e9m como a celebra\u00e7\u00e3o para o \u201cgrande fogo\u201d ou para a \u201cgrande chama sagrada\u201d. Era neste momento tamb\u00e9m que a chama mantida acesa durante o inverno fosse apagada. Com o Sol brilhando vigoroso do lado de fora n\u00e3o era necess\u00e1rio temer o frio e nem ao menos manter o interior das casas aquecidas.<\/p>\n<p>A tradi\u00e7\u00e3o diz que uma grande fogueira era feita com<a href=\"https:\/\/www.iquilibrio.com\/blog\/oraculos\/runas\/deus-odin\/\"> algumas das \u00e1rvores sagradas para os celtas<\/a>. Ela seria acessa no momento em que a lua aparecesse nos c\u00e9us e \u00e0 partir da\u00ed seria celebrado o Sabbat Beltane.<\/p>\n<p>Na <strong>religi\u00e3o Wicca<\/strong> mant\u00e9m-se a tradi\u00e7\u00e3o de pular a fogueira de Beltane pedindo aos Deuses a fertilidade dos nossos desejos e o afastamento de todas as coisas ruins.<\/p>\n<h3>Mastro Beltane<\/h3>\n<p>Al\u00e9m da fogueira os wiccanianos tamb\u00e9m mantiveram a tradi\u00e7\u00e3o de construir o mastro de Beltane. O mastro \u00e9 um grande peda\u00e7o de madeira decorado com fitas de cetim e ramos de plantas verdes. Ele simboliza o falo do Deus e a virilidade daquele que semear\u00e1 toda a natureza e tamb\u00e9m os nossos sonhos.<\/p>\n<p>A tradi\u00e7\u00e3o pede que os homens carreguem o mastro enquanto as mulheres cavam um buraco na Terra. Essa pr\u00e1tica simboliza a vagina da Deusa que receber\u00e1 o mastro, ou o falo do Deus, e juntos fertilizar\u00e3o a <strong>Terra<\/strong>.<\/p>\n<p>Na Wicca, o dia do Sabbat Beltane \u00e9 o dia da uni\u00e3o sexual que representa essa energia da fertilidade presentes na vida de todos que celebram o casamento sagrado. Durante o ritual o grande rito, que se expressa atrav\u00e9s da uni\u00e3o do athame (falo do Deus) e do c\u00e1lice (ventre da Deusa), \u00e9 celebrado e pede-se para que os meses que vir\u00e3o sejam abundantes e plenos de fartura.<\/p>\n<h2>Ritual Sabbat Beltane<\/h2>\n<p>O <strong>ritual de Beltane<\/strong> <strong>Wicca<\/strong> \u00e9 realizado para celebrar a nova vida em todas suas formas. \u00c9 o tempo quando a Deusa e Deus est\u00e3o unidos em <strong>matrim\u00f4nio<\/strong> sagrado e quando sua rela\u00e7\u00e3o se concretiza. Este ato representa a<strong> fertilidade<\/strong> dos animais e as colheitas para o pr\u00f3ximo ano.<\/p>\n<p>Voc\u00ea pode decorar seu altar com uma tigela de flores flutuantes ou velas flutuantes. P\u00e9talas de flor podem ser espalhadas pelo ch\u00e3o. Um ato ritual comum neste Sabbat \u00e9 o Grande Rito. \u00c9 o simbolismo da uni\u00e3o entre os princ\u00edpios masculino e feminino da cria\u00e7\u00e3o, a uni\u00e3o das duas for\u00e7as que trazem vida a todas coisas. Este ritual geralmente \u00e9 executado mergulhando um athame em uma ta\u00e7a ou <strong>caldeir\u00e3o<\/strong> pequeno com vinho.<\/p>\n<h3>Como fazer o ritual?<\/h3>\n<p><strong>Materiais:<\/strong> 1 guirlanda com folhagens e flores, 8 velas verdes, Ta\u00e7a do altar com vinho, Athame, Frutas de todas as cores, 1 Pacote de Beltane com nove galhos colhidos de lugares diferentes, \u00c1lcool de cereais.<\/p>\n<p><strong>Modo de Fazer:\u00a0<\/strong>Coloque o ta\u00e7a no meio do altar, circunde-o com as 8 velas verdes. Enfeite o seu altar com as frutas, de forma que ele fique bem colorido e alegre. Trace o seu c\u00edrculo e ent\u00e3o diga:<\/p>\n<blockquote><p>\u201cHoje chamamos a Deusa e o Deus para que fecundem toda a Terra e para que os campos, gados, homens e mulheres sejam f\u00e9rteis\u201d.<\/p><\/blockquote>\n<p>Acenda as velas e ao acender cada uma diga:<\/p>\n<blockquote><p>\u201cCom este <strong>fogo sagrado<\/strong> o Inverno se afasta e o Ver\u00e3o se aproxima\u201d.<\/p><\/blockquote>\n<p>Eleve a guirlanda, dizendo:<\/p>\n<blockquote><p>\u201c<a href=\"https:\/\/www.iquilibrio.com\/blog\/espiritualidade\/wicca\/circulo-sagrado\/\">Este \u00e9 o C\u00edrculo sagrado do renascimento<\/a>, o s\u00edmbolo da uni\u00e3o que traz alegria \u00e0 Terra\u201d.<\/p><\/blockquote>\n<p>Coloque-a sobre o altar, de forma que o ta\u00e7a fique no meio do v\u00e3o da guirlanda. Acenda o seu caldeir\u00e3o, enquanto diz:<\/p>\n<blockquote><p>\u201cNeste caldeir\u00e3o, brilha a chama de Bel,<br \/>\nO fogo da Primavera que chama o Ver\u00e3o.<br \/>\nAssim a Roda do Ano gira mais uma vez.<br \/>\nEste \u00e9 o fogo de Beltane.<br \/>\nQue ele traga alegria e paz\u201d.<\/p><\/blockquote>\n<p>Coloque o seu pacote de Beltane no fogo do caldeir\u00e3o, dizendo:<\/p>\n<blockquote><p>\u201cCom estas 9 madeiras sagradas eu chamo o Ver\u00e3o para trazer felicidade \u00e0 Terra e riqueza ao mundo\u201d.<\/p><\/blockquote>\n<p>Pule o caldeir\u00e3o, pedindo pela purifica\u00e7\u00e3o e fazendo um pedido. Segure seu c\u00e1lice com a m\u00e3o esquerda e o athame na m\u00e3o direita. Eleve-os, dizendo:<\/p>\n<blockquote><p>\u201cM\u00e3e e Pai eternamente representados aqui pela ta\u00e7a e athame,<br \/>\nEu uno o masculino e o feminino para que a Terra seja fertilizada.<br \/>\nQue a uni\u00e3o da Deusa e do Deus possa sustentar a Terra\u201d.<\/p><\/blockquote>\n<p>Mergulhe a l\u00e2mina do athame no vinho. Beba um pouco e fa\u00e7a uma liba\u00e7\u00e3o em homenagem aos Deuses. Coma uma fruta e fa\u00e7a seus pedidos mentalmente. Dance e cante em honra \u00e0 Deusa e ao Deus.<\/p>\n<p>Celebre Sabbat Beltane e sinta a presen\u00e7a da Deusa e do Deus em sua vida!<\/p>\n<p>Gosta do assunto? Aprenda a <a href=\"https:\/\/www.iquilibrio.com\/blog\/espiritualidade\/wicca\/consagrar-instrumentos-magicos-na-wicca\/\"><strong>consagrar seus instrumentos m\u00e1gicos<\/strong> <\/a>e garantir um ritual com as energias renovados.<\/p>\n<p><em>O conte\u00fado deste texto foi retirado do livro\u00a0Wicca para todos de Claudiney Prieto.<\/em><\/p>\n<p style=\"text-align: center;\"><span style=\"color: #ffffff;\"><a style=\"color: #ffffff;\" href=\"https:\/\/www.iquilibrio.com\/esotericos\/\"><span class=\"td_btn td_btn_lg td_round_btn class-cta2\">Fale AGORA com um Esot\u00e9rico Online e Comece a Direcionar Melhor a sua Vida<\/span><\/a><\/span><\/p>\n\n\n<div class=\"kk-star-ratings kksr-auto kksr-align-left kksr-valign-bottom\"\n    data-payload='{&quot;align&quot;:&quot;left&quot;,&quot;id&quot;:&quot;11299&quot;,&quot;slug&quot;:&quot;default&quot;,&quot;valign&quot;:&quot;bottom&quot;,&quot;ignore&quot;:&quot;&quot;,&quot;reference&quot;:&quot;auto&quot;,&quot;class&quot;:&quot;&quot;,&quot;count&quot;:&quot;5&quot;,&quot;legendonly&quot;:&quot;&quot;,&quot;readonly&quot;:&quot;&quot;,&quot;score&quot;:&quot;4.8&quot;,&quot;starsonly&quot;:&quot;&quot;,&quot;best&quot;:&quot;5&quot;,&quot;gap&quot;:&quot;5&quot;,&quot;greet&quot;:&quot;Rate this post&quot;,&quot;legend&quot;:&quot;4.8\\\/5 - (5 votos)&quot;,&quot;size&quot;:&quot;24&quot;,&quot;title&quot;:&quot;Sabbat Beltane \u2013 A fertilidade do Fogo Sol&quot;,&quot;width&quot;:&quot;136.7&quot;,&quot;_legend&quot;:&quot;{score}\\\/{best} - ({count} {votes})&quot;,&quot;font_factor&quot;:&quot;1.25&quot;}'>\n            \n<div class=\"kksr-stars\">\n    \n<div class=\"kksr-stars-inactive\">\n            <div class=\"kksr-star\" data-star=\"1\" style=\"padding-right: 5px\">\n            \n\n<div class=\"kksr-icon\" style=\"width: 24px; height: 24px;\"><\/div>\n        <\/div>\n            <div class=\"kksr-star\" data-star=\"2\" style=\"padding-right: 5px\">\n            \n\n<div class=\"kksr-icon\" style=\"width: 24px; height: 24px;\"><\/div>\n        <\/div>\n            <div class=\"kksr-star\" data-star=\"3\" style=\"padding-right: 5px\">\n            \n\n<div class=\"kksr-icon\" style=\"width: 24px; height: 24px;\"><\/div>\n        <\/div>\n            <div class=\"kksr-star\" data-star=\"4\" style=\"padding-right: 5px\">\n            \n\n<div class=\"kksr-icon\" style=\"width: 24px; height: 24px;\"><\/div>\n        <\/div>\n            <div class=\"kksr-star\" data-star=\"5\" style=\"padding-right: 5px\">\n            \n\n<div class=\"kksr-icon\" style=\"width: 24px; height: 24px;\"><\/div>\n        <\/div>\n    <\/div>\n    \n<div class=\"kksr-stars-active\" style=\"width: 136.7px;\">\n            <div class=\"kksr-star\" style=\"padding-right: 5px\">\n            \n\n<div class=\"kksr-icon\" style=\"width: 24px; height: 24px;\"><\/div>\n        <\/div>\n            <div class=\"kksr-star\" style=\"padding-right: 5px\">\n            \n\n<div class=\"kksr-icon\" style=\"width: 24px; height: 24px;\"><\/div>\n        <\/div>\n            <div class=\"kksr-star\" style=\"padding-right: 5px\">\n            \n\n<div class=\"kksr-icon\" style=\"width: 24px; height: 24px;\"><\/div>\n        <\/div>\n            <div class=\"kksr-star\" style=\"padding-right: 5px\">\n            \n\n<div class=\"kksr-icon\" style=\"width: 24px; height: 24px;\"><\/div>\n        <\/div>\n            <div class=\"kksr-star\" style=\"padding-right: 5px\">\n            \n\n<div class=\"kksr-icon\" style=\"width: 24px; height: 24px;\"><\/div>\n        <\/div>\n    <\/div>\n<\/div>\n                \n\n<div class=\"kksr-legend\" style=\"font-size: 19.2px;\">\n            4.8\/5 - (5 votos)    <\/div>\n    <\/div>\n","protected":false},"excerpt":{"rendered":"<p>No dia do Sabbat Beltane o tempo frio do inverno, do acolhimento e da reclus\u00e3o nas nossas casas s\u00e3o definitivamente deixados para tr\u00e1s, e substitu\u00eddos pelo fogo e pela gratid\u00e3o por estarmos vivos e sermos cria\u00e7\u00e3o e perfei\u00e7\u00e3o da Deusa e do Deus. Por isso, \u00e9 uma \u00e9poca t\u00e3o importante tanto para percebemos os momentos [&hellip;]<\/p>\n","protected":false},"author":20,"featured_media":11366,"comment_status":"open","ping_status":"open","sticky":false,"template":"","format":"standard","meta":{"footnotes":""},"categories":[974],"tags":[2055,2054],"class_list":["post-11299","post","type-post","status-publish","format-standard","has-post-thumbnail","hentry","category-wicca","tag-ritual-sabbat-beltane","tag-sabbat-beltane"],"yoast_head":"<!-- This site is optimized with the Yoast SEO plugin v27.4 - https:\/\/yoast.com\/product\/yoast-seo-wordpress\/ -->\n<title>Sabbat Beltane - Quando A Primavera Atinge Seu \u00c1pice | iQuilibrio<\/title>\n<meta name=\"description\" content=\"Conhe\u00e7a mais sobre o Sabbat Beltane na Wicca e veja como fazer um ritual especial para comemorar esse ciclo de grandes energias.\" \/>\n<meta name=\"robots\" content=\"index, follow, max-snippet:-1, max-image-preview:large, max-video-preview:-1\" \/>\n<link rel=\"canonical\" href=\"https:\/\/www.iquilibrio.com\/blog\/espiritualidade\/wicca\/sabbat-beltane\/\" \/>\n<meta property=\"og:locale\" content=\"pt_BR\" \/>\n<meta property=\"og:type\" content=\"article\" \/>\n<meta property=\"og:title\" content=\"Sabbat Beltane - Quando A Primavera Atinge Seu \u00c1pice | iQuilibrio\" \/>\n<meta property=\"og:description\" content=\"Conhe\u00e7a mais sobre o Sabbat Beltane na Wicca e veja como fazer um ritual especial para comemorar esse ciclo de grandes energias.\" \/>\n<meta property=\"og:url\" content=\"https:\/\/www.iquilibrio.com\/blog\/espiritualidade\/wicca\/sabbat-beltane\/\" \/>\n<meta property=\"og:site_name\" content=\"iQuilibrio\" \/>\n<meta property=\"article:publisher\" content=\"https:\/\/www.facebook.com\/iQuilibrio\/\" \/>\n<meta property=\"article:published_time\" content=\"2018-10-31T12:00:19+00:00\" \/>\n<meta property=\"article:modified_time\" content=\"2019-03-20T13:21:22+00:00\" \/>\n<meta property=\"og:image\" content=\"https:\/\/www.iquilibrio.com\/blog\/wp-content\/uploads\/2017\/11\/beltane.jpg\" \/>\n\t<meta property=\"og:image:width\" content=\"900\" \/>\n\t<meta property=\"og:image:height\" content=\"560\" \/>\n\t<meta property=\"og:image:type\" content=\"image\/jpeg\" \/>\n<meta name=\"author\" content=\"Reda\u00e7\u00e3o iQuilibrio\" \/>\n<meta name=\"twitter:card\" content=\"summary_large_image\" \/>\n<meta name=\"twitter:creator\" content=\"@iquilibrio\" \/>\n<meta name=\"twitter:site\" content=\"@iquilibrio\" \/>\n<meta name=\"twitter:label1\" content=\"Escrito por\" \/>\n\t<meta name=\"twitter:data1\" content=\"Reda\u00e7\u00e3o iQuilibrio\" \/>\n\t<meta name=\"twitter:label2\" content=\"Est. tempo de leitura\" \/>\n\t<meta name=\"twitter:data2\" content=\"5 minutos\" \/>\n<script type=\"application\/ld+json\" class=\"yoast-schema-graph\">{\"@context\":\"https:\\\/\\\/schema.org\",\"@graph\":[{\"@type\":\"Article\",\"@id\":\"https:\\\/\\\/www.iquilibrio.com\\\/blog\\\/espiritualidade\\\/wicca\\\/sabbat-beltane\\\/#article\",\"isPartOf\":{\"@id\":\"https:\\\/\\\/www.iquilibrio.com\\\/blog\\\/espiritualidade\\\/wicca\\\/sabbat-beltane\\\/\"},\"author\":{\"name\":\"Reda\u00e7\u00e3o iQuilibrio\",\"@id\":\"https:\\\/\\\/www.iquilibrio.com\\\/blog\\\/#\\\/schema\\\/person\\\/199505a1f0db0d00f022188666c75dca\"},\"headline\":\"Sabbat Beltane \u2013 A fertilidade do Fogo Sol\",\"datePublished\":\"2018-10-31T12:00:19+00:00\",\"dateModified\":\"2019-03-20T13:21:22+00:00\",\"mainEntityOfPage\":{\"@id\":\"https:\\\/\\\/www.iquilibrio.com\\\/blog\\\/espiritualidade\\\/wicca\\\/sabbat-beltane\\\/\"},\"wordCount\":1103,\"commentCount\":0,\"publisher\":{\"@id\":\"https:\\\/\\\/www.iquilibrio.com\\\/blog\\\/#organization\"},\"image\":{\"@id\":\"https:\\\/\\\/www.iquilibrio.com\\\/blog\\\/espiritualidade\\\/wicca\\\/sabbat-beltane\\\/#primaryimage\"},\"thumbnailUrl\":\"https:\\\/\\\/www.iquilibrio.com\\\/blog\\\/wp-content\\\/uploads\\\/2017\\\/11\\\/beltane.jpg\",\"keywords\":[\"ritual sabbat beltane\",\"sabbat beltane\"],\"articleSection\":[\"Wicca\"],\"inLanguage\":\"pt-BR\"},{\"@type\":\"WebPage\",\"@id\":\"https:\\\/\\\/www.iquilibrio.com\\\/blog\\\/espiritualidade\\\/wicca\\\/sabbat-beltane\\\/\",\"url\":\"https:\\\/\\\/www.iquilibrio.com\\\/blog\\\/espiritualidade\\\/wicca\\\/sabbat-beltane\\\/\",\"name\":\"Sabbat Beltane - Quando A Primavera Atinge Seu \u00c1pice | iQuilibrio\",\"isPartOf\":{\"@id\":\"https:\\\/\\\/www.iquilibrio.com\\\/blog\\\/#website\"},\"primaryImageOfPage\":{\"@id\":\"https:\\\/\\\/www.iquilibrio.com\\\/blog\\\/espiritualidade\\\/wicca\\\/sabbat-beltane\\\/#primaryimage\"},\"image\":{\"@id\":\"https:\\\/\\\/www.iquilibrio.com\\\/blog\\\/espiritualidade\\\/wicca\\\/sabbat-beltane\\\/#primaryimage\"},\"thumbnailUrl\":\"https:\\\/\\\/www.iquilibrio.com\\\/blog\\\/wp-content\\\/uploads\\\/2017\\\/11\\\/beltane.jpg\",\"datePublished\":\"2018-10-31T12:00:19+00:00\",\"dateModified\":\"2019-03-20T13:21:22+00:00\",\"description\":\"Conhe\u00e7a mais sobre o Sabbat Beltane na Wicca e veja como fazer um ritual especial para comemorar esse ciclo de grandes energias.\",\"breadcrumb\":{\"@id\":\"https:\\\/\\\/www.iquilibrio.com\\\/blog\\\/espiritualidade\\\/wicca\\\/sabbat-beltane\\\/#breadcrumb\"},\"inLanguage\":\"pt-BR\",\"potentialAction\":[{\"@type\":\"ReadAction\",\"target\":[\"https:\\\/\\\/www.iquilibrio.com\\\/blog\\\/espiritualidade\\\/wicca\\\/sabbat-beltane\\\/\"]}]},{\"@type\":\"ImageObject\",\"inLanguage\":\"pt-BR\",\"@id\":\"https:\\\/\\\/www.iquilibrio.com\\\/blog\\\/espiritualidade\\\/wicca\\\/sabbat-beltane\\\/#primaryimage\",\"url\":\"https:\\\/\\\/www.iquilibrio.com\\\/blog\\\/wp-content\\\/uploads\\\/2017\\\/11\\\/beltane.jpg\",\"contentUrl\":\"https:\\\/\\\/www.iquilibrio.com\\\/blog\\\/wp-content\\\/uploads\\\/2017\\\/11\\\/beltane.jpg\",\"width\":900,\"height\":560,\"caption\":\"sabbat beltane\"},{\"@type\":\"BreadcrumbList\",\"@id\":\"https:\\\/\\\/www.iquilibrio.com\\\/blog\\\/espiritualidade\\\/wicca\\\/sabbat-beltane\\\/#breadcrumb\",\"itemListElement\":[{\"@type\":\"ListItem\",\"position\":1,\"name\":\"In\u00edcio\",\"item\":\"https:\\\/\\\/www.iquilibrio.com\\\/blog\\\/\"},{\"@type\":\"ListItem\",\"position\":2,\"name\":\"Sabbat Beltane \u2013 A fertilidade do Fogo Sol\"}]},{\"@type\":\"WebSite\",\"@id\":\"https:\\\/\\\/www.iquilibrio.com\\\/blog\\\/#website\",\"url\":\"https:\\\/\\\/www.iquilibrio.com\\\/blog\\\/\",\"name\":\"iQuilibrio\",\"description\":\"Blog iQuilibrio\",\"publisher\":{\"@id\":\"https:\\\/\\\/www.iquilibrio.com\\\/blog\\\/#organization\"},\"potentialAction\":[{\"@type\":\"SearchAction\",\"target\":{\"@type\":\"EntryPoint\",\"urlTemplate\":\"https:\\\/\\\/www.iquilibrio.com\\\/blog\\\/?s={search_term_string}\"},\"query-input\":{\"@type\":\"PropertyValueSpecification\",\"valueRequired\":true,\"valueName\":\"search_term_string\"}}],\"inLanguage\":\"pt-BR\"},{\"@type\":\"Organization\",\"@id\":\"https:\\\/\\\/www.iquilibrio.com\\\/blog\\\/#organization\",\"name\":\"Esoterismo, Misticismo e Tarot Online - iQuilibrio\",\"url\":\"https:\\\/\\\/www.iquilibrio.com\\\/blog\\\/\",\"logo\":{\"@type\":\"ImageObject\",\"inLanguage\":\"pt-BR\",\"@id\":\"https:\\\/\\\/www.iquilibrio.com\\\/blog\\\/#\\\/schema\\\/logo\\\/image\\\/\",\"url\":\"https:\\\/\\\/www.iquilibrio.com\\\/blog\\\/wp-content\\\/uploads\\\/2018\\\/12\\\/iquilibrio_lovo_vetor_preto-retina.png\",\"contentUrl\":\"https:\\\/\\\/www.iquilibrio.com\\\/blog\\\/wp-content\\\/uploads\\\/2018\\\/12\\\/iquilibrio_lovo_vetor_preto-retina.png\",\"width\":972,\"height\":180,\"caption\":\"Esoterismo, Misticismo e Tarot Online - iQuilibrio\"},\"image\":{\"@id\":\"https:\\\/\\\/www.iquilibrio.com\\\/blog\\\/#\\\/schema\\\/logo\\\/image\\\/\"},\"sameAs\":[\"https:\\\/\\\/www.facebook.com\\\/iQuilibrio\\\/\",\"https:\\\/\\\/x.com\\\/iquilibrio\",\"https:\\\/\\\/www.instagram.com\\\/iquilibrio\\\/\",\"https:\\\/\\\/www.linkedin.com\\\/company\\\/iquilibrio\\\/\",\"https:\\\/\\\/br.pinterest.com\\\/iquilibrio1397\\\/\",\"https:\\\/\\\/www.youtube.com\\\/channel\\\/UC175qxd-4Zsi4wzawT5zF2g\"]},{\"@type\":\"Person\",\"@id\":\"https:\\\/\\\/www.iquilibrio.com\\\/blog\\\/#\\\/schema\\\/person\\\/199505a1f0db0d00f022188666c75dca\",\"name\":\"Reda\u00e7\u00e3o iQuilibrio\",\"image\":{\"@type\":\"ImageObject\",\"inLanguage\":\"pt-BR\",\"@id\":\"https:\\\/\\\/www.iquilibrio.com\\\/blog\\\/wp-content\\\/uploads\\\/2021\\\/12\\\/Consulta-por-email-3-150x150.png\",\"url\":\"https:\\\/\\\/www.iquilibrio.com\\\/blog\\\/wp-content\\\/uploads\\\/2021\\\/12\\\/Consulta-por-email-3-150x150.png\",\"contentUrl\":\"https:\\\/\\\/www.iquilibrio.com\\\/blog\\\/wp-content\\\/uploads\\\/2021\\\/12\\\/Consulta-por-email-3-150x150.png\",\"caption\":\"Reda\u00e7\u00e3o iQuilibrio\"},\"description\":\"A equipe de reda\u00e7\u00e3o da iQuilibrio \u00e9 composta pelos mais diversos especialistas e esot\u00e9ricos. Al\u00e9m de dominar a arte de traduzir as energias que o universo emana, nossos redatores sentem imenso prazer em trabalhar com palavras. Boa leitura e um \u00f3timo aprendizado!\",\"url\":\"https:\\\/\\\/www.iquilibrio.com\\\/blog\\\/author\\\/juliana\\\/\"}]}<\/script>\n<!-- \/ Yoast SEO plugin. -->","yoast_head_json":{"title":"Sabbat Beltane - Quando A Primavera Atinge Seu \u00c1pice | iQuilibrio","description":"Conhe\u00e7a mais sobre o Sabbat Beltane na Wicca e veja como fazer um ritual especial para comemorar esse ciclo de grandes energias.","robots":{"index":"index","follow":"follow","max-snippet":"max-snippet:-1","max-image-preview":"max-image-preview:large","max-video-preview":"max-video-preview:-1"},"canonical":"https:\/\/www.iquilibrio.com\/blog\/espiritualidade\/wicca\/sabbat-beltane\/","og_locale":"pt_BR","og_type":"article","og_title":"Sabbat Beltane - Quando A Primavera Atinge Seu \u00c1pice | iQuilibrio","og_description":"Conhe\u00e7a mais sobre o Sabbat Beltane na Wicca e veja como fazer um ritual especial para comemorar esse ciclo de grandes energias.","og_url":"https:\/\/www.iquilibrio.com\/blog\/espiritualidade\/wicca\/sabbat-beltane\/","og_site_name":"iQuilibrio","article_publisher":"https:\/\/www.facebook.com\/iQuilibrio\/","article_published_time":"2018-10-31T12:00:19+00:00","article_modified_time":"2019-03-20T13:21:22+00:00","og_image":[{"width":900,"height":560,"url":"https:\/\/www.iquilibrio.com\/blog\/wp-content\/uploads\/2017\/11\/beltane.jpg","type":"image\/jpeg"}],"author":"Reda\u00e7\u00e3o iQuilibrio","twitter_card":"summary_large_image","twitter_creator":"@iquilibrio","twitter_site":"@iquilibrio","twitter_misc":{"Escrito por":"Reda\u00e7\u00e3o iQuilibrio","Est. tempo de leitura":"5 minutos"},"schema":{"@context":"https:\/\/schema.org","@graph":[{"@type":"Article","@id":"https:\/\/www.iquilibrio.com\/blog\/espiritualidade\/wicca\/sabbat-beltane\/#article","isPartOf":{"@id":"https:\/\/www.iquilibrio.com\/blog\/espiritualidade\/wicca\/sabbat-beltane\/"},"author":{"name":"Reda\u00e7\u00e3o iQuilibrio","@id":"https:\/\/www.iquilibrio.com\/blog\/#\/schema\/person\/199505a1f0db0d00f022188666c75dca"},"headline":"Sabbat Beltane \u2013 A fertilidade do Fogo Sol","datePublished":"2018-10-31T12:00:19+00:00","dateModified":"2019-03-20T13:21:22+00:00","mainEntityOfPage":{"@id":"https:\/\/www.iquilibrio.com\/blog\/espiritualidade\/wicca\/sabbat-beltane\/"},"wordCount":1103,"commentCount":0,"publisher":{"@id":"https:\/\/www.iquilibrio.com\/blog\/#organization"},"image":{"@id":"https:\/\/www.iquilibrio.com\/blog\/espiritualidade\/wicca\/sabbat-beltane\/#primaryimage"},"thumbnailUrl":"https:\/\/www.iquilibrio.com\/blog\/wp-content\/uploads\/2017\/11\/beltane.jpg","keywords":["ritual sabbat beltane","sabbat beltane"],"articleSection":["Wicca"],"inLanguage":"pt-BR"},{"@type":"WebPage","@id":"https:\/\/www.iquilibrio.com\/blog\/espiritualidade\/wicca\/sabbat-beltane\/","url":"https:\/\/www.iquilibrio.com\/blog\/espiritualidade\/wicca\/sabbat-beltane\/","name":"Sabbat Beltane - Quando A Primavera Atinge Seu \u00c1pice | iQuilibrio","isPartOf":{"@id":"https:\/\/www.iquilibrio.com\/blog\/#website"},"primaryImageOfPage":{"@id":"https:\/\/www.iquilibrio.com\/blog\/espiritualidade\/wicca\/sabbat-beltane\/#primaryimage"},"image":{"@id":"https:\/\/www.iquilibrio.com\/blog\/espiritualidade\/wicca\/sabbat-beltane\/#primaryimage"},"thumbnailUrl":"https:\/\/www.iquilibrio.com\/blog\/wp-content\/uploads\/2017\/11\/beltane.jpg","datePublished":"2018-10-31T12:00:19+00:00","dateModified":"2019-03-20T13:21:22+00:00","description":"Conhe\u00e7a mais sobre o Sabbat Beltane na Wicca e veja como fazer um ritual especial para comemorar esse ciclo de grandes energias.","breadcrumb":{"@id":"https:\/\/www.iquilibrio.com\/blog\/espiritualidade\/wicca\/sabbat-beltane\/#breadcrumb"},"inLanguage":"pt-BR","potentialAction":[{"@type":"ReadAction","target":["https:\/\/www.iquilibrio.com\/blog\/espiritualidade\/wicca\/sabbat-beltane\/"]}]},{"@type":"ImageObject","inLanguage":"pt-BR","@id":"https:\/\/www.iquilibrio.com\/blog\/espiritualidade\/wicca\/sabbat-beltane\/#primaryimage","url":"https:\/\/www.iquilibrio.com\/blog\/wp-content\/uploads\/2017\/11\/beltane.jpg","contentUrl":"https:\/\/www.iquilibrio.com\/blog\/wp-content\/uploads\/2017\/11\/beltane.jpg","width":900,"height":560,"caption":"sabbat beltane"},{"@type":"BreadcrumbList","@id":"https:\/\/www.iquilibrio.com\/blog\/espiritualidade\/wicca\/sabbat-beltane\/#breadcrumb","itemListElement":[{"@type":"ListItem","position":1,"name":"In\u00edcio","item":"https:\/\/www.iquilibrio.com\/blog\/"},{"@type":"ListItem","position":2,"name":"Sabbat Beltane \u2013 A fertilidade do Fogo Sol"}]},{"@type":"WebSite","@id":"https:\/\/www.iquilibrio.com\/blog\/#website","url":"https:\/\/www.iquilibrio.com\/blog\/","name":"iQuilibrio","description":"Blog iQuilibrio","publisher":{"@id":"https:\/\/www.iquilibrio.com\/blog\/#organization"},"potentialAction":[{"@type":"SearchAction","target":{"@type":"EntryPoint","urlTemplate":"https:\/\/www.iquilibrio.com\/blog\/?s={search_term_string}"},"query-input":{"@type":"PropertyValueSpecification","valueRequired":true,"valueName":"search_term_string"}}],"inLanguage":"pt-BR"},{"@type":"Organization","@id":"https:\/\/www.iquilibrio.com\/blog\/#organization","name":"Esoterismo, Misticismo e Tarot Online - iQuilibrio","url":"https:\/\/www.iquilibrio.com\/blog\/","logo":{"@type":"ImageObject","inLanguage":"pt-BR","@id":"https:\/\/www.iquilibrio.com\/blog\/#\/schema\/logo\/image\/","url":"https:\/\/www.iquilibrio.com\/blog\/wp-content\/uploads\/2018\/12\/iquilibrio_lovo_vetor_preto-retina.png","contentUrl":"https:\/\/www.iquilibrio.com\/blog\/wp-content\/uploads\/2018\/12\/iquilibrio_lovo_vetor_preto-retina.png","width":972,"height":180,"caption":"Esoterismo, Misticismo e Tarot Online - iQuilibrio"},"image":{"@id":"https:\/\/www.iquilibrio.com\/blog\/#\/schema\/logo\/image\/"},"sameAs":["https:\/\/www.facebook.com\/iQuilibrio\/","https:\/\/x.com\/iquilibrio","https:\/\/www.instagram.com\/iquilibrio\/","https:\/\/www.linkedin.com\/company\/iquilibrio\/","https:\/\/br.pinterest.com\/iquilibrio1397\/","https:\/\/www.youtube.com\/channel\/UC175qxd-4Zsi4wzawT5zF2g"]},{"@type":"Person","@id":"https:\/\/www.iquilibrio.com\/blog\/#\/schema\/person\/199505a1f0db0d00f022188666c75dca","name":"Reda\u00e7\u00e3o iQuilibrio","image":{"@type":"ImageObject","inLanguage":"pt-BR","@id":"https:\/\/www.iquilibrio.com\/blog\/wp-content\/uploads\/2021\/12\/Consulta-por-email-3-150x150.png","url":"https:\/\/www.iquilibrio.com\/blog\/wp-content\/uploads\/2021\/12\/Consulta-por-email-3-150x150.png","contentUrl":"https:\/\/www.iquilibrio.com\/blog\/wp-content\/uploads\/2021\/12\/Consulta-por-email-3-150x150.png","caption":"Reda\u00e7\u00e3o iQuilibrio"},"description":"A equipe de reda\u00e7\u00e3o da iQuilibrio \u00e9 composta pelos mais diversos especialistas e esot\u00e9ricos. Al\u00e9m de dominar a arte de traduzir as energias que o universo emana, nossos redatores sentem imenso prazer em trabalhar com palavras. Boa leitura e um \u00f3timo aprendizado!","url":"https:\/\/www.iquilibrio.com\/blog\/author\/juliana\/"}]}},"_links":{"self":[{"href":"https:\/\/www.iquilibrio.com\/blog\/wp-json\/wp\/v2\/posts\/11299","targetHints":{"allow":["GET"]}}],"collection":[{"href":"https:\/\/www.iquilibrio.com\/blog\/wp-json\/wp\/v2\/posts"}],"about":[{"href":"https:\/\/www.iquilibrio.com\/blog\/wp-json\/wp\/v2\/types\/post"}],"author":[{"embeddable":true,"href":"https:\/\/www.iquilibrio.com\/blog\/wp-json\/wp\/v2\/users\/20"}],"replies":[{"embeddable":true,"href":"https:\/\/www.iquilibrio.com\/blog\/wp-json\/wp\/v2\/comments?post=11299"}],"version-history":[{"count":4,"href":"https:\/\/www.iquilibrio.com\/blog\/wp-json\/wp\/v2\/posts\/11299\/revisions"}],"predecessor-version":[{"id":23344,"href":"https:\/\/www.iquilibrio.com\/blog\/wp-json\/wp\/v2\/posts\/11299\/revisions\/23344"}],"wp:featuredmedia":[{"embeddable":true,"href":"https:\/\/www.iquilibrio.com\/blog\/wp-json\/wp\/v2\/media\/11366"}],"wp:attachment":[{"href":"https:\/\/www.iquilibrio.com\/blog\/wp-json\/wp\/v2\/media?parent=11299"}],"wp:term":[{"taxonomy":"category","embeddable":true,"href":"https:\/\/www.iquilibrio.com\/blog\/wp-json\/wp\/v2\/categories?post=11299"},{"taxonomy":"post_tag","embeddable":true,"href":"https:\/\/www.iquilibrio.com\/blog\/wp-json\/wp\/v2\/tags?post=11299"}],"curies":[{"name":"wp","href":"https:\/\/api.w.org\/{rel}","templated":true}]}}