{"id":10144,"date":"2018-10-16T07:05:14","date_gmt":"2018-10-16T10:05:14","guid":{"rendered":"https:\/\/www.iquilibrio.com\/blog\/?p=10144"},"modified":"2019-03-20T12:38:12","modified_gmt":"2019-03-20T14:38:12","slug":"sao-geraldo","status":"publish","type":"post","link":"https:\/\/www.iquilibrio.com\/blog\/espiritualidade\/cristianismo\/sao-geraldo\/","title":{"rendered":"Conhe\u00e7a tudo sobre S\u00e3o Geraldo Majela"},"content":{"rendered":"<p>Celebra-se em <strong>16 de Outubro<\/strong> o dia de <strong>S\u00e3o Geraldo<\/strong>, padroeiro dos alfaiates, das crian\u00e7as, enfermos, dos pecadores, dos irm\u00e3os leigos e de pessoas que passam por injusti\u00e7as.<\/p>\n<p style=\"text-align: center;\"><a href=\"https:\/\/www.iquilibrio.com\/salmos\/\"><span class=\"td_btn td_btn_lg td_round_btn class-cta1\" style=\"color: #ffffff;\">Abra seus Caminhos AQUI com a Orienta\u00e7\u00e3o dos Melhores Especialistas em Salmos<\/span><\/a><\/p>\n<p>&nbsp;<\/p>\n<p>Ele viveu na It\u00e1lia e por onde passou operou v\u00e1rios <strong>milagres<\/strong> que emocionou o cora\u00e7\u00e3o de muitos fi\u00e9is. E para aqueles pecadores que n\u00e3o acreditavam no<strong> poder de Deus<\/strong>, atrav\u00e9s das palavras de <strong>S\u00e3o Geraldo <\/strong>eles foram aben\u00e7oados com a paz e o amor do <strong>Esp\u00edrito Santo<\/strong>.<\/p>\n<p>Gosta deste assunto? Ent\u00e3o aproveite para verificar <a href=\"https:\/\/www.iquilibrio.com\/blog\/salmo-do-dia\/\"><strong>o salmo do dia<\/strong> <\/a>e ler palavras s\u00e1bias!<\/p>\n<p>Saiba mais sobre a vida e f\u00e9 de S\u00e3o Geraldo no artigo abaixo:<\/p>\n<h2><strong>A hist\u00f3ria de S\u00e3o Geraldo<\/strong><\/h2>\n<p>Seu nome \u00e9 <strong>Geraldo Majela<\/strong>, nascido no Sul da It\u00e1lia em 1726. Filho de Benedetta, um alfaiate da cidade. Seu pai faleceu quando ele tinha 14 anos e por isso sua fam\u00edlia come\u00e7ou a passar por necessidades. Para tentar ajudar,\u00a0<strong>Geraldo<\/strong>\u00a0come\u00e7ou a trabalhar em uma alfaiataria e depois de quatro anos, desistiu do emprego para auxiliar o bispo de Laced\u00f4nia.<\/p>\n<p>Aos 19 anos montou seu pr\u00f3prio neg\u00f3cio que em pouco tempo come\u00e7ou a ir muito bem, ele colocava a generosidade acima de tudo e ajudava muito os pobres. Retirava do lucro o suficiente para viver e sustentar a fam\u00edlia e o restante era dado como caridade para aqueles que s\u00e3o mais necessitados.<\/p>\n<p>Foi aceito na Congrega\u00e7\u00e3o do Sant\u00edssimo Redentos e l\u00e1 operou em diversas fun\u00e7\u00f5es: alfaiate, jardineiro, enfermeiro e porteiro.<\/p>\n<p>Em 1754 foi acusado falsamente de engravidar uma mulher chamada N\u00e9ria Caggiano, mas arrependida, ela se desculpou e inocentou Geraldo.<\/p>\n<h3>Vida e Legado<\/h3>\n<p>Sua vida foi dedicada \u00e0\u00a0<strong>f\u00e9<\/strong> e \u00e0 cura. Ele tinha o dom de estar presente em dois lugares ao mesmo tempo al\u00e9m de v\u00e1rios acontecimentos que o deixaram marcados:<\/p>\n<ul>\n<li><strong>Profecias<\/strong>;<\/li>\n<li>Vis\u00f5es;<\/li>\n<li>Levita\u00e7\u00f5es;<\/li>\n<li>Conselheiro Espiritual;<\/li>\n<li>Lia a mente e consci\u00eancia das pessoas;<\/li>\n<li>Curandeiro de doen\u00e7as.<\/li>\n<\/ul>\n<p>Geraldo tinha facilidade em pregar e em converter os pecadores e por isso, teve sua fama espalhada por ser um Santo com uma alma bondosa e caridosa.<\/p>\n<p>Em vida ele ainda fez diversos milagres, e isso impressionava a todos, pois muitos testemunhavam qu\u00e3o grande eram seus dons: ressuscitou um garoto, multiplicou o p\u00e3o diversas vezes e andou pelas \u00e1guas salvando pescadores de uma tempestade horr\u00edvel.<\/p>\n<p>Voc\u00ea tamb\u00e9m acredita em profecias? H\u00e1 pessoas que despertam o lado medi\u00fanico com maior facilidade e podem te ajudar om orienta\u00e7\u00f5es s\u00e1bias. <a href=\"https:\/\/www.iquilibrio.com\/salmos\/\"><span class=\"class-texto-consultas\">Clique aqui<\/span><\/a> e fale agora mesmo com um esot\u00e9rico online especialista em ora\u00e7\u00f5es e salmos!<\/p>\n<h3>Falecimento e Canoniza\u00e7\u00e3o de S\u00e3o Geraldo<\/h3>\n<p>S\u00e3o Geraldo faleceu na It\u00e1lia, em 1755, sendo v\u00edtima de uma dolorosa tuberculose. Seu t\u00famulo foi visto como sagrado, e recebeu peregrina\u00e7\u00f5es de diversos lugares.<\/p>\n<p>No ano de 1893 que foi beatificado, e s\u00f3 em 1904 foi canonizado pelo Papa Pio X.<\/p>\n<h2>Ora\u00e7\u00e3o de\u00a0S\u00e3o Geraldo<\/h2>\n<h3>Ora\u00e7\u00e3o 1<\/h3>\n<blockquote><p>&#8220;\u00d3 <strong>S\u00e3o Geraldo<\/strong>, que com teu poder e aux\u00edlio, com as tuas gra\u00e7as e com os teus favores, inumer\u00e1veis cora\u00e7\u00f5es atra\u00edste a ti, te tornastes o consolador de tantos aflitos, o al\u00edvio de tantos pobres, o m\u00e9dico de tantos enfermos;<br \/>\nTu que fazes chorar de consola\u00e7\u00e3o os teus devotos, tu que o tornaste a admira\u00e7\u00e3o de povos inteiros, fa\u00e7a que n\u00e3o seja eu a \u00fanica pessoa que, invocando-te, n\u00e3o seja ouvida.<br \/>\nL\u00ea no meu cora\u00e7\u00e3o quanto sofro! L\u00ea na minha consci\u00eancia, na minha alma e sara-me! Conforta-me! Consola-me!<br \/>\nTu bem sabes qual a desgra\u00e7a que me oprime, qual o mal que me aflige!<br \/>\nE como consentes ver-me assim gemer, assim chorar, sem mover-te a minha piedade? S\u00e3o Geraldo!<br \/>\nVem, depressa socorrer-me! S\u00e3o Geraldo!<br \/>\nFaze que eu te tenha sempre nos meus l\u00e1bios como tantos outros!<br \/>\nQuando tiveres me ouvido e consolado, ter\u00e1s tamb\u00e9m os louvores e agradecimentos daqueles que me amam e que padecem por mim.<br \/>\nQue te custa sarar-me? Nunca deixarei de chamar-te, at\u00e9 que me tenhas plenamente ouvido.<br \/>\n\u00c9 verdade que n\u00e3o mere\u00e7o os teus favores, mas ouve-me.&#8221;<\/p><\/blockquote>\n<h3>Ora\u00e7\u00e3o 3<\/h3>\n<blockquote><p>&#8220;\u00d3 S\u00e3o Geraldo, cujo cora\u00e7\u00e3o foi formado, na escolha divina do<strong> Cora\u00e7\u00e3o de Jesus<\/strong>, a vossa caridade, atraiu todos aqueles que tiveram a felicidade de vos conhecer. V\u00f3s fostes o pai dos pobres, e amigo dos oper\u00e1rios, o anjo das crian\u00e7as, m\u00e9dico dos enfermos, o ref\u00fagio dos aflitos, o socorro dos que estavam em necessidades, salvador que se achavam em perigo, a luz dos ignorantes o sustent\u00e1culo das almas tentadas, libertador dos possessos do dem\u00f4nio, o guia no caminho da perfei\u00e7\u00e3o, o protetor das voca\u00e7\u00f5es religiosas, o incans\u00e1vel mission\u00e1rio das almas transviadas. Todos esses t\u00edtulos, \u00f3 irm\u00e3o muito amado, fazem nascer em nossos cora\u00e7\u00f5es a maior confian\u00e7a em v\u00f3s. Pois bem, tamb\u00e9m n\u00f3s precisamos de um pai, de um irm\u00e3o, de um amigo, dum consolador, dum protetor; enfim, que queira patrocinar os nossos interesses. E \u00e9 a v\u00f3s, \u00f3 terno amigo de Jesus, que se elevam as nossas esperan\u00e7as.<br \/>\nV\u00f3s bem sabeis o que desejamos, em nome de Jesus e Maria, del\u00edcias do vosso cora\u00e7\u00e3o \u00d3 S\u00e3o Geraldo, atendei-nos e ouvi a nossa s\u00faplica. Am\u00e9m!&#8221;<\/p><\/blockquote>\n<h3>Ora\u00e7\u00e3o 4<\/h3>\n<blockquote><p>&#8220;S\u00e3o Geraldo contemplo muitas vezes, em meu esp\u00edrito, aqueles mendigos que diariamente se encontravam a porta do convento, cujo \u00e9reis o caridoso porteiro. E sempre os socorrestes, ainda que fossem precisos grandes milagres. Mas agora \u00e9 uma legi\u00e3o de mendigos que, em todo mundo, circundam a vossa imagem. O seu n\u00famero aumenta dia a dia. E n\u00e3o h\u00e1 um mendigo que se n\u00e3o afaste com as m\u00e3os repletas de tesouros da munific\u00eancia divina. Como Deus \u00e9 bom Pai, Maria eterna M\u00e3e e v\u00f3s auxiliar poderoso! Somos, por\u00e9m verdadeiros mendigos queremos tudo, e, depois de satisfeitos, n\u00e3o nos lembramos mais dos benef\u00edcios recebidos; at\u00e9 nos esquecemos de agradecer a Jesus, a Maria e a v\u00f3s. Sinto-me confuso de pertencer ao n\u00famero desses ingratos. Mas quero corrigir-me. Sejam louvados e engrandecidos, por toda a eternidade,<strong> Jesus e Maria<\/strong>. Ofere\u00e7o-lhes o vosso cora\u00e7\u00e3o agradecido, para em meu nome lhes mostrar o meu reconhecimento. Tamb\u00e9m a v\u00f3s, \u00d3 S\u00e3o Geraldo, testemunho minha eterna gratid\u00e3o. Que ela \u00e9 sincera, provar\u00e1 minha vida de cat\u00f3lico fervoroso e praticante. Que os vossos devotos, \u00d3 S\u00e3o Geraldo, sejam os mais gratos e os mais ardorosos adoradores, em esp\u00edrito e verdade, da Trindade Sant\u00edssima: Pai, Filho e Esp\u00edrito Santo. Am\u00e9m. &#8220;<\/p><\/blockquote>\n<h2>Novena\u00a0de S\u00e3o Geraldo<\/h2>\n<p>Para realizar a Novena, fa\u00e7a todos os dias: a Ora\u00e7\u00e3o Inicial, a Ora\u00e7\u00e3o do dia, a Ora\u00e7\u00e3o Final e reze 1 Pai-Nosso e 1 Ave-Maria.<\/p>\n<h3>Ora\u00e7\u00e3o Inicial<\/h3>\n<blockquote><p>&#8220;\u00d3 S\u00e3o Geraldo, reunidos em nome de Cristo, pedimos a vossa intercess\u00e3o por toda a Igreja, por todos os homens e mulheres, como tamb\u00e9m por n\u00f3s mesmos e nossas fam\u00edlias. Intercedei por n\u00f3s para que sejamos d\u00f3ceis aos apelos da gra\u00e7a de Deus em nossa vida, para que acolhamos a santa vontade de Deus, para que sejamos disc\u00edpulos do seu Filho Jesus Cristo, construindo no mundo o Reino que ele inaugurou. Alcan\u00e7ai-nos as gra\u00e7a de que necessitamos para viver bem a nossa vida, com amor, sa\u00fade, paz e alegria.&#8221;<\/p><\/blockquote>\n<h3>Ora\u00e7\u00e3o Final<\/h3>\n<blockquote><p>&#8220;Deus nosso Pai, S\u00e3o Geraldo nos mostra que seu projeto de amor para n\u00f3s \u00e9 muito melhor do que ousamos imaginar. Olhai para as nossas necessidades, mas ajudai-nos a nos entregar totalmente a V\u00f3s, acolhendo vossa vontade para n\u00f3s e nossos irm\u00e3os. N\u00f3s apresentamos humildemente o que queremos de v\u00f3s, mas tamb\u00e9m abra\u00e7amos o que quereis de n\u00f3s. Que saibamos nos ocupar n\u00e3o s\u00f3 de nossos interesses, mas tamb\u00e9m dos vossos, a exemplo de S\u00e3o Geraldo. Por Cristo, Nosso Senhor, na unidade do Esp\u00edrito Santo. Am\u00e9m!&#8221;<\/p><\/blockquote>\n<h3>Primeiro Dia<\/h3>\n<blockquote>\n<div>&#8220;Deus, nosso Pai, enriquecestes a alma de vosso servo Geraldo de tanta luz e de tantas gra\u00e7as a ponto de fazer de sua vida um perene &#8220;sim&#8221; ao vosso amor e \u00e0 vossa vontade. &#8220;Sim&#8221; durante toda a vida, &#8220;sim&#8221; na morte, aceita por vosso amor, na vis\u00e3o da M\u00e3e do C\u00e9u. Concedei tamb\u00e9m a n\u00f3s o sermos generosos ao vosso chamado e a vosso convite com um &#8220;sim&#8221; perene e alegre \u00e0 vossa vontade. Am\u00e9m.&#8221;<\/div>\n<\/blockquote>\n<h3>Segundo Dia<\/h3>\n<blockquote><p>&#8220;Senhor, nosso Pai, chamastes vosso servo Geraldo \u00e0 caridade perfeita. Movido pelo Esp\u00edrito Santo, vos consagrou sua vida na Congrega\u00e7\u00e3o do Sant\u00edssimo Redentor e promoveu vossa gl\u00f3ria no humilde servi\u00e7o de irm\u00e3o coadjutor. Com seu exemplo, tomai-nos atentos \u00e0 voz do Esp\u00edrito, para que em nossas tarefas procuremos e amemos a v\u00f3s com todo o cora\u00e7\u00e3o, com toda a mente e com todas as for\u00e7as.&#8221;<\/p><\/blockquote>\n<h3>Terceiro Dia<\/h3>\n<blockquote>\n<div>&#8220;Senhor, nosso Deus, vos pedimos que nos fa\u00e7ais compreender sempre mais a necessidade de viver, fazendo a vossa vontade sempre e por toda parte. O pr\u00f3prio Jesus nos ensinou a pedir: &#8220;Seja feita a vossa vontade, assim na terra como no c\u00e9u&#8221;. S\u00e3o Geraldo, vosso servo, preocupou-se sempre com o fazer vossa vontade, at\u00e9 fazer disso o programa de sua vida: &#8220;Aqui se faz a vontade de Deus, como Ele quer e em todo o tempo que lhe agradar&#8221;, escreveu ele na porta de seu quarto. Por intercess\u00e3o de S\u00e3o Geraldo, dai-nos esta gra\u00e7a! Interceda junto a v\u00f3s. Senhor, nossa M\u00e3e Maria Sant\u00edssima, para que compreendamos a import\u00e2ncia disto e procuremos fazer vossa vontade em todos os dias de nossa vida.&#8221;<\/div>\n<\/blockquote>\n<h3>Quarto Dia<\/h3>\n<blockquote>\n<div>&#8220;Senhor, nosso Pai, infundistes em vosso servo Geraldo tal esp\u00edrito que fez dele &#8220;homem de ora\u00e7\u00e3o&#8221;. Estava sempre absorto em v\u00f3s; a v\u00f3s elevava a realidade quotidiana, feita de humildes coisas, de humildes ocupa\u00e7\u00f5es. A ora\u00e7\u00e3o florescia em seus l\u00e1bios, como o sorriso no rosto de uma crian\u00e7a. O milagre acompanhava a ora\u00e7\u00e3o e era o carimbo que d\u00e1veis \u00e0 sua ora\u00e7\u00e3o. Fazei que possamos rezar sempre, como Jesus nos recomendou: \u201crezai sempre e n\u00e3o vos canseis\u201d<\/div>\n<\/blockquote>\n<h3>Quinto Dia<\/h3>\n<blockquote>\n<div>&#8220;Deus, nosso Pai, cremos no mist\u00e9rio do Corpo e Sangue de Jesus presente na Eucaristia. Cremos e adoramos! Principalmente fazemos nossa Comunh\u00e3o, atrav\u00e9s do convite de Jesus para que, revigorados com este P\u00e3o, possamos continuar nosso caminho de salva\u00e7\u00e3o. S\u00e3o Geraldo foi o anjo da Eucaristia: sua vida era sempre uma cont\u00ednua adora\u00e7\u00e3o, cont\u00ednua comunh\u00e3o com Vosso Filho. Fazei Pai nosso que n\u00f3s aproximemos de v\u00f3s todos os dias com o mesmo ardor de S\u00e3o Geraldo, para que um dia possamos ver e amar a Cristo n\u00e3o mais sob a esp\u00e9cie eucar\u00edstica, mas\u00a0em sua Pessoa\u00a0no c\u00e9u.&#8221;<\/div>\n<\/blockquote>\n<h3>Sexto Dia<\/h3>\n<blockquote>\n<div>&#8220;Deus, nosso Pai, fizestes de vosso servo Geraldo um ap\u00f3stolo da caridade para com os irm\u00e3os, e o colocastes como consolador dos aflitos, anjo de conforto. Dai-nos disponibilidade para compreender os necessitados, coragem em socorrer os pobres e amor no acolher os marginalizados, reconhecendo em todos a face de teu\u00a0\u00a0amor.&#8221;<\/div>\n<\/blockquote>\n<h3>S\u00e9timo Dia<\/h3>\n<blockquote>\n<div>&#8221; Senhor, Pai nosso, tomastes vosso servo Geraldo<\/div>\n<div>\u00a0paciente na adversidade, austero na penit\u00eancia, alegre nas tribula\u00e7\u00f5es; fazei-nos valorizar as dores que a vida nos oferece como feliz meio de santifica\u00e7\u00e3o&#8221;<\/div>\n<\/blockquote>\n<h3>Oitavo Dia<\/h3>\n<blockquote>\n<div>&#8220;\u00d3 Senhor, Pai nosso, que nos dais a alegria de vos chamar Pai, fazei, atrav\u00e9s das pequenas alegrias que colocais em nossa vida, possamos nos aproximar de v\u00f3s, fonte de toda felicidade. Fazei que todos os homens, sofrendo, alegrando-se, cantando, caindo, se levantando, possam caminhar para v\u00f3s, at\u00e9 o dia em que de n\u00f3s desaparecer\u00e1 a F\u00e9 e a Esperan\u00e7a, e restar\u00e3o somente o amor a v\u00f3s. Deus Pai, ao Filho e ao Esp\u00edrito Santo. Este pedido o confiamos ao glorioso S\u00e3o Geraldo, pedindo que o aceiteis pelos m\u00e9ritos de vosso Filho, Cristo Crucificado.&#8221;<\/div>\n<\/blockquote>\n<h3>Nono dia<\/h3>\n<blockquote>\n<div>\u00d3 Senhor, Pai nosso, que nos destes Maria como M\u00e3e, Mestra, Guia, Conselheira; que enchestes sua alma de todas as gra\u00e7as e de todos os benef\u00edcios; que enriquecestes seu corpo de toda beleza e pureza concedei a n\u00f3s, vossos filhos, a gra\u00e7a de sermos prontos e obedientes \u00e0s apari\u00e7\u00f5es de Maria sant\u00edssima, e assim seguir o exemplo de S\u00e3o Geraldo no amar, no honrar, e assim servir-te at\u00e9 o fim de nossa vida,, at\u00e9 que depois deste ex\u00edlio possamos v\u00ea-la e am\u00e1-la, para sempre no c\u00e9u\u00a0\u00a0&#8220;Oh clemente,oh\u00a0\u00a0pia,oh doce Virgem Maria!&#8221;<\/div>\n<\/blockquote>\n<p>Que S\u00e3o Geraldo tamb\u00e9m possa aben\u00e7oar sua vida trazendo paz, amor, f\u00e9 e sa\u00fade!<\/p>\n<p>Se voc\u00ea quer quer ler mais artigos relacionados a esse assunto, acesse <a href=\"https:\/\/www.iquilibrio.com\/blog\/espiritualidade\/cristianismo\/\">nossa \u00e1rea do cristianismo<\/a>!<\/p>\n<p style=\"text-align: center;\"><span style=\"color: #ffffff;\"><a style=\"color: #ffffff;\" href=\"https:\/\/www.iquilibrio.com\/esotericos\/\"><span class=\"td_btn td_btn_lg td_round_btn class-cta2\">Ven\u00e7a Seus Desafios de Vida Com a Ajuda de Esot\u00e9ricos Experientes<\/span><\/a><\/span><\/p>\n\n\n<div class=\"kk-star-ratings kksr-auto kksr-align-left kksr-valign-bottom\"\n    data-payload='{&quot;align&quot;:&quot;left&quot;,&quot;id&quot;:&quot;10144&quot;,&quot;slug&quot;:&quot;default&quot;,&quot;valign&quot;:&quot;bottom&quot;,&quot;ignore&quot;:&quot;&quot;,&quot;reference&quot;:&quot;auto&quot;,&quot;class&quot;:&quot;&quot;,&quot;count&quot;:&quot;0&quot;,&quot;legendonly&quot;:&quot;&quot;,&quot;readonly&quot;:&quot;&quot;,&quot;score&quot;:&quot;0&quot;,&quot;starsonly&quot;:&quot;&quot;,&quot;best&quot;:&quot;5&quot;,&quot;gap&quot;:&quot;5&quot;,&quot;greet&quot;:&quot;Rate this post&quot;,&quot;legend&quot;:&quot;0\\\/5 - (0 voto)&quot;,&quot;size&quot;:&quot;24&quot;,&quot;title&quot;:&quot;Conhe\u00e7a tudo sobre S\u00e3o Geraldo Majela&quot;,&quot;width&quot;:&quot;0&quot;,&quot;_legend&quot;:&quot;{score}\\\/{best} - ({count} {votes})&quot;,&quot;font_factor&quot;:&quot;1.25&quot;}'>\n            \n<div class=\"kksr-stars\">\n    \n<div class=\"kksr-stars-inactive\">\n            <div class=\"kksr-star\" data-star=\"1\" style=\"padding-right: 5px\">\n            \n\n<div class=\"kksr-icon\" style=\"width: 24px; height: 24px;\"><\/div>\n        <\/div>\n            <div class=\"kksr-star\" data-star=\"2\" style=\"padding-right: 5px\">\n            \n\n<div class=\"kksr-icon\" style=\"width: 24px; height: 24px;\"><\/div>\n        <\/div>\n            <div class=\"kksr-star\" data-star=\"3\" style=\"padding-right: 5px\">\n            \n\n<div class=\"kksr-icon\" style=\"width: 24px; height: 24px;\"><\/div>\n        <\/div>\n            <div class=\"kksr-star\" data-star=\"4\" style=\"padding-right: 5px\">\n            \n\n<div class=\"kksr-icon\" style=\"width: 24px; height: 24px;\"><\/div>\n        <\/div>\n            <div class=\"kksr-star\" data-star=\"5\" style=\"padding-right: 5px\">\n            \n\n<div class=\"kksr-icon\" style=\"width: 24px; height: 24px;\"><\/div>\n        <\/div>\n    <\/div>\n    \n<div class=\"kksr-stars-active\" style=\"width: 0px;\">\n            <div class=\"kksr-star\" style=\"padding-right: 5px\">\n            \n\n<div class=\"kksr-icon\" style=\"width: 24px; height: 24px;\"><\/div>\n        <\/div>\n            <div class=\"kksr-star\" style=\"padding-right: 5px\">\n            \n\n<div class=\"kksr-icon\" style=\"width: 24px; height: 24px;\"><\/div>\n        <\/div>\n            <div class=\"kksr-star\" style=\"padding-right: 5px\">\n            \n\n<div class=\"kksr-icon\" style=\"width: 24px; height: 24px;\"><\/div>\n        <\/div>\n            <div class=\"kksr-star\" style=\"padding-right: 5px\">\n            \n\n<div class=\"kksr-icon\" style=\"width: 24px; height: 24px;\"><\/div>\n        <\/div>\n            <div class=\"kksr-star\" style=\"padding-right: 5px\">\n            \n\n<div class=\"kksr-icon\" style=\"width: 24px; height: 24px;\"><\/div>\n        <\/div>\n    <\/div>\n<\/div>\n                \n\n<div class=\"kksr-legend\" style=\"font-size: 19.2px;\">\n            <span class=\"kksr-muted\">Rate this post<\/span>\n    <\/div>\n    <\/div>\n","protected":false},"excerpt":{"rendered":"<p>Celebra-se em 16 de Outubro o dia de S\u00e3o Geraldo, padroeiro dos alfaiates, das crian\u00e7as, enfermos, dos pecadores, dos irm\u00e3os leigos e de pessoas que passam por injusti\u00e7as. Abra seus Caminhos AQUI com a Orienta\u00e7\u00e3o dos Melhores Especialistas em Salmos &nbsp; Ele viveu na It\u00e1lia e por onde passou operou v\u00e1rios milagres que emocionou o [&hellip;]<\/p>\n","protected":false},"author":20,"featured_media":10182,"comment_status":"open","ping_status":"open","sticky":false,"template":"","format":"standard","meta":{"footnotes":""},"categories":[504],"tags":[1866,1864,1880],"class_list":["post-10144","post","type-post","status-publish","format-standard","has-post-thumbnail","hentry","category-cristianismo","tag-santo-geraldo","tag-sao-geraldo","tag-sao-geraldo-majela"],"yoast_head":"<!-- This site is optimized with the Yoast SEO plugin v27.4 - https:\/\/yoast.com\/product\/yoast-seo-wordpress\/ -->\n<title>S\u00e3o Geraldo Majela - Conhe\u00e7a a Hist\u00f3ria Deste Santo| iQuilibrio<\/title>\n<meta name=\"description\" content=\"Confira toda hist\u00f3ria de S\u00e3o Geraldo e se emocione com seus milagres! Ele salvou e curou diversas pessoas, deixando seu legado de santidade para n\u00f3s!\" \/>\n<meta name=\"robots\" content=\"index, follow, max-snippet:-1, max-image-preview:large, max-video-preview:-1\" \/>\n<link rel=\"canonical\" href=\"https:\/\/www.iquilibrio.com\/blog\/espiritualidade\/cristianismo\/sao-geraldo\/\" \/>\n<meta property=\"og:locale\" content=\"pt_BR\" \/>\n<meta property=\"og:type\" content=\"article\" \/>\n<meta property=\"og:title\" content=\"S\u00e3o Geraldo Majela - Conhe\u00e7a a Hist\u00f3ria Deste Santo| iQuilibrio\" \/>\n<meta property=\"og:description\" content=\"Confira toda hist\u00f3ria de S\u00e3o Geraldo e se emocione com seus milagres! Ele salvou e curou diversas pessoas, deixando seu legado de santidade para n\u00f3s!\" \/>\n<meta property=\"og:url\" content=\"https:\/\/www.iquilibrio.com\/blog\/espiritualidade\/cristianismo\/sao-geraldo\/\" \/>\n<meta property=\"og:site_name\" content=\"iQuilibrio\" \/>\n<meta property=\"article:publisher\" content=\"https:\/\/www.facebook.com\/iQuilibrio\/\" \/>\n<meta property=\"article:published_time\" content=\"2018-10-16T10:05:14+00:00\" \/>\n<meta property=\"article:modified_time\" content=\"2019-03-20T14:38:12+00:00\" \/>\n<meta property=\"og:image\" content=\"https:\/\/www.iquilibrio.com\/blog\/wp-content\/uploads\/2016\/10\/sao_geraldo_blog.jpg\" \/>\n\t<meta property=\"og:image:width\" content=\"900\" \/>\n\t<meta property=\"og:image:height\" content=\"560\" \/>\n\t<meta property=\"og:image:type\" content=\"image\/jpeg\" \/>\n<meta name=\"author\" content=\"Reda\u00e7\u00e3o iQuilibrio\" \/>\n<meta name=\"twitter:card\" content=\"summary_large_image\" \/>\n<meta name=\"twitter:creator\" content=\"@iquilibrio\" \/>\n<meta name=\"twitter:site\" content=\"@iquilibrio\" \/>\n<meta name=\"twitter:label1\" content=\"Escrito por\" \/>\n\t<meta name=\"twitter:data1\" content=\"Reda\u00e7\u00e3o iQuilibrio\" \/>\n\t<meta name=\"twitter:label2\" content=\"Est. tempo de leitura\" \/>\n\t<meta name=\"twitter:data2\" content=\"11 minutos\" \/>\n<script type=\"application\/ld+json\" class=\"yoast-schema-graph\">{\"@context\":\"https:\\\/\\\/schema.org\",\"@graph\":[{\"@type\":\"Article\",\"@id\":\"https:\\\/\\\/www.iquilibrio.com\\\/blog\\\/espiritualidade\\\/cristianismo\\\/sao-geraldo\\\/#article\",\"isPartOf\":{\"@id\":\"https:\\\/\\\/www.iquilibrio.com\\\/blog\\\/espiritualidade\\\/cristianismo\\\/sao-geraldo\\\/\"},\"author\":{\"name\":\"Reda\u00e7\u00e3o iQuilibrio\",\"@id\":\"https:\\\/\\\/www.iquilibrio.com\\\/blog\\\/#\\\/schema\\\/person\\\/199505a1f0db0d00f022188666c75dca\"},\"headline\":\"Conhe\u00e7a tudo sobre S\u00e3o Geraldo Majela\",\"datePublished\":\"2018-10-16T10:05:14+00:00\",\"dateModified\":\"2019-03-20T14:38:12+00:00\",\"mainEntityOfPage\":{\"@id\":\"https:\\\/\\\/www.iquilibrio.com\\\/blog\\\/espiritualidade\\\/cristianismo\\\/sao-geraldo\\\/\"},\"wordCount\":2245,\"commentCount\":0,\"publisher\":{\"@id\":\"https:\\\/\\\/www.iquilibrio.com\\\/blog\\\/#organization\"},\"image\":{\"@id\":\"https:\\\/\\\/www.iquilibrio.com\\\/blog\\\/espiritualidade\\\/cristianismo\\\/sao-geraldo\\\/#primaryimage\"},\"thumbnailUrl\":\"https:\\\/\\\/www.iquilibrio.com\\\/blog\\\/wp-content\\\/uploads\\\/2016\\\/10\\\/sao_geraldo_blog.jpg\",\"keywords\":[\"Santo Geraldo\",\"S\u00e3o Geraldo\",\"S\u00e3o Geraldo Majela\"],\"articleSection\":[\"Cristianismo\"],\"inLanguage\":\"pt-BR\"},{\"@type\":\"WebPage\",\"@id\":\"https:\\\/\\\/www.iquilibrio.com\\\/blog\\\/espiritualidade\\\/cristianismo\\\/sao-geraldo\\\/\",\"url\":\"https:\\\/\\\/www.iquilibrio.com\\\/blog\\\/espiritualidade\\\/cristianismo\\\/sao-geraldo\\\/\",\"name\":\"S\u00e3o Geraldo Majela - Conhe\u00e7a a Hist\u00f3ria Deste Santo| iQuilibrio\",\"isPartOf\":{\"@id\":\"https:\\\/\\\/www.iquilibrio.com\\\/blog\\\/#website\"},\"primaryImageOfPage\":{\"@id\":\"https:\\\/\\\/www.iquilibrio.com\\\/blog\\\/espiritualidade\\\/cristianismo\\\/sao-geraldo\\\/#primaryimage\"},\"image\":{\"@id\":\"https:\\\/\\\/www.iquilibrio.com\\\/blog\\\/espiritualidade\\\/cristianismo\\\/sao-geraldo\\\/#primaryimage\"},\"thumbnailUrl\":\"https:\\\/\\\/www.iquilibrio.com\\\/blog\\\/wp-content\\\/uploads\\\/2016\\\/10\\\/sao_geraldo_blog.jpg\",\"datePublished\":\"2018-10-16T10:05:14+00:00\",\"dateModified\":\"2019-03-20T14:38:12+00:00\",\"description\":\"Confira toda hist\u00f3ria de S\u00e3o Geraldo e se emocione com seus milagres! Ele salvou e curou diversas pessoas, deixando seu legado de santidade para n\u00f3s!\",\"breadcrumb\":{\"@id\":\"https:\\\/\\\/www.iquilibrio.com\\\/blog\\\/espiritualidade\\\/cristianismo\\\/sao-geraldo\\\/#breadcrumb\"},\"inLanguage\":\"pt-BR\",\"potentialAction\":[{\"@type\":\"ReadAction\",\"target\":[\"https:\\\/\\\/www.iquilibrio.com\\\/blog\\\/espiritualidade\\\/cristianismo\\\/sao-geraldo\\\/\"]}]},{\"@type\":\"ImageObject\",\"inLanguage\":\"pt-BR\",\"@id\":\"https:\\\/\\\/www.iquilibrio.com\\\/blog\\\/espiritualidade\\\/cristianismo\\\/sao-geraldo\\\/#primaryimage\",\"url\":\"https:\\\/\\\/www.iquilibrio.com\\\/blog\\\/wp-content\\\/uploads\\\/2016\\\/10\\\/sao_geraldo_blog.jpg\",\"contentUrl\":\"https:\\\/\\\/www.iquilibrio.com\\\/blog\\\/wp-content\\\/uploads\\\/2016\\\/10\\\/sao_geraldo_blog.jpg\",\"width\":900,\"height\":560,\"caption\":\"S\u00e3o Geraldo Majela\"},{\"@type\":\"BreadcrumbList\",\"@id\":\"https:\\\/\\\/www.iquilibrio.com\\\/blog\\\/espiritualidade\\\/cristianismo\\\/sao-geraldo\\\/#breadcrumb\",\"itemListElement\":[{\"@type\":\"ListItem\",\"position\":1,\"name\":\"In\u00edcio\",\"item\":\"https:\\\/\\\/www.iquilibrio.com\\\/blog\\\/\"},{\"@type\":\"ListItem\",\"position\":2,\"name\":\"Conhe\u00e7a tudo sobre S\u00e3o Geraldo Majela\"}]},{\"@type\":\"WebSite\",\"@id\":\"https:\\\/\\\/www.iquilibrio.com\\\/blog\\\/#website\",\"url\":\"https:\\\/\\\/www.iquilibrio.com\\\/blog\\\/\",\"name\":\"iQuilibrio\",\"description\":\"Blog iQuilibrio\",\"publisher\":{\"@id\":\"https:\\\/\\\/www.iquilibrio.com\\\/blog\\\/#organization\"},\"potentialAction\":[{\"@type\":\"SearchAction\",\"target\":{\"@type\":\"EntryPoint\",\"urlTemplate\":\"https:\\\/\\\/www.iquilibrio.com\\\/blog\\\/?s={search_term_string}\"},\"query-input\":{\"@type\":\"PropertyValueSpecification\",\"valueRequired\":true,\"valueName\":\"search_term_string\"}}],\"inLanguage\":\"pt-BR\"},{\"@type\":\"Organization\",\"@id\":\"https:\\\/\\\/www.iquilibrio.com\\\/blog\\\/#organization\",\"name\":\"Esoterismo, Misticismo e Tarot Online - iQuilibrio\",\"url\":\"https:\\\/\\\/www.iquilibrio.com\\\/blog\\\/\",\"logo\":{\"@type\":\"ImageObject\",\"inLanguage\":\"pt-BR\",\"@id\":\"https:\\\/\\\/www.iquilibrio.com\\\/blog\\\/#\\\/schema\\\/logo\\\/image\\\/\",\"url\":\"https:\\\/\\\/www.iquilibrio.com\\\/blog\\\/wp-content\\\/uploads\\\/2018\\\/12\\\/iquilibrio_lovo_vetor_preto-retina.png\",\"contentUrl\":\"https:\\\/\\\/www.iquilibrio.com\\\/blog\\\/wp-content\\\/uploads\\\/2018\\\/12\\\/iquilibrio_lovo_vetor_preto-retina.png\",\"width\":972,\"height\":180,\"caption\":\"Esoterismo, Misticismo e Tarot Online - iQuilibrio\"},\"image\":{\"@id\":\"https:\\\/\\\/www.iquilibrio.com\\\/blog\\\/#\\\/schema\\\/logo\\\/image\\\/\"},\"sameAs\":[\"https:\\\/\\\/www.facebook.com\\\/iQuilibrio\\\/\",\"https:\\\/\\\/x.com\\\/iquilibrio\",\"https:\\\/\\\/www.instagram.com\\\/iquilibrio\\\/\",\"https:\\\/\\\/www.linkedin.com\\\/company\\\/iquilibrio\\\/\",\"https:\\\/\\\/br.pinterest.com\\\/iquilibrio1397\\\/\",\"https:\\\/\\\/www.youtube.com\\\/channel\\\/UC175qxd-4Zsi4wzawT5zF2g\"]},{\"@type\":\"Person\",\"@id\":\"https:\\\/\\\/www.iquilibrio.com\\\/blog\\\/#\\\/schema\\\/person\\\/199505a1f0db0d00f022188666c75dca\",\"name\":\"Reda\u00e7\u00e3o iQuilibrio\",\"image\":{\"@type\":\"ImageObject\",\"inLanguage\":\"pt-BR\",\"@id\":\"https:\\\/\\\/www.iquilibrio.com\\\/blog\\\/wp-content\\\/uploads\\\/2021\\\/12\\\/Consulta-por-email-3-150x150.png\",\"url\":\"https:\\\/\\\/www.iquilibrio.com\\\/blog\\\/wp-content\\\/uploads\\\/2021\\\/12\\\/Consulta-por-email-3-150x150.png\",\"contentUrl\":\"https:\\\/\\\/www.iquilibrio.com\\\/blog\\\/wp-content\\\/uploads\\\/2021\\\/12\\\/Consulta-por-email-3-150x150.png\",\"caption\":\"Reda\u00e7\u00e3o iQuilibrio\"},\"description\":\"A equipe de reda\u00e7\u00e3o da iQuilibrio \u00e9 composta pelos mais diversos especialistas e esot\u00e9ricos. Al\u00e9m de dominar a arte de traduzir as energias que o universo emana, nossos redatores sentem imenso prazer em trabalhar com palavras. Boa leitura e um \u00f3timo aprendizado!\",\"url\":\"https:\\\/\\\/www.iquilibrio.com\\\/blog\\\/author\\\/juliana\\\/\"}]}<\/script>\n<!-- \/ Yoast SEO plugin. -->","yoast_head_json":{"title":"S\u00e3o Geraldo Majela - Conhe\u00e7a a Hist\u00f3ria Deste Santo| iQuilibrio","description":"Confira toda hist\u00f3ria de S\u00e3o Geraldo e se emocione com seus milagres! Ele salvou e curou diversas pessoas, deixando seu legado de santidade para n\u00f3s!","robots":{"index":"index","follow":"follow","max-snippet":"max-snippet:-1","max-image-preview":"max-image-preview:large","max-video-preview":"max-video-preview:-1"},"canonical":"https:\/\/www.iquilibrio.com\/blog\/espiritualidade\/cristianismo\/sao-geraldo\/","og_locale":"pt_BR","og_type":"article","og_title":"S\u00e3o Geraldo Majela - Conhe\u00e7a a Hist\u00f3ria Deste Santo| iQuilibrio","og_description":"Confira toda hist\u00f3ria de S\u00e3o Geraldo e se emocione com seus milagres! Ele salvou e curou diversas pessoas, deixando seu legado de santidade para n\u00f3s!","og_url":"https:\/\/www.iquilibrio.com\/blog\/espiritualidade\/cristianismo\/sao-geraldo\/","og_site_name":"iQuilibrio","article_publisher":"https:\/\/www.facebook.com\/iQuilibrio\/","article_published_time":"2018-10-16T10:05:14+00:00","article_modified_time":"2019-03-20T14:38:12+00:00","og_image":[{"width":900,"height":560,"url":"https:\/\/www.iquilibrio.com\/blog\/wp-content\/uploads\/2016\/10\/sao_geraldo_blog.jpg","type":"image\/jpeg"}],"author":"Reda\u00e7\u00e3o iQuilibrio","twitter_card":"summary_large_image","twitter_creator":"@iquilibrio","twitter_site":"@iquilibrio","twitter_misc":{"Escrito por":"Reda\u00e7\u00e3o iQuilibrio","Est. tempo de leitura":"11 minutos"},"schema":{"@context":"https:\/\/schema.org","@graph":[{"@type":"Article","@id":"https:\/\/www.iquilibrio.com\/blog\/espiritualidade\/cristianismo\/sao-geraldo\/#article","isPartOf":{"@id":"https:\/\/www.iquilibrio.com\/blog\/espiritualidade\/cristianismo\/sao-geraldo\/"},"author":{"name":"Reda\u00e7\u00e3o iQuilibrio","@id":"https:\/\/www.iquilibrio.com\/blog\/#\/schema\/person\/199505a1f0db0d00f022188666c75dca"},"headline":"Conhe\u00e7a tudo sobre S\u00e3o Geraldo Majela","datePublished":"2018-10-16T10:05:14+00:00","dateModified":"2019-03-20T14:38:12+00:00","mainEntityOfPage":{"@id":"https:\/\/www.iquilibrio.com\/blog\/espiritualidade\/cristianismo\/sao-geraldo\/"},"wordCount":2245,"commentCount":0,"publisher":{"@id":"https:\/\/www.iquilibrio.com\/blog\/#organization"},"image":{"@id":"https:\/\/www.iquilibrio.com\/blog\/espiritualidade\/cristianismo\/sao-geraldo\/#primaryimage"},"thumbnailUrl":"https:\/\/www.iquilibrio.com\/blog\/wp-content\/uploads\/2016\/10\/sao_geraldo_blog.jpg","keywords":["Santo Geraldo","S\u00e3o Geraldo","S\u00e3o Geraldo Majela"],"articleSection":["Cristianismo"],"inLanguage":"pt-BR"},{"@type":"WebPage","@id":"https:\/\/www.iquilibrio.com\/blog\/espiritualidade\/cristianismo\/sao-geraldo\/","url":"https:\/\/www.iquilibrio.com\/blog\/espiritualidade\/cristianismo\/sao-geraldo\/","name":"S\u00e3o Geraldo Majela - Conhe\u00e7a a Hist\u00f3ria Deste Santo| iQuilibrio","isPartOf":{"@id":"https:\/\/www.iquilibrio.com\/blog\/#website"},"primaryImageOfPage":{"@id":"https:\/\/www.iquilibrio.com\/blog\/espiritualidade\/cristianismo\/sao-geraldo\/#primaryimage"},"image":{"@id":"https:\/\/www.iquilibrio.com\/blog\/espiritualidade\/cristianismo\/sao-geraldo\/#primaryimage"},"thumbnailUrl":"https:\/\/www.iquilibrio.com\/blog\/wp-content\/uploads\/2016\/10\/sao_geraldo_blog.jpg","datePublished":"2018-10-16T10:05:14+00:00","dateModified":"2019-03-20T14:38:12+00:00","description":"Confira toda hist\u00f3ria de S\u00e3o Geraldo e se emocione com seus milagres! Ele salvou e curou diversas pessoas, deixando seu legado de santidade para n\u00f3s!","breadcrumb":{"@id":"https:\/\/www.iquilibrio.com\/blog\/espiritualidade\/cristianismo\/sao-geraldo\/#breadcrumb"},"inLanguage":"pt-BR","potentialAction":[{"@type":"ReadAction","target":["https:\/\/www.iquilibrio.com\/blog\/espiritualidade\/cristianismo\/sao-geraldo\/"]}]},{"@type":"ImageObject","inLanguage":"pt-BR","@id":"https:\/\/www.iquilibrio.com\/blog\/espiritualidade\/cristianismo\/sao-geraldo\/#primaryimage","url":"https:\/\/www.iquilibrio.com\/blog\/wp-content\/uploads\/2016\/10\/sao_geraldo_blog.jpg","contentUrl":"https:\/\/www.iquilibrio.com\/blog\/wp-content\/uploads\/2016\/10\/sao_geraldo_blog.jpg","width":900,"height":560,"caption":"S\u00e3o Geraldo Majela"},{"@type":"BreadcrumbList","@id":"https:\/\/www.iquilibrio.com\/blog\/espiritualidade\/cristianismo\/sao-geraldo\/#breadcrumb","itemListElement":[{"@type":"ListItem","position":1,"name":"In\u00edcio","item":"https:\/\/www.iquilibrio.com\/blog\/"},{"@type":"ListItem","position":2,"name":"Conhe\u00e7a tudo sobre S\u00e3o Geraldo Majela"}]},{"@type":"WebSite","@id":"https:\/\/www.iquilibrio.com\/blog\/#website","url":"https:\/\/www.iquilibrio.com\/blog\/","name":"iQuilibrio","description":"Blog iQuilibrio","publisher":{"@id":"https:\/\/www.iquilibrio.com\/blog\/#organization"},"potentialAction":[{"@type":"SearchAction","target":{"@type":"EntryPoint","urlTemplate":"https:\/\/www.iquilibrio.com\/blog\/?s={search_term_string}"},"query-input":{"@type":"PropertyValueSpecification","valueRequired":true,"valueName":"search_term_string"}}],"inLanguage":"pt-BR"},{"@type":"Organization","@id":"https:\/\/www.iquilibrio.com\/blog\/#organization","name":"Esoterismo, Misticismo e Tarot Online - iQuilibrio","url":"https:\/\/www.iquilibrio.com\/blog\/","logo":{"@type":"ImageObject","inLanguage":"pt-BR","@id":"https:\/\/www.iquilibrio.com\/blog\/#\/schema\/logo\/image\/","url":"https:\/\/www.iquilibrio.com\/blog\/wp-content\/uploads\/2018\/12\/iquilibrio_lovo_vetor_preto-retina.png","contentUrl":"https:\/\/www.iquilibrio.com\/blog\/wp-content\/uploads\/2018\/12\/iquilibrio_lovo_vetor_preto-retina.png","width":972,"height":180,"caption":"Esoterismo, Misticismo e Tarot Online - iQuilibrio"},"image":{"@id":"https:\/\/www.iquilibrio.com\/blog\/#\/schema\/logo\/image\/"},"sameAs":["https:\/\/www.facebook.com\/iQuilibrio\/","https:\/\/x.com\/iquilibrio","https:\/\/www.instagram.com\/iquilibrio\/","https:\/\/www.linkedin.com\/company\/iquilibrio\/","https:\/\/br.pinterest.com\/iquilibrio1397\/","https:\/\/www.youtube.com\/channel\/UC175qxd-4Zsi4wzawT5zF2g"]},{"@type":"Person","@id":"https:\/\/www.iquilibrio.com\/blog\/#\/schema\/person\/199505a1f0db0d00f022188666c75dca","name":"Reda\u00e7\u00e3o iQuilibrio","image":{"@type":"ImageObject","inLanguage":"pt-BR","@id":"https:\/\/www.iquilibrio.com\/blog\/wp-content\/uploads\/2021\/12\/Consulta-por-email-3-150x150.png","url":"https:\/\/www.iquilibrio.com\/blog\/wp-content\/uploads\/2021\/12\/Consulta-por-email-3-150x150.png","contentUrl":"https:\/\/www.iquilibrio.com\/blog\/wp-content\/uploads\/2021\/12\/Consulta-por-email-3-150x150.png","caption":"Reda\u00e7\u00e3o iQuilibrio"},"description":"A equipe de reda\u00e7\u00e3o da iQuilibrio \u00e9 composta pelos mais diversos especialistas e esot\u00e9ricos. Al\u00e9m de dominar a arte de traduzir as energias que o universo emana, nossos redatores sentem imenso prazer em trabalhar com palavras. Boa leitura e um \u00f3timo aprendizado!","url":"https:\/\/www.iquilibrio.com\/blog\/author\/juliana\/"}]}},"_links":{"self":[{"href":"https:\/\/www.iquilibrio.com\/blog\/wp-json\/wp\/v2\/posts\/10144","targetHints":{"allow":["GET"]}}],"collection":[{"href":"https:\/\/www.iquilibrio.com\/blog\/wp-json\/wp\/v2\/posts"}],"about":[{"href":"https:\/\/www.iquilibrio.com\/blog\/wp-json\/wp\/v2\/types\/post"}],"author":[{"embeddable":true,"href":"https:\/\/www.iquilibrio.com\/blog\/wp-json\/wp\/v2\/users\/20"}],"replies":[{"embeddable":true,"href":"https:\/\/www.iquilibrio.com\/blog\/wp-json\/wp\/v2\/comments?post=10144"}],"version-history":[{"count":6,"href":"https:\/\/www.iquilibrio.com\/blog\/wp-json\/wp\/v2\/posts\/10144\/revisions"}],"predecessor-version":[{"id":23748,"href":"https:\/\/www.iquilibrio.com\/blog\/wp-json\/wp\/v2\/posts\/10144\/revisions\/23748"}],"wp:featuredmedia":[{"embeddable":true,"href":"https:\/\/www.iquilibrio.com\/blog\/wp-json\/wp\/v2\/media\/10182"}],"wp:attachment":[{"href":"https:\/\/www.iquilibrio.com\/blog\/wp-json\/wp\/v2\/media?parent=10144"}],"wp:term":[{"taxonomy":"category","embeddable":true,"href":"https:\/\/www.iquilibrio.com\/blog\/wp-json\/wp\/v2\/categories?post=10144"},{"taxonomy":"post_tag","embeddable":true,"href":"https:\/\/www.iquilibrio.com\/blog\/wp-json\/wp\/v2\/tags?post=10144"}],"curies":[{"name":"wp","href":"https:\/\/api.w.org\/{rel}","templated":true}]}}